{"id":71042,"date":"2009-02-11T00:00:00","date_gmt":"2009-02-10T23:00:00","guid":{"rendered":"http:\/\/b.bati-journal.com\/stage-intensif-pour-gestionnaires-de-sites-patrimoniaux\/71042"},"modified":"2019-07-15T12:07:43","modified_gmt":"2019-07-15T10:07:43","slug":"stage-intensif-pour-gestionnaires-de-sites-patrimoniaux","status":"publish","type":"post","link":"https:\/\/batijournal.com\/index.php\/stage-intensif-pour-gestionnaires-de-sites-patrimoniaux\/71042\/","title":{"rendered":"Stage intensif pour gestionnaires de sites patrimoniaux"},"content":{"rendered":"<p>Le Centre Arts et M\u00e9tiers ParisTech de Cluny accueillera du dimanche 22 au samedi 28 mars 2009, sur le site de l\u0092&rsquo;Abbaye de Cluny, 20 participants issus du monde entier, tous professionnels francophones, gestionnaires de sites patrimoniaux. Le stage intensif d\u0092une semaine sera constitu\u00e9 par de nombreuses interventions anim\u00e9es par des formateurs\/experts, par des \u00e9tudes de cas concr\u00e8tes, des visites sur le terrain et d\u0092&rsquo;ateliers de travail. Le cycle de Formation Internationale est organis\u00e9 pour la deuxi\u00e8me fois par le Centre Arts et M\u00e9tiers ParisTech de Cluny, conjointement avec le Centre arch\u00e9ologique europ\u00e9en de Bibracte et en partenariat avec l\u0092&rsquo;Universit\u00e9 de Bourgogne\/IUP Denis Diderot et le Centre des Monuments Nationaux. Pour en savoir plus , il faut contacter Emilie Nardon \u00e0 cette adresse internet : formation.patrimoinemondial@cluny.ensam.fr<\/p>\n","protected":false},"excerpt":{"rendered":"<p>Le Centre Arts et M\u00e9tiers ParisTech de Cluny accueillera du dimanche 22 au samedi 28 mars 2009, sur le site de l\u0092&rsquo;Abbaye de Cluny, 20 participants issus du monde entier, tous professionnels francophones, gestionnaires de sites patrimoniaux. Le stage intensif d\u0092une semaine sera constitu\u00e9 par de nombreuses interventions anim\u00e9es par des formateurs\/experts, par des \u00e9tudes [&hellip;]<\/p>\n","protected":false},"author":1,"featured_media":0,"comment_status":"open","ping_status":"closed","sticky":false,"template":"","format":"standard","meta":{"_et_pb_use_builder":"","_et_pb_old_content":"","_et_gb_content_width":"","footnotes":""},"categories":[6345],"tags":[1743,7192],"class_list":["post-71042","post","type-post","status-publish","format-standard","hentry","category-economie-marches","tag-gestion","tag-stage"],"yoast_head":"<!-- This site is optimized with the Yoast SEO plugin v27.4 - https:\/\/yoast.com\/product\/yoast-seo-wordpress\/ -->\n<title>Stage intensif pour gestionnaires de sites patrimoniaux<\/title>\n<meta name=\"robots\" content=\"index, follow, max-snippet:-1, max-image-preview:large, max-video-preview:-1\" \/>\n<link rel=\"canonical\" href=\"https:\/\/batijournal.com\/index.php\/stage-intensif-pour-gestionnaires-de-sites-patrimoniaux\/71042\/\" \/>\n<meta property=\"og:locale\" content=\"fr_FR\" \/>\n<meta property=\"og:type\" content=\"article\" \/>\n<meta property=\"og:title\" content=\"Stage intensif pour gestionnaires de sites patrimoniaux\" \/>\n<meta property=\"og:description\" content=\"Le Centre Arts et M\u00e9tiers ParisTech de Cluny accueillera du dimanche 22 au samedi 28 mars 2009, sur le site de l\u0092&rsquo;Abbaye de Cluny, 20 participants issus du monde entier, tous professionnels francophones, gestionnaires de sites patrimoniaux. Le stage intensif d\u0092une semaine sera constitu\u00e9 par de nombreuses interventions anim\u00e9es par des formateurs\/experts, par des \u00e9tudes [&hellip;]\" \/>\n<meta property=\"og:url\" content=\"https:\/\/batijournal.com\/index.php\/stage-intensif-pour-gestionnaires-de-sites-patrimoniaux\/71042\/\" \/>\n<meta property=\"og:site_name\" content=\"Batijournal\" \/>\n<meta property=\"article:published_time\" content=\"2009-02-10T23:00:00+00:00\" \/>\n<meta property=\"article:modified_time\" content=\"2019-07-15T10:07:43+00:00\" \/>\n<meta name=\"author\" content=\"Bati-journal\" \/>\n<meta name=\"twitter:card\" content=\"summary_large_image\" \/>\n<meta name=\"twitter:creator\" content=\"@bati_journal\" \/>\n<meta name=\"twitter:site\" content=\"@bati_journal\" \/>\n<meta name=\"twitter:label1\" content=\"\u00c9crit par\" \/>\n\t<meta name=\"twitter:data1\" content=\"Bati-journal\" \/>\n\t<meta name=\"twitter:label2\" content=\"Dur\u00e9e de lecture estim\u00e9e\" \/>\n\t<meta name=\"twitter:data2\" content=\"1 minute\" \/>\n<script type=\"application\/ld+json\" class=\"yoast-schema-graph\">{\"@context\":\"https:\\\/\\\/schema.org\",\"@graph\":[{\"@type\":\"Article\",\"@id\":\"https:\\\/\\\/batijournal.com\\\/index.php\\\/stage-intensif-pour-gestionnaires-de-sites-patrimoniaux\\\/71042\\\/#article\",\"isPartOf\":{\"@id\":\"https:\\\/\\\/batijournal.com\\\/index.php\\\/stage-intensif-pour-gestionnaires-de-sites-patrimoniaux\\\/71042\\\/\"},\"author\":{\"name\":\"Bati-journal\",\"@id\":\"https:\\\/\\\/batijournal.com\\\/#\\\/schema\\\/person\\\/6a657e8967569e1b299972574848aa76\"},\"headline\":\"Stage intensif pour gestionnaires de sites patrimoniaux\",\"datePublished\":\"2009-02-10T23:00:00+00:00\",\"dateModified\":\"2019-07-15T10:07:43+00:00\",\"mainEntityOfPage\":{\"@id\":\"https:\\\/\\\/batijournal.com\\\/index.php\\\/stage-intensif-pour-gestionnaires-de-sites-patrimoniaux\\\/71042\\\/\"},\"wordCount\":143,\"commentCount\":0,\"keywords\":[\"gestion\",\"stage\"],\"articleSection\":[\"\u00c9conomie &amp; March\u00e9s\"],\"inLanguage\":\"fr-FR\",\"potentialAction\":[{\"@type\":\"CommentAction\",\"name\":\"Comment\",\"target\":[\"https:\\\/\\\/batijournal.com\\\/index.php\\\/stage-intensif-pour-gestionnaires-de-sites-patrimoniaux\\\/71042\\\/#respond\"]}]},{\"@type\":\"WebPage\",\"@id\":\"https:\\\/\\\/batijournal.com\\\/index.php\\\/stage-intensif-pour-gestionnaires-de-sites-patrimoniaux\\\/71042\\\/\",\"url\":\"https:\\\/\\\/batijournal.com\\\/index.php\\\/stage-intensif-pour-gestionnaires-de-sites-patrimoniaux\\\/71042\\\/\",\"name\":\"Stage intensif pour gestionnaires de sites patrimoniaux\",\"isPartOf\":{\"@id\":\"https:\\\/\\\/batijournal.com\\\/#website\"},\"datePublished\":\"2009-02-10T23:00:00+00:00\",\"dateModified\":\"2019-07-15T10:07:43+00:00\",\"author\":{\"@id\":\"https:\\\/\\\/batijournal.com\\\/#\\\/schema\\\/person\\\/6a657e8967569e1b299972574848aa76\"},\"breadcrumb\":{\"@id\":\"https:\\\/\\\/batijournal.com\\\/index.php\\\/stage-intensif-pour-gestionnaires-de-sites-patrimoniaux\\\/71042\\\/#breadcrumb\"},\"inLanguage\":\"fr-FR\",\"potentialAction\":[{\"@type\":\"ReadAction\",\"target\":[\"https:\\\/\\\/batijournal.com\\\/index.php\\\/stage-intensif-pour-gestionnaires-de-sites-patrimoniaux\\\/71042\\\/\"]}]},{\"@type\":\"BreadcrumbList\",\"@id\":\"https:\\\/\\\/batijournal.com\\\/index.php\\\/stage-intensif-pour-gestionnaires-de-sites-patrimoniaux\\\/71042\\\/#breadcrumb\",\"itemListElement\":[{\"@type\":\"ListItem\",\"position\":1,\"name\":\"Accueil\",\"item\":\"https:\\\/\\\/batijournal.com\\\/\"},{\"@type\":\"ListItem\",\"position\":2,\"name\":\"Actualit\u00e9s\",\"item\":\"https:\\\/\\\/batijournal.com\\\/index.php\\\/category\\\/actualites\\\/\"},{\"@type\":\"ListItem\",\"position\":3,\"name\":\"\u00c9conomie &amp; March\u00e9s\",\"item\":\"https:\\\/\\\/batijournal.com\\\/index.php\\\/category\\\/actualites\\\/economie-marches\\\/\"},{\"@type\":\"ListItem\",\"position\":4,\"name\":\"Stage intensif pour gestionnaires de sites patrimoniaux\"}]},{\"@type\":\"WebSite\",\"@id\":\"https:\\\/\\\/batijournal.com\\\/#website\",\"url\":\"https:\\\/\\\/batijournal.com\\\/\",\"name\":\"Batijournal\",\"description\":\"L&#039;actualit\u00e9 du b\u00e2timent\",\"potentialAction\":[{\"@type\":\"SearchAction\",\"target\":{\"@type\":\"EntryPoint\",\"urlTemplate\":\"https:\\\/\\\/batijournal.com\\\/?s={search_term_string}\"},\"query-input\":{\"@type\":\"PropertyValueSpecification\",\"valueRequired\":true,\"valueName\":\"search_term_string\"}}],\"inLanguage\":\"fr-FR\"},{\"@type\":\"Person\",\"@id\":\"https:\\\/\\\/batijournal.com\\\/#\\\/schema\\\/person\\\/6a657e8967569e1b299972574848aa76\",\"name\":\"Bati-journal\",\"image\":{\"@type\":\"ImageObject\",\"inLanguage\":\"fr-FR\",\"@id\":\"https:\\\/\\\/secure.gravatar.com\\\/avatar\\\/a64364ea26392f9b4dd47e017ddaec74ff03aefc073b49e492e847201258f777?s=96&d=mm&r=g\",\"url\":\"https:\\\/\\\/secure.gravatar.com\\\/avatar\\\/a64364ea26392f9b4dd47e017ddaec74ff03aefc073b49e492e847201258f777?s=96&d=mm&r=g\",\"contentUrl\":\"https:\\\/\\\/secure.gravatar.com\\\/avatar\\\/a64364ea26392f9b4dd47e017ddaec74ff03aefc073b49e492e847201258f777?s=96&d=mm&r=g\",\"caption\":\"Bati-journal\"},\"url\":\"https:\\\/\\\/batijournal.com\\\/index.php\\\/author\\\/elodie\\\/\"}]}<\/script>\n<!-- \/ Yoast SEO plugin. -->","yoast_head_json":{"title":"Stage intensif pour gestionnaires de sites patrimoniaux","robots":{"index":"index","follow":"follow","max-snippet":"max-snippet:-1","max-image-preview":"max-image-preview:large","max-video-preview":"max-video-preview:-1"},"canonical":"https:\/\/batijournal.com\/index.php\/stage-intensif-pour-gestionnaires-de-sites-patrimoniaux\/71042\/","og_locale":"fr_FR","og_type":"article","og_title":"Stage intensif pour gestionnaires de sites patrimoniaux","og_description":"Le Centre Arts et M\u00e9tiers ParisTech de Cluny accueillera du dimanche 22 au samedi 28 mars 2009, sur le site de l\u0092&rsquo;Abbaye de Cluny, 20 participants issus du monde entier, tous professionnels francophones, gestionnaires de sites patrimoniaux. Le stage intensif d\u0092une semaine sera constitu\u00e9 par de nombreuses interventions anim\u00e9es par des formateurs\/experts, par des \u00e9tudes [&hellip;]","og_url":"https:\/\/batijournal.com\/index.php\/stage-intensif-pour-gestionnaires-de-sites-patrimoniaux\/71042\/","og_site_name":"Batijournal","article_published_time":"2009-02-10T23:00:00+00:00","article_modified_time":"2019-07-15T10:07:43+00:00","author":"Bati-journal","twitter_card":"summary_large_image","twitter_creator":"@bati_journal","twitter_site":"@bati_journal","twitter_misc":{"\u00c9crit par":"Bati-journal","Dur\u00e9e de lecture estim\u00e9e":"1 minute"},"schema":{"@context":"https:\/\/schema.org","@graph":[{"@type":"Article","@id":"https:\/\/batijournal.com\/index.php\/stage-intensif-pour-gestionnaires-de-sites-patrimoniaux\/71042\/#article","isPartOf":{"@id":"https:\/\/batijournal.com\/index.php\/stage-intensif-pour-gestionnaires-de-sites-patrimoniaux\/71042\/"},"author":{"name":"Bati-journal","@id":"https:\/\/batijournal.com\/#\/schema\/person\/6a657e8967569e1b299972574848aa76"},"headline":"Stage intensif pour gestionnaires de sites patrimoniaux","datePublished":"2009-02-10T23:00:00+00:00","dateModified":"2019-07-15T10:07:43+00:00","mainEntityOfPage":{"@id":"https:\/\/batijournal.com\/index.php\/stage-intensif-pour-gestionnaires-de-sites-patrimoniaux\/71042\/"},"wordCount":143,"commentCount":0,"keywords":["gestion","stage"],"articleSection":["\u00c9conomie &amp; March\u00e9s"],"inLanguage":"fr-FR","potentialAction":[{"@type":"CommentAction","name":"Comment","target":["https:\/\/batijournal.com\/index.php\/stage-intensif-pour-gestionnaires-de-sites-patrimoniaux\/71042\/#respond"]}]},{"@type":"WebPage","@id":"https:\/\/batijournal.com\/index.php\/stage-intensif-pour-gestionnaires-de-sites-patrimoniaux\/71042\/","url":"https:\/\/batijournal.com\/index.php\/stage-intensif-pour-gestionnaires-de-sites-patrimoniaux\/71042\/","name":"Stage intensif pour gestionnaires de sites patrimoniaux","isPartOf":{"@id":"https:\/\/batijournal.com\/#website"},"datePublished":"2009-02-10T23:00:00+00:00","dateModified":"2019-07-15T10:07:43+00:00","author":{"@id":"https:\/\/batijournal.com\/#\/schema\/person\/6a657e8967569e1b299972574848aa76"},"breadcrumb":{"@id":"https:\/\/batijournal.com\/index.php\/stage-intensif-pour-gestionnaires-de-sites-patrimoniaux\/71042\/#breadcrumb"},"inLanguage":"fr-FR","potentialAction":[{"@type":"ReadAction","target":["https:\/\/batijournal.com\/index.php\/stage-intensif-pour-gestionnaires-de-sites-patrimoniaux\/71042\/"]}]},{"@type":"BreadcrumbList","@id":"https:\/\/batijournal.com\/index.php\/stage-intensif-pour-gestionnaires-de-sites-patrimoniaux\/71042\/#breadcrumb","itemListElement":[{"@type":"ListItem","position":1,"name":"Accueil","item":"https:\/\/batijournal.com\/"},{"@type":"ListItem","position":2,"name":"Actualit\u00e9s","item":"https:\/\/batijournal.com\/index.php\/category\/actualites\/"},{"@type":"ListItem","position":3,"name":"\u00c9conomie &amp; March\u00e9s","item":"https:\/\/batijournal.com\/index.php\/category\/actualites\/economie-marches\/"},{"@type":"ListItem","position":4,"name":"Stage intensif pour gestionnaires de sites patrimoniaux"}]},{"@type":"WebSite","@id":"https:\/\/batijournal.com\/#website","url":"https:\/\/batijournal.com\/","name":"Batijournal","description":"L&#039;actualit\u00e9 du b\u00e2timent","potentialAction":[{"@type":"SearchAction","target":{"@type":"EntryPoint","urlTemplate":"https:\/\/batijournal.com\/?s={search_term_string}"},"query-input":{"@type":"PropertyValueSpecification","valueRequired":true,"valueName":"search_term_string"}}],"inLanguage":"fr-FR"},{"@type":"Person","@id":"https:\/\/batijournal.com\/#\/schema\/person\/6a657e8967569e1b299972574848aa76","name":"Bati-journal","image":{"@type":"ImageObject","inLanguage":"fr-FR","@id":"https:\/\/secure.gravatar.com\/avatar\/a64364ea26392f9b4dd47e017ddaec74ff03aefc073b49e492e847201258f777?s=96&d=mm&r=g","url":"https:\/\/secure.gravatar.com\/avatar\/a64364ea26392f9b4dd47e017ddaec74ff03aefc073b49e492e847201258f777?s=96&d=mm&r=g","contentUrl":"https:\/\/secure.gravatar.com\/avatar\/a64364ea26392f9b4dd47e017ddaec74ff03aefc073b49e492e847201258f777?s=96&d=mm&r=g","caption":"Bati-journal"},"url":"https:\/\/batijournal.com\/index.php\/author\/elodie\/"}]}},"_links":{"self":[{"href":"https:\/\/batijournal.com\/index.php\/wp-json\/wp\/v2\/posts\/71042","targetHints":{"allow":["GET"]}}],"collection":[{"href":"https:\/\/batijournal.com\/index.php\/wp-json\/wp\/v2\/posts"}],"about":[{"href":"https:\/\/batijournal.com\/index.php\/wp-json\/wp\/v2\/types\/post"}],"author":[{"embeddable":true,"href":"https:\/\/batijournal.com\/index.php\/wp-json\/wp\/v2\/users\/1"}],"replies":[{"embeddable":true,"href":"https:\/\/batijournal.com\/index.php\/wp-json\/wp\/v2\/comments?post=71042"}],"version-history":[{"count":0,"href":"https:\/\/batijournal.com\/index.php\/wp-json\/wp\/v2\/posts\/71042\/revisions"}],"wp:attachment":[{"href":"https:\/\/batijournal.com\/index.php\/wp-json\/wp\/v2\/media?parent=71042"}],"wp:term":[{"taxonomy":"category","embeddable":true,"href":"https:\/\/batijournal.com\/index.php\/wp-json\/wp\/v2\/categories?post=71042"},{"taxonomy":"post_tag","embeddable":true,"href":"https:\/\/batijournal.com\/index.php\/wp-json\/wp\/v2\/tags?post=71042"}],"curies":[{"name":"wp","href":"https:\/\/api.w.org\/{rel}","templated":true}]}}