{"id":71044,"date":"2009-04-15T00:00:00","date_gmt":"2009-04-14T22:00:00","guid":{"rendered":"http:\/\/b.bati-journal.com\/une-formation-au-patrimoine-et-a-l%c2%92urbanisme-pour-les-elus\/71044"},"modified":"2019-07-15T12:07:42","modified_gmt":"2019-07-15T10:07:42","slug":"une-formation-au-patrimoine-et-a-l%c2%92urbanisme-pour-les-elus","status":"publish","type":"post","link":"https:\/\/batijournal.com\/index.php\/une-formation-au-patrimoine-et-a-l%c2%92urbanisme-pour-les-elus\/71044\/","title":{"rendered":"Une formation au patrimoine et \u00e0 l\u0092&rsquo;urbanisme pour les \u00e9lus"},"content":{"rendered":"<p>Une formation au patrimoine et \u00e0 l\u0092&rsquo;urbanisme pour les \u00e9lus se d\u00e9roulera les 29 avril, 27 mai et 24 juin 2009 \u00e0 la Cit\u00e9 de l\u0092&rsquo;Architecture &amp; du Patrimoine \/ \u00e9cole de Chaillot en partenariat avec Vieilles Maisons Fran\u00e7aises et l\u0092&rsquo;institut pour la Formation des \u00e9lus territoriaux (iFet). Cette formation vise \u00e0 donner des outils concrets, r\u00e9glementaires et techniques, et \u00e0 aborder les nouvelles formes de gouvernance entre \u00e9lus, professionnels et citoyens. R\u00e9alisations r\u00e9centes et initiatives en cours illustreront la diversit\u00e9 des politiques locales. Elle sera d\u00e9livr\u00e9e par des acteurs du patrimoine : architectes, urbanistes, ing\u00e9nieurs, ma\u00eetres d\u0092\u009cuvre et d\u0092ouvrage, repr\u00e9sentants de services de l\u0092Etat et de collectivit\u00e9s territoriales (DRAC, SDAP, CAUE, villes), associations, ainsi que des universitaires. Ils traiteront des probl\u00e9matiques li\u00e9es aussi bien aux Monuments Historiques qu\u0092&rsquo;au patrimoine non prot\u00e9g\u00e9, \u00e0 l\u0092&rsquo;\u00e9chelle de l\u0092&rsquo;\u00e9difice et des ensembles b\u00e2tis et naturels. S\u0092&rsquo;adressant aux acteurs de tous niveaux de collectivit\u00e9s, \u00e9lus et responsables administratifs et techniques, le programme leur permettra de se rencontrer et de dialoguer autour de r\u00e9flexions partag\u00e9es. La participation d\u0092&rsquo;\u00e9lus t\u00e9moins \u00e0 chaque \u00e9tape de la formation contribuera \u00e0 garantir la pluralit\u00e9 des exp\u00e9riences et nourrira les d\u00e9bats. L\u0092&rsquo;op\u00e9ration b\u00e9n\u00e9ficie du soutien de : L\u0092&rsquo;ADF : Assembl\u00e9e des d\u00e9partements de France La FNCC : F\u00e9d\u00e9ration nationale des collectivit\u00e9s territoriales pour la culture. L&rsquo;\u0092AMF : Association des maires de France. L&rsquo;\u0092ANVPAH &amp; VSSP : Association nationale des villes et pays d\u0092art et d\u0092&rsquo;histoire et des villes \u00e0 secteurs sauvegard\u00e9s et prot\u00e9g\u00e9s.<\/p>\n","protected":false},"excerpt":{"rendered":"<p>Une formation au patrimoine et \u00e0 l\u0092&rsquo;urbanisme pour les \u00e9lus se d\u00e9roulera les 29 avril, 27 mai et 24 juin 2009 \u00e0 la Cit\u00e9 de l\u0092&rsquo;Architecture &amp; du Patrimoine \/ \u00e9cole de Chaillot en partenariat avec Vieilles Maisons Fran\u00e7aises et l\u0092&rsquo;institut pour la Formation des \u00e9lus territoriaux (iFet). Cette formation vise \u00e0 donner des outils [&hellip;]<\/p>\n","protected":false},"author":1,"featured_media":0,"comment_status":"open","ping_status":"closed","sticky":false,"template":"","format":"standard","meta":{"_et_pb_use_builder":"","_et_pb_old_content":"","_et_gb_content_width":"","footnotes":""},"categories":[6345],"tags":[517,11042,1154],"class_list":["post-71044","post","type-post","status-publish","format-standard","hentry","category-economie-marches","tag-formation","tag-patrimoine","tag-urbanisme"],"yoast_head":"<!-- This site is optimized with the Yoast SEO plugin v27.4 - https:\/\/yoast.com\/product\/yoast-seo-wordpress\/ -->\n<title>Une formation au patrimoine et \u00e0 l\u0092&#039;urbanisme pour les \u00e9lus<\/title>\n<meta name=\"robots\" content=\"index, follow, max-snippet:-1, max-image-preview:large, max-video-preview:-1\" \/>\n<link rel=\"canonical\" href=\"https:\/\/batijournal.com\/index.php\/une-formation-au-patrimoine-et-a-l\u0092urbanisme-pour-les-elus\/71044\/\" \/>\n<meta property=\"og:locale\" content=\"fr_FR\" \/>\n<meta property=\"og:type\" content=\"article\" \/>\n<meta property=\"og:title\" content=\"Une formation au patrimoine et \u00e0 l\u0092&#039;urbanisme pour les \u00e9lus\" \/>\n<meta property=\"og:description\" content=\"Une formation au patrimoine et \u00e0 l\u0092&rsquo;urbanisme pour les \u00e9lus se d\u00e9roulera les 29 avril, 27 mai et 24 juin 2009 \u00e0 la Cit\u00e9 de l\u0092&rsquo;Architecture &amp; du Patrimoine \/ \u00e9cole de Chaillot en partenariat avec Vieilles Maisons Fran\u00e7aises et l\u0092&rsquo;institut pour la Formation des \u00e9lus territoriaux (iFet). Cette formation vise \u00e0 donner des outils [&hellip;]\" \/>\n<meta property=\"og:url\" content=\"https:\/\/batijournal.com\/index.php\/une-formation-au-patrimoine-et-a-l\u0092urbanisme-pour-les-elus\/71044\/\" \/>\n<meta property=\"og:site_name\" content=\"Batijournal\" \/>\n<meta property=\"article:published_time\" content=\"2009-04-14T22:00:00+00:00\" \/>\n<meta property=\"article:modified_time\" content=\"2019-07-15T10:07:42+00:00\" \/>\n<meta name=\"author\" content=\"Bati-journal\" \/>\n<meta name=\"twitter:card\" content=\"summary_large_image\" \/>\n<meta name=\"twitter:creator\" content=\"@bati_journal\" \/>\n<meta name=\"twitter:site\" content=\"@bati_journal\" \/>\n<meta name=\"twitter:label1\" content=\"\u00c9crit par\" \/>\n\t<meta name=\"twitter:data1\" content=\"Bati-journal\" \/>\n\t<meta name=\"twitter:label2\" content=\"Dur\u00e9e de lecture estim\u00e9e\" \/>\n\t<meta name=\"twitter:data2\" content=\"1 minute\" \/>\n<script type=\"application\/ld+json\" class=\"yoast-schema-graph\">{\"@context\":\"https:\\\/\\\/schema.org\",\"@graph\":[{\"@type\":\"Article\",\"@id\":\"https:\\\/\\\/batijournal.com\\\/index.php\\\/une-formation-au-patrimoine-et-a-l%c2%92urbanisme-pour-les-elus\\\/71044\\\/#article\",\"isPartOf\":{\"@id\":\"https:\\\/\\\/batijournal.com\\\/index.php\\\/une-formation-au-patrimoine-et-a-l%c2%92urbanisme-pour-les-elus\\\/71044\\\/\"},\"author\":{\"name\":\"Bati-journal\",\"@id\":\"https:\\\/\\\/batijournal.com\\\/#\\\/schema\\\/person\\\/6a657e8967569e1b299972574848aa76\"},\"headline\":\"Une formation au patrimoine et \u00e0 l\u0092&rsquo;urbanisme pour les \u00e9lus\",\"datePublished\":\"2009-04-14T22:00:00+00:00\",\"dateModified\":\"2019-07-15T10:07:42+00:00\",\"mainEntityOfPage\":{\"@id\":\"https:\\\/\\\/batijournal.com\\\/index.php\\\/une-formation-au-patrimoine-et-a-l%c2%92urbanisme-pour-les-elus\\\/71044\\\/\"},\"wordCount\":283,\"commentCount\":0,\"keywords\":[\"formation\",\"patrimoine\",\"urbanisme\"],\"articleSection\":[\"\u00c9conomie &amp; March\u00e9s\"],\"inLanguage\":\"fr-FR\",\"potentialAction\":[{\"@type\":\"CommentAction\",\"name\":\"Comment\",\"target\":[\"https:\\\/\\\/batijournal.com\\\/index.php\\\/une-formation-au-patrimoine-et-a-l%c2%92urbanisme-pour-les-elus\\\/71044\\\/#respond\"]}]},{\"@type\":\"WebPage\",\"@id\":\"https:\\\/\\\/batijournal.com\\\/index.php\\\/une-formation-au-patrimoine-et-a-l%c2%92urbanisme-pour-les-elus\\\/71044\\\/\",\"url\":\"https:\\\/\\\/batijournal.com\\\/index.php\\\/une-formation-au-patrimoine-et-a-l%c2%92urbanisme-pour-les-elus\\\/71044\\\/\",\"name\":\"Une formation au patrimoine et \u00e0 l\u0092'urbanisme pour les \u00e9lus\",\"isPartOf\":{\"@id\":\"https:\\\/\\\/batijournal.com\\\/#website\"},\"datePublished\":\"2009-04-14T22:00:00+00:00\",\"dateModified\":\"2019-07-15T10:07:42+00:00\",\"author\":{\"@id\":\"https:\\\/\\\/batijournal.com\\\/#\\\/schema\\\/person\\\/6a657e8967569e1b299972574848aa76\"},\"breadcrumb\":{\"@id\":\"https:\\\/\\\/batijournal.com\\\/index.php\\\/une-formation-au-patrimoine-et-a-l%c2%92urbanisme-pour-les-elus\\\/71044\\\/#breadcrumb\"},\"inLanguage\":\"fr-FR\",\"potentialAction\":[{\"@type\":\"ReadAction\",\"target\":[\"https:\\\/\\\/batijournal.com\\\/index.php\\\/une-formation-au-patrimoine-et-a-l%c2%92urbanisme-pour-les-elus\\\/71044\\\/\"]}]},{\"@type\":\"BreadcrumbList\",\"@id\":\"https:\\\/\\\/batijournal.com\\\/index.php\\\/une-formation-au-patrimoine-et-a-l%c2%92urbanisme-pour-les-elus\\\/71044\\\/#breadcrumb\",\"itemListElement\":[{\"@type\":\"ListItem\",\"position\":1,\"name\":\"Accueil\",\"item\":\"https:\\\/\\\/batijournal.com\\\/\"},{\"@type\":\"ListItem\",\"position\":2,\"name\":\"Actualit\u00e9s\",\"item\":\"https:\\\/\\\/batijournal.com\\\/index.php\\\/category\\\/actualites\\\/\"},{\"@type\":\"ListItem\",\"position\":3,\"name\":\"\u00c9conomie &amp; March\u00e9s\",\"item\":\"https:\\\/\\\/batijournal.com\\\/index.php\\\/category\\\/actualites\\\/economie-marches\\\/\"},{\"@type\":\"ListItem\",\"position\":4,\"name\":\"Une formation au patrimoine et \u00e0 l\u0092&rsquo;urbanisme pour les \u00e9lus\"}]},{\"@type\":\"WebSite\",\"@id\":\"https:\\\/\\\/batijournal.com\\\/#website\",\"url\":\"https:\\\/\\\/batijournal.com\\\/\",\"name\":\"Batijournal\",\"description\":\"L&#039;actualit\u00e9 du b\u00e2timent\",\"potentialAction\":[{\"@type\":\"SearchAction\",\"target\":{\"@type\":\"EntryPoint\",\"urlTemplate\":\"https:\\\/\\\/batijournal.com\\\/?s={search_term_string}\"},\"query-input\":{\"@type\":\"PropertyValueSpecification\",\"valueRequired\":true,\"valueName\":\"search_term_string\"}}],\"inLanguage\":\"fr-FR\"},{\"@type\":\"Person\",\"@id\":\"https:\\\/\\\/batijournal.com\\\/#\\\/schema\\\/person\\\/6a657e8967569e1b299972574848aa76\",\"name\":\"Bati-journal\",\"image\":{\"@type\":\"ImageObject\",\"inLanguage\":\"fr-FR\",\"@id\":\"https:\\\/\\\/secure.gravatar.com\\\/avatar\\\/a64364ea26392f9b4dd47e017ddaec74ff03aefc073b49e492e847201258f777?s=96&d=mm&r=g\",\"url\":\"https:\\\/\\\/secure.gravatar.com\\\/avatar\\\/a64364ea26392f9b4dd47e017ddaec74ff03aefc073b49e492e847201258f777?s=96&d=mm&r=g\",\"contentUrl\":\"https:\\\/\\\/secure.gravatar.com\\\/avatar\\\/a64364ea26392f9b4dd47e017ddaec74ff03aefc073b49e492e847201258f777?s=96&d=mm&r=g\",\"caption\":\"Bati-journal\"},\"url\":\"https:\\\/\\\/batijournal.com\\\/index.php\\\/author\\\/elodie\\\/\"}]}<\/script>\n<!-- \/ Yoast SEO plugin. -->","yoast_head_json":{"title":"Une formation au patrimoine et \u00e0 l\u0092'urbanisme pour les \u00e9lus","robots":{"index":"index","follow":"follow","max-snippet":"max-snippet:-1","max-image-preview":"max-image-preview:large","max-video-preview":"max-video-preview:-1"},"canonical":"https:\/\/batijournal.com\/index.php\/une-formation-au-patrimoine-et-a-l\u0092urbanisme-pour-les-elus\/71044\/","og_locale":"fr_FR","og_type":"article","og_title":"Une formation au patrimoine et \u00e0 l\u0092'urbanisme pour les \u00e9lus","og_description":"Une formation au patrimoine et \u00e0 l\u0092&rsquo;urbanisme pour les \u00e9lus se d\u00e9roulera les 29 avril, 27 mai et 24 juin 2009 \u00e0 la Cit\u00e9 de l\u0092&rsquo;Architecture &amp; du Patrimoine \/ \u00e9cole de Chaillot en partenariat avec Vieilles Maisons Fran\u00e7aises et l\u0092&rsquo;institut pour la Formation des \u00e9lus territoriaux (iFet). Cette formation vise \u00e0 donner des outils [&hellip;]","og_url":"https:\/\/batijournal.com\/index.php\/une-formation-au-patrimoine-et-a-l\u0092urbanisme-pour-les-elus\/71044\/","og_site_name":"Batijournal","article_published_time":"2009-04-14T22:00:00+00:00","article_modified_time":"2019-07-15T10:07:42+00:00","author":"Bati-journal","twitter_card":"summary_large_image","twitter_creator":"@bati_journal","twitter_site":"@bati_journal","twitter_misc":{"\u00c9crit par":"Bati-journal","Dur\u00e9e de lecture estim\u00e9e":"1 minute"},"schema":{"@context":"https:\/\/schema.org","@graph":[{"@type":"Article","@id":"https:\/\/batijournal.com\/index.php\/une-formation-au-patrimoine-et-a-l%c2%92urbanisme-pour-les-elus\/71044\/#article","isPartOf":{"@id":"https:\/\/batijournal.com\/index.php\/une-formation-au-patrimoine-et-a-l%c2%92urbanisme-pour-les-elus\/71044\/"},"author":{"name":"Bati-journal","@id":"https:\/\/batijournal.com\/#\/schema\/person\/6a657e8967569e1b299972574848aa76"},"headline":"Une formation au patrimoine et \u00e0 l\u0092&rsquo;urbanisme pour les \u00e9lus","datePublished":"2009-04-14T22:00:00+00:00","dateModified":"2019-07-15T10:07:42+00:00","mainEntityOfPage":{"@id":"https:\/\/batijournal.com\/index.php\/une-formation-au-patrimoine-et-a-l%c2%92urbanisme-pour-les-elus\/71044\/"},"wordCount":283,"commentCount":0,"keywords":["formation","patrimoine","urbanisme"],"articleSection":["\u00c9conomie &amp; March\u00e9s"],"inLanguage":"fr-FR","potentialAction":[{"@type":"CommentAction","name":"Comment","target":["https:\/\/batijournal.com\/index.php\/une-formation-au-patrimoine-et-a-l%c2%92urbanisme-pour-les-elus\/71044\/#respond"]}]},{"@type":"WebPage","@id":"https:\/\/batijournal.com\/index.php\/une-formation-au-patrimoine-et-a-l%c2%92urbanisme-pour-les-elus\/71044\/","url":"https:\/\/batijournal.com\/index.php\/une-formation-au-patrimoine-et-a-l%c2%92urbanisme-pour-les-elus\/71044\/","name":"Une formation au patrimoine et \u00e0 l\u0092'urbanisme pour les \u00e9lus","isPartOf":{"@id":"https:\/\/batijournal.com\/#website"},"datePublished":"2009-04-14T22:00:00+00:00","dateModified":"2019-07-15T10:07:42+00:00","author":{"@id":"https:\/\/batijournal.com\/#\/schema\/person\/6a657e8967569e1b299972574848aa76"},"breadcrumb":{"@id":"https:\/\/batijournal.com\/index.php\/une-formation-au-patrimoine-et-a-l%c2%92urbanisme-pour-les-elus\/71044\/#breadcrumb"},"inLanguage":"fr-FR","potentialAction":[{"@type":"ReadAction","target":["https:\/\/batijournal.com\/index.php\/une-formation-au-patrimoine-et-a-l%c2%92urbanisme-pour-les-elus\/71044\/"]}]},{"@type":"BreadcrumbList","@id":"https:\/\/batijournal.com\/index.php\/une-formation-au-patrimoine-et-a-l%c2%92urbanisme-pour-les-elus\/71044\/#breadcrumb","itemListElement":[{"@type":"ListItem","position":1,"name":"Accueil","item":"https:\/\/batijournal.com\/"},{"@type":"ListItem","position":2,"name":"Actualit\u00e9s","item":"https:\/\/batijournal.com\/index.php\/category\/actualites\/"},{"@type":"ListItem","position":3,"name":"\u00c9conomie &amp; March\u00e9s","item":"https:\/\/batijournal.com\/index.php\/category\/actualites\/economie-marches\/"},{"@type":"ListItem","position":4,"name":"Une formation au patrimoine et \u00e0 l\u0092&rsquo;urbanisme pour les \u00e9lus"}]},{"@type":"WebSite","@id":"https:\/\/batijournal.com\/#website","url":"https:\/\/batijournal.com\/","name":"Batijournal","description":"L&#039;actualit\u00e9 du b\u00e2timent","potentialAction":[{"@type":"SearchAction","target":{"@type":"EntryPoint","urlTemplate":"https:\/\/batijournal.com\/?s={search_term_string}"},"query-input":{"@type":"PropertyValueSpecification","valueRequired":true,"valueName":"search_term_string"}}],"inLanguage":"fr-FR"},{"@type":"Person","@id":"https:\/\/batijournal.com\/#\/schema\/person\/6a657e8967569e1b299972574848aa76","name":"Bati-journal","image":{"@type":"ImageObject","inLanguage":"fr-FR","@id":"https:\/\/secure.gravatar.com\/avatar\/a64364ea26392f9b4dd47e017ddaec74ff03aefc073b49e492e847201258f777?s=96&d=mm&r=g","url":"https:\/\/secure.gravatar.com\/avatar\/a64364ea26392f9b4dd47e017ddaec74ff03aefc073b49e492e847201258f777?s=96&d=mm&r=g","contentUrl":"https:\/\/secure.gravatar.com\/avatar\/a64364ea26392f9b4dd47e017ddaec74ff03aefc073b49e492e847201258f777?s=96&d=mm&r=g","caption":"Bati-journal"},"url":"https:\/\/batijournal.com\/index.php\/author\/elodie\/"}]}},"_links":{"self":[{"href":"https:\/\/batijournal.com\/index.php\/wp-json\/wp\/v2\/posts\/71044","targetHints":{"allow":["GET"]}}],"collection":[{"href":"https:\/\/batijournal.com\/index.php\/wp-json\/wp\/v2\/posts"}],"about":[{"href":"https:\/\/batijournal.com\/index.php\/wp-json\/wp\/v2\/types\/post"}],"author":[{"embeddable":true,"href":"https:\/\/batijournal.com\/index.php\/wp-json\/wp\/v2\/users\/1"}],"replies":[{"embeddable":true,"href":"https:\/\/batijournal.com\/index.php\/wp-json\/wp\/v2\/comments?post=71044"}],"version-history":[{"count":0,"href":"https:\/\/batijournal.com\/index.php\/wp-json\/wp\/v2\/posts\/71044\/revisions"}],"wp:attachment":[{"href":"https:\/\/batijournal.com\/index.php\/wp-json\/wp\/v2\/media?parent=71044"}],"wp:term":[{"taxonomy":"category","embeddable":true,"href":"https:\/\/batijournal.com\/index.php\/wp-json\/wp\/v2\/categories?post=71044"},{"taxonomy":"post_tag","embeddable":true,"href":"https:\/\/batijournal.com\/index.php\/wp-json\/wp\/v2\/tags?post=71044"}],"curies":[{"name":"wp","href":"https:\/\/api.w.org\/{rel}","templated":true}]}}