{"id":71067,"date":"2010-02-24T09:18:58","date_gmt":"2010-02-24T08:18:58","guid":{"rendered":"http:\/\/b.bati-journal.com\/formation-sur-l%c2%92etancheite-a-l%c2%92air\/71067"},"modified":"2019-07-15T12:07:40","modified_gmt":"2019-07-15T10:07:40","slug":"formation-sur-l%c2%92etancheite-a-l%c2%92air","status":"publish","type":"post","link":"https:\/\/batijournal.com\/index.php\/formation-sur-l%c2%92etancheite-a-l%c2%92air\/71067\/","title":{"rendered":"Formation sur l\u0092&rsquo;\u00e9tanch\u00e9it\u00e9 \u00e0 l\u0092&rsquo;air"},"content":{"rendered":"<p>Les 22 et 23 mars 2010, Abibois et Wigwam organisent une formation sur l&rsquo;\u0092\u00e9tanch\u00e9it\u00e9 \u00e0 l\u0092&rsquo;air des b\u00e2timents bois \u00e0 basse consommation \u00e0 Le Faou (29). Destin\u00e9e aux architectes et aux professionnels de la construction en bois, cette formation de deux jours a pour objectifs de comprendre l&rsquo;\u0092importance de l\u0092&rsquo;\u00e9tanch\u00e9it\u00e9 \u00e0 l\u0092&rsquo;air vis-\u00e0-vis de la performance \u00e9nerg\u00e9tique, la p\u00e9rennit\u00e9 du b\u00e2timent, le confort et la sant\u00e9 des occupants. Des ateliers pratiques leur permettront d\u0092&rsquo;appliquer une m\u00e9thodologie de la conception \u00e0 la r\u00e9alisation du b\u00e2timent tout en choisissant les produits et composants appropri\u00e9s pour les mettre en \u009coeuvre correctement. Anim\u00e9e par Wigwam Conseil, avec l&rsquo;\u0092appui de plusieurs experts, l&rsquo;\u0092objectif est de former ces professionnels \u00e0 atteindre le niveau basse consommation (BBC-Effinergie obligatoire d\u00e8s 2012 pour les b\u00e2timents neufs) et passif. Une d\u00e9monstration de test d\u0092&rsquo;\u00e9tanch\u00e9it\u00e9 \u00e0 l&rsquo;\u0092air (blower door test ), technique largement \u00a0r\u00e9pandue chez nos voisins allemands et nordiques, sera r\u00e9alis\u00e9e sur un b\u00e2timent bois de logements pour \u00e9tudiants en cours de construction \u00e0 Le Faou. Le ma\u00eetre d\u0092\u009c&rsquo;oeuvre de ce b\u00e2timent est l\u0092&rsquo;agence DAU de Malakoff (92), et l\u0092&rsquo;entreprise bois est l\u0092&rsquo;entreprise Sebaco de Ergu\u00e9-Gab\u00e9ric (29). Cette d\u00e9monstration viendra concr\u00e9tiser cette formation avant de passer \u00e0 la mise en oe\u009cuvre des produits d\u0092&rsquo;\u00e9tanch\u00e9it\u00e9 sur maquettes. \u00a0Pour obtenir plus d&rsquo;\u0092informations et s\u0092inscrire, cliquez sur le lien ci-dessous.<\/p>\n","protected":false},"excerpt":{"rendered":"<p>Les 22 et 23 mars 2010, Abibois et Wigwam organisent une formation sur l&rsquo;\u0092\u00e9tanch\u00e9it\u00e9 \u00e0 l\u0092&rsquo;air des b\u00e2timents bois \u00e0 basse consommation \u00e0 Le Faou (29). Destin\u00e9e aux architectes et aux professionnels de la construction en bois, cette formation de deux jours a pour objectifs de comprendre l&rsquo;\u0092importance de l\u0092&rsquo;\u00e9tanch\u00e9it\u00e9 \u00e0 l\u0092&rsquo;air vis-\u00e0-vis de la [&hellip;]<\/p>\n","protected":false},"author":1,"featured_media":0,"comment_status":"open","ping_status":"closed","sticky":false,"template":"","format":"standard","meta":{"_et_pb_use_builder":"","_et_pb_old_content":"","_et_gb_content_width":"","footnotes":""},"categories":[6345],"tags":[393,517],"class_list":["post-71067","post","type-post","status-publish","format-standard","hentry","category-economie-marches","tag-etancheite-2","tag-formation"],"yoast_head":"<!-- This site is optimized with the Yoast SEO plugin v27.4 - https:\/\/yoast.com\/product\/yoast-seo-wordpress\/ -->\n<title>Formation sur l\u0092&#039;\u00e9tanch\u00e9it\u00e9 \u00e0 l\u0092&#039;air<\/title>\n<meta name=\"robots\" content=\"index, follow, max-snippet:-1, max-image-preview:large, max-video-preview:-1\" \/>\n<link rel=\"canonical\" href=\"https:\/\/batijournal.com\/index.php\/formation-sur-l\u0092etancheite-a-l\u0092air\/71067\/\" \/>\n<meta property=\"og:locale\" content=\"fr_FR\" \/>\n<meta property=\"og:type\" content=\"article\" \/>\n<meta property=\"og:title\" content=\"Formation sur l\u0092&#039;\u00e9tanch\u00e9it\u00e9 \u00e0 l\u0092&#039;air\" \/>\n<meta property=\"og:description\" content=\"Les 22 et 23 mars 2010, Abibois et Wigwam organisent une formation sur l&rsquo;\u0092\u00e9tanch\u00e9it\u00e9 \u00e0 l\u0092&rsquo;air des b\u00e2timents bois \u00e0 basse consommation \u00e0 Le Faou (29). Destin\u00e9e aux architectes et aux professionnels de la construction en bois, cette formation de deux jours a pour objectifs de comprendre l&rsquo;\u0092importance de l\u0092&rsquo;\u00e9tanch\u00e9it\u00e9 \u00e0 l\u0092&rsquo;air vis-\u00e0-vis de la [&hellip;]\" \/>\n<meta property=\"og:url\" content=\"https:\/\/batijournal.com\/index.php\/formation-sur-l\u0092etancheite-a-l\u0092air\/71067\/\" \/>\n<meta property=\"og:site_name\" content=\"Batijournal\" \/>\n<meta property=\"article:published_time\" content=\"2010-02-24T08:18:58+00:00\" \/>\n<meta property=\"article:modified_time\" content=\"2019-07-15T10:07:40+00:00\" \/>\n<meta name=\"author\" content=\"Bati-journal\" \/>\n<meta name=\"twitter:card\" content=\"summary_large_image\" \/>\n<meta name=\"twitter:creator\" content=\"@bati_journal\" \/>\n<meta name=\"twitter:site\" content=\"@bati_journal\" \/>\n<meta name=\"twitter:label1\" content=\"\u00c9crit par\" \/>\n\t<meta name=\"twitter:data1\" content=\"Bati-journal\" \/>\n\t<meta name=\"twitter:label2\" content=\"Dur\u00e9e de lecture estim\u00e9e\" \/>\n\t<meta name=\"twitter:data2\" content=\"1 minute\" \/>\n<script type=\"application\/ld+json\" class=\"yoast-schema-graph\">{\"@context\":\"https:\\\/\\\/schema.org\",\"@graph\":[{\"@type\":\"Article\",\"@id\":\"https:\\\/\\\/batijournal.com\\\/index.php\\\/formation-sur-l%c2%92etancheite-a-l%c2%92air\\\/71067\\\/#article\",\"isPartOf\":{\"@id\":\"https:\\\/\\\/batijournal.com\\\/index.php\\\/formation-sur-l%c2%92etancheite-a-l%c2%92air\\\/71067\\\/\"},\"author\":{\"name\":\"Bati-journal\",\"@id\":\"https:\\\/\\\/batijournal.com\\\/#\\\/schema\\\/person\\\/6a657e8967569e1b299972574848aa76\"},\"headline\":\"Formation sur l\u0092&rsquo;\u00e9tanch\u00e9it\u00e9 \u00e0 l\u0092&rsquo;air\",\"datePublished\":\"2010-02-24T08:18:58+00:00\",\"dateModified\":\"2019-07-15T10:07:40+00:00\",\"mainEntityOfPage\":{\"@id\":\"https:\\\/\\\/batijournal.com\\\/index.php\\\/formation-sur-l%c2%92etancheite-a-l%c2%92air\\\/71067\\\/\"},\"wordCount\":253,\"commentCount\":0,\"keywords\":[\"\u00e9tanch\u00e9it\u00e9\",\"formation\"],\"articleSection\":[\"\u00c9conomie &amp; March\u00e9s\"],\"inLanguage\":\"fr-FR\",\"potentialAction\":[{\"@type\":\"CommentAction\",\"name\":\"Comment\",\"target\":[\"https:\\\/\\\/batijournal.com\\\/index.php\\\/formation-sur-l%c2%92etancheite-a-l%c2%92air\\\/71067\\\/#respond\"]}]},{\"@type\":\"WebPage\",\"@id\":\"https:\\\/\\\/batijournal.com\\\/index.php\\\/formation-sur-l%c2%92etancheite-a-l%c2%92air\\\/71067\\\/\",\"url\":\"https:\\\/\\\/batijournal.com\\\/index.php\\\/formation-sur-l%c2%92etancheite-a-l%c2%92air\\\/71067\\\/\",\"name\":\"Formation sur l\u0092'\u00e9tanch\u00e9it\u00e9 \u00e0 l\u0092'air\",\"isPartOf\":{\"@id\":\"https:\\\/\\\/batijournal.com\\\/#website\"},\"datePublished\":\"2010-02-24T08:18:58+00:00\",\"dateModified\":\"2019-07-15T10:07:40+00:00\",\"author\":{\"@id\":\"https:\\\/\\\/batijournal.com\\\/#\\\/schema\\\/person\\\/6a657e8967569e1b299972574848aa76\"},\"breadcrumb\":{\"@id\":\"https:\\\/\\\/batijournal.com\\\/index.php\\\/formation-sur-l%c2%92etancheite-a-l%c2%92air\\\/71067\\\/#breadcrumb\"},\"inLanguage\":\"fr-FR\",\"potentialAction\":[{\"@type\":\"ReadAction\",\"target\":[\"https:\\\/\\\/batijournal.com\\\/index.php\\\/formation-sur-l%c2%92etancheite-a-l%c2%92air\\\/71067\\\/\"]}]},{\"@type\":\"BreadcrumbList\",\"@id\":\"https:\\\/\\\/batijournal.com\\\/index.php\\\/formation-sur-l%c2%92etancheite-a-l%c2%92air\\\/71067\\\/#breadcrumb\",\"itemListElement\":[{\"@type\":\"ListItem\",\"position\":1,\"name\":\"Accueil\",\"item\":\"https:\\\/\\\/batijournal.com\\\/\"},{\"@type\":\"ListItem\",\"position\":2,\"name\":\"Actualit\u00e9s\",\"item\":\"https:\\\/\\\/batijournal.com\\\/index.php\\\/category\\\/actualites\\\/\"},{\"@type\":\"ListItem\",\"position\":3,\"name\":\"\u00c9conomie &amp; March\u00e9s\",\"item\":\"https:\\\/\\\/batijournal.com\\\/index.php\\\/category\\\/actualites\\\/economie-marches\\\/\"},{\"@type\":\"ListItem\",\"position\":4,\"name\":\"Formation sur l\u0092&rsquo;\u00e9tanch\u00e9it\u00e9 \u00e0 l\u0092&rsquo;air\"}]},{\"@type\":\"WebSite\",\"@id\":\"https:\\\/\\\/batijournal.com\\\/#website\",\"url\":\"https:\\\/\\\/batijournal.com\\\/\",\"name\":\"Batijournal\",\"description\":\"L&#039;actualit\u00e9 du b\u00e2timent\",\"potentialAction\":[{\"@type\":\"SearchAction\",\"target\":{\"@type\":\"EntryPoint\",\"urlTemplate\":\"https:\\\/\\\/batijournal.com\\\/?s={search_term_string}\"},\"query-input\":{\"@type\":\"PropertyValueSpecification\",\"valueRequired\":true,\"valueName\":\"search_term_string\"}}],\"inLanguage\":\"fr-FR\"},{\"@type\":\"Person\",\"@id\":\"https:\\\/\\\/batijournal.com\\\/#\\\/schema\\\/person\\\/6a657e8967569e1b299972574848aa76\",\"name\":\"Bati-journal\",\"image\":{\"@type\":\"ImageObject\",\"inLanguage\":\"fr-FR\",\"@id\":\"https:\\\/\\\/secure.gravatar.com\\\/avatar\\\/a64364ea26392f9b4dd47e017ddaec74ff03aefc073b49e492e847201258f777?s=96&d=mm&r=g\",\"url\":\"https:\\\/\\\/secure.gravatar.com\\\/avatar\\\/a64364ea26392f9b4dd47e017ddaec74ff03aefc073b49e492e847201258f777?s=96&d=mm&r=g\",\"contentUrl\":\"https:\\\/\\\/secure.gravatar.com\\\/avatar\\\/a64364ea26392f9b4dd47e017ddaec74ff03aefc073b49e492e847201258f777?s=96&d=mm&r=g\",\"caption\":\"Bati-journal\"},\"url\":\"https:\\\/\\\/batijournal.com\\\/index.php\\\/author\\\/elodie\\\/\"}]}<\/script>\n<!-- \/ Yoast SEO plugin. -->","yoast_head_json":{"title":"Formation sur l\u0092'\u00e9tanch\u00e9it\u00e9 \u00e0 l\u0092'air","robots":{"index":"index","follow":"follow","max-snippet":"max-snippet:-1","max-image-preview":"max-image-preview:large","max-video-preview":"max-video-preview:-1"},"canonical":"https:\/\/batijournal.com\/index.php\/formation-sur-l\u0092etancheite-a-l\u0092air\/71067\/","og_locale":"fr_FR","og_type":"article","og_title":"Formation sur l\u0092'\u00e9tanch\u00e9it\u00e9 \u00e0 l\u0092'air","og_description":"Les 22 et 23 mars 2010, Abibois et Wigwam organisent une formation sur l&rsquo;\u0092\u00e9tanch\u00e9it\u00e9 \u00e0 l\u0092&rsquo;air des b\u00e2timents bois \u00e0 basse consommation \u00e0 Le Faou (29). Destin\u00e9e aux architectes et aux professionnels de la construction en bois, cette formation de deux jours a pour objectifs de comprendre l&rsquo;\u0092importance de l\u0092&rsquo;\u00e9tanch\u00e9it\u00e9 \u00e0 l\u0092&rsquo;air vis-\u00e0-vis de la [&hellip;]","og_url":"https:\/\/batijournal.com\/index.php\/formation-sur-l\u0092etancheite-a-l\u0092air\/71067\/","og_site_name":"Batijournal","article_published_time":"2010-02-24T08:18:58+00:00","article_modified_time":"2019-07-15T10:07:40+00:00","author":"Bati-journal","twitter_card":"summary_large_image","twitter_creator":"@bati_journal","twitter_site":"@bati_journal","twitter_misc":{"\u00c9crit par":"Bati-journal","Dur\u00e9e de lecture estim\u00e9e":"1 minute"},"schema":{"@context":"https:\/\/schema.org","@graph":[{"@type":"Article","@id":"https:\/\/batijournal.com\/index.php\/formation-sur-l%c2%92etancheite-a-l%c2%92air\/71067\/#article","isPartOf":{"@id":"https:\/\/batijournal.com\/index.php\/formation-sur-l%c2%92etancheite-a-l%c2%92air\/71067\/"},"author":{"name":"Bati-journal","@id":"https:\/\/batijournal.com\/#\/schema\/person\/6a657e8967569e1b299972574848aa76"},"headline":"Formation sur l\u0092&rsquo;\u00e9tanch\u00e9it\u00e9 \u00e0 l\u0092&rsquo;air","datePublished":"2010-02-24T08:18:58+00:00","dateModified":"2019-07-15T10:07:40+00:00","mainEntityOfPage":{"@id":"https:\/\/batijournal.com\/index.php\/formation-sur-l%c2%92etancheite-a-l%c2%92air\/71067\/"},"wordCount":253,"commentCount":0,"keywords":["\u00e9tanch\u00e9it\u00e9","formation"],"articleSection":["\u00c9conomie &amp; March\u00e9s"],"inLanguage":"fr-FR","potentialAction":[{"@type":"CommentAction","name":"Comment","target":["https:\/\/batijournal.com\/index.php\/formation-sur-l%c2%92etancheite-a-l%c2%92air\/71067\/#respond"]}]},{"@type":"WebPage","@id":"https:\/\/batijournal.com\/index.php\/formation-sur-l%c2%92etancheite-a-l%c2%92air\/71067\/","url":"https:\/\/batijournal.com\/index.php\/formation-sur-l%c2%92etancheite-a-l%c2%92air\/71067\/","name":"Formation sur l\u0092'\u00e9tanch\u00e9it\u00e9 \u00e0 l\u0092'air","isPartOf":{"@id":"https:\/\/batijournal.com\/#website"},"datePublished":"2010-02-24T08:18:58+00:00","dateModified":"2019-07-15T10:07:40+00:00","author":{"@id":"https:\/\/batijournal.com\/#\/schema\/person\/6a657e8967569e1b299972574848aa76"},"breadcrumb":{"@id":"https:\/\/batijournal.com\/index.php\/formation-sur-l%c2%92etancheite-a-l%c2%92air\/71067\/#breadcrumb"},"inLanguage":"fr-FR","potentialAction":[{"@type":"ReadAction","target":["https:\/\/batijournal.com\/index.php\/formation-sur-l%c2%92etancheite-a-l%c2%92air\/71067\/"]}]},{"@type":"BreadcrumbList","@id":"https:\/\/batijournal.com\/index.php\/formation-sur-l%c2%92etancheite-a-l%c2%92air\/71067\/#breadcrumb","itemListElement":[{"@type":"ListItem","position":1,"name":"Accueil","item":"https:\/\/batijournal.com\/"},{"@type":"ListItem","position":2,"name":"Actualit\u00e9s","item":"https:\/\/batijournal.com\/index.php\/category\/actualites\/"},{"@type":"ListItem","position":3,"name":"\u00c9conomie &amp; March\u00e9s","item":"https:\/\/batijournal.com\/index.php\/category\/actualites\/economie-marches\/"},{"@type":"ListItem","position":4,"name":"Formation sur l\u0092&rsquo;\u00e9tanch\u00e9it\u00e9 \u00e0 l\u0092&rsquo;air"}]},{"@type":"WebSite","@id":"https:\/\/batijournal.com\/#website","url":"https:\/\/batijournal.com\/","name":"Batijournal","description":"L&#039;actualit\u00e9 du b\u00e2timent","potentialAction":[{"@type":"SearchAction","target":{"@type":"EntryPoint","urlTemplate":"https:\/\/batijournal.com\/?s={search_term_string}"},"query-input":{"@type":"PropertyValueSpecification","valueRequired":true,"valueName":"search_term_string"}}],"inLanguage":"fr-FR"},{"@type":"Person","@id":"https:\/\/batijournal.com\/#\/schema\/person\/6a657e8967569e1b299972574848aa76","name":"Bati-journal","image":{"@type":"ImageObject","inLanguage":"fr-FR","@id":"https:\/\/secure.gravatar.com\/avatar\/a64364ea26392f9b4dd47e017ddaec74ff03aefc073b49e492e847201258f777?s=96&d=mm&r=g","url":"https:\/\/secure.gravatar.com\/avatar\/a64364ea26392f9b4dd47e017ddaec74ff03aefc073b49e492e847201258f777?s=96&d=mm&r=g","contentUrl":"https:\/\/secure.gravatar.com\/avatar\/a64364ea26392f9b4dd47e017ddaec74ff03aefc073b49e492e847201258f777?s=96&d=mm&r=g","caption":"Bati-journal"},"url":"https:\/\/batijournal.com\/index.php\/author\/elodie\/"}]}},"_links":{"self":[{"href":"https:\/\/batijournal.com\/index.php\/wp-json\/wp\/v2\/posts\/71067","targetHints":{"allow":["GET"]}}],"collection":[{"href":"https:\/\/batijournal.com\/index.php\/wp-json\/wp\/v2\/posts"}],"about":[{"href":"https:\/\/batijournal.com\/index.php\/wp-json\/wp\/v2\/types\/post"}],"author":[{"embeddable":true,"href":"https:\/\/batijournal.com\/index.php\/wp-json\/wp\/v2\/users\/1"}],"replies":[{"embeddable":true,"href":"https:\/\/batijournal.com\/index.php\/wp-json\/wp\/v2\/comments?post=71067"}],"version-history":[{"count":0,"href":"https:\/\/batijournal.com\/index.php\/wp-json\/wp\/v2\/posts\/71067\/revisions"}],"wp:attachment":[{"href":"https:\/\/batijournal.com\/index.php\/wp-json\/wp\/v2\/media?parent=71067"}],"wp:term":[{"taxonomy":"category","embeddable":true,"href":"https:\/\/batijournal.com\/index.php\/wp-json\/wp\/v2\/categories?post=71067"},{"taxonomy":"post_tag","embeddable":true,"href":"https:\/\/batijournal.com\/index.php\/wp-json\/wp\/v2\/tags?post=71067"}],"curies":[{"name":"wp","href":"https:\/\/api.w.org\/{rel}","templated":true}]}}