{"id":71071,"date":"2010-03-25T00:00:00","date_gmt":"2010-03-24T23:00:00","guid":{"rendered":"http:\/\/b.bati-journal.com\/faites-vite-selection-des-olympiades-des-metiers-les-26-et-27-mars-2010\/71071"},"modified":"2019-07-15T12:07:40","modified_gmt":"2019-07-15T10:07:40","slug":"faites-vite-selection-des-olympiades-des-metiers-les-26-et-27-mars-2010","status":"publish","type":"post","link":"https:\/\/batijournal.com\/index.php\/faites-vite-selection-des-olympiades-des-metiers-les-26-et-27-mars-2010\/71071\/","title":{"rendered":"Faites vite ! S\u00e9lection des Olympiades des m\u00e9tiers les 26 et 27 mars 2010"},"content":{"rendered":"<p>A l&rsquo;occasion de ses journ\u00e9es portes ouvertes, le CFA GPPF Formation accueillera les s\u00e9lections r\u00e9gionales de la cat\u00e9gorie peinture et d\u00e9coration, pour les prochaines Olympiades des M\u00e9tiers. Organis\u00e9e par le Conseil R\u00e9gional d&rsquo;Ile-de- France, en lien avec le COFOM, coordonn\u00e9e et anim\u00e9e par Olivier Baroux, expert r\u00e9gional pour la r\u00e9gion Ile-de-France, cette comp\u00e9tition permettra de s\u00e9lectionner le candidat qui repr\u00e9sentera la r\u00e9gion aux finales nationales qui se d\u00e9rouleront \u00e0 Paris, les 3, 4 et 5 f\u00e9vrier 2011. Le concours sera ouvert au public durant les deux jours au 22 rue des Grilles \u00e0 Pantin (93). Les visiteurs pourront ainsi d\u00e9couvrir le travail des 10 candidats. La proclamation des r\u00e9sultats aura lieu le samedi 27 mars 2010 \u00e0 16 heures.Tous les deux ans, pr\u00e8s de 800 jeunes venant de tous les continents se retrouvent pour une comp\u00e9tition unique, les Olympiades des m\u00e9tiers. Cette grande manifestation porteuse des valeurs de l&rsquo;olympisme participe \u00e0 la valorisation des m\u00e9tiers. Ainsi en Septembre 2011 \u00e0 Londres, les candidats de l&rsquo;\u00e9quipe de France se mesureront aux meilleurs jeunes mondiaux de moins de 22 ans dans plus de quarante m\u00e9tiers issus de nombreux secteurs professionnels.<\/p>\n","protected":false},"excerpt":{"rendered":"<p>A l&rsquo;occasion de ses journ\u00e9es portes ouvertes, le CFA GPPF Formation accueillera les s\u00e9lections r\u00e9gionales de la cat\u00e9gorie peinture et d\u00e9coration, pour les prochaines Olympiades des M\u00e9tiers. Organis\u00e9e par le Conseil R\u00e9gional d&rsquo;Ile-de- France, en lien avec le COFOM, coordonn\u00e9e et anim\u00e9e par Olivier Baroux, expert r\u00e9gional pour la r\u00e9gion Ile-de-France, cette comp\u00e9tition permettra de [&hellip;]<\/p>\n","protected":false},"author":1,"featured_media":71072,"comment_status":"open","ping_status":"closed","sticky":false,"template":"","format":"standard","meta":{"_et_pb_use_builder":"","_et_pb_old_content":"","_et_gb_content_width":"","footnotes":""},"categories":[6345],"tags":[7180],"class_list":["post-71071","post","type-post","status-publish","format-standard","has-post-thumbnail","hentry","category-economie-marches","tag-olympiades-des-metiers"],"yoast_head":"<!-- This site is optimized with the Yoast SEO plugin v27.4 - https:\/\/yoast.com\/product\/yoast-seo-wordpress\/ -->\n<title>Faites vite ! S\u00e9lection des Olympiades des m\u00e9tiers les 26 et 27 mars 2010<\/title>\n<meta name=\"robots\" content=\"index, follow, max-snippet:-1, max-image-preview:large, max-video-preview:-1\" \/>\n<link rel=\"canonical\" href=\"https:\/\/batijournal.com\/index.php\/faites-vite-selection-des-olympiades-des-metiers-les-26-et-27-mars-2010\/71071\/\" \/>\n<meta property=\"og:locale\" content=\"fr_FR\" \/>\n<meta property=\"og:type\" content=\"article\" \/>\n<meta property=\"og:title\" content=\"Faites vite ! S\u00e9lection des Olympiades des m\u00e9tiers les 26 et 27 mars 2010\" \/>\n<meta property=\"og:description\" content=\"A l&rsquo;occasion de ses journ\u00e9es portes ouvertes, le CFA GPPF Formation accueillera les s\u00e9lections r\u00e9gionales de la cat\u00e9gorie peinture et d\u00e9coration, pour les prochaines Olympiades des M\u00e9tiers. Organis\u00e9e par le Conseil R\u00e9gional d&rsquo;Ile-de- France, en lien avec le COFOM, coordonn\u00e9e et anim\u00e9e par Olivier Baroux, expert r\u00e9gional pour la r\u00e9gion Ile-de-France, cette comp\u00e9tition permettra de [&hellip;]\" \/>\n<meta property=\"og:url\" content=\"https:\/\/batijournal.com\/index.php\/faites-vite-selection-des-olympiades-des-metiers-les-26-et-27-mars-2010\/71071\/\" \/>\n<meta property=\"og:site_name\" content=\"Batijournal\" \/>\n<meta property=\"article:published_time\" content=\"2010-03-24T23:00:00+00:00\" \/>\n<meta property=\"article:modified_time\" content=\"2019-07-15T10:07:40+00:00\" \/>\n<meta property=\"og:image\" content=\"https:\/\/batijournal.com\/wp-content\/uploads\/2015\/03\/10851872.jpg\" \/>\n\t<meta property=\"og:image:width\" content=\"600\" \/>\n\t<meta property=\"og:image:height\" content=\"401\" \/>\n\t<meta property=\"og:image:type\" content=\"image\/jpeg\" \/>\n<meta name=\"author\" content=\"Bati-journal\" \/>\n<meta name=\"twitter:card\" content=\"summary_large_image\" \/>\n<meta name=\"twitter:creator\" content=\"@bati_journal\" \/>\n<meta name=\"twitter:site\" content=\"@bati_journal\" \/>\n<meta name=\"twitter:label1\" content=\"\u00c9crit par\" \/>\n\t<meta name=\"twitter:data1\" content=\"Bati-journal\" \/>\n\t<meta name=\"twitter:label2\" content=\"Dur\u00e9e de lecture estim\u00e9e\" \/>\n\t<meta name=\"twitter:data2\" content=\"1 minute\" \/>\n<script type=\"application\/ld+json\" class=\"yoast-schema-graph\">{\"@context\":\"https:\\\/\\\/schema.org\",\"@graph\":[{\"@type\":\"Article\",\"@id\":\"https:\\\/\\\/batijournal.com\\\/index.php\\\/faites-vite-selection-des-olympiades-des-metiers-les-26-et-27-mars-2010\\\/71071\\\/#article\",\"isPartOf\":{\"@id\":\"https:\\\/\\\/batijournal.com\\\/index.php\\\/faites-vite-selection-des-olympiades-des-metiers-les-26-et-27-mars-2010\\\/71071\\\/\"},\"author\":{\"name\":\"Bati-journal\",\"@id\":\"https:\\\/\\\/batijournal.com\\\/#\\\/schema\\\/person\\\/6a657e8967569e1b299972574848aa76\"},\"headline\":\"Faites vite ! S\u00e9lection des Olympiades des m\u00e9tiers les 26 et 27 mars 2010\",\"datePublished\":\"2010-03-24T23:00:00+00:00\",\"dateModified\":\"2019-07-15T10:07:40+00:00\",\"mainEntityOfPage\":{\"@id\":\"https:\\\/\\\/batijournal.com\\\/index.php\\\/faites-vite-selection-des-olympiades-des-metiers-les-26-et-27-mars-2010\\\/71071\\\/\"},\"wordCount\":212,\"commentCount\":0,\"image\":{\"@id\":\"https:\\\/\\\/batijournal.com\\\/index.php\\\/faites-vite-selection-des-olympiades-des-metiers-les-26-et-27-mars-2010\\\/71071\\\/#primaryimage\"},\"thumbnailUrl\":\"https:\\\/\\\/batijournal.com\\\/wp-content\\\/uploads\\\/2015\\\/03\\\/10851872.jpg\",\"keywords\":[\"olympiades des metiers\"],\"articleSection\":[\"\u00c9conomie &amp; March\u00e9s\"],\"inLanguage\":\"fr-FR\",\"potentialAction\":[{\"@type\":\"CommentAction\",\"name\":\"Comment\",\"target\":[\"https:\\\/\\\/batijournal.com\\\/index.php\\\/faites-vite-selection-des-olympiades-des-metiers-les-26-et-27-mars-2010\\\/71071\\\/#respond\"]}]},{\"@type\":\"WebPage\",\"@id\":\"https:\\\/\\\/batijournal.com\\\/index.php\\\/faites-vite-selection-des-olympiades-des-metiers-les-26-et-27-mars-2010\\\/71071\\\/\",\"url\":\"https:\\\/\\\/batijournal.com\\\/index.php\\\/faites-vite-selection-des-olympiades-des-metiers-les-26-et-27-mars-2010\\\/71071\\\/\",\"name\":\"Faites vite ! S\u00e9lection des Olympiades des m\u00e9tiers les 26 et 27 mars 2010\",\"isPartOf\":{\"@id\":\"https:\\\/\\\/batijournal.com\\\/#website\"},\"primaryImageOfPage\":{\"@id\":\"https:\\\/\\\/batijournal.com\\\/index.php\\\/faites-vite-selection-des-olympiades-des-metiers-les-26-et-27-mars-2010\\\/71071\\\/#primaryimage\"},\"image\":{\"@id\":\"https:\\\/\\\/batijournal.com\\\/index.php\\\/faites-vite-selection-des-olympiades-des-metiers-les-26-et-27-mars-2010\\\/71071\\\/#primaryimage\"},\"thumbnailUrl\":\"https:\\\/\\\/batijournal.com\\\/wp-content\\\/uploads\\\/2015\\\/03\\\/10851872.jpg\",\"datePublished\":\"2010-03-24T23:00:00+00:00\",\"dateModified\":\"2019-07-15T10:07:40+00:00\",\"author\":{\"@id\":\"https:\\\/\\\/batijournal.com\\\/#\\\/schema\\\/person\\\/6a657e8967569e1b299972574848aa76\"},\"breadcrumb\":{\"@id\":\"https:\\\/\\\/batijournal.com\\\/index.php\\\/faites-vite-selection-des-olympiades-des-metiers-les-26-et-27-mars-2010\\\/71071\\\/#breadcrumb\"},\"inLanguage\":\"fr-FR\",\"potentialAction\":[{\"@type\":\"ReadAction\",\"target\":[\"https:\\\/\\\/batijournal.com\\\/index.php\\\/faites-vite-selection-des-olympiades-des-metiers-les-26-et-27-mars-2010\\\/71071\\\/\"]}]},{\"@type\":\"ImageObject\",\"inLanguage\":\"fr-FR\",\"@id\":\"https:\\\/\\\/batijournal.com\\\/index.php\\\/faites-vite-selection-des-olympiades-des-metiers-les-26-et-27-mars-2010\\\/71071\\\/#primaryimage\",\"url\":\"https:\\\/\\\/batijournal.com\\\/wp-content\\\/uploads\\\/2015\\\/03\\\/10851872.jpg\",\"contentUrl\":\"https:\\\/\\\/batijournal.com\\\/wp-content\\\/uploads\\\/2015\\\/03\\\/10851872.jpg\",\"width\":600,\"height\":401},{\"@type\":\"BreadcrumbList\",\"@id\":\"https:\\\/\\\/batijournal.com\\\/index.php\\\/faites-vite-selection-des-olympiades-des-metiers-les-26-et-27-mars-2010\\\/71071\\\/#breadcrumb\",\"itemListElement\":[{\"@type\":\"ListItem\",\"position\":1,\"name\":\"Accueil\",\"item\":\"https:\\\/\\\/batijournal.com\\\/\"},{\"@type\":\"ListItem\",\"position\":2,\"name\":\"Actualit\u00e9s\",\"item\":\"https:\\\/\\\/batijournal.com\\\/index.php\\\/category\\\/actualites\\\/\"},{\"@type\":\"ListItem\",\"position\":3,\"name\":\"\u00c9conomie &amp; March\u00e9s\",\"item\":\"https:\\\/\\\/batijournal.com\\\/index.php\\\/category\\\/actualites\\\/economie-marches\\\/\"},{\"@type\":\"ListItem\",\"position\":4,\"name\":\"Faites vite ! S\u00e9lection des Olympiades des m\u00e9tiers les 26 et 27 mars 2010\"}]},{\"@type\":\"WebSite\",\"@id\":\"https:\\\/\\\/batijournal.com\\\/#website\",\"url\":\"https:\\\/\\\/batijournal.com\\\/\",\"name\":\"Batijournal\",\"description\":\"L&#039;actualit\u00e9 du b\u00e2timent\",\"potentialAction\":[{\"@type\":\"SearchAction\",\"target\":{\"@type\":\"EntryPoint\",\"urlTemplate\":\"https:\\\/\\\/batijournal.com\\\/?s={search_term_string}\"},\"query-input\":{\"@type\":\"PropertyValueSpecification\",\"valueRequired\":true,\"valueName\":\"search_term_string\"}}],\"inLanguage\":\"fr-FR\"},{\"@type\":\"Person\",\"@id\":\"https:\\\/\\\/batijournal.com\\\/#\\\/schema\\\/person\\\/6a657e8967569e1b299972574848aa76\",\"name\":\"Bati-journal\",\"image\":{\"@type\":\"ImageObject\",\"inLanguage\":\"fr-FR\",\"@id\":\"https:\\\/\\\/secure.gravatar.com\\\/avatar\\\/a64364ea26392f9b4dd47e017ddaec74ff03aefc073b49e492e847201258f777?s=96&d=mm&r=g\",\"url\":\"https:\\\/\\\/secure.gravatar.com\\\/avatar\\\/a64364ea26392f9b4dd47e017ddaec74ff03aefc073b49e492e847201258f777?s=96&d=mm&r=g\",\"contentUrl\":\"https:\\\/\\\/secure.gravatar.com\\\/avatar\\\/a64364ea26392f9b4dd47e017ddaec74ff03aefc073b49e492e847201258f777?s=96&d=mm&r=g\",\"caption\":\"Bati-journal\"},\"url\":\"https:\\\/\\\/batijournal.com\\\/index.php\\\/author\\\/elodie\\\/\"}]}<\/script>\n<!-- \/ Yoast SEO plugin. -->","yoast_head_json":{"title":"Faites vite ! S\u00e9lection des Olympiades des m\u00e9tiers les 26 et 27 mars 2010","robots":{"index":"index","follow":"follow","max-snippet":"max-snippet:-1","max-image-preview":"max-image-preview:large","max-video-preview":"max-video-preview:-1"},"canonical":"https:\/\/batijournal.com\/index.php\/faites-vite-selection-des-olympiades-des-metiers-les-26-et-27-mars-2010\/71071\/","og_locale":"fr_FR","og_type":"article","og_title":"Faites vite ! S\u00e9lection des Olympiades des m\u00e9tiers les 26 et 27 mars 2010","og_description":"A l&rsquo;occasion de ses journ\u00e9es portes ouvertes, le CFA GPPF Formation accueillera les s\u00e9lections r\u00e9gionales de la cat\u00e9gorie peinture et d\u00e9coration, pour les prochaines Olympiades des M\u00e9tiers. Organis\u00e9e par le Conseil R\u00e9gional d&rsquo;Ile-de- France, en lien avec le COFOM, coordonn\u00e9e et anim\u00e9e par Olivier Baroux, expert r\u00e9gional pour la r\u00e9gion Ile-de-France, cette comp\u00e9tition permettra de [&hellip;]","og_url":"https:\/\/batijournal.com\/index.php\/faites-vite-selection-des-olympiades-des-metiers-les-26-et-27-mars-2010\/71071\/","og_site_name":"Batijournal","article_published_time":"2010-03-24T23:00:00+00:00","article_modified_time":"2019-07-15T10:07:40+00:00","og_image":[{"width":600,"height":401,"url":"https:\/\/batijournal.com\/wp-content\/uploads\/2015\/03\/10851872.jpg","type":"image\/jpeg"}],"author":"Bati-journal","twitter_card":"summary_large_image","twitter_creator":"@bati_journal","twitter_site":"@bati_journal","twitter_misc":{"\u00c9crit par":"Bati-journal","Dur\u00e9e de lecture estim\u00e9e":"1 minute"},"schema":{"@context":"https:\/\/schema.org","@graph":[{"@type":"Article","@id":"https:\/\/batijournal.com\/index.php\/faites-vite-selection-des-olympiades-des-metiers-les-26-et-27-mars-2010\/71071\/#article","isPartOf":{"@id":"https:\/\/batijournal.com\/index.php\/faites-vite-selection-des-olympiades-des-metiers-les-26-et-27-mars-2010\/71071\/"},"author":{"name":"Bati-journal","@id":"https:\/\/batijournal.com\/#\/schema\/person\/6a657e8967569e1b299972574848aa76"},"headline":"Faites vite ! S\u00e9lection des Olympiades des m\u00e9tiers les 26 et 27 mars 2010","datePublished":"2010-03-24T23:00:00+00:00","dateModified":"2019-07-15T10:07:40+00:00","mainEntityOfPage":{"@id":"https:\/\/batijournal.com\/index.php\/faites-vite-selection-des-olympiades-des-metiers-les-26-et-27-mars-2010\/71071\/"},"wordCount":212,"commentCount":0,"image":{"@id":"https:\/\/batijournal.com\/index.php\/faites-vite-selection-des-olympiades-des-metiers-les-26-et-27-mars-2010\/71071\/#primaryimage"},"thumbnailUrl":"https:\/\/batijournal.com\/wp-content\/uploads\/2015\/03\/10851872.jpg","keywords":["olympiades des metiers"],"articleSection":["\u00c9conomie &amp; March\u00e9s"],"inLanguage":"fr-FR","potentialAction":[{"@type":"CommentAction","name":"Comment","target":["https:\/\/batijournal.com\/index.php\/faites-vite-selection-des-olympiades-des-metiers-les-26-et-27-mars-2010\/71071\/#respond"]}]},{"@type":"WebPage","@id":"https:\/\/batijournal.com\/index.php\/faites-vite-selection-des-olympiades-des-metiers-les-26-et-27-mars-2010\/71071\/","url":"https:\/\/batijournal.com\/index.php\/faites-vite-selection-des-olympiades-des-metiers-les-26-et-27-mars-2010\/71071\/","name":"Faites vite ! S\u00e9lection des Olympiades des m\u00e9tiers les 26 et 27 mars 2010","isPartOf":{"@id":"https:\/\/batijournal.com\/#website"},"primaryImageOfPage":{"@id":"https:\/\/batijournal.com\/index.php\/faites-vite-selection-des-olympiades-des-metiers-les-26-et-27-mars-2010\/71071\/#primaryimage"},"image":{"@id":"https:\/\/batijournal.com\/index.php\/faites-vite-selection-des-olympiades-des-metiers-les-26-et-27-mars-2010\/71071\/#primaryimage"},"thumbnailUrl":"https:\/\/batijournal.com\/wp-content\/uploads\/2015\/03\/10851872.jpg","datePublished":"2010-03-24T23:00:00+00:00","dateModified":"2019-07-15T10:07:40+00:00","author":{"@id":"https:\/\/batijournal.com\/#\/schema\/person\/6a657e8967569e1b299972574848aa76"},"breadcrumb":{"@id":"https:\/\/batijournal.com\/index.php\/faites-vite-selection-des-olympiades-des-metiers-les-26-et-27-mars-2010\/71071\/#breadcrumb"},"inLanguage":"fr-FR","potentialAction":[{"@type":"ReadAction","target":["https:\/\/batijournal.com\/index.php\/faites-vite-selection-des-olympiades-des-metiers-les-26-et-27-mars-2010\/71071\/"]}]},{"@type":"ImageObject","inLanguage":"fr-FR","@id":"https:\/\/batijournal.com\/index.php\/faites-vite-selection-des-olympiades-des-metiers-les-26-et-27-mars-2010\/71071\/#primaryimage","url":"https:\/\/batijournal.com\/wp-content\/uploads\/2015\/03\/10851872.jpg","contentUrl":"https:\/\/batijournal.com\/wp-content\/uploads\/2015\/03\/10851872.jpg","width":600,"height":401},{"@type":"BreadcrumbList","@id":"https:\/\/batijournal.com\/index.php\/faites-vite-selection-des-olympiades-des-metiers-les-26-et-27-mars-2010\/71071\/#breadcrumb","itemListElement":[{"@type":"ListItem","position":1,"name":"Accueil","item":"https:\/\/batijournal.com\/"},{"@type":"ListItem","position":2,"name":"Actualit\u00e9s","item":"https:\/\/batijournal.com\/index.php\/category\/actualites\/"},{"@type":"ListItem","position":3,"name":"\u00c9conomie &amp; March\u00e9s","item":"https:\/\/batijournal.com\/index.php\/category\/actualites\/economie-marches\/"},{"@type":"ListItem","position":4,"name":"Faites vite ! S\u00e9lection des Olympiades des m\u00e9tiers les 26 et 27 mars 2010"}]},{"@type":"WebSite","@id":"https:\/\/batijournal.com\/#website","url":"https:\/\/batijournal.com\/","name":"Batijournal","description":"L&#039;actualit\u00e9 du b\u00e2timent","potentialAction":[{"@type":"SearchAction","target":{"@type":"EntryPoint","urlTemplate":"https:\/\/batijournal.com\/?s={search_term_string}"},"query-input":{"@type":"PropertyValueSpecification","valueRequired":true,"valueName":"search_term_string"}}],"inLanguage":"fr-FR"},{"@type":"Person","@id":"https:\/\/batijournal.com\/#\/schema\/person\/6a657e8967569e1b299972574848aa76","name":"Bati-journal","image":{"@type":"ImageObject","inLanguage":"fr-FR","@id":"https:\/\/secure.gravatar.com\/avatar\/a64364ea26392f9b4dd47e017ddaec74ff03aefc073b49e492e847201258f777?s=96&d=mm&r=g","url":"https:\/\/secure.gravatar.com\/avatar\/a64364ea26392f9b4dd47e017ddaec74ff03aefc073b49e492e847201258f777?s=96&d=mm&r=g","contentUrl":"https:\/\/secure.gravatar.com\/avatar\/a64364ea26392f9b4dd47e017ddaec74ff03aefc073b49e492e847201258f777?s=96&d=mm&r=g","caption":"Bati-journal"},"url":"https:\/\/batijournal.com\/index.php\/author\/elodie\/"}]}},"_links":{"self":[{"href":"https:\/\/batijournal.com\/index.php\/wp-json\/wp\/v2\/posts\/71071","targetHints":{"allow":["GET"]}}],"collection":[{"href":"https:\/\/batijournal.com\/index.php\/wp-json\/wp\/v2\/posts"}],"about":[{"href":"https:\/\/batijournal.com\/index.php\/wp-json\/wp\/v2\/types\/post"}],"author":[{"embeddable":true,"href":"https:\/\/batijournal.com\/index.php\/wp-json\/wp\/v2\/users\/1"}],"replies":[{"embeddable":true,"href":"https:\/\/batijournal.com\/index.php\/wp-json\/wp\/v2\/comments?post=71071"}],"version-history":[{"count":0,"href":"https:\/\/batijournal.com\/index.php\/wp-json\/wp\/v2\/posts\/71071\/revisions"}],"wp:featuredmedia":[{"embeddable":true,"href":"https:\/\/batijournal.com\/index.php\/wp-json\/wp\/v2\/media\/71072"}],"wp:attachment":[{"href":"https:\/\/batijournal.com\/index.php\/wp-json\/wp\/v2\/media?parent=71071"}],"wp:term":[{"taxonomy":"category","embeddable":true,"href":"https:\/\/batijournal.com\/index.php\/wp-json\/wp\/v2\/categories?post=71071"},{"taxonomy":"post_tag","embeddable":true,"href":"https:\/\/batijournal.com\/index.php\/wp-json\/wp\/v2\/tags?post=71071"}],"curies":[{"name":"wp","href":"https:\/\/api.w.org\/{rel}","templated":true}]}}