{"id":71080,"date":"2010-05-07T14:24:51","date_gmt":"2010-05-07T12:24:51","guid":{"rendered":"http:\/\/b.bati-journal.com\/letancheite-a-lair-des-batiments-formation-en-lorraine-2\/71080"},"modified":"2019-07-15T12:07:39","modified_gmt":"2019-07-15T10:07:39","slug":"letancheite-a-lair-des-batiments-formation-en-lorraine-2","status":"publish","type":"post","link":"https:\/\/batijournal.com\/index.php\/letancheite-a-lair-des-batiments-formation-en-lorraine-2\/71080\/","title":{"rendered":"L&rsquo;\u00e9tanch\u00e9it\u00e9 \u00e0 l&rsquo;air des b\u00e2timents : formation en Lorraine"},"content":{"rendered":"<p>La chambre de m\u00e9tiers et de l&rsquo;artisanat des Vosges, en association avec l&rsquo;Enstib, le Critt-Bois, l&rsquo;association de formation des architectes Alfa et l&rsquo;organisme mandataire Classe 4 continuent le cycle de formations \u201cL&rsquo;\u00e9tanch\u00e9it\u00e9 \u00e0 l&rsquo;air : du b\u00e2timent basse consommation au b\u00e2timent passif\u201c. La matin\u00e9e est consacr\u00e9e \u00e0 la pr\u00e9sentation th\u00e9orique, et l&rsquo;apr\u00e8s-midi \u00e0 la pratique avec des tests sur un chantier local. La formation s&rsquo;adresse \u00e0 tous les acteurs de la construction. La prochaine session aura lieu \u00e0 Insviller, le 27 mai prochain, \u00e0 proximit\u00e9 d&rsquo;un chantier de r\u00e9habilitation de logements. Informations et inscriptions aupr\u00e8s de l&rsquo;association Alfa, 24 rue du Haut-Bourgeois, 54000 Nancy Contact : Anne Thomas au 03 83 17 17 24, ou par courriel \u00e0 alfa@archilink.com<\/p>\n","protected":false},"excerpt":{"rendered":"<p>La chambre de m\u00e9tiers et de l&rsquo;artisanat des Vosges, en association avec l&rsquo;Enstib, le Critt-Bois, l&rsquo;association de formation des architectes Alfa et l&rsquo;organisme mandataire Classe 4 continuent le cycle de formations \u201cL&rsquo;\u00e9tanch\u00e9it\u00e9 \u00e0 l&rsquo;air : du b\u00e2timent basse consommation au b\u00e2timent passif\u201c. La matin\u00e9e est consacr\u00e9e \u00e0 la pr\u00e9sentation th\u00e9orique, et l&rsquo;apr\u00e8s-midi \u00e0 la pratique [&hellip;]<\/p>\n","protected":false},"author":1,"featured_media":71081,"comment_status":"open","ping_status":"closed","sticky":false,"template":"","format":"standard","meta":{"_et_pb_use_builder":"","_et_pb_old_content":"","_et_gb_content_width":"","footnotes":""},"categories":[6345],"tags":[517],"class_list":["post-71080","post","type-post","status-publish","format-standard","has-post-thumbnail","hentry","category-economie-marches","tag-formation"],"yoast_head":"<!-- This site is optimized with the Yoast SEO plugin v27.4 - https:\/\/yoast.com\/product\/yoast-seo-wordpress\/ -->\n<title>L&#039;\u00e9tanch\u00e9it\u00e9 \u00e0 l&#039;air des b\u00e2timents : formation en Lorraine<\/title>\n<meta name=\"robots\" content=\"index, follow, max-snippet:-1, max-image-preview:large, max-video-preview:-1\" \/>\n<link rel=\"canonical\" href=\"https:\/\/batijournal.com\/index.php\/letancheite-a-lair-des-batiments-formation-en-lorraine-2\/71080\/\" \/>\n<meta property=\"og:locale\" content=\"fr_FR\" \/>\n<meta property=\"og:type\" content=\"article\" \/>\n<meta property=\"og:title\" content=\"L&#039;\u00e9tanch\u00e9it\u00e9 \u00e0 l&#039;air des b\u00e2timents : formation en Lorraine\" \/>\n<meta property=\"og:description\" content=\"La chambre de m\u00e9tiers et de l&rsquo;artisanat des Vosges, en association avec l&rsquo;Enstib, le Critt-Bois, l&rsquo;association de formation des architectes Alfa et l&rsquo;organisme mandataire Classe 4 continuent le cycle de formations \u201cL&rsquo;\u00e9tanch\u00e9it\u00e9 \u00e0 l&rsquo;air : du b\u00e2timent basse consommation au b\u00e2timent passif\u201c. La matin\u00e9e est consacr\u00e9e \u00e0 la pr\u00e9sentation th\u00e9orique, et l&rsquo;apr\u00e8s-midi \u00e0 la pratique [&hellip;]\" \/>\n<meta property=\"og:url\" content=\"https:\/\/batijournal.com\/index.php\/letancheite-a-lair-des-batiments-formation-en-lorraine-2\/71080\/\" \/>\n<meta property=\"og:site_name\" content=\"Batijournal\" \/>\n<meta property=\"article:published_time\" content=\"2010-05-07T12:24:51+00:00\" \/>\n<meta property=\"article:modified_time\" content=\"2019-07-15T10:07:39+00:00\" \/>\n<meta property=\"og:image\" content=\"https:\/\/batijournal.com\/wp-content\/uploads\/2015\/03\/122793492.jpg\" \/>\n\t<meta property=\"og:image:width\" content=\"407\" \/>\n\t<meta property=\"og:image:height\" content=\"599\" \/>\n\t<meta property=\"og:image:type\" content=\"image\/jpeg\" \/>\n<meta name=\"author\" content=\"Bati-journal\" \/>\n<meta name=\"twitter:card\" content=\"summary_large_image\" \/>\n<meta name=\"twitter:creator\" content=\"@bati_journal\" \/>\n<meta name=\"twitter:site\" content=\"@bati_journal\" \/>\n<meta name=\"twitter:label1\" content=\"\u00c9crit par\" \/>\n\t<meta name=\"twitter:data1\" content=\"Bati-journal\" \/>\n\t<meta name=\"twitter:label2\" content=\"Dur\u00e9e de lecture estim\u00e9e\" \/>\n\t<meta name=\"twitter:data2\" content=\"1 minute\" \/>\n<script type=\"application\/ld+json\" class=\"yoast-schema-graph\">{\"@context\":\"https:\\\/\\\/schema.org\",\"@graph\":[{\"@type\":\"Article\",\"@id\":\"https:\\\/\\\/batijournal.com\\\/index.php\\\/letancheite-a-lair-des-batiments-formation-en-lorraine-2\\\/71080\\\/#article\",\"isPartOf\":{\"@id\":\"https:\\\/\\\/batijournal.com\\\/index.php\\\/letancheite-a-lair-des-batiments-formation-en-lorraine-2\\\/71080\\\/\"},\"author\":{\"name\":\"Bati-journal\",\"@id\":\"https:\\\/\\\/batijournal.com\\\/#\\\/schema\\\/person\\\/6a657e8967569e1b299972574848aa76\"},\"headline\":\"L&rsquo;\u00e9tanch\u00e9it\u00e9 \u00e0 l&rsquo;air des b\u00e2timents : formation en Lorraine\",\"datePublished\":\"2010-05-07T12:24:51+00:00\",\"dateModified\":\"2019-07-15T10:07:39+00:00\",\"mainEntityOfPage\":{\"@id\":\"https:\\\/\\\/batijournal.com\\\/index.php\\\/letancheite-a-lair-des-batiments-formation-en-lorraine-2\\\/71080\\\/\"},\"wordCount\":135,\"commentCount\":0,\"image\":{\"@id\":\"https:\\\/\\\/batijournal.com\\\/index.php\\\/letancheite-a-lair-des-batiments-formation-en-lorraine-2\\\/71080\\\/#primaryimage\"},\"thumbnailUrl\":\"https:\\\/\\\/batijournal.com\\\/wp-content\\\/uploads\\\/2015\\\/03\\\/122793492.jpg\",\"keywords\":[\"formation\"],\"articleSection\":[\"\u00c9conomie &amp; March\u00e9s\"],\"inLanguage\":\"fr-FR\",\"potentialAction\":[{\"@type\":\"CommentAction\",\"name\":\"Comment\",\"target\":[\"https:\\\/\\\/batijournal.com\\\/index.php\\\/letancheite-a-lair-des-batiments-formation-en-lorraine-2\\\/71080\\\/#respond\"]}]},{\"@type\":\"WebPage\",\"@id\":\"https:\\\/\\\/batijournal.com\\\/index.php\\\/letancheite-a-lair-des-batiments-formation-en-lorraine-2\\\/71080\\\/\",\"url\":\"https:\\\/\\\/batijournal.com\\\/index.php\\\/letancheite-a-lair-des-batiments-formation-en-lorraine-2\\\/71080\\\/\",\"name\":\"L'\u00e9tanch\u00e9it\u00e9 \u00e0 l'air des b\u00e2timents : formation en Lorraine\",\"isPartOf\":{\"@id\":\"https:\\\/\\\/batijournal.com\\\/#website\"},\"primaryImageOfPage\":{\"@id\":\"https:\\\/\\\/batijournal.com\\\/index.php\\\/letancheite-a-lair-des-batiments-formation-en-lorraine-2\\\/71080\\\/#primaryimage\"},\"image\":{\"@id\":\"https:\\\/\\\/batijournal.com\\\/index.php\\\/letancheite-a-lair-des-batiments-formation-en-lorraine-2\\\/71080\\\/#primaryimage\"},\"thumbnailUrl\":\"https:\\\/\\\/batijournal.com\\\/wp-content\\\/uploads\\\/2015\\\/03\\\/122793492.jpg\",\"datePublished\":\"2010-05-07T12:24:51+00:00\",\"dateModified\":\"2019-07-15T10:07:39+00:00\",\"author\":{\"@id\":\"https:\\\/\\\/batijournal.com\\\/#\\\/schema\\\/person\\\/6a657e8967569e1b299972574848aa76\"},\"breadcrumb\":{\"@id\":\"https:\\\/\\\/batijournal.com\\\/index.php\\\/letancheite-a-lair-des-batiments-formation-en-lorraine-2\\\/71080\\\/#breadcrumb\"},\"inLanguage\":\"fr-FR\",\"potentialAction\":[{\"@type\":\"ReadAction\",\"target\":[\"https:\\\/\\\/batijournal.com\\\/index.php\\\/letancheite-a-lair-des-batiments-formation-en-lorraine-2\\\/71080\\\/\"]}]},{\"@type\":\"ImageObject\",\"inLanguage\":\"fr-FR\",\"@id\":\"https:\\\/\\\/batijournal.com\\\/index.php\\\/letancheite-a-lair-des-batiments-formation-en-lorraine-2\\\/71080\\\/#primaryimage\",\"url\":\"https:\\\/\\\/batijournal.com\\\/wp-content\\\/uploads\\\/2015\\\/03\\\/122793492.jpg\",\"contentUrl\":\"https:\\\/\\\/batijournal.com\\\/wp-content\\\/uploads\\\/2015\\\/03\\\/122793492.jpg\",\"width\":407,\"height\":599},{\"@type\":\"BreadcrumbList\",\"@id\":\"https:\\\/\\\/batijournal.com\\\/index.php\\\/letancheite-a-lair-des-batiments-formation-en-lorraine-2\\\/71080\\\/#breadcrumb\",\"itemListElement\":[{\"@type\":\"ListItem\",\"position\":1,\"name\":\"Accueil\",\"item\":\"https:\\\/\\\/batijournal.com\\\/\"},{\"@type\":\"ListItem\",\"position\":2,\"name\":\"Actualit\u00e9s\",\"item\":\"https:\\\/\\\/batijournal.com\\\/index.php\\\/category\\\/actualites\\\/\"},{\"@type\":\"ListItem\",\"position\":3,\"name\":\"\u00c9conomie &amp; March\u00e9s\",\"item\":\"https:\\\/\\\/batijournal.com\\\/index.php\\\/category\\\/actualites\\\/economie-marches\\\/\"},{\"@type\":\"ListItem\",\"position\":4,\"name\":\"L&rsquo;\u00e9tanch\u00e9it\u00e9 \u00e0 l&rsquo;air des b\u00e2timents : formation en Lorraine\"}]},{\"@type\":\"WebSite\",\"@id\":\"https:\\\/\\\/batijournal.com\\\/#website\",\"url\":\"https:\\\/\\\/batijournal.com\\\/\",\"name\":\"Batijournal\",\"description\":\"L&#039;actualit\u00e9 du b\u00e2timent\",\"potentialAction\":[{\"@type\":\"SearchAction\",\"target\":{\"@type\":\"EntryPoint\",\"urlTemplate\":\"https:\\\/\\\/batijournal.com\\\/?s={search_term_string}\"},\"query-input\":{\"@type\":\"PropertyValueSpecification\",\"valueRequired\":true,\"valueName\":\"search_term_string\"}}],\"inLanguage\":\"fr-FR\"},{\"@type\":\"Person\",\"@id\":\"https:\\\/\\\/batijournal.com\\\/#\\\/schema\\\/person\\\/6a657e8967569e1b299972574848aa76\",\"name\":\"Bati-journal\",\"image\":{\"@type\":\"ImageObject\",\"inLanguage\":\"fr-FR\",\"@id\":\"https:\\\/\\\/secure.gravatar.com\\\/avatar\\\/a64364ea26392f9b4dd47e017ddaec74ff03aefc073b49e492e847201258f777?s=96&d=mm&r=g\",\"url\":\"https:\\\/\\\/secure.gravatar.com\\\/avatar\\\/a64364ea26392f9b4dd47e017ddaec74ff03aefc073b49e492e847201258f777?s=96&d=mm&r=g\",\"contentUrl\":\"https:\\\/\\\/secure.gravatar.com\\\/avatar\\\/a64364ea26392f9b4dd47e017ddaec74ff03aefc073b49e492e847201258f777?s=96&d=mm&r=g\",\"caption\":\"Bati-journal\"},\"url\":\"https:\\\/\\\/batijournal.com\\\/index.php\\\/author\\\/elodie\\\/\"}]}<\/script>\n<!-- \/ Yoast SEO plugin. -->","yoast_head_json":{"title":"L'\u00e9tanch\u00e9it\u00e9 \u00e0 l'air des b\u00e2timents : formation en Lorraine","robots":{"index":"index","follow":"follow","max-snippet":"max-snippet:-1","max-image-preview":"max-image-preview:large","max-video-preview":"max-video-preview:-1"},"canonical":"https:\/\/batijournal.com\/index.php\/letancheite-a-lair-des-batiments-formation-en-lorraine-2\/71080\/","og_locale":"fr_FR","og_type":"article","og_title":"L'\u00e9tanch\u00e9it\u00e9 \u00e0 l'air des b\u00e2timents : formation en Lorraine","og_description":"La chambre de m\u00e9tiers et de l&rsquo;artisanat des Vosges, en association avec l&rsquo;Enstib, le Critt-Bois, l&rsquo;association de formation des architectes Alfa et l&rsquo;organisme mandataire Classe 4 continuent le cycle de formations \u201cL&rsquo;\u00e9tanch\u00e9it\u00e9 \u00e0 l&rsquo;air : du b\u00e2timent basse consommation au b\u00e2timent passif\u201c. La matin\u00e9e est consacr\u00e9e \u00e0 la pr\u00e9sentation th\u00e9orique, et l&rsquo;apr\u00e8s-midi \u00e0 la pratique [&hellip;]","og_url":"https:\/\/batijournal.com\/index.php\/letancheite-a-lair-des-batiments-formation-en-lorraine-2\/71080\/","og_site_name":"Batijournal","article_published_time":"2010-05-07T12:24:51+00:00","article_modified_time":"2019-07-15T10:07:39+00:00","og_image":[{"width":407,"height":599,"url":"https:\/\/batijournal.com\/wp-content\/uploads\/2015\/03\/122793492.jpg","type":"image\/jpeg"}],"author":"Bati-journal","twitter_card":"summary_large_image","twitter_creator":"@bati_journal","twitter_site":"@bati_journal","twitter_misc":{"\u00c9crit par":"Bati-journal","Dur\u00e9e de lecture estim\u00e9e":"1 minute"},"schema":{"@context":"https:\/\/schema.org","@graph":[{"@type":"Article","@id":"https:\/\/batijournal.com\/index.php\/letancheite-a-lair-des-batiments-formation-en-lorraine-2\/71080\/#article","isPartOf":{"@id":"https:\/\/batijournal.com\/index.php\/letancheite-a-lair-des-batiments-formation-en-lorraine-2\/71080\/"},"author":{"name":"Bati-journal","@id":"https:\/\/batijournal.com\/#\/schema\/person\/6a657e8967569e1b299972574848aa76"},"headline":"L&rsquo;\u00e9tanch\u00e9it\u00e9 \u00e0 l&rsquo;air des b\u00e2timents : formation en Lorraine","datePublished":"2010-05-07T12:24:51+00:00","dateModified":"2019-07-15T10:07:39+00:00","mainEntityOfPage":{"@id":"https:\/\/batijournal.com\/index.php\/letancheite-a-lair-des-batiments-formation-en-lorraine-2\/71080\/"},"wordCount":135,"commentCount":0,"image":{"@id":"https:\/\/batijournal.com\/index.php\/letancheite-a-lair-des-batiments-formation-en-lorraine-2\/71080\/#primaryimage"},"thumbnailUrl":"https:\/\/batijournal.com\/wp-content\/uploads\/2015\/03\/122793492.jpg","keywords":["formation"],"articleSection":["\u00c9conomie &amp; March\u00e9s"],"inLanguage":"fr-FR","potentialAction":[{"@type":"CommentAction","name":"Comment","target":["https:\/\/batijournal.com\/index.php\/letancheite-a-lair-des-batiments-formation-en-lorraine-2\/71080\/#respond"]}]},{"@type":"WebPage","@id":"https:\/\/batijournal.com\/index.php\/letancheite-a-lair-des-batiments-formation-en-lorraine-2\/71080\/","url":"https:\/\/batijournal.com\/index.php\/letancheite-a-lair-des-batiments-formation-en-lorraine-2\/71080\/","name":"L'\u00e9tanch\u00e9it\u00e9 \u00e0 l'air des b\u00e2timents : formation en Lorraine","isPartOf":{"@id":"https:\/\/batijournal.com\/#website"},"primaryImageOfPage":{"@id":"https:\/\/batijournal.com\/index.php\/letancheite-a-lair-des-batiments-formation-en-lorraine-2\/71080\/#primaryimage"},"image":{"@id":"https:\/\/batijournal.com\/index.php\/letancheite-a-lair-des-batiments-formation-en-lorraine-2\/71080\/#primaryimage"},"thumbnailUrl":"https:\/\/batijournal.com\/wp-content\/uploads\/2015\/03\/122793492.jpg","datePublished":"2010-05-07T12:24:51+00:00","dateModified":"2019-07-15T10:07:39+00:00","author":{"@id":"https:\/\/batijournal.com\/#\/schema\/person\/6a657e8967569e1b299972574848aa76"},"breadcrumb":{"@id":"https:\/\/batijournal.com\/index.php\/letancheite-a-lair-des-batiments-formation-en-lorraine-2\/71080\/#breadcrumb"},"inLanguage":"fr-FR","potentialAction":[{"@type":"ReadAction","target":["https:\/\/batijournal.com\/index.php\/letancheite-a-lair-des-batiments-formation-en-lorraine-2\/71080\/"]}]},{"@type":"ImageObject","inLanguage":"fr-FR","@id":"https:\/\/batijournal.com\/index.php\/letancheite-a-lair-des-batiments-formation-en-lorraine-2\/71080\/#primaryimage","url":"https:\/\/batijournal.com\/wp-content\/uploads\/2015\/03\/122793492.jpg","contentUrl":"https:\/\/batijournal.com\/wp-content\/uploads\/2015\/03\/122793492.jpg","width":407,"height":599},{"@type":"BreadcrumbList","@id":"https:\/\/batijournal.com\/index.php\/letancheite-a-lair-des-batiments-formation-en-lorraine-2\/71080\/#breadcrumb","itemListElement":[{"@type":"ListItem","position":1,"name":"Accueil","item":"https:\/\/batijournal.com\/"},{"@type":"ListItem","position":2,"name":"Actualit\u00e9s","item":"https:\/\/batijournal.com\/index.php\/category\/actualites\/"},{"@type":"ListItem","position":3,"name":"\u00c9conomie &amp; March\u00e9s","item":"https:\/\/batijournal.com\/index.php\/category\/actualites\/economie-marches\/"},{"@type":"ListItem","position":4,"name":"L&rsquo;\u00e9tanch\u00e9it\u00e9 \u00e0 l&rsquo;air des b\u00e2timents : formation en Lorraine"}]},{"@type":"WebSite","@id":"https:\/\/batijournal.com\/#website","url":"https:\/\/batijournal.com\/","name":"Batijournal","description":"L&#039;actualit\u00e9 du b\u00e2timent","potentialAction":[{"@type":"SearchAction","target":{"@type":"EntryPoint","urlTemplate":"https:\/\/batijournal.com\/?s={search_term_string}"},"query-input":{"@type":"PropertyValueSpecification","valueRequired":true,"valueName":"search_term_string"}}],"inLanguage":"fr-FR"},{"@type":"Person","@id":"https:\/\/batijournal.com\/#\/schema\/person\/6a657e8967569e1b299972574848aa76","name":"Bati-journal","image":{"@type":"ImageObject","inLanguage":"fr-FR","@id":"https:\/\/secure.gravatar.com\/avatar\/a64364ea26392f9b4dd47e017ddaec74ff03aefc073b49e492e847201258f777?s=96&d=mm&r=g","url":"https:\/\/secure.gravatar.com\/avatar\/a64364ea26392f9b4dd47e017ddaec74ff03aefc073b49e492e847201258f777?s=96&d=mm&r=g","contentUrl":"https:\/\/secure.gravatar.com\/avatar\/a64364ea26392f9b4dd47e017ddaec74ff03aefc073b49e492e847201258f777?s=96&d=mm&r=g","caption":"Bati-journal"},"url":"https:\/\/batijournal.com\/index.php\/author\/elodie\/"}]}},"_links":{"self":[{"href":"https:\/\/batijournal.com\/index.php\/wp-json\/wp\/v2\/posts\/71080","targetHints":{"allow":["GET"]}}],"collection":[{"href":"https:\/\/batijournal.com\/index.php\/wp-json\/wp\/v2\/posts"}],"about":[{"href":"https:\/\/batijournal.com\/index.php\/wp-json\/wp\/v2\/types\/post"}],"author":[{"embeddable":true,"href":"https:\/\/batijournal.com\/index.php\/wp-json\/wp\/v2\/users\/1"}],"replies":[{"embeddable":true,"href":"https:\/\/batijournal.com\/index.php\/wp-json\/wp\/v2\/comments?post=71080"}],"version-history":[{"count":0,"href":"https:\/\/batijournal.com\/index.php\/wp-json\/wp\/v2\/posts\/71080\/revisions"}],"wp:featuredmedia":[{"embeddable":true,"href":"https:\/\/batijournal.com\/index.php\/wp-json\/wp\/v2\/media\/71081"}],"wp:attachment":[{"href":"https:\/\/batijournal.com\/index.php\/wp-json\/wp\/v2\/media?parent=71080"}],"wp:term":[{"taxonomy":"category","embeddable":true,"href":"https:\/\/batijournal.com\/index.php\/wp-json\/wp\/v2\/categories?post=71080"},{"taxonomy":"post_tag","embeddable":true,"href":"https:\/\/batijournal.com\/index.php\/wp-json\/wp\/v2\/tags?post=71080"}],"curies":[{"name":"wp","href":"https:\/\/api.w.org\/{rel}","templated":true}]}}