{"id":71100,"date":"2011-04-05T00:00:00","date_gmt":"2011-04-04T22:00:00","guid":{"rendered":"http:\/\/b.bati-journal.com\/aldes-propose-des-formations-adaptees-au-marche\/71100"},"modified":"2019-07-15T12:07:37","modified_gmt":"2019-07-15T10:07:37","slug":"aldes-propose-des-formations-adaptees-au-marche","status":"publish","type":"post","link":"https:\/\/batijournal.com\/index.php\/aldes-propose-des-formations-adaptees-au-marche\/71100\/","title":{"rendered":"Ald\u00e8s propose des formations adapt\u00e9es au march\u00e9"},"content":{"rendered":"<p>Face aux nouvelles exigences suscit\u00e9es par l&rsquo;\u00e9volution de la r\u00e9glementation thermique, Aldes propose \u00e0 l&rsquo;ensemble des acteurs professionnels concern\u00e9s de les accompagner afin qu&rsquo;ils abordent leur m\u00e9tier en toute s\u00e9r\u00e9nit\u00e9. Avec des solutions performantes r\u00e9pondant aux besoins de qualit\u00e9 d\u2019air, de confort thermique et de ma\u00eetrise \u00e9nerg\u00e9tique des b\u00e2timents, Aldes met \u00e0 leur disposition un programme personnalisable de formations. Les stages d&rsquo;une dur\u00e9e de un \u00e0 2 deux jours permettent aux professionnels de b\u00e9n\u00e9ficier de formations dans tous les domaines de comp\u00e9tences de l&rsquo;entreprise : la ventilation, syst\u00e8mes simple flux et double flux, en neuf ou en r\u00e9novation, en logement individuel, collectif ou enfin en tertiaire ; le compartimentage et le d\u00e9senfumage ; et depuis 2010 des stages d\u00e9di\u00e9s aux m\u00e9tiers de la Temp\u00e9ration. Ces formations sont destin\u00e9es \u00e0 tous les professionnels, des distributeurs aux installateurs\u00a0en passant par les maintenanciers et m\u00eame les prescripteurs. En fonction du public concern\u00e9, le contenu p\u00e9dagogique est adapt\u00e9 pour r\u00e9pondre au mieux aux probl\u00e9matiques des participants. Ces formations sont majoritairement dispens\u00e9es aux Centres int\u00e9gr\u00e9s Aldes \u00e0 V\u00e9nissieux (69) et \u00e0 Marseille (13), mais certaines peuvent avoir lieu en r\u00e9gion.<\/p>\n","protected":false},"excerpt":{"rendered":"<p>Face aux nouvelles exigences suscit\u00e9es par l&rsquo;\u00e9volution de la r\u00e9glementation thermique, Aldes propose \u00e0 l&rsquo;ensemble des acteurs professionnels concern\u00e9s de les accompagner afin qu&rsquo;ils abordent leur m\u00e9tier en toute s\u00e9r\u00e9nit\u00e9. Avec des solutions performantes r\u00e9pondant aux besoins de qualit\u00e9 d\u2019air, de confort thermique et de ma\u00eetrise \u00e9nerg\u00e9tique des b\u00e2timents, Aldes met \u00e0 leur disposition un [&hellip;]<\/p>\n","protected":false},"author":1,"featured_media":71101,"comment_status":"open","ping_status":"closed","sticky":false,"template":"","format":"standard","meta":{"_et_pb_use_builder":"","_et_pb_old_content":"","_et_gb_content_width":"","footnotes":""},"categories":[6345],"tags":[1655],"class_list":["post-71100","post","type-post","status-publish","format-standard","has-post-thumbnail","hentry","category-economie-marches","tag-vmc"],"yoast_head":"<!-- This site is optimized with the Yoast SEO plugin v27.4 - https:\/\/yoast.com\/product\/yoast-seo-wordpress\/ -->\n<title>Ald\u00e8s propose des formations adapt\u00e9es au march\u00e9<\/title>\n<meta name=\"robots\" content=\"index, follow, max-snippet:-1, max-image-preview:large, max-video-preview:-1\" \/>\n<link rel=\"canonical\" href=\"https:\/\/batijournal.com\/index.php\/aldes-propose-des-formations-adaptees-au-marche\/71100\/\" \/>\n<meta property=\"og:locale\" content=\"fr_FR\" \/>\n<meta property=\"og:type\" content=\"article\" \/>\n<meta property=\"og:title\" content=\"Ald\u00e8s propose des formations adapt\u00e9es au march\u00e9\" \/>\n<meta property=\"og:description\" content=\"Face aux nouvelles exigences suscit\u00e9es par l&rsquo;\u00e9volution de la r\u00e9glementation thermique, Aldes propose \u00e0 l&rsquo;ensemble des acteurs professionnels concern\u00e9s de les accompagner afin qu&rsquo;ils abordent leur m\u00e9tier en toute s\u00e9r\u00e9nit\u00e9. Avec des solutions performantes r\u00e9pondant aux besoins de qualit\u00e9 d\u2019air, de confort thermique et de ma\u00eetrise \u00e9nerg\u00e9tique des b\u00e2timents, Aldes met \u00e0 leur disposition un [&hellip;]\" \/>\n<meta property=\"og:url\" content=\"https:\/\/batijournal.com\/index.php\/aldes-propose-des-formations-adaptees-au-marche\/71100\/\" \/>\n<meta property=\"og:site_name\" content=\"Batijournal\" \/>\n<meta property=\"article:published_time\" content=\"2011-04-04T22:00:00+00:00\" \/>\n<meta property=\"article:modified_time\" content=\"2019-07-15T10:07:37+00:00\" \/>\n<meta property=\"og:image\" content=\"https:\/\/batijournal.com\/wp-content\/uploads\/2015\/03\/22760545.jpg\" \/>\n\t<meta property=\"og:image:width\" content=\"600\" \/>\n\t<meta property=\"og:image:height\" content=\"450\" \/>\n\t<meta property=\"og:image:type\" content=\"image\/jpeg\" \/>\n<meta name=\"author\" content=\"Bati-journal\" \/>\n<meta name=\"twitter:card\" content=\"summary_large_image\" \/>\n<meta name=\"twitter:creator\" content=\"@bati_journal\" \/>\n<meta name=\"twitter:site\" content=\"@bati_journal\" \/>\n<meta name=\"twitter:label1\" content=\"\u00c9crit par\" \/>\n\t<meta name=\"twitter:data1\" content=\"Bati-journal\" \/>\n\t<meta name=\"twitter:label2\" content=\"Dur\u00e9e de lecture estim\u00e9e\" \/>\n\t<meta name=\"twitter:data2\" content=\"1 minute\" \/>\n<script type=\"application\/ld+json\" class=\"yoast-schema-graph\">{\"@context\":\"https:\\\/\\\/schema.org\",\"@graph\":[{\"@type\":\"Article\",\"@id\":\"https:\\\/\\\/batijournal.com\\\/index.php\\\/aldes-propose-des-formations-adaptees-au-marche\\\/71100\\\/#article\",\"isPartOf\":{\"@id\":\"https:\\\/\\\/batijournal.com\\\/index.php\\\/aldes-propose-des-formations-adaptees-au-marche\\\/71100\\\/\"},\"author\":{\"name\":\"Bati-journal\",\"@id\":\"https:\\\/\\\/batijournal.com\\\/#\\\/schema\\\/person\\\/6a657e8967569e1b299972574848aa76\"},\"headline\":\"Ald\u00e8s propose des formations adapt\u00e9es au march\u00e9\",\"datePublished\":\"2011-04-04T22:00:00+00:00\",\"dateModified\":\"2019-07-15T10:07:37+00:00\",\"mainEntityOfPage\":{\"@id\":\"https:\\\/\\\/batijournal.com\\\/index.php\\\/aldes-propose-des-formations-adaptees-au-marche\\\/71100\\\/\"},\"wordCount\":219,\"commentCount\":0,\"image\":{\"@id\":\"https:\\\/\\\/batijournal.com\\\/index.php\\\/aldes-propose-des-formations-adaptees-au-marche\\\/71100\\\/#primaryimage\"},\"thumbnailUrl\":\"https:\\\/\\\/batijournal.com\\\/wp-content\\\/uploads\\\/2015\\\/03\\\/22760545.jpg\",\"keywords\":[\"vmc\"],\"articleSection\":[\"\u00c9conomie &amp; March\u00e9s\"],\"inLanguage\":\"fr-FR\",\"potentialAction\":[{\"@type\":\"CommentAction\",\"name\":\"Comment\",\"target\":[\"https:\\\/\\\/batijournal.com\\\/index.php\\\/aldes-propose-des-formations-adaptees-au-marche\\\/71100\\\/#respond\"]}]},{\"@type\":\"WebPage\",\"@id\":\"https:\\\/\\\/batijournal.com\\\/index.php\\\/aldes-propose-des-formations-adaptees-au-marche\\\/71100\\\/\",\"url\":\"https:\\\/\\\/batijournal.com\\\/index.php\\\/aldes-propose-des-formations-adaptees-au-marche\\\/71100\\\/\",\"name\":\"Ald\u00e8s propose des formations adapt\u00e9es au march\u00e9\",\"isPartOf\":{\"@id\":\"https:\\\/\\\/batijournal.com\\\/#website\"},\"primaryImageOfPage\":{\"@id\":\"https:\\\/\\\/batijournal.com\\\/index.php\\\/aldes-propose-des-formations-adaptees-au-marche\\\/71100\\\/#primaryimage\"},\"image\":{\"@id\":\"https:\\\/\\\/batijournal.com\\\/index.php\\\/aldes-propose-des-formations-adaptees-au-marche\\\/71100\\\/#primaryimage\"},\"thumbnailUrl\":\"https:\\\/\\\/batijournal.com\\\/wp-content\\\/uploads\\\/2015\\\/03\\\/22760545.jpg\",\"datePublished\":\"2011-04-04T22:00:00+00:00\",\"dateModified\":\"2019-07-15T10:07:37+00:00\",\"author\":{\"@id\":\"https:\\\/\\\/batijournal.com\\\/#\\\/schema\\\/person\\\/6a657e8967569e1b299972574848aa76\"},\"breadcrumb\":{\"@id\":\"https:\\\/\\\/batijournal.com\\\/index.php\\\/aldes-propose-des-formations-adaptees-au-marche\\\/71100\\\/#breadcrumb\"},\"inLanguage\":\"fr-FR\",\"potentialAction\":[{\"@type\":\"ReadAction\",\"target\":[\"https:\\\/\\\/batijournal.com\\\/index.php\\\/aldes-propose-des-formations-adaptees-au-marche\\\/71100\\\/\"]}]},{\"@type\":\"ImageObject\",\"inLanguage\":\"fr-FR\",\"@id\":\"https:\\\/\\\/batijournal.com\\\/index.php\\\/aldes-propose-des-formations-adaptees-au-marche\\\/71100\\\/#primaryimage\",\"url\":\"https:\\\/\\\/batijournal.com\\\/wp-content\\\/uploads\\\/2015\\\/03\\\/22760545.jpg\",\"contentUrl\":\"https:\\\/\\\/batijournal.com\\\/wp-content\\\/uploads\\\/2015\\\/03\\\/22760545.jpg\",\"width\":600,\"height\":450},{\"@type\":\"BreadcrumbList\",\"@id\":\"https:\\\/\\\/batijournal.com\\\/index.php\\\/aldes-propose-des-formations-adaptees-au-marche\\\/71100\\\/#breadcrumb\",\"itemListElement\":[{\"@type\":\"ListItem\",\"position\":1,\"name\":\"Accueil\",\"item\":\"https:\\\/\\\/batijournal.com\\\/\"},{\"@type\":\"ListItem\",\"position\":2,\"name\":\"Actualit\u00e9s\",\"item\":\"https:\\\/\\\/batijournal.com\\\/index.php\\\/category\\\/actualites\\\/\"},{\"@type\":\"ListItem\",\"position\":3,\"name\":\"\u00c9conomie &amp; March\u00e9s\",\"item\":\"https:\\\/\\\/batijournal.com\\\/index.php\\\/category\\\/actualites\\\/economie-marches\\\/\"},{\"@type\":\"ListItem\",\"position\":4,\"name\":\"Ald\u00e8s propose des formations adapt\u00e9es au march\u00e9\"}]},{\"@type\":\"WebSite\",\"@id\":\"https:\\\/\\\/batijournal.com\\\/#website\",\"url\":\"https:\\\/\\\/batijournal.com\\\/\",\"name\":\"Batijournal\",\"description\":\"L&#039;actualit\u00e9 du b\u00e2timent\",\"potentialAction\":[{\"@type\":\"SearchAction\",\"target\":{\"@type\":\"EntryPoint\",\"urlTemplate\":\"https:\\\/\\\/batijournal.com\\\/?s={search_term_string}\"},\"query-input\":{\"@type\":\"PropertyValueSpecification\",\"valueRequired\":true,\"valueName\":\"search_term_string\"}}],\"inLanguage\":\"fr-FR\"},{\"@type\":\"Person\",\"@id\":\"https:\\\/\\\/batijournal.com\\\/#\\\/schema\\\/person\\\/6a657e8967569e1b299972574848aa76\",\"name\":\"Bati-journal\",\"image\":{\"@type\":\"ImageObject\",\"inLanguage\":\"fr-FR\",\"@id\":\"https:\\\/\\\/secure.gravatar.com\\\/avatar\\\/a64364ea26392f9b4dd47e017ddaec74ff03aefc073b49e492e847201258f777?s=96&d=mm&r=g\",\"url\":\"https:\\\/\\\/secure.gravatar.com\\\/avatar\\\/a64364ea26392f9b4dd47e017ddaec74ff03aefc073b49e492e847201258f777?s=96&d=mm&r=g\",\"contentUrl\":\"https:\\\/\\\/secure.gravatar.com\\\/avatar\\\/a64364ea26392f9b4dd47e017ddaec74ff03aefc073b49e492e847201258f777?s=96&d=mm&r=g\",\"caption\":\"Bati-journal\"},\"url\":\"https:\\\/\\\/batijournal.com\\\/index.php\\\/author\\\/elodie\\\/\"}]}<\/script>\n<!-- \/ Yoast SEO plugin. -->","yoast_head_json":{"title":"Ald\u00e8s propose des formations adapt\u00e9es au march\u00e9","robots":{"index":"index","follow":"follow","max-snippet":"max-snippet:-1","max-image-preview":"max-image-preview:large","max-video-preview":"max-video-preview:-1"},"canonical":"https:\/\/batijournal.com\/index.php\/aldes-propose-des-formations-adaptees-au-marche\/71100\/","og_locale":"fr_FR","og_type":"article","og_title":"Ald\u00e8s propose des formations adapt\u00e9es au march\u00e9","og_description":"Face aux nouvelles exigences suscit\u00e9es par l&rsquo;\u00e9volution de la r\u00e9glementation thermique, Aldes propose \u00e0 l&rsquo;ensemble des acteurs professionnels concern\u00e9s de les accompagner afin qu&rsquo;ils abordent leur m\u00e9tier en toute s\u00e9r\u00e9nit\u00e9. Avec des solutions performantes r\u00e9pondant aux besoins de qualit\u00e9 d\u2019air, de confort thermique et de ma\u00eetrise \u00e9nerg\u00e9tique des b\u00e2timents, Aldes met \u00e0 leur disposition un [&hellip;]","og_url":"https:\/\/batijournal.com\/index.php\/aldes-propose-des-formations-adaptees-au-marche\/71100\/","og_site_name":"Batijournal","article_published_time":"2011-04-04T22:00:00+00:00","article_modified_time":"2019-07-15T10:07:37+00:00","og_image":[{"width":600,"height":450,"url":"https:\/\/batijournal.com\/wp-content\/uploads\/2015\/03\/22760545.jpg","type":"image\/jpeg"}],"author":"Bati-journal","twitter_card":"summary_large_image","twitter_creator":"@bati_journal","twitter_site":"@bati_journal","twitter_misc":{"\u00c9crit par":"Bati-journal","Dur\u00e9e de lecture estim\u00e9e":"1 minute"},"schema":{"@context":"https:\/\/schema.org","@graph":[{"@type":"Article","@id":"https:\/\/batijournal.com\/index.php\/aldes-propose-des-formations-adaptees-au-marche\/71100\/#article","isPartOf":{"@id":"https:\/\/batijournal.com\/index.php\/aldes-propose-des-formations-adaptees-au-marche\/71100\/"},"author":{"name":"Bati-journal","@id":"https:\/\/batijournal.com\/#\/schema\/person\/6a657e8967569e1b299972574848aa76"},"headline":"Ald\u00e8s propose des formations adapt\u00e9es au march\u00e9","datePublished":"2011-04-04T22:00:00+00:00","dateModified":"2019-07-15T10:07:37+00:00","mainEntityOfPage":{"@id":"https:\/\/batijournal.com\/index.php\/aldes-propose-des-formations-adaptees-au-marche\/71100\/"},"wordCount":219,"commentCount":0,"image":{"@id":"https:\/\/batijournal.com\/index.php\/aldes-propose-des-formations-adaptees-au-marche\/71100\/#primaryimage"},"thumbnailUrl":"https:\/\/batijournal.com\/wp-content\/uploads\/2015\/03\/22760545.jpg","keywords":["vmc"],"articleSection":["\u00c9conomie &amp; March\u00e9s"],"inLanguage":"fr-FR","potentialAction":[{"@type":"CommentAction","name":"Comment","target":["https:\/\/batijournal.com\/index.php\/aldes-propose-des-formations-adaptees-au-marche\/71100\/#respond"]}]},{"@type":"WebPage","@id":"https:\/\/batijournal.com\/index.php\/aldes-propose-des-formations-adaptees-au-marche\/71100\/","url":"https:\/\/batijournal.com\/index.php\/aldes-propose-des-formations-adaptees-au-marche\/71100\/","name":"Ald\u00e8s propose des formations adapt\u00e9es au march\u00e9","isPartOf":{"@id":"https:\/\/batijournal.com\/#website"},"primaryImageOfPage":{"@id":"https:\/\/batijournal.com\/index.php\/aldes-propose-des-formations-adaptees-au-marche\/71100\/#primaryimage"},"image":{"@id":"https:\/\/batijournal.com\/index.php\/aldes-propose-des-formations-adaptees-au-marche\/71100\/#primaryimage"},"thumbnailUrl":"https:\/\/batijournal.com\/wp-content\/uploads\/2015\/03\/22760545.jpg","datePublished":"2011-04-04T22:00:00+00:00","dateModified":"2019-07-15T10:07:37+00:00","author":{"@id":"https:\/\/batijournal.com\/#\/schema\/person\/6a657e8967569e1b299972574848aa76"},"breadcrumb":{"@id":"https:\/\/batijournal.com\/index.php\/aldes-propose-des-formations-adaptees-au-marche\/71100\/#breadcrumb"},"inLanguage":"fr-FR","potentialAction":[{"@type":"ReadAction","target":["https:\/\/batijournal.com\/index.php\/aldes-propose-des-formations-adaptees-au-marche\/71100\/"]}]},{"@type":"ImageObject","inLanguage":"fr-FR","@id":"https:\/\/batijournal.com\/index.php\/aldes-propose-des-formations-adaptees-au-marche\/71100\/#primaryimage","url":"https:\/\/batijournal.com\/wp-content\/uploads\/2015\/03\/22760545.jpg","contentUrl":"https:\/\/batijournal.com\/wp-content\/uploads\/2015\/03\/22760545.jpg","width":600,"height":450},{"@type":"BreadcrumbList","@id":"https:\/\/batijournal.com\/index.php\/aldes-propose-des-formations-adaptees-au-marche\/71100\/#breadcrumb","itemListElement":[{"@type":"ListItem","position":1,"name":"Accueil","item":"https:\/\/batijournal.com\/"},{"@type":"ListItem","position":2,"name":"Actualit\u00e9s","item":"https:\/\/batijournal.com\/index.php\/category\/actualites\/"},{"@type":"ListItem","position":3,"name":"\u00c9conomie &amp; March\u00e9s","item":"https:\/\/batijournal.com\/index.php\/category\/actualites\/economie-marches\/"},{"@type":"ListItem","position":4,"name":"Ald\u00e8s propose des formations adapt\u00e9es au march\u00e9"}]},{"@type":"WebSite","@id":"https:\/\/batijournal.com\/#website","url":"https:\/\/batijournal.com\/","name":"Batijournal","description":"L&#039;actualit\u00e9 du b\u00e2timent","potentialAction":[{"@type":"SearchAction","target":{"@type":"EntryPoint","urlTemplate":"https:\/\/batijournal.com\/?s={search_term_string}"},"query-input":{"@type":"PropertyValueSpecification","valueRequired":true,"valueName":"search_term_string"}}],"inLanguage":"fr-FR"},{"@type":"Person","@id":"https:\/\/batijournal.com\/#\/schema\/person\/6a657e8967569e1b299972574848aa76","name":"Bati-journal","image":{"@type":"ImageObject","inLanguage":"fr-FR","@id":"https:\/\/secure.gravatar.com\/avatar\/a64364ea26392f9b4dd47e017ddaec74ff03aefc073b49e492e847201258f777?s=96&d=mm&r=g","url":"https:\/\/secure.gravatar.com\/avatar\/a64364ea26392f9b4dd47e017ddaec74ff03aefc073b49e492e847201258f777?s=96&d=mm&r=g","contentUrl":"https:\/\/secure.gravatar.com\/avatar\/a64364ea26392f9b4dd47e017ddaec74ff03aefc073b49e492e847201258f777?s=96&d=mm&r=g","caption":"Bati-journal"},"url":"https:\/\/batijournal.com\/index.php\/author\/elodie\/"}]}},"_links":{"self":[{"href":"https:\/\/batijournal.com\/index.php\/wp-json\/wp\/v2\/posts\/71100","targetHints":{"allow":["GET"]}}],"collection":[{"href":"https:\/\/batijournal.com\/index.php\/wp-json\/wp\/v2\/posts"}],"about":[{"href":"https:\/\/batijournal.com\/index.php\/wp-json\/wp\/v2\/types\/post"}],"author":[{"embeddable":true,"href":"https:\/\/batijournal.com\/index.php\/wp-json\/wp\/v2\/users\/1"}],"replies":[{"embeddable":true,"href":"https:\/\/batijournal.com\/index.php\/wp-json\/wp\/v2\/comments?post=71100"}],"version-history":[{"count":0,"href":"https:\/\/batijournal.com\/index.php\/wp-json\/wp\/v2\/posts\/71100\/revisions"}],"wp:featuredmedia":[{"embeddable":true,"href":"https:\/\/batijournal.com\/index.php\/wp-json\/wp\/v2\/media\/71101"}],"wp:attachment":[{"href":"https:\/\/batijournal.com\/index.php\/wp-json\/wp\/v2\/media?parent=71100"}],"wp:term":[{"taxonomy":"category","embeddable":true,"href":"https:\/\/batijournal.com\/index.php\/wp-json\/wp\/v2\/categories?post=71100"},{"taxonomy":"post_tag","embeddable":true,"href":"https:\/\/batijournal.com\/index.php\/wp-json\/wp\/v2\/tags?post=71100"}],"curies":[{"name":"wp","href":"https:\/\/api.w.org\/{rel}","templated":true}]}}