{"id":71117,"date":"2011-09-26T16:44:13","date_gmt":"2011-09-26T14:44:13","guid":{"rendered":"http:\/\/b.bati-journal.com\/3-nouvelles-journees-de-formation-solutions-constructives-bois-beton-en-rhone-alpes\/71117"},"modified":"2019-07-15T12:07:35","modified_gmt":"2019-07-15T10:07:35","slug":"3-nouvelles-journees-de-formation-solutions-constructives-bois-beton-en-rhone-alpes","status":"publish","type":"post","link":"https:\/\/batijournal.com\/index.php\/3-nouvelles-journees-de-formation-solutions-constructives-bois-beton-en-rhone-alpes\/71117\/","title":{"rendered":"3 nouvelles journ\u00e9es de formation \u00ab\u00a0Solutions constructives Bois &amp; B\u00e9ton\u00a0\u00bb en Rh\u00f4ne- Alpes"},"content":{"rendered":"<p>Le CNDB et FIBRA (F\u00e9d\u00e9ration for\u00eat-bois Rh\u00f4ne-Alpes) organisent des sessions d&rsquo;une journ\u00e9e de formation \u00ab\u00a0Solutions constructives bois et b\u00e9ton\u00a0\u00bb. Apr\u00e8s Lyon et Valence, les 3 prochaines sont programm\u00e9es \u00e0 Echirolles le 21 octobre et \u00e0 Annecy le 7 octobre (complet) et le 16 novembre. La formation s&rsquo;adresse aux ma\u00fbtres d&rsquo;ouvrage, ma\u00fbtres d&rsquo;\u0153uvre, BET g\u00e9n\u00e9ralistes, bureaux de contr\u00f4le, techniciens de la fonction publique, territoriale et du cadre b\u00e2ti, \u00e9conomiste de la construction, entreprises bois, entreprises g\u00e9n\u00e9rales, de gros \u0153uvre et de 2nd \u0153uvre, distribution. Objectif : ma\u00fbtriser la mise en \u0153uvre des solutions mixtes bois et b\u00e9ton dans le logement collectif, jusqu&rsquo;\u00e0 R+7 et comprendre les sp\u00e9cificit\u00e9s de conception et de mise en \u0153uvre de construction mixte bois et b\u00e9ton. \u00a0 Programme et inscription sur <a href=\"http:\/\/www.cndb.org\" target=\"_blank\" rel=\"noopener noreferrer\">www.cndb.org<\/a> Rubrique Formation continue et sur <a href=\"http:\/\/www.fibra.net\" target=\"_blank\" rel=\"noopener noreferrer\">www.fibra.net<\/a> Rubrique FIBRAdoc\/formation<\/p>\n","protected":false},"excerpt":{"rendered":"<p>Le CNDB et FIBRA (F\u00e9d\u00e9ration for\u00eat-bois Rh\u00f4ne-Alpes) organisent des sessions d&rsquo;une journ\u00e9e de formation \u00ab\u00a0Solutions constructives bois et b\u00e9ton\u00a0\u00bb. Apr\u00e8s Lyon et Valence, les 3 prochaines sont programm\u00e9es \u00e0 Echirolles le 21 octobre et \u00e0 Annecy le 7 octobre (complet) et le 16 novembre. La formation s&rsquo;adresse aux ma\u00fbtres d&rsquo;ouvrage, ma\u00fbtres d&rsquo;\u0153uvre, BET g\u00e9n\u00e9ralistes, bureaux [&hellip;]<\/p>\n","protected":false},"author":1,"featured_media":71118,"comment_status":"open","ping_status":"closed","sticky":false,"template":"","format":"standard","meta":{"_et_pb_use_builder":"","_et_pb_old_content":"","_et_gb_content_width":"","footnotes":""},"categories":[6345],"tags":[7230,1057,517],"class_list":["post-71117","post","type-post","status-publish","format-standard","has-post-thumbnail","hentry","category-economie-marches","tag-bois-beton","tag-fibra","tag-formation"],"yoast_head":"<!-- This site is optimized with the Yoast SEO plugin v27.4 - https:\/\/yoast.com\/product\/yoast-seo-wordpress\/ -->\n<title>3 nouvelles journ\u00e9es de formation &quot;Solutions constructives Bois &amp; B\u00e9ton&quot; en Rh\u00f4ne- Alpes<\/title>\n<meta name=\"robots\" content=\"index, follow, max-snippet:-1, max-image-preview:large, max-video-preview:-1\" \/>\n<link rel=\"canonical\" href=\"https:\/\/batijournal.com\/index.php\/3-nouvelles-journees-de-formation-solutions-constructives-bois-beton-en-rhone-alpes\/71117\/\" \/>\n<meta property=\"og:locale\" content=\"fr_FR\" \/>\n<meta property=\"og:type\" content=\"article\" \/>\n<meta property=\"og:title\" content=\"3 nouvelles journ\u00e9es de formation &quot;Solutions constructives Bois &amp; B\u00e9ton&quot; en Rh\u00f4ne- Alpes\" \/>\n<meta property=\"og:description\" content=\"Le CNDB et FIBRA (F\u00e9d\u00e9ration for\u00eat-bois Rh\u00f4ne-Alpes) organisent des sessions d&rsquo;une journ\u00e9e de formation \u00ab\u00a0Solutions constructives bois et b\u00e9ton\u00a0\u00bb. Apr\u00e8s Lyon et Valence, les 3 prochaines sont programm\u00e9es \u00e0 Echirolles le 21 octobre et \u00e0 Annecy le 7 octobre (complet) et le 16 novembre. La formation s&rsquo;adresse aux ma\u00fbtres d&rsquo;ouvrage, ma\u00fbtres d&rsquo;\u0153uvre, BET g\u00e9n\u00e9ralistes, bureaux [&hellip;]\" \/>\n<meta property=\"og:url\" content=\"https:\/\/batijournal.com\/index.php\/3-nouvelles-journees-de-formation-solutions-constructives-bois-beton-en-rhone-alpes\/71117\/\" \/>\n<meta property=\"og:site_name\" content=\"Batijournal\" \/>\n<meta property=\"article:published_time\" content=\"2011-09-26T14:44:13+00:00\" \/>\n<meta property=\"article:modified_time\" content=\"2019-07-15T10:07:35+00:00\" \/>\n<meta property=\"og:image\" content=\"https:\/\/batijournal.com\/wp-content\/uploads\/2015\/03\/30508296.jpg\" \/>\n\t<meta property=\"og:image:width\" content=\"600\" \/>\n\t<meta property=\"og:image:height\" content=\"417\" \/>\n\t<meta property=\"og:image:type\" content=\"image\/jpeg\" \/>\n<meta name=\"author\" content=\"Bati-journal\" \/>\n<meta name=\"twitter:card\" content=\"summary_large_image\" \/>\n<meta name=\"twitter:creator\" content=\"@bati_journal\" \/>\n<meta name=\"twitter:site\" content=\"@bati_journal\" \/>\n<meta name=\"twitter:label1\" content=\"\u00c9crit par\" \/>\n\t<meta name=\"twitter:data1\" content=\"Bati-journal\" \/>\n\t<meta name=\"twitter:label2\" content=\"Dur\u00e9e de lecture estim\u00e9e\" \/>\n\t<meta name=\"twitter:data2\" content=\"1 minute\" \/>\n<script type=\"application\/ld+json\" class=\"yoast-schema-graph\">{\"@context\":\"https:\\\/\\\/schema.org\",\"@graph\":[{\"@type\":\"Article\",\"@id\":\"https:\\\/\\\/batijournal.com\\\/index.php\\\/3-nouvelles-journees-de-formation-solutions-constructives-bois-beton-en-rhone-alpes\\\/71117\\\/#article\",\"isPartOf\":{\"@id\":\"https:\\\/\\\/batijournal.com\\\/index.php\\\/3-nouvelles-journees-de-formation-solutions-constructives-bois-beton-en-rhone-alpes\\\/71117\\\/\"},\"author\":{\"name\":\"Bati-journal\",\"@id\":\"https:\\\/\\\/batijournal.com\\\/#\\\/schema\\\/person\\\/6a657e8967569e1b299972574848aa76\"},\"headline\":\"3 nouvelles journ\u00e9es de formation \u00ab\u00a0Solutions constructives Bois &amp; B\u00e9ton\u00a0\u00bb en Rh\u00f4ne- Alpes\",\"datePublished\":\"2011-09-26T14:44:13+00:00\",\"dateModified\":\"2019-07-15T10:07:35+00:00\",\"mainEntityOfPage\":{\"@id\":\"https:\\\/\\\/batijournal.com\\\/index.php\\\/3-nouvelles-journees-de-formation-solutions-constructives-bois-beton-en-rhone-alpes\\\/71117\\\/\"},\"wordCount\":170,\"commentCount\":0,\"image\":{\"@id\":\"https:\\\/\\\/batijournal.com\\\/index.php\\\/3-nouvelles-journees-de-formation-solutions-constructives-bois-beton-en-rhone-alpes\\\/71117\\\/#primaryimage\"},\"thumbnailUrl\":\"https:\\\/\\\/batijournal.com\\\/wp-content\\\/uploads\\\/2015\\\/03\\\/30508296.jpg\",\"keywords\":[\"bois beton\",\"FIBRA\",\"formation\"],\"articleSection\":[\"\u00c9conomie &amp; March\u00e9s\"],\"inLanguage\":\"fr-FR\",\"potentialAction\":[{\"@type\":\"CommentAction\",\"name\":\"Comment\",\"target\":[\"https:\\\/\\\/batijournal.com\\\/index.php\\\/3-nouvelles-journees-de-formation-solutions-constructives-bois-beton-en-rhone-alpes\\\/71117\\\/#respond\"]}]},{\"@type\":\"WebPage\",\"@id\":\"https:\\\/\\\/batijournal.com\\\/index.php\\\/3-nouvelles-journees-de-formation-solutions-constructives-bois-beton-en-rhone-alpes\\\/71117\\\/\",\"url\":\"https:\\\/\\\/batijournal.com\\\/index.php\\\/3-nouvelles-journees-de-formation-solutions-constructives-bois-beton-en-rhone-alpes\\\/71117\\\/\",\"name\":\"3 nouvelles journ\u00e9es de formation \\\"Solutions constructives Bois &amp; B\u00e9ton\\\" en Rh\u00f4ne- Alpes\",\"isPartOf\":{\"@id\":\"https:\\\/\\\/batijournal.com\\\/#website\"},\"primaryImageOfPage\":{\"@id\":\"https:\\\/\\\/batijournal.com\\\/index.php\\\/3-nouvelles-journees-de-formation-solutions-constructives-bois-beton-en-rhone-alpes\\\/71117\\\/#primaryimage\"},\"image\":{\"@id\":\"https:\\\/\\\/batijournal.com\\\/index.php\\\/3-nouvelles-journees-de-formation-solutions-constructives-bois-beton-en-rhone-alpes\\\/71117\\\/#primaryimage\"},\"thumbnailUrl\":\"https:\\\/\\\/batijournal.com\\\/wp-content\\\/uploads\\\/2015\\\/03\\\/30508296.jpg\",\"datePublished\":\"2011-09-26T14:44:13+00:00\",\"dateModified\":\"2019-07-15T10:07:35+00:00\",\"author\":{\"@id\":\"https:\\\/\\\/batijournal.com\\\/#\\\/schema\\\/person\\\/6a657e8967569e1b299972574848aa76\"},\"breadcrumb\":{\"@id\":\"https:\\\/\\\/batijournal.com\\\/index.php\\\/3-nouvelles-journees-de-formation-solutions-constructives-bois-beton-en-rhone-alpes\\\/71117\\\/#breadcrumb\"},\"inLanguage\":\"fr-FR\",\"potentialAction\":[{\"@type\":\"ReadAction\",\"target\":[\"https:\\\/\\\/batijournal.com\\\/index.php\\\/3-nouvelles-journees-de-formation-solutions-constructives-bois-beton-en-rhone-alpes\\\/71117\\\/\"]}]},{\"@type\":\"ImageObject\",\"inLanguage\":\"fr-FR\",\"@id\":\"https:\\\/\\\/batijournal.com\\\/index.php\\\/3-nouvelles-journees-de-formation-solutions-constructives-bois-beton-en-rhone-alpes\\\/71117\\\/#primaryimage\",\"url\":\"https:\\\/\\\/batijournal.com\\\/wp-content\\\/uploads\\\/2015\\\/03\\\/30508296.jpg\",\"contentUrl\":\"https:\\\/\\\/batijournal.com\\\/wp-content\\\/uploads\\\/2015\\\/03\\\/30508296.jpg\",\"width\":600,\"height\":417},{\"@type\":\"BreadcrumbList\",\"@id\":\"https:\\\/\\\/batijournal.com\\\/index.php\\\/3-nouvelles-journees-de-formation-solutions-constructives-bois-beton-en-rhone-alpes\\\/71117\\\/#breadcrumb\",\"itemListElement\":[{\"@type\":\"ListItem\",\"position\":1,\"name\":\"Accueil\",\"item\":\"https:\\\/\\\/batijournal.com\\\/\"},{\"@type\":\"ListItem\",\"position\":2,\"name\":\"Actualit\u00e9s\",\"item\":\"https:\\\/\\\/batijournal.com\\\/index.php\\\/category\\\/actualites\\\/\"},{\"@type\":\"ListItem\",\"position\":3,\"name\":\"\u00c9conomie &amp; March\u00e9s\",\"item\":\"https:\\\/\\\/batijournal.com\\\/index.php\\\/category\\\/actualites\\\/economie-marches\\\/\"},{\"@type\":\"ListItem\",\"position\":4,\"name\":\"3 nouvelles journ\u00e9es de formation \u00ab\u00a0Solutions constructives Bois &amp; B\u00e9ton\u00a0\u00bb en Rh\u00f4ne- Alpes\"}]},{\"@type\":\"WebSite\",\"@id\":\"https:\\\/\\\/batijournal.com\\\/#website\",\"url\":\"https:\\\/\\\/batijournal.com\\\/\",\"name\":\"Batijournal\",\"description\":\"L&#039;actualit\u00e9 du b\u00e2timent\",\"potentialAction\":[{\"@type\":\"SearchAction\",\"target\":{\"@type\":\"EntryPoint\",\"urlTemplate\":\"https:\\\/\\\/batijournal.com\\\/?s={search_term_string}\"},\"query-input\":{\"@type\":\"PropertyValueSpecification\",\"valueRequired\":true,\"valueName\":\"search_term_string\"}}],\"inLanguage\":\"fr-FR\"},{\"@type\":\"Person\",\"@id\":\"https:\\\/\\\/batijournal.com\\\/#\\\/schema\\\/person\\\/6a657e8967569e1b299972574848aa76\",\"name\":\"Bati-journal\",\"image\":{\"@type\":\"ImageObject\",\"inLanguage\":\"fr-FR\",\"@id\":\"https:\\\/\\\/secure.gravatar.com\\\/avatar\\\/a64364ea26392f9b4dd47e017ddaec74ff03aefc073b49e492e847201258f777?s=96&d=mm&r=g\",\"url\":\"https:\\\/\\\/secure.gravatar.com\\\/avatar\\\/a64364ea26392f9b4dd47e017ddaec74ff03aefc073b49e492e847201258f777?s=96&d=mm&r=g\",\"contentUrl\":\"https:\\\/\\\/secure.gravatar.com\\\/avatar\\\/a64364ea26392f9b4dd47e017ddaec74ff03aefc073b49e492e847201258f777?s=96&d=mm&r=g\",\"caption\":\"Bati-journal\"},\"url\":\"https:\\\/\\\/batijournal.com\\\/index.php\\\/author\\\/elodie\\\/\"}]}<\/script>\n<!-- \/ Yoast SEO plugin. -->","yoast_head_json":{"title":"3 nouvelles journ\u00e9es de formation \"Solutions constructives Bois &amp; B\u00e9ton\" en Rh\u00f4ne- Alpes","robots":{"index":"index","follow":"follow","max-snippet":"max-snippet:-1","max-image-preview":"max-image-preview:large","max-video-preview":"max-video-preview:-1"},"canonical":"https:\/\/batijournal.com\/index.php\/3-nouvelles-journees-de-formation-solutions-constructives-bois-beton-en-rhone-alpes\/71117\/","og_locale":"fr_FR","og_type":"article","og_title":"3 nouvelles journ\u00e9es de formation \"Solutions constructives Bois &amp; B\u00e9ton\" en Rh\u00f4ne- Alpes","og_description":"Le CNDB et FIBRA (F\u00e9d\u00e9ration for\u00eat-bois Rh\u00f4ne-Alpes) organisent des sessions d&rsquo;une journ\u00e9e de formation \u00ab\u00a0Solutions constructives bois et b\u00e9ton\u00a0\u00bb. Apr\u00e8s Lyon et Valence, les 3 prochaines sont programm\u00e9es \u00e0 Echirolles le 21 octobre et \u00e0 Annecy le 7 octobre (complet) et le 16 novembre. La formation s&rsquo;adresse aux ma\u00fbtres d&rsquo;ouvrage, ma\u00fbtres d&rsquo;\u0153uvre, BET g\u00e9n\u00e9ralistes, bureaux [&hellip;]","og_url":"https:\/\/batijournal.com\/index.php\/3-nouvelles-journees-de-formation-solutions-constructives-bois-beton-en-rhone-alpes\/71117\/","og_site_name":"Batijournal","article_published_time":"2011-09-26T14:44:13+00:00","article_modified_time":"2019-07-15T10:07:35+00:00","og_image":[{"width":600,"height":417,"url":"https:\/\/batijournal.com\/wp-content\/uploads\/2015\/03\/30508296.jpg","type":"image\/jpeg"}],"author":"Bati-journal","twitter_card":"summary_large_image","twitter_creator":"@bati_journal","twitter_site":"@bati_journal","twitter_misc":{"\u00c9crit par":"Bati-journal","Dur\u00e9e de lecture estim\u00e9e":"1 minute"},"schema":{"@context":"https:\/\/schema.org","@graph":[{"@type":"Article","@id":"https:\/\/batijournal.com\/index.php\/3-nouvelles-journees-de-formation-solutions-constructives-bois-beton-en-rhone-alpes\/71117\/#article","isPartOf":{"@id":"https:\/\/batijournal.com\/index.php\/3-nouvelles-journees-de-formation-solutions-constructives-bois-beton-en-rhone-alpes\/71117\/"},"author":{"name":"Bati-journal","@id":"https:\/\/batijournal.com\/#\/schema\/person\/6a657e8967569e1b299972574848aa76"},"headline":"3 nouvelles journ\u00e9es de formation \u00ab\u00a0Solutions constructives Bois &amp; B\u00e9ton\u00a0\u00bb en Rh\u00f4ne- Alpes","datePublished":"2011-09-26T14:44:13+00:00","dateModified":"2019-07-15T10:07:35+00:00","mainEntityOfPage":{"@id":"https:\/\/batijournal.com\/index.php\/3-nouvelles-journees-de-formation-solutions-constructives-bois-beton-en-rhone-alpes\/71117\/"},"wordCount":170,"commentCount":0,"image":{"@id":"https:\/\/batijournal.com\/index.php\/3-nouvelles-journees-de-formation-solutions-constructives-bois-beton-en-rhone-alpes\/71117\/#primaryimage"},"thumbnailUrl":"https:\/\/batijournal.com\/wp-content\/uploads\/2015\/03\/30508296.jpg","keywords":["bois beton","FIBRA","formation"],"articleSection":["\u00c9conomie &amp; March\u00e9s"],"inLanguage":"fr-FR","potentialAction":[{"@type":"CommentAction","name":"Comment","target":["https:\/\/batijournal.com\/index.php\/3-nouvelles-journees-de-formation-solutions-constructives-bois-beton-en-rhone-alpes\/71117\/#respond"]}]},{"@type":"WebPage","@id":"https:\/\/batijournal.com\/index.php\/3-nouvelles-journees-de-formation-solutions-constructives-bois-beton-en-rhone-alpes\/71117\/","url":"https:\/\/batijournal.com\/index.php\/3-nouvelles-journees-de-formation-solutions-constructives-bois-beton-en-rhone-alpes\/71117\/","name":"3 nouvelles journ\u00e9es de formation \"Solutions constructives Bois &amp; B\u00e9ton\" en Rh\u00f4ne- Alpes","isPartOf":{"@id":"https:\/\/batijournal.com\/#website"},"primaryImageOfPage":{"@id":"https:\/\/batijournal.com\/index.php\/3-nouvelles-journees-de-formation-solutions-constructives-bois-beton-en-rhone-alpes\/71117\/#primaryimage"},"image":{"@id":"https:\/\/batijournal.com\/index.php\/3-nouvelles-journees-de-formation-solutions-constructives-bois-beton-en-rhone-alpes\/71117\/#primaryimage"},"thumbnailUrl":"https:\/\/batijournal.com\/wp-content\/uploads\/2015\/03\/30508296.jpg","datePublished":"2011-09-26T14:44:13+00:00","dateModified":"2019-07-15T10:07:35+00:00","author":{"@id":"https:\/\/batijournal.com\/#\/schema\/person\/6a657e8967569e1b299972574848aa76"},"breadcrumb":{"@id":"https:\/\/batijournal.com\/index.php\/3-nouvelles-journees-de-formation-solutions-constructives-bois-beton-en-rhone-alpes\/71117\/#breadcrumb"},"inLanguage":"fr-FR","potentialAction":[{"@type":"ReadAction","target":["https:\/\/batijournal.com\/index.php\/3-nouvelles-journees-de-formation-solutions-constructives-bois-beton-en-rhone-alpes\/71117\/"]}]},{"@type":"ImageObject","inLanguage":"fr-FR","@id":"https:\/\/batijournal.com\/index.php\/3-nouvelles-journees-de-formation-solutions-constructives-bois-beton-en-rhone-alpes\/71117\/#primaryimage","url":"https:\/\/batijournal.com\/wp-content\/uploads\/2015\/03\/30508296.jpg","contentUrl":"https:\/\/batijournal.com\/wp-content\/uploads\/2015\/03\/30508296.jpg","width":600,"height":417},{"@type":"BreadcrumbList","@id":"https:\/\/batijournal.com\/index.php\/3-nouvelles-journees-de-formation-solutions-constructives-bois-beton-en-rhone-alpes\/71117\/#breadcrumb","itemListElement":[{"@type":"ListItem","position":1,"name":"Accueil","item":"https:\/\/batijournal.com\/"},{"@type":"ListItem","position":2,"name":"Actualit\u00e9s","item":"https:\/\/batijournal.com\/index.php\/category\/actualites\/"},{"@type":"ListItem","position":3,"name":"\u00c9conomie &amp; March\u00e9s","item":"https:\/\/batijournal.com\/index.php\/category\/actualites\/economie-marches\/"},{"@type":"ListItem","position":4,"name":"3 nouvelles journ\u00e9es de formation \u00ab\u00a0Solutions constructives Bois &amp; B\u00e9ton\u00a0\u00bb en Rh\u00f4ne- Alpes"}]},{"@type":"WebSite","@id":"https:\/\/batijournal.com\/#website","url":"https:\/\/batijournal.com\/","name":"Batijournal","description":"L&#039;actualit\u00e9 du b\u00e2timent","potentialAction":[{"@type":"SearchAction","target":{"@type":"EntryPoint","urlTemplate":"https:\/\/batijournal.com\/?s={search_term_string}"},"query-input":{"@type":"PropertyValueSpecification","valueRequired":true,"valueName":"search_term_string"}}],"inLanguage":"fr-FR"},{"@type":"Person","@id":"https:\/\/batijournal.com\/#\/schema\/person\/6a657e8967569e1b299972574848aa76","name":"Bati-journal","image":{"@type":"ImageObject","inLanguage":"fr-FR","@id":"https:\/\/secure.gravatar.com\/avatar\/a64364ea26392f9b4dd47e017ddaec74ff03aefc073b49e492e847201258f777?s=96&d=mm&r=g","url":"https:\/\/secure.gravatar.com\/avatar\/a64364ea26392f9b4dd47e017ddaec74ff03aefc073b49e492e847201258f777?s=96&d=mm&r=g","contentUrl":"https:\/\/secure.gravatar.com\/avatar\/a64364ea26392f9b4dd47e017ddaec74ff03aefc073b49e492e847201258f777?s=96&d=mm&r=g","caption":"Bati-journal"},"url":"https:\/\/batijournal.com\/index.php\/author\/elodie\/"}]}},"_links":{"self":[{"href":"https:\/\/batijournal.com\/index.php\/wp-json\/wp\/v2\/posts\/71117","targetHints":{"allow":["GET"]}}],"collection":[{"href":"https:\/\/batijournal.com\/index.php\/wp-json\/wp\/v2\/posts"}],"about":[{"href":"https:\/\/batijournal.com\/index.php\/wp-json\/wp\/v2\/types\/post"}],"author":[{"embeddable":true,"href":"https:\/\/batijournal.com\/index.php\/wp-json\/wp\/v2\/users\/1"}],"replies":[{"embeddable":true,"href":"https:\/\/batijournal.com\/index.php\/wp-json\/wp\/v2\/comments?post=71117"}],"version-history":[{"count":0,"href":"https:\/\/batijournal.com\/index.php\/wp-json\/wp\/v2\/posts\/71117\/revisions"}],"wp:featuredmedia":[{"embeddable":true,"href":"https:\/\/batijournal.com\/index.php\/wp-json\/wp\/v2\/media\/71118"}],"wp:attachment":[{"href":"https:\/\/batijournal.com\/index.php\/wp-json\/wp\/v2\/media?parent=71117"}],"wp:term":[{"taxonomy":"category","embeddable":true,"href":"https:\/\/batijournal.com\/index.php\/wp-json\/wp\/v2\/categories?post=71117"},{"taxonomy":"post_tag","embeddable":true,"href":"https:\/\/batijournal.com\/index.php\/wp-json\/wp\/v2\/tags?post=71117"}],"curies":[{"name":"wp","href":"https:\/\/api.w.org\/{rel}","templated":true}]}}