{"id":71132,"date":"2012-03-21T00:00:00","date_gmt":"2012-03-20T23:00:00","guid":{"rendered":"http:\/\/b.bati-journal.com\/le-centre-des-monuments-nationaux-participe-activement-aux-journees-europeennes-des-metiers-dart\/71132"},"modified":"2019-07-15T12:07:34","modified_gmt":"2019-07-15T10:07:34","slug":"le-centre-des-monuments-nationaux-participe-activement-aux-journees-europeennes-des-metiers-dart","status":"publish","type":"post","link":"https:\/\/batijournal.com\/index.php\/le-centre-des-monuments-nationaux-participe-activement-aux-journees-europeennes-des-metiers-dart\/71132\/","title":{"rendered":"Le Centre des monuments nationaux participe activement aux journ\u00e9es europ\u00e9ennes des m\u00e9tiers d&rsquo;art"},"content":{"rendered":"<div><b>Les journ\u00e9es des m\u00e9tiers d&rsquo;art se d\u00e9rouleront du 30 mars au premier avril. Au programme, plus de 3 000 ateliers \u00e0 visiter \u00e0 travers la France, de nombreuses d\u00e9monstrations de savoir-faire les plus divers, des expositions dans des lieux prestigieux, des portes ouvertes dans les centres de formation, mais aussi des conf\u00e9rences et des colloques.<\/b><\/div>\n<div><\/div>\n<div>Parmi ces multiples animations, le Centre des monuments nationaux d\u00e9voilera le chantier de restauration des Verri\u00e8res de <b>la Sainte-Chapelle<\/b>. La manifestation retracera la formidable aventure humaine et professionnelle de ce chantier. Des ma\u00eetres-verriers, des tailleurs de pierre y feront des d\u00e9monstrations le vendredi de 14h30 \u00e0 17h30. Le samedi, le travail du m\u00e9tal sera mis \u00e0 l&rsquo;honneur, avec \u00e9galement des projections de films et l&rsquo;exposition des travaux des \u00e9l\u00e8ves du lyc\u00e9e technique Lucas de Nehou, sp\u00e9cialis\u00e9 dans le verre. Vendredi, samedi, dimanche : visites guid\u00e9es \u00e0 15 heures et \u00e0 16h15. Entr\u00e9e payante, adresse : 8\/10, boulevard du Palais &#8211; 75001 Paris.<\/div>\n<div><\/div>\n<div>Toujours soucieux de valoriser les gestes du patrimoine au sein de ses monuments, le CMN pr\u00e9sentera cinq autres lieux :<\/div>\n<div><b>Le ch\u00e2teau d&rsquo;Aulteribe<\/b> : en Auvergne, ce ch\u00e2teau fut b\u00e2ti \u00e0 la fin du Moyen \u00c2ge, puis remani\u00e9 et restaur\u00e9 au XIXe si\u00e8cle. Il pr\u00e9sente une exceptionnelle collection de meubles et d&rsquo;oeuvres d&rsquo;art, des fastes du salon \u00e0 l&rsquo;intimit\u00e9 des chambres.<\/div>\n<div><b>Le ch\u00e2teau de Pierrefonds<\/b> : pr\u00e8s de Compi\u00e8gne, construit au XIVe, d\u00e9mantel\u00e9 au XVIIe et recr\u00e9\u00e9 au XIXe si\u00e8cle par l&rsquo;architecte Viollet-le-Duc, ce ch\u00e2teau est une extraordinaire interpr\u00e9tation du Moyen \u00c2ge et de la Renaissance.<\/div>\n<div><b>Le ch\u00e2teau d&rsquo;Azay-le-Rideau<\/b> : au coeur de la Touraine, b\u00e2ti sur une \u00eele au milieu de l&rsquo;Indre, ce joyau de la Renaissance fran\u00e7aise, \u00e9difi\u00e9 sous le r\u00e8gne de Fran\u00e7ois Ier est patrimoine mondial de l&rsquo;Unesco.<\/div>\n<div><b>Le domaine national de Saint-Cloud <\/b>: aux portes de Paris, le domaine offre aux amoureux de la nature 460 hectares de jardins anim\u00e9s de fontaines et de sculptures, dans la majest\u00e9 des perspectives dessin\u00e9es par Andr\u00e9 Le N\u00f4tre.<\/div>\n<div><b>Le ch\u00e2teau de Maisons \u00e0 Maisons-Laffitte<\/b> : achev\u00e9 en 1651 entre Paris et Versailles, pr\u00e8s de la for\u00eat de Saint-Germain, le ch\u00e2teau de Maisons est un chef d&rsquo;oeuvre architectural de Fran\u00e7ois Mansart.<\/div>\n<div><\/div>\n<div><a href=\"http:\/\/www.journeesdesmetiersdart.eu\" target=\"_blank\" rel=\"noopener noreferrer\"><span style=\"font-family: Arial, Helvetica, sans-serif; font-size: small;\">www.journeesdesmetiersdart.eu<\/span><\/a><\/div>\n","protected":false},"excerpt":{"rendered":"<p>Les journ\u00e9es des m\u00e9tiers d&rsquo;art se d\u00e9rouleront du 30 mars au premier avril. Au programme, plus de 3 000 ateliers \u00e0 visiter \u00e0 travers la France, de nombreuses d\u00e9monstrations de savoir-faire les plus divers, des expositions dans des lieux prestigieux, des portes ouvertes dans les centres de formation, mais aussi des conf\u00e9rences et des colloques. [&hellip;]<\/p>\n","protected":false},"author":1,"featured_media":71133,"comment_status":"open","ping_status":"closed","sticky":false,"template":"","format":"standard","meta":{"_et_pb_use_builder":"","_et_pb_old_content":"","_et_gb_content_width":"","footnotes":""},"categories":[6345],"tags":[7233],"class_list":["post-71132","post","type-post","status-publish","format-standard","has-post-thumbnail","hentry","category-economie-marches","tag-journees-europeennes-des-metiers-dart"],"yoast_head":"<!-- This site is optimized with the Yoast SEO plugin v27.4 - https:\/\/yoast.com\/product\/yoast-seo-wordpress\/ -->\n<title>Le Centre des monuments nationaux participe activement aux journ\u00e9es europ\u00e9ennes des m\u00e9tiers d&#039;art<\/title>\n<meta name=\"robots\" content=\"index, follow, max-snippet:-1, max-image-preview:large, max-video-preview:-1\" \/>\n<link rel=\"canonical\" href=\"https:\/\/batijournal.com\/index.php\/le-centre-des-monuments-nationaux-participe-activement-aux-journees-europeennes-des-metiers-dart\/71132\/\" \/>\n<meta property=\"og:locale\" content=\"fr_FR\" \/>\n<meta property=\"og:type\" content=\"article\" \/>\n<meta property=\"og:title\" content=\"Le Centre des monuments nationaux participe activement aux journ\u00e9es europ\u00e9ennes des m\u00e9tiers d&#039;art\" \/>\n<meta property=\"og:description\" content=\"Les journ\u00e9es des m\u00e9tiers d&rsquo;art se d\u00e9rouleront du 30 mars au premier avril. Au programme, plus de 3 000 ateliers \u00e0 visiter \u00e0 travers la France, de nombreuses d\u00e9monstrations de savoir-faire les plus divers, des expositions dans des lieux prestigieux, des portes ouvertes dans les centres de formation, mais aussi des conf\u00e9rences et des colloques. [&hellip;]\" \/>\n<meta property=\"og:url\" content=\"https:\/\/batijournal.com\/index.php\/le-centre-des-monuments-nationaux-participe-activement-aux-journees-europeennes-des-metiers-dart\/71132\/\" \/>\n<meta property=\"og:site_name\" content=\"Batijournal\" \/>\n<meta property=\"article:published_time\" content=\"2012-03-20T23:00:00+00:00\" \/>\n<meta property=\"article:modified_time\" content=\"2019-07-15T10:07:34+00:00\" \/>\n<meta property=\"og:image\" content=\"https:\/\/batijournal.com\/wp-content\/uploads\/2015\/03\/42083667.jpg\" \/>\n\t<meta property=\"og:image:width\" content=\"600\" \/>\n\t<meta property=\"og:image:height\" content=\"449\" \/>\n\t<meta property=\"og:image:type\" content=\"image\/jpeg\" \/>\n<meta name=\"author\" content=\"Bati-journal\" \/>\n<meta name=\"twitter:card\" content=\"summary_large_image\" \/>\n<meta name=\"twitter:creator\" content=\"@bati_journal\" \/>\n<meta name=\"twitter:site\" content=\"@bati_journal\" \/>\n<meta name=\"twitter:label1\" content=\"\u00c9crit par\" \/>\n\t<meta name=\"twitter:data1\" content=\"Bati-journal\" \/>\n\t<meta name=\"twitter:label2\" content=\"Dur\u00e9e de lecture estim\u00e9e\" \/>\n\t<meta name=\"twitter:data2\" content=\"2 minutes\" \/>\n<script type=\"application\/ld+json\" class=\"yoast-schema-graph\">{\"@context\":\"https:\\\/\\\/schema.org\",\"@graph\":[{\"@type\":\"Article\",\"@id\":\"https:\\\/\\\/batijournal.com\\\/index.php\\\/le-centre-des-monuments-nationaux-participe-activement-aux-journees-europeennes-des-metiers-dart\\\/71132\\\/#article\",\"isPartOf\":{\"@id\":\"https:\\\/\\\/batijournal.com\\\/index.php\\\/le-centre-des-monuments-nationaux-participe-activement-aux-journees-europeennes-des-metiers-dart\\\/71132\\\/\"},\"author\":{\"name\":\"Bati-journal\",\"@id\":\"https:\\\/\\\/batijournal.com\\\/#\\\/schema\\\/person\\\/6a657e8967569e1b299972574848aa76\"},\"headline\":\"Le Centre des monuments nationaux participe activement aux journ\u00e9es europ\u00e9ennes des m\u00e9tiers d&rsquo;art\",\"datePublished\":\"2012-03-20T23:00:00+00:00\",\"dateModified\":\"2019-07-15T10:07:34+00:00\",\"mainEntityOfPage\":{\"@id\":\"https:\\\/\\\/batijournal.com\\\/index.php\\\/le-centre-des-monuments-nationaux-participe-activement-aux-journees-europeennes-des-metiers-dart\\\/71132\\\/\"},\"wordCount\":406,\"commentCount\":0,\"image\":{\"@id\":\"https:\\\/\\\/batijournal.com\\\/index.php\\\/le-centre-des-monuments-nationaux-participe-activement-aux-journees-europeennes-des-metiers-dart\\\/71132\\\/#primaryimage\"},\"thumbnailUrl\":\"https:\\\/\\\/batijournal.com\\\/wp-content\\\/uploads\\\/2015\\\/03\\\/42083667.jpg\",\"keywords\":[\"journees europeennes des metiers dart\"],\"articleSection\":[\"\u00c9conomie &amp; March\u00e9s\"],\"inLanguage\":\"fr-FR\",\"potentialAction\":[{\"@type\":\"CommentAction\",\"name\":\"Comment\",\"target\":[\"https:\\\/\\\/batijournal.com\\\/index.php\\\/le-centre-des-monuments-nationaux-participe-activement-aux-journees-europeennes-des-metiers-dart\\\/71132\\\/#respond\"]}]},{\"@type\":\"WebPage\",\"@id\":\"https:\\\/\\\/batijournal.com\\\/index.php\\\/le-centre-des-monuments-nationaux-participe-activement-aux-journees-europeennes-des-metiers-dart\\\/71132\\\/\",\"url\":\"https:\\\/\\\/batijournal.com\\\/index.php\\\/le-centre-des-monuments-nationaux-participe-activement-aux-journees-europeennes-des-metiers-dart\\\/71132\\\/\",\"name\":\"Le Centre des monuments nationaux participe activement aux journ\u00e9es europ\u00e9ennes des m\u00e9tiers d'art\",\"isPartOf\":{\"@id\":\"https:\\\/\\\/batijournal.com\\\/#website\"},\"primaryImageOfPage\":{\"@id\":\"https:\\\/\\\/batijournal.com\\\/index.php\\\/le-centre-des-monuments-nationaux-participe-activement-aux-journees-europeennes-des-metiers-dart\\\/71132\\\/#primaryimage\"},\"image\":{\"@id\":\"https:\\\/\\\/batijournal.com\\\/index.php\\\/le-centre-des-monuments-nationaux-participe-activement-aux-journees-europeennes-des-metiers-dart\\\/71132\\\/#primaryimage\"},\"thumbnailUrl\":\"https:\\\/\\\/batijournal.com\\\/wp-content\\\/uploads\\\/2015\\\/03\\\/42083667.jpg\",\"datePublished\":\"2012-03-20T23:00:00+00:00\",\"dateModified\":\"2019-07-15T10:07:34+00:00\",\"author\":{\"@id\":\"https:\\\/\\\/batijournal.com\\\/#\\\/schema\\\/person\\\/6a657e8967569e1b299972574848aa76\"},\"breadcrumb\":{\"@id\":\"https:\\\/\\\/batijournal.com\\\/index.php\\\/le-centre-des-monuments-nationaux-participe-activement-aux-journees-europeennes-des-metiers-dart\\\/71132\\\/#breadcrumb\"},\"inLanguage\":\"fr-FR\",\"potentialAction\":[{\"@type\":\"ReadAction\",\"target\":[\"https:\\\/\\\/batijournal.com\\\/index.php\\\/le-centre-des-monuments-nationaux-participe-activement-aux-journees-europeennes-des-metiers-dart\\\/71132\\\/\"]}]},{\"@type\":\"ImageObject\",\"inLanguage\":\"fr-FR\",\"@id\":\"https:\\\/\\\/batijournal.com\\\/index.php\\\/le-centre-des-monuments-nationaux-participe-activement-aux-journees-europeennes-des-metiers-dart\\\/71132\\\/#primaryimage\",\"url\":\"https:\\\/\\\/batijournal.com\\\/wp-content\\\/uploads\\\/2015\\\/03\\\/42083667.jpg\",\"contentUrl\":\"https:\\\/\\\/batijournal.com\\\/wp-content\\\/uploads\\\/2015\\\/03\\\/42083667.jpg\",\"width\":600,\"height\":449},{\"@type\":\"BreadcrumbList\",\"@id\":\"https:\\\/\\\/batijournal.com\\\/index.php\\\/le-centre-des-monuments-nationaux-participe-activement-aux-journees-europeennes-des-metiers-dart\\\/71132\\\/#breadcrumb\",\"itemListElement\":[{\"@type\":\"ListItem\",\"position\":1,\"name\":\"Accueil\",\"item\":\"https:\\\/\\\/batijournal.com\\\/\"},{\"@type\":\"ListItem\",\"position\":2,\"name\":\"Actualit\u00e9s\",\"item\":\"https:\\\/\\\/batijournal.com\\\/index.php\\\/category\\\/actualites\\\/\"},{\"@type\":\"ListItem\",\"position\":3,\"name\":\"\u00c9conomie &amp; March\u00e9s\",\"item\":\"https:\\\/\\\/batijournal.com\\\/index.php\\\/category\\\/actualites\\\/economie-marches\\\/\"},{\"@type\":\"ListItem\",\"position\":4,\"name\":\"Le Centre des monuments nationaux participe activement aux journ\u00e9es europ\u00e9ennes des m\u00e9tiers d&rsquo;art\"}]},{\"@type\":\"WebSite\",\"@id\":\"https:\\\/\\\/batijournal.com\\\/#website\",\"url\":\"https:\\\/\\\/batijournal.com\\\/\",\"name\":\"Batijournal\",\"description\":\"L&#039;actualit\u00e9 du b\u00e2timent\",\"potentialAction\":[{\"@type\":\"SearchAction\",\"target\":{\"@type\":\"EntryPoint\",\"urlTemplate\":\"https:\\\/\\\/batijournal.com\\\/?s={search_term_string}\"},\"query-input\":{\"@type\":\"PropertyValueSpecification\",\"valueRequired\":true,\"valueName\":\"search_term_string\"}}],\"inLanguage\":\"fr-FR\"},{\"@type\":\"Person\",\"@id\":\"https:\\\/\\\/batijournal.com\\\/#\\\/schema\\\/person\\\/6a657e8967569e1b299972574848aa76\",\"name\":\"Bati-journal\",\"image\":{\"@type\":\"ImageObject\",\"inLanguage\":\"fr-FR\",\"@id\":\"https:\\\/\\\/secure.gravatar.com\\\/avatar\\\/a64364ea26392f9b4dd47e017ddaec74ff03aefc073b49e492e847201258f777?s=96&d=mm&r=g\",\"url\":\"https:\\\/\\\/secure.gravatar.com\\\/avatar\\\/a64364ea26392f9b4dd47e017ddaec74ff03aefc073b49e492e847201258f777?s=96&d=mm&r=g\",\"contentUrl\":\"https:\\\/\\\/secure.gravatar.com\\\/avatar\\\/a64364ea26392f9b4dd47e017ddaec74ff03aefc073b49e492e847201258f777?s=96&d=mm&r=g\",\"caption\":\"Bati-journal\"},\"url\":\"https:\\\/\\\/batijournal.com\\\/index.php\\\/author\\\/elodie\\\/\"}]}<\/script>\n<!-- \/ Yoast SEO plugin. -->","yoast_head_json":{"title":"Le Centre des monuments nationaux participe activement aux journ\u00e9es europ\u00e9ennes des m\u00e9tiers d'art","robots":{"index":"index","follow":"follow","max-snippet":"max-snippet:-1","max-image-preview":"max-image-preview:large","max-video-preview":"max-video-preview:-1"},"canonical":"https:\/\/batijournal.com\/index.php\/le-centre-des-monuments-nationaux-participe-activement-aux-journees-europeennes-des-metiers-dart\/71132\/","og_locale":"fr_FR","og_type":"article","og_title":"Le Centre des monuments nationaux participe activement aux journ\u00e9es europ\u00e9ennes des m\u00e9tiers d'art","og_description":"Les journ\u00e9es des m\u00e9tiers d&rsquo;art se d\u00e9rouleront du 30 mars au premier avril. Au programme, plus de 3 000 ateliers \u00e0 visiter \u00e0 travers la France, de nombreuses d\u00e9monstrations de savoir-faire les plus divers, des expositions dans des lieux prestigieux, des portes ouvertes dans les centres de formation, mais aussi des conf\u00e9rences et des colloques. [&hellip;]","og_url":"https:\/\/batijournal.com\/index.php\/le-centre-des-monuments-nationaux-participe-activement-aux-journees-europeennes-des-metiers-dart\/71132\/","og_site_name":"Batijournal","article_published_time":"2012-03-20T23:00:00+00:00","article_modified_time":"2019-07-15T10:07:34+00:00","og_image":[{"width":600,"height":449,"url":"https:\/\/batijournal.com\/wp-content\/uploads\/2015\/03\/42083667.jpg","type":"image\/jpeg"}],"author":"Bati-journal","twitter_card":"summary_large_image","twitter_creator":"@bati_journal","twitter_site":"@bati_journal","twitter_misc":{"\u00c9crit par":"Bati-journal","Dur\u00e9e de lecture estim\u00e9e":"2 minutes"},"schema":{"@context":"https:\/\/schema.org","@graph":[{"@type":"Article","@id":"https:\/\/batijournal.com\/index.php\/le-centre-des-monuments-nationaux-participe-activement-aux-journees-europeennes-des-metiers-dart\/71132\/#article","isPartOf":{"@id":"https:\/\/batijournal.com\/index.php\/le-centre-des-monuments-nationaux-participe-activement-aux-journees-europeennes-des-metiers-dart\/71132\/"},"author":{"name":"Bati-journal","@id":"https:\/\/batijournal.com\/#\/schema\/person\/6a657e8967569e1b299972574848aa76"},"headline":"Le Centre des monuments nationaux participe activement aux journ\u00e9es europ\u00e9ennes des m\u00e9tiers d&rsquo;art","datePublished":"2012-03-20T23:00:00+00:00","dateModified":"2019-07-15T10:07:34+00:00","mainEntityOfPage":{"@id":"https:\/\/batijournal.com\/index.php\/le-centre-des-monuments-nationaux-participe-activement-aux-journees-europeennes-des-metiers-dart\/71132\/"},"wordCount":406,"commentCount":0,"image":{"@id":"https:\/\/batijournal.com\/index.php\/le-centre-des-monuments-nationaux-participe-activement-aux-journees-europeennes-des-metiers-dart\/71132\/#primaryimage"},"thumbnailUrl":"https:\/\/batijournal.com\/wp-content\/uploads\/2015\/03\/42083667.jpg","keywords":["journees europeennes des metiers dart"],"articleSection":["\u00c9conomie &amp; March\u00e9s"],"inLanguage":"fr-FR","potentialAction":[{"@type":"CommentAction","name":"Comment","target":["https:\/\/batijournal.com\/index.php\/le-centre-des-monuments-nationaux-participe-activement-aux-journees-europeennes-des-metiers-dart\/71132\/#respond"]}]},{"@type":"WebPage","@id":"https:\/\/batijournal.com\/index.php\/le-centre-des-monuments-nationaux-participe-activement-aux-journees-europeennes-des-metiers-dart\/71132\/","url":"https:\/\/batijournal.com\/index.php\/le-centre-des-monuments-nationaux-participe-activement-aux-journees-europeennes-des-metiers-dart\/71132\/","name":"Le Centre des monuments nationaux participe activement aux journ\u00e9es europ\u00e9ennes des m\u00e9tiers d'art","isPartOf":{"@id":"https:\/\/batijournal.com\/#website"},"primaryImageOfPage":{"@id":"https:\/\/batijournal.com\/index.php\/le-centre-des-monuments-nationaux-participe-activement-aux-journees-europeennes-des-metiers-dart\/71132\/#primaryimage"},"image":{"@id":"https:\/\/batijournal.com\/index.php\/le-centre-des-monuments-nationaux-participe-activement-aux-journees-europeennes-des-metiers-dart\/71132\/#primaryimage"},"thumbnailUrl":"https:\/\/batijournal.com\/wp-content\/uploads\/2015\/03\/42083667.jpg","datePublished":"2012-03-20T23:00:00+00:00","dateModified":"2019-07-15T10:07:34+00:00","author":{"@id":"https:\/\/batijournal.com\/#\/schema\/person\/6a657e8967569e1b299972574848aa76"},"breadcrumb":{"@id":"https:\/\/batijournal.com\/index.php\/le-centre-des-monuments-nationaux-participe-activement-aux-journees-europeennes-des-metiers-dart\/71132\/#breadcrumb"},"inLanguage":"fr-FR","potentialAction":[{"@type":"ReadAction","target":["https:\/\/batijournal.com\/index.php\/le-centre-des-monuments-nationaux-participe-activement-aux-journees-europeennes-des-metiers-dart\/71132\/"]}]},{"@type":"ImageObject","inLanguage":"fr-FR","@id":"https:\/\/batijournal.com\/index.php\/le-centre-des-monuments-nationaux-participe-activement-aux-journees-europeennes-des-metiers-dart\/71132\/#primaryimage","url":"https:\/\/batijournal.com\/wp-content\/uploads\/2015\/03\/42083667.jpg","contentUrl":"https:\/\/batijournal.com\/wp-content\/uploads\/2015\/03\/42083667.jpg","width":600,"height":449},{"@type":"BreadcrumbList","@id":"https:\/\/batijournal.com\/index.php\/le-centre-des-monuments-nationaux-participe-activement-aux-journees-europeennes-des-metiers-dart\/71132\/#breadcrumb","itemListElement":[{"@type":"ListItem","position":1,"name":"Accueil","item":"https:\/\/batijournal.com\/"},{"@type":"ListItem","position":2,"name":"Actualit\u00e9s","item":"https:\/\/batijournal.com\/index.php\/category\/actualites\/"},{"@type":"ListItem","position":3,"name":"\u00c9conomie &amp; March\u00e9s","item":"https:\/\/batijournal.com\/index.php\/category\/actualites\/economie-marches\/"},{"@type":"ListItem","position":4,"name":"Le Centre des monuments nationaux participe activement aux journ\u00e9es europ\u00e9ennes des m\u00e9tiers d&rsquo;art"}]},{"@type":"WebSite","@id":"https:\/\/batijournal.com\/#website","url":"https:\/\/batijournal.com\/","name":"Batijournal","description":"L&#039;actualit\u00e9 du b\u00e2timent","potentialAction":[{"@type":"SearchAction","target":{"@type":"EntryPoint","urlTemplate":"https:\/\/batijournal.com\/?s={search_term_string}"},"query-input":{"@type":"PropertyValueSpecification","valueRequired":true,"valueName":"search_term_string"}}],"inLanguage":"fr-FR"},{"@type":"Person","@id":"https:\/\/batijournal.com\/#\/schema\/person\/6a657e8967569e1b299972574848aa76","name":"Bati-journal","image":{"@type":"ImageObject","inLanguage":"fr-FR","@id":"https:\/\/secure.gravatar.com\/avatar\/a64364ea26392f9b4dd47e017ddaec74ff03aefc073b49e492e847201258f777?s=96&d=mm&r=g","url":"https:\/\/secure.gravatar.com\/avatar\/a64364ea26392f9b4dd47e017ddaec74ff03aefc073b49e492e847201258f777?s=96&d=mm&r=g","contentUrl":"https:\/\/secure.gravatar.com\/avatar\/a64364ea26392f9b4dd47e017ddaec74ff03aefc073b49e492e847201258f777?s=96&d=mm&r=g","caption":"Bati-journal"},"url":"https:\/\/batijournal.com\/index.php\/author\/elodie\/"}]}},"_links":{"self":[{"href":"https:\/\/batijournal.com\/index.php\/wp-json\/wp\/v2\/posts\/71132","targetHints":{"allow":["GET"]}}],"collection":[{"href":"https:\/\/batijournal.com\/index.php\/wp-json\/wp\/v2\/posts"}],"about":[{"href":"https:\/\/batijournal.com\/index.php\/wp-json\/wp\/v2\/types\/post"}],"author":[{"embeddable":true,"href":"https:\/\/batijournal.com\/index.php\/wp-json\/wp\/v2\/users\/1"}],"replies":[{"embeddable":true,"href":"https:\/\/batijournal.com\/index.php\/wp-json\/wp\/v2\/comments?post=71132"}],"version-history":[{"count":0,"href":"https:\/\/batijournal.com\/index.php\/wp-json\/wp\/v2\/posts\/71132\/revisions"}],"wp:featuredmedia":[{"embeddable":true,"href":"https:\/\/batijournal.com\/index.php\/wp-json\/wp\/v2\/media\/71133"}],"wp:attachment":[{"href":"https:\/\/batijournal.com\/index.php\/wp-json\/wp\/v2\/media?parent=71132"}],"wp:term":[{"taxonomy":"category","embeddable":true,"href":"https:\/\/batijournal.com\/index.php\/wp-json\/wp\/v2\/categories?post=71132"},{"taxonomy":"post_tag","embeddable":true,"href":"https:\/\/batijournal.com\/index.php\/wp-json\/wp\/v2\/tags?post=71132"}],"curies":[{"name":"wp","href":"https:\/\/api.w.org\/{rel}","templated":true}]}}