{"id":71279,"date":"2008-02-21T12:34:45","date_gmt":"2008-02-21T11:34:45","guid":{"rendered":"http:\/\/b.bati-journal.com\/le-solaire-senvole\/71279"},"modified":"2019-07-15T12:22:59","modified_gmt":"2019-07-15T10:22:59","slug":"le-solaire-senvole","status":"publish","type":"post","link":"https:\/\/batijournal.com\/index.php\/le-solaire-senvole\/71279\/","title":{"rendered":"Le solaire s&rsquo;envole"},"content":{"rendered":"<p>+ 200 % de croissance par rapport \u00e0 2006 pour le march\u00e9 du photovolta\u00efque et + 15 % pour le solaire thermique, les r\u00e9sultats de l&rsquo;\u00e9valuation du march\u00e9 solaire fran\u00e7ais, r\u00e9alis\u00e9e par l&rsquo;association professionnelle de l&rsquo;\u00e9nergie solaire Enerplan, est pour le moins positive. Pour le thermique, l&rsquo;avanc\u00e9e provient de l&rsquo;eau chaude sanitaire, en individuel, mais, surtout, en collectif. Le march\u00e9 du syst\u00e8me solaire combin\u00e9, qui assure l&rsquo;eau chaude et le chauffage en maison individuelle, refluerait quant \u00e0 lui de 8 %. C&rsquo;est du c\u00f4t\u00e9 du photovolta\u00efque que les chiffres de croissance sont les plus impressionnants puisque le march\u00e9 serait de 45 MW dont 40 % dans les DOM et 60 % en m\u00e9tropole, soit un taux de croissance de 200 % par rapport \u00e0 2006.<\/p>\n","protected":false},"excerpt":{"rendered":"<p>+ 200 % de croissance par rapport \u00e0 2006 pour le march\u00e9 du photovolta\u00efque et + 15 % pour le solaire thermique, les r\u00e9sultats de l&rsquo;\u00e9valuation du march\u00e9 solaire fran\u00e7ais, r\u00e9alis\u00e9e par l&rsquo;association professionnelle de l&rsquo;\u00e9nergie solaire Enerplan, est pour le moins positive. Pour le thermique, l&rsquo;avanc\u00e9e provient de l&rsquo;eau chaude sanitaire, en individuel, mais, [&hellip;]<\/p>\n","protected":false},"author":1,"featured_media":0,"comment_status":"open","ping_status":"closed","sticky":false,"template":"","format":"standard","meta":{"_et_pb_use_builder":"","_et_pb_old_content":"","_et_gb_content_width":"","footnotes":""},"categories":[6351],"tags":[464,383],"class_list":["post-71279","post","type-post","status-publish","format-standard","hentry","category-energie-environnement","tag-photovoltaique","tag-solaire"],"yoast_head":"<!-- This site is optimized with the Yoast SEO plugin v27.4 - https:\/\/yoast.com\/product\/yoast-seo-wordpress\/ -->\n<title>Le solaire s&#039;envole<\/title>\n<meta name=\"robots\" content=\"index, follow, max-snippet:-1, max-image-preview:large, max-video-preview:-1\" \/>\n<link rel=\"canonical\" href=\"https:\/\/batijournal.com\/index.php\/le-solaire-senvole\/71279\/\" \/>\n<meta property=\"og:locale\" content=\"fr_FR\" \/>\n<meta property=\"og:type\" content=\"article\" \/>\n<meta property=\"og:title\" content=\"Le solaire s&#039;envole\" \/>\n<meta property=\"og:description\" content=\"+ 200 % de croissance par rapport \u00e0 2006 pour le march\u00e9 du photovolta\u00efque et + 15 % pour le solaire thermique, les r\u00e9sultats de l&rsquo;\u00e9valuation du march\u00e9 solaire fran\u00e7ais, r\u00e9alis\u00e9e par l&rsquo;association professionnelle de l&rsquo;\u00e9nergie solaire Enerplan, est pour le moins positive. Pour le thermique, l&rsquo;avanc\u00e9e provient de l&rsquo;eau chaude sanitaire, en individuel, mais, [&hellip;]\" \/>\n<meta property=\"og:url\" content=\"https:\/\/batijournal.com\/index.php\/le-solaire-senvole\/71279\/\" \/>\n<meta property=\"og:site_name\" content=\"Batijournal\" \/>\n<meta property=\"article:published_time\" content=\"2008-02-21T11:34:45+00:00\" \/>\n<meta property=\"article:modified_time\" content=\"2019-07-15T10:22:59+00:00\" \/>\n<meta name=\"author\" content=\"Bati-journal\" \/>\n<meta name=\"twitter:card\" content=\"summary_large_image\" \/>\n<meta name=\"twitter:creator\" content=\"@bati_journal\" \/>\n<meta name=\"twitter:site\" content=\"@bati_journal\" \/>\n<meta name=\"twitter:label1\" content=\"\u00c9crit par\" \/>\n\t<meta name=\"twitter:data1\" content=\"Bati-journal\" \/>\n\t<meta name=\"twitter:label2\" content=\"Dur\u00e9e de lecture estim\u00e9e\" \/>\n\t<meta name=\"twitter:data2\" content=\"1 minute\" \/>\n<script type=\"application\/ld+json\" class=\"yoast-schema-graph\">{\"@context\":\"https:\\\/\\\/schema.org\",\"@graph\":[{\"@type\":\"Article\",\"@id\":\"https:\\\/\\\/batijournal.com\\\/index.php\\\/le-solaire-senvole\\\/71279\\\/#article\",\"isPartOf\":{\"@id\":\"https:\\\/\\\/batijournal.com\\\/index.php\\\/le-solaire-senvole\\\/71279\\\/\"},\"author\":{\"name\":\"Bati-journal\",\"@id\":\"https:\\\/\\\/batijournal.com\\\/#\\\/schema\\\/person\\\/6a657e8967569e1b299972574848aa76\"},\"headline\":\"Le solaire s&rsquo;envole\",\"datePublished\":\"2008-02-21T11:34:45+00:00\",\"dateModified\":\"2019-07-15T10:22:59+00:00\",\"mainEntityOfPage\":{\"@id\":\"https:\\\/\\\/batijournal.com\\\/index.php\\\/le-solaire-senvole\\\/71279\\\/\"},\"wordCount\":126,\"commentCount\":0,\"keywords\":[\"photovolta\u00efque\",\"solaire\"],\"articleSection\":[\"\u00c9nergie &amp; Environnement\"],\"inLanguage\":\"fr-FR\",\"potentialAction\":[{\"@type\":\"CommentAction\",\"name\":\"Comment\",\"target\":[\"https:\\\/\\\/batijournal.com\\\/index.php\\\/le-solaire-senvole\\\/71279\\\/#respond\"]}]},{\"@type\":\"WebPage\",\"@id\":\"https:\\\/\\\/batijournal.com\\\/index.php\\\/le-solaire-senvole\\\/71279\\\/\",\"url\":\"https:\\\/\\\/batijournal.com\\\/index.php\\\/le-solaire-senvole\\\/71279\\\/\",\"name\":\"Le solaire s'envole\",\"isPartOf\":{\"@id\":\"https:\\\/\\\/batijournal.com\\\/#website\"},\"datePublished\":\"2008-02-21T11:34:45+00:00\",\"dateModified\":\"2019-07-15T10:22:59+00:00\",\"author\":{\"@id\":\"https:\\\/\\\/batijournal.com\\\/#\\\/schema\\\/person\\\/6a657e8967569e1b299972574848aa76\"},\"breadcrumb\":{\"@id\":\"https:\\\/\\\/batijournal.com\\\/index.php\\\/le-solaire-senvole\\\/71279\\\/#breadcrumb\"},\"inLanguage\":\"fr-FR\",\"potentialAction\":[{\"@type\":\"ReadAction\",\"target\":[\"https:\\\/\\\/batijournal.com\\\/index.php\\\/le-solaire-senvole\\\/71279\\\/\"]}]},{\"@type\":\"BreadcrumbList\",\"@id\":\"https:\\\/\\\/batijournal.com\\\/index.php\\\/le-solaire-senvole\\\/71279\\\/#breadcrumb\",\"itemListElement\":[{\"@type\":\"ListItem\",\"position\":1,\"name\":\"Accueil\",\"item\":\"https:\\\/\\\/batijournal.com\\\/\"},{\"@type\":\"ListItem\",\"position\":2,\"name\":\"Actualit\u00e9s\",\"item\":\"https:\\\/\\\/batijournal.com\\\/index.php\\\/category\\\/actualites\\\/\"},{\"@type\":\"ListItem\",\"position\":3,\"name\":\"\u00c9nergie &amp; Environnement\",\"item\":\"https:\\\/\\\/batijournal.com\\\/index.php\\\/category\\\/actualites\\\/energie-environnement\\\/\"},{\"@type\":\"ListItem\",\"position\":4,\"name\":\"Le solaire s&rsquo;envole\"}]},{\"@type\":\"WebSite\",\"@id\":\"https:\\\/\\\/batijournal.com\\\/#website\",\"url\":\"https:\\\/\\\/batijournal.com\\\/\",\"name\":\"Batijournal\",\"description\":\"L&#039;actualit\u00e9 du b\u00e2timent\",\"potentialAction\":[{\"@type\":\"SearchAction\",\"target\":{\"@type\":\"EntryPoint\",\"urlTemplate\":\"https:\\\/\\\/batijournal.com\\\/?s={search_term_string}\"},\"query-input\":{\"@type\":\"PropertyValueSpecification\",\"valueRequired\":true,\"valueName\":\"search_term_string\"}}],\"inLanguage\":\"fr-FR\"},{\"@type\":\"Person\",\"@id\":\"https:\\\/\\\/batijournal.com\\\/#\\\/schema\\\/person\\\/6a657e8967569e1b299972574848aa76\",\"name\":\"Bati-journal\",\"image\":{\"@type\":\"ImageObject\",\"inLanguage\":\"fr-FR\",\"@id\":\"https:\\\/\\\/secure.gravatar.com\\\/avatar\\\/a64364ea26392f9b4dd47e017ddaec74ff03aefc073b49e492e847201258f777?s=96&d=mm&r=g\",\"url\":\"https:\\\/\\\/secure.gravatar.com\\\/avatar\\\/a64364ea26392f9b4dd47e017ddaec74ff03aefc073b49e492e847201258f777?s=96&d=mm&r=g\",\"contentUrl\":\"https:\\\/\\\/secure.gravatar.com\\\/avatar\\\/a64364ea26392f9b4dd47e017ddaec74ff03aefc073b49e492e847201258f777?s=96&d=mm&r=g\",\"caption\":\"Bati-journal\"},\"url\":\"https:\\\/\\\/batijournal.com\\\/index.php\\\/author\\\/elodie\\\/\"}]}<\/script>\n<!-- \/ Yoast SEO plugin. -->","yoast_head_json":{"title":"Le solaire s'envole","robots":{"index":"index","follow":"follow","max-snippet":"max-snippet:-1","max-image-preview":"max-image-preview:large","max-video-preview":"max-video-preview:-1"},"canonical":"https:\/\/batijournal.com\/index.php\/le-solaire-senvole\/71279\/","og_locale":"fr_FR","og_type":"article","og_title":"Le solaire s'envole","og_description":"+ 200 % de croissance par rapport \u00e0 2006 pour le march\u00e9 du photovolta\u00efque et + 15 % pour le solaire thermique, les r\u00e9sultats de l&rsquo;\u00e9valuation du march\u00e9 solaire fran\u00e7ais, r\u00e9alis\u00e9e par l&rsquo;association professionnelle de l&rsquo;\u00e9nergie solaire Enerplan, est pour le moins positive. Pour le thermique, l&rsquo;avanc\u00e9e provient de l&rsquo;eau chaude sanitaire, en individuel, mais, [&hellip;]","og_url":"https:\/\/batijournal.com\/index.php\/le-solaire-senvole\/71279\/","og_site_name":"Batijournal","article_published_time":"2008-02-21T11:34:45+00:00","article_modified_time":"2019-07-15T10:22:59+00:00","author":"Bati-journal","twitter_card":"summary_large_image","twitter_creator":"@bati_journal","twitter_site":"@bati_journal","twitter_misc":{"\u00c9crit par":"Bati-journal","Dur\u00e9e de lecture estim\u00e9e":"1 minute"},"schema":{"@context":"https:\/\/schema.org","@graph":[{"@type":"Article","@id":"https:\/\/batijournal.com\/index.php\/le-solaire-senvole\/71279\/#article","isPartOf":{"@id":"https:\/\/batijournal.com\/index.php\/le-solaire-senvole\/71279\/"},"author":{"name":"Bati-journal","@id":"https:\/\/batijournal.com\/#\/schema\/person\/6a657e8967569e1b299972574848aa76"},"headline":"Le solaire s&rsquo;envole","datePublished":"2008-02-21T11:34:45+00:00","dateModified":"2019-07-15T10:22:59+00:00","mainEntityOfPage":{"@id":"https:\/\/batijournal.com\/index.php\/le-solaire-senvole\/71279\/"},"wordCount":126,"commentCount":0,"keywords":["photovolta\u00efque","solaire"],"articleSection":["\u00c9nergie &amp; Environnement"],"inLanguage":"fr-FR","potentialAction":[{"@type":"CommentAction","name":"Comment","target":["https:\/\/batijournal.com\/index.php\/le-solaire-senvole\/71279\/#respond"]}]},{"@type":"WebPage","@id":"https:\/\/batijournal.com\/index.php\/le-solaire-senvole\/71279\/","url":"https:\/\/batijournal.com\/index.php\/le-solaire-senvole\/71279\/","name":"Le solaire s'envole","isPartOf":{"@id":"https:\/\/batijournal.com\/#website"},"datePublished":"2008-02-21T11:34:45+00:00","dateModified":"2019-07-15T10:22:59+00:00","author":{"@id":"https:\/\/batijournal.com\/#\/schema\/person\/6a657e8967569e1b299972574848aa76"},"breadcrumb":{"@id":"https:\/\/batijournal.com\/index.php\/le-solaire-senvole\/71279\/#breadcrumb"},"inLanguage":"fr-FR","potentialAction":[{"@type":"ReadAction","target":["https:\/\/batijournal.com\/index.php\/le-solaire-senvole\/71279\/"]}]},{"@type":"BreadcrumbList","@id":"https:\/\/batijournal.com\/index.php\/le-solaire-senvole\/71279\/#breadcrumb","itemListElement":[{"@type":"ListItem","position":1,"name":"Accueil","item":"https:\/\/batijournal.com\/"},{"@type":"ListItem","position":2,"name":"Actualit\u00e9s","item":"https:\/\/batijournal.com\/index.php\/category\/actualites\/"},{"@type":"ListItem","position":3,"name":"\u00c9nergie &amp; Environnement","item":"https:\/\/batijournal.com\/index.php\/category\/actualites\/energie-environnement\/"},{"@type":"ListItem","position":4,"name":"Le solaire s&rsquo;envole"}]},{"@type":"WebSite","@id":"https:\/\/batijournal.com\/#website","url":"https:\/\/batijournal.com\/","name":"Batijournal","description":"L&#039;actualit\u00e9 du b\u00e2timent","potentialAction":[{"@type":"SearchAction","target":{"@type":"EntryPoint","urlTemplate":"https:\/\/batijournal.com\/?s={search_term_string}"},"query-input":{"@type":"PropertyValueSpecification","valueRequired":true,"valueName":"search_term_string"}}],"inLanguage":"fr-FR"},{"@type":"Person","@id":"https:\/\/batijournal.com\/#\/schema\/person\/6a657e8967569e1b299972574848aa76","name":"Bati-journal","image":{"@type":"ImageObject","inLanguage":"fr-FR","@id":"https:\/\/secure.gravatar.com\/avatar\/a64364ea26392f9b4dd47e017ddaec74ff03aefc073b49e492e847201258f777?s=96&d=mm&r=g","url":"https:\/\/secure.gravatar.com\/avatar\/a64364ea26392f9b4dd47e017ddaec74ff03aefc073b49e492e847201258f777?s=96&d=mm&r=g","contentUrl":"https:\/\/secure.gravatar.com\/avatar\/a64364ea26392f9b4dd47e017ddaec74ff03aefc073b49e492e847201258f777?s=96&d=mm&r=g","caption":"Bati-journal"},"url":"https:\/\/batijournal.com\/index.php\/author\/elodie\/"}]}},"_links":{"self":[{"href":"https:\/\/batijournal.com\/index.php\/wp-json\/wp\/v2\/posts\/71279","targetHints":{"allow":["GET"]}}],"collection":[{"href":"https:\/\/batijournal.com\/index.php\/wp-json\/wp\/v2\/posts"}],"about":[{"href":"https:\/\/batijournal.com\/index.php\/wp-json\/wp\/v2\/types\/post"}],"author":[{"embeddable":true,"href":"https:\/\/batijournal.com\/index.php\/wp-json\/wp\/v2\/users\/1"}],"replies":[{"embeddable":true,"href":"https:\/\/batijournal.com\/index.php\/wp-json\/wp\/v2\/comments?post=71279"}],"version-history":[{"count":0,"href":"https:\/\/batijournal.com\/index.php\/wp-json\/wp\/v2\/posts\/71279\/revisions"}],"wp:attachment":[{"href":"https:\/\/batijournal.com\/index.php\/wp-json\/wp\/v2\/media?parent=71279"}],"wp:term":[{"taxonomy":"category","embeddable":true,"href":"https:\/\/batijournal.com\/index.php\/wp-json\/wp\/v2\/categories?post=71279"},{"taxonomy":"post_tag","embeddable":true,"href":"https:\/\/batijournal.com\/index.php\/wp-json\/wp\/v2\/tags?post=71279"}],"curies":[{"name":"wp","href":"https:\/\/api.w.org\/{rel}","templated":true}]}}