{"id":71293,"date":"2008-09-02T00:00:00","date_gmt":"2008-09-01T22:00:00","guid":{"rendered":"http:\/\/b.bati-journal.com\/2e-journee-des-ecotechnologies-avenir-photovoltaique\/71293"},"modified":"2019-07-15T12:22:41","modified_gmt":"2019-07-15T10:22:41","slug":"2e-journee-des-ecotechnologies-avenir-photovoltaique","status":"publish","type":"post","link":"https:\/\/batijournal.com\/index.php\/2e-journee-des-ecotechnologies-avenir-photovoltaique\/71293\/","title":{"rendered":"2e Journ\u00e9e des \u00e9cotechnologies : \u00ab\u00a0Avenir : photovolta\u00efque\u00a0\u00bb"},"content":{"rendered":"<p>Organis\u00e9e par l&rsquo;Association Bordeaux Montesquieu, cette journ\u00e9e r\u00e9unira chefs d\u0092&rsquo;entreprises, scientifiques, institutionnels, porteurs de projets et grand public autour du th\u00e8me \u00ab\u00a0Avenir : photovolta\u00efque\u00a0\u00bb. Cet \u00e9v\u00e9nement donne \u00e9galement l&rsquo;occasion d&rsquo;inaugurer le site pilote d&rsquo;EDF \u00c9nergies Nouvelles bas\u00e9 sur la Technologie \u00ab\u00a0Tracker\u00a0\u00bb de la soci\u00e9t\u00e9 Exosun. Technopole Bordeaux-Montesquieu, Martillac (33)<\/p>\n","protected":false},"excerpt":{"rendered":"<p>Organis\u00e9e par l&rsquo;Association Bordeaux Montesquieu, cette journ\u00e9e r\u00e9unira chefs d\u0092&rsquo;entreprises, scientifiques, institutionnels, porteurs de projets et grand public autour du th\u00e8me \u00ab\u00a0Avenir : photovolta\u00efque\u00a0\u00bb. Cet \u00e9v\u00e9nement donne \u00e9galement l&rsquo;occasion d&rsquo;inaugurer le site pilote d&rsquo;EDF \u00c9nergies Nouvelles bas\u00e9 sur la Technologie \u00ab\u00a0Tracker\u00a0\u00bb de la soci\u00e9t\u00e9 Exosun. Technopole Bordeaux-Montesquieu, Martillac (33)<\/p>\n","protected":false},"author":1,"featured_media":0,"comment_status":"open","ping_status":"closed","sticky":false,"template":"","format":"standard","meta":{"_et_pb_use_builder":"","_et_pb_old_content":"","_et_gb_content_width":"","footnotes":""},"categories":[6351],"tags":[464],"class_list":["post-71293","post","type-post","status-publish","format-standard","hentry","category-energie-environnement","tag-photovoltaique"],"yoast_head":"<!-- This site is optimized with the Yoast SEO plugin v27.4 - https:\/\/yoast.com\/product\/yoast-seo-wordpress\/ -->\n<title>2e Journ\u00e9e des \u00e9cotechnologies : &quot;Avenir : photovolta\u00efque&quot;<\/title>\n<meta name=\"robots\" content=\"index, follow, max-snippet:-1, max-image-preview:large, max-video-preview:-1\" \/>\n<link rel=\"canonical\" href=\"https:\/\/batijournal.com\/index.php\/2e-journee-des-ecotechnologies-avenir-photovoltaique\/71293\/\" \/>\n<meta property=\"og:locale\" content=\"fr_FR\" \/>\n<meta property=\"og:type\" content=\"article\" \/>\n<meta property=\"og:title\" content=\"2e Journ\u00e9e des \u00e9cotechnologies : &quot;Avenir : photovolta\u00efque&quot;\" \/>\n<meta property=\"og:description\" content=\"Organis\u00e9e par l&rsquo;Association Bordeaux Montesquieu, cette journ\u00e9e r\u00e9unira chefs d\u0092&rsquo;entreprises, scientifiques, institutionnels, porteurs de projets et grand public autour du th\u00e8me \u00ab\u00a0Avenir : photovolta\u00efque\u00a0\u00bb. Cet \u00e9v\u00e9nement donne \u00e9galement l&rsquo;occasion d&rsquo;inaugurer le site pilote d&rsquo;EDF \u00c9nergies Nouvelles bas\u00e9 sur la Technologie \u00ab\u00a0Tracker\u00a0\u00bb de la soci\u00e9t\u00e9 Exosun. Technopole Bordeaux-Montesquieu, Martillac (33)\" \/>\n<meta property=\"og:url\" content=\"https:\/\/batijournal.com\/index.php\/2e-journee-des-ecotechnologies-avenir-photovoltaique\/71293\/\" \/>\n<meta property=\"og:site_name\" content=\"Batijournal\" \/>\n<meta property=\"article:published_time\" content=\"2008-09-01T22:00:00+00:00\" \/>\n<meta property=\"article:modified_time\" content=\"2019-07-15T10:22:41+00:00\" \/>\n<meta name=\"author\" content=\"Bati-journal\" \/>\n<meta name=\"twitter:card\" content=\"summary_large_image\" \/>\n<meta name=\"twitter:creator\" content=\"@bati_journal\" \/>\n<meta name=\"twitter:site\" content=\"@bati_journal\" \/>\n<meta name=\"twitter:label1\" content=\"\u00c9crit par\" \/>\n\t<meta name=\"twitter:data1\" content=\"Bati-journal\" \/>\n<script type=\"application\/ld+json\" class=\"yoast-schema-graph\">{\"@context\":\"https:\\\/\\\/schema.org\",\"@graph\":[{\"@type\":\"Article\",\"@id\":\"https:\\\/\\\/batijournal.com\\\/index.php\\\/2e-journee-des-ecotechnologies-avenir-photovoltaique\\\/71293\\\/#article\",\"isPartOf\":{\"@id\":\"https:\\\/\\\/batijournal.com\\\/index.php\\\/2e-journee-des-ecotechnologies-avenir-photovoltaique\\\/71293\\\/\"},\"author\":{\"name\":\"Bati-journal\",\"@id\":\"https:\\\/\\\/batijournal.com\\\/#\\\/schema\\\/person\\\/6a657e8967569e1b299972574848aa76\"},\"headline\":\"2e Journ\u00e9e des \u00e9cotechnologies : \u00ab\u00a0Avenir : photovolta\u00efque\u00a0\u00bb\",\"datePublished\":\"2008-09-01T22:00:00+00:00\",\"dateModified\":\"2019-07-15T10:22:41+00:00\",\"mainEntityOfPage\":{\"@id\":\"https:\\\/\\\/batijournal.com\\\/index.php\\\/2e-journee-des-ecotechnologies-avenir-photovoltaique\\\/71293\\\/\"},\"wordCount\":67,\"commentCount\":0,\"keywords\":[\"photovolta\u00efque\"],\"articleSection\":[\"\u00c9nergie &amp; Environnement\"],\"inLanguage\":\"fr-FR\",\"potentialAction\":[{\"@type\":\"CommentAction\",\"name\":\"Comment\",\"target\":[\"https:\\\/\\\/batijournal.com\\\/index.php\\\/2e-journee-des-ecotechnologies-avenir-photovoltaique\\\/71293\\\/#respond\"]}]},{\"@type\":\"WebPage\",\"@id\":\"https:\\\/\\\/batijournal.com\\\/index.php\\\/2e-journee-des-ecotechnologies-avenir-photovoltaique\\\/71293\\\/\",\"url\":\"https:\\\/\\\/batijournal.com\\\/index.php\\\/2e-journee-des-ecotechnologies-avenir-photovoltaique\\\/71293\\\/\",\"name\":\"2e Journ\u00e9e des \u00e9cotechnologies : \\\"Avenir : photovolta\u00efque\\\"\",\"isPartOf\":{\"@id\":\"https:\\\/\\\/batijournal.com\\\/#website\"},\"datePublished\":\"2008-09-01T22:00:00+00:00\",\"dateModified\":\"2019-07-15T10:22:41+00:00\",\"author\":{\"@id\":\"https:\\\/\\\/batijournal.com\\\/#\\\/schema\\\/person\\\/6a657e8967569e1b299972574848aa76\"},\"breadcrumb\":{\"@id\":\"https:\\\/\\\/batijournal.com\\\/index.php\\\/2e-journee-des-ecotechnologies-avenir-photovoltaique\\\/71293\\\/#breadcrumb\"},\"inLanguage\":\"fr-FR\",\"potentialAction\":[{\"@type\":\"ReadAction\",\"target\":[\"https:\\\/\\\/batijournal.com\\\/index.php\\\/2e-journee-des-ecotechnologies-avenir-photovoltaique\\\/71293\\\/\"]}]},{\"@type\":\"BreadcrumbList\",\"@id\":\"https:\\\/\\\/batijournal.com\\\/index.php\\\/2e-journee-des-ecotechnologies-avenir-photovoltaique\\\/71293\\\/#breadcrumb\",\"itemListElement\":[{\"@type\":\"ListItem\",\"position\":1,\"name\":\"Accueil\",\"item\":\"https:\\\/\\\/batijournal.com\\\/\"},{\"@type\":\"ListItem\",\"position\":2,\"name\":\"Actualit\u00e9s\",\"item\":\"https:\\\/\\\/batijournal.com\\\/index.php\\\/category\\\/actualites\\\/\"},{\"@type\":\"ListItem\",\"position\":3,\"name\":\"\u00c9nergie &amp; Environnement\",\"item\":\"https:\\\/\\\/batijournal.com\\\/index.php\\\/category\\\/actualites\\\/energie-environnement\\\/\"},{\"@type\":\"ListItem\",\"position\":4,\"name\":\"2e Journ\u00e9e des \u00e9cotechnologies : \u00ab\u00a0Avenir : photovolta\u00efque\u00a0\u00bb\"}]},{\"@type\":\"WebSite\",\"@id\":\"https:\\\/\\\/batijournal.com\\\/#website\",\"url\":\"https:\\\/\\\/batijournal.com\\\/\",\"name\":\"Batijournal\",\"description\":\"L&#039;actualit\u00e9 du b\u00e2timent\",\"potentialAction\":[{\"@type\":\"SearchAction\",\"target\":{\"@type\":\"EntryPoint\",\"urlTemplate\":\"https:\\\/\\\/batijournal.com\\\/?s={search_term_string}\"},\"query-input\":{\"@type\":\"PropertyValueSpecification\",\"valueRequired\":true,\"valueName\":\"search_term_string\"}}],\"inLanguage\":\"fr-FR\"},{\"@type\":\"Person\",\"@id\":\"https:\\\/\\\/batijournal.com\\\/#\\\/schema\\\/person\\\/6a657e8967569e1b299972574848aa76\",\"name\":\"Bati-journal\",\"image\":{\"@type\":\"ImageObject\",\"inLanguage\":\"fr-FR\",\"@id\":\"https:\\\/\\\/secure.gravatar.com\\\/avatar\\\/a64364ea26392f9b4dd47e017ddaec74ff03aefc073b49e492e847201258f777?s=96&d=mm&r=g\",\"url\":\"https:\\\/\\\/secure.gravatar.com\\\/avatar\\\/a64364ea26392f9b4dd47e017ddaec74ff03aefc073b49e492e847201258f777?s=96&d=mm&r=g\",\"contentUrl\":\"https:\\\/\\\/secure.gravatar.com\\\/avatar\\\/a64364ea26392f9b4dd47e017ddaec74ff03aefc073b49e492e847201258f777?s=96&d=mm&r=g\",\"caption\":\"Bati-journal\"},\"url\":\"https:\\\/\\\/batijournal.com\\\/index.php\\\/author\\\/elodie\\\/\"}]}<\/script>\n<!-- \/ Yoast SEO plugin. -->","yoast_head_json":{"title":"2e Journ\u00e9e des \u00e9cotechnologies : \"Avenir : photovolta\u00efque\"","robots":{"index":"index","follow":"follow","max-snippet":"max-snippet:-1","max-image-preview":"max-image-preview:large","max-video-preview":"max-video-preview:-1"},"canonical":"https:\/\/batijournal.com\/index.php\/2e-journee-des-ecotechnologies-avenir-photovoltaique\/71293\/","og_locale":"fr_FR","og_type":"article","og_title":"2e Journ\u00e9e des \u00e9cotechnologies : \"Avenir : photovolta\u00efque\"","og_description":"Organis\u00e9e par l&rsquo;Association Bordeaux Montesquieu, cette journ\u00e9e r\u00e9unira chefs d\u0092&rsquo;entreprises, scientifiques, institutionnels, porteurs de projets et grand public autour du th\u00e8me \u00ab\u00a0Avenir : photovolta\u00efque\u00a0\u00bb. Cet \u00e9v\u00e9nement donne \u00e9galement l&rsquo;occasion d&rsquo;inaugurer le site pilote d&rsquo;EDF \u00c9nergies Nouvelles bas\u00e9 sur la Technologie \u00ab\u00a0Tracker\u00a0\u00bb de la soci\u00e9t\u00e9 Exosun. Technopole Bordeaux-Montesquieu, Martillac (33)","og_url":"https:\/\/batijournal.com\/index.php\/2e-journee-des-ecotechnologies-avenir-photovoltaique\/71293\/","og_site_name":"Batijournal","article_published_time":"2008-09-01T22:00:00+00:00","article_modified_time":"2019-07-15T10:22:41+00:00","author":"Bati-journal","twitter_card":"summary_large_image","twitter_creator":"@bati_journal","twitter_site":"@bati_journal","twitter_misc":{"\u00c9crit par":"Bati-journal"},"schema":{"@context":"https:\/\/schema.org","@graph":[{"@type":"Article","@id":"https:\/\/batijournal.com\/index.php\/2e-journee-des-ecotechnologies-avenir-photovoltaique\/71293\/#article","isPartOf":{"@id":"https:\/\/batijournal.com\/index.php\/2e-journee-des-ecotechnologies-avenir-photovoltaique\/71293\/"},"author":{"name":"Bati-journal","@id":"https:\/\/batijournal.com\/#\/schema\/person\/6a657e8967569e1b299972574848aa76"},"headline":"2e Journ\u00e9e des \u00e9cotechnologies : \u00ab\u00a0Avenir : photovolta\u00efque\u00a0\u00bb","datePublished":"2008-09-01T22:00:00+00:00","dateModified":"2019-07-15T10:22:41+00:00","mainEntityOfPage":{"@id":"https:\/\/batijournal.com\/index.php\/2e-journee-des-ecotechnologies-avenir-photovoltaique\/71293\/"},"wordCount":67,"commentCount":0,"keywords":["photovolta\u00efque"],"articleSection":["\u00c9nergie &amp; Environnement"],"inLanguage":"fr-FR","potentialAction":[{"@type":"CommentAction","name":"Comment","target":["https:\/\/batijournal.com\/index.php\/2e-journee-des-ecotechnologies-avenir-photovoltaique\/71293\/#respond"]}]},{"@type":"WebPage","@id":"https:\/\/batijournal.com\/index.php\/2e-journee-des-ecotechnologies-avenir-photovoltaique\/71293\/","url":"https:\/\/batijournal.com\/index.php\/2e-journee-des-ecotechnologies-avenir-photovoltaique\/71293\/","name":"2e Journ\u00e9e des \u00e9cotechnologies : \"Avenir : photovolta\u00efque\"","isPartOf":{"@id":"https:\/\/batijournal.com\/#website"},"datePublished":"2008-09-01T22:00:00+00:00","dateModified":"2019-07-15T10:22:41+00:00","author":{"@id":"https:\/\/batijournal.com\/#\/schema\/person\/6a657e8967569e1b299972574848aa76"},"breadcrumb":{"@id":"https:\/\/batijournal.com\/index.php\/2e-journee-des-ecotechnologies-avenir-photovoltaique\/71293\/#breadcrumb"},"inLanguage":"fr-FR","potentialAction":[{"@type":"ReadAction","target":["https:\/\/batijournal.com\/index.php\/2e-journee-des-ecotechnologies-avenir-photovoltaique\/71293\/"]}]},{"@type":"BreadcrumbList","@id":"https:\/\/batijournal.com\/index.php\/2e-journee-des-ecotechnologies-avenir-photovoltaique\/71293\/#breadcrumb","itemListElement":[{"@type":"ListItem","position":1,"name":"Accueil","item":"https:\/\/batijournal.com\/"},{"@type":"ListItem","position":2,"name":"Actualit\u00e9s","item":"https:\/\/batijournal.com\/index.php\/category\/actualites\/"},{"@type":"ListItem","position":3,"name":"\u00c9nergie &amp; Environnement","item":"https:\/\/batijournal.com\/index.php\/category\/actualites\/energie-environnement\/"},{"@type":"ListItem","position":4,"name":"2e Journ\u00e9e des \u00e9cotechnologies : \u00ab\u00a0Avenir : photovolta\u00efque\u00a0\u00bb"}]},{"@type":"WebSite","@id":"https:\/\/batijournal.com\/#website","url":"https:\/\/batijournal.com\/","name":"Batijournal","description":"L&#039;actualit\u00e9 du b\u00e2timent","potentialAction":[{"@type":"SearchAction","target":{"@type":"EntryPoint","urlTemplate":"https:\/\/batijournal.com\/?s={search_term_string}"},"query-input":{"@type":"PropertyValueSpecification","valueRequired":true,"valueName":"search_term_string"}}],"inLanguage":"fr-FR"},{"@type":"Person","@id":"https:\/\/batijournal.com\/#\/schema\/person\/6a657e8967569e1b299972574848aa76","name":"Bati-journal","image":{"@type":"ImageObject","inLanguage":"fr-FR","@id":"https:\/\/secure.gravatar.com\/avatar\/a64364ea26392f9b4dd47e017ddaec74ff03aefc073b49e492e847201258f777?s=96&d=mm&r=g","url":"https:\/\/secure.gravatar.com\/avatar\/a64364ea26392f9b4dd47e017ddaec74ff03aefc073b49e492e847201258f777?s=96&d=mm&r=g","contentUrl":"https:\/\/secure.gravatar.com\/avatar\/a64364ea26392f9b4dd47e017ddaec74ff03aefc073b49e492e847201258f777?s=96&d=mm&r=g","caption":"Bati-journal"},"url":"https:\/\/batijournal.com\/index.php\/author\/elodie\/"}]}},"_links":{"self":[{"href":"https:\/\/batijournal.com\/index.php\/wp-json\/wp\/v2\/posts\/71293","targetHints":{"allow":["GET"]}}],"collection":[{"href":"https:\/\/batijournal.com\/index.php\/wp-json\/wp\/v2\/posts"}],"about":[{"href":"https:\/\/batijournal.com\/index.php\/wp-json\/wp\/v2\/types\/post"}],"author":[{"embeddable":true,"href":"https:\/\/batijournal.com\/index.php\/wp-json\/wp\/v2\/users\/1"}],"replies":[{"embeddable":true,"href":"https:\/\/batijournal.com\/index.php\/wp-json\/wp\/v2\/comments?post=71293"}],"version-history":[{"count":0,"href":"https:\/\/batijournal.com\/index.php\/wp-json\/wp\/v2\/posts\/71293\/revisions"}],"wp:attachment":[{"href":"https:\/\/batijournal.com\/index.php\/wp-json\/wp\/v2\/media?parent=71293"}],"wp:term":[{"taxonomy":"category","embeddable":true,"href":"https:\/\/batijournal.com\/index.php\/wp-json\/wp\/v2\/categories?post=71293"},{"taxonomy":"post_tag","embeddable":true,"href":"https:\/\/batijournal.com\/index.php\/wp-json\/wp\/v2\/tags?post=71293"}],"curies":[{"name":"wp","href":"https:\/\/api.w.org\/{rel}","templated":true}]}}