{"id":71307,"date":"2009-06-25T00:00:00","date_gmt":"2009-06-24T22:00:00","guid":{"rendered":"http:\/\/b.bati-journal.com\/lancement-de-la-premiere-consultation-solaire-photovoltaique-dans-paris\/71307"},"modified":"2019-07-15T12:22:39","modified_gmt":"2019-07-15T10:22:39","slug":"lancement-de-la-premiere-consultation-solaire-photovoltaique-dans-paris","status":"publish","type":"post","link":"https:\/\/batijournal.com\/index.php\/lancement-de-la-premiere-consultation-solaire-photovoltaique-dans-paris\/71307\/","title":{"rendered":"Lancement de la premi\u00e8re consultation solaire photovolta\u00efque dans Paris"},"content":{"rendered":"<p>Op\u00e9rateur de la Ville de Paris, la SEMAEST vient de lancer la consultation destin\u00e9e \u00e0 choisir un op\u00e9rateur solaire qui financera, installera et g\u00e8rera la plus grande centrale solaire photovolta\u00efque de centre ville en France d\u2019une surface de 3500 m2 et d\u2019une puissance de 450 kWc, sur la toiture de la halle Pajol (Paris-18\u00e8me) dans la ZAC Pajol, \u00e9co-quartier pilote. Elle entrera en fonction d\u00e8s 2013. Cette consultation est une premi\u00e8re par sa th\u00e9matique et sa m\u00e9thode innovante : La SEMAEST choisira un op\u00e9rateur par proc\u00e9dure n\u00e9goci\u00e9e. Elle signera une convention d\u2019occupation temporaire (COT) d\u2019une dur\u00e9e de 20 \u00e0 25 ans avec l\u2019op\u00e9rateur retenu moyennant redevance et en fin de ZAC, la Ville de Paris se substituera \u00e0 la SEMAEST dans ses droits et obligations. La centrale reviendra \u00e0 la Ville \u00e0 l\u2019issue de cette p\u00e9riode. La SEMAEST am\u00e9nage pour le compte de la Ville de Paris, la ZAC Pajol, op\u00e9ration de plus de 3 hectares qui confirme l\u2019engagement de la Mairie de Paris et de la SEMAEST dans la mise en \u0153uvre d\u2019une d\u00e9marche ambitieuse en termes environnementaux et de d\u00e9veloppement durable, de chantier propre, de r\u00e9utilisation des b\u00e2timents et des mat\u00e9riaux issus de d\u00e9construction, de performance \u00e9nerg\u00e9tique et d\u2019utilisation d\u2019\u00e9nergies renouvelables, de r\u00e9cup\u00e9ration et de r\u00e9utilisation des eaux de pluie ou de biodiversit\u00e9.<\/p>\n","protected":false},"excerpt":{"rendered":"<p>Op\u00e9rateur de la Ville de Paris, la SEMAEST vient de lancer la consultation destin\u00e9e \u00e0 choisir un op\u00e9rateur solaire qui financera, installera et g\u00e8rera la plus grande centrale solaire photovolta\u00efque de centre ville en France d\u2019une surface de 3500 m2 et d\u2019une puissance de 450 kWc, sur la toiture de la halle Pajol (Paris-18\u00e8me) dans [&hellip;]<\/p>\n","protected":false},"author":1,"featured_media":71308,"comment_status":"open","ping_status":"closed","sticky":false,"template":"","format":"standard","meta":{"_et_pb_use_builder":"","_et_pb_old_content":"","_et_gb_content_width":"","footnotes":""},"categories":[6351],"tags":[464,7128,383],"class_list":["post-71307","post","type-post","status-publish","format-standard","has-post-thumbnail","hentry","category-energie-environnement","tag-photovoltaique","tag-semaest","tag-solaire"],"yoast_head":"<!-- This site is optimized with the Yoast SEO plugin v27.4 - https:\/\/yoast.com\/product\/yoast-seo-wordpress\/ -->\n<title>Lancement de la premi\u00e8re consultation solaire photovolta\u00efque dans Paris<\/title>\n<meta name=\"robots\" content=\"index, follow, max-snippet:-1, max-image-preview:large, max-video-preview:-1\" \/>\n<link rel=\"canonical\" href=\"https:\/\/batijournal.com\/index.php\/lancement-de-la-premiere-consultation-solaire-photovoltaique-dans-paris\/71307\/\" \/>\n<meta property=\"og:locale\" content=\"fr_FR\" \/>\n<meta property=\"og:type\" content=\"article\" \/>\n<meta property=\"og:title\" content=\"Lancement de la premi\u00e8re consultation solaire photovolta\u00efque dans Paris\" \/>\n<meta property=\"og:description\" content=\"Op\u00e9rateur de la Ville de Paris, la SEMAEST vient de lancer la consultation destin\u00e9e \u00e0 choisir un op\u00e9rateur solaire qui financera, installera et g\u00e8rera la plus grande centrale solaire photovolta\u00efque de centre ville en France d\u2019une surface de 3500 m2 et d\u2019une puissance de 450 kWc, sur la toiture de la halle Pajol (Paris-18\u00e8me) dans [&hellip;]\" \/>\n<meta property=\"og:url\" content=\"https:\/\/batijournal.com\/index.php\/lancement-de-la-premiere-consultation-solaire-photovoltaique-dans-paris\/71307\/\" \/>\n<meta property=\"og:site_name\" content=\"Batijournal\" \/>\n<meta property=\"article:published_time\" content=\"2009-06-24T22:00:00+00:00\" \/>\n<meta property=\"article:modified_time\" content=\"2019-07-15T10:22:39+00:00\" \/>\n<meta property=\"og:image\" content=\"https:\/\/batijournal.com\/wp-content\/uploads\/2015\/03\/05228934.jpg\" \/>\n\t<meta property=\"og:image:width\" content=\"599\" \/>\n\t<meta property=\"og:image:height\" content=\"460\" \/>\n\t<meta property=\"og:image:type\" content=\"image\/jpeg\" \/>\n<meta name=\"author\" content=\"Bati-journal\" \/>\n<meta name=\"twitter:card\" content=\"summary_large_image\" \/>\n<meta name=\"twitter:creator\" content=\"@bati_journal\" \/>\n<meta name=\"twitter:site\" content=\"@bati_journal\" \/>\n<meta name=\"twitter:label1\" content=\"\u00c9crit par\" \/>\n\t<meta name=\"twitter:data1\" content=\"Bati-journal\" \/>\n\t<meta name=\"twitter:label2\" content=\"Dur\u00e9e de lecture estim\u00e9e\" \/>\n\t<meta name=\"twitter:data2\" content=\"1 minute\" \/>\n<script type=\"application\/ld+json\" class=\"yoast-schema-graph\">{\"@context\":\"https:\\\/\\\/schema.org\",\"@graph\":[{\"@type\":\"Article\",\"@id\":\"https:\\\/\\\/batijournal.com\\\/index.php\\\/lancement-de-la-premiere-consultation-solaire-photovoltaique-dans-paris\\\/71307\\\/#article\",\"isPartOf\":{\"@id\":\"https:\\\/\\\/batijournal.com\\\/index.php\\\/lancement-de-la-premiere-consultation-solaire-photovoltaique-dans-paris\\\/71307\\\/\"},\"author\":{\"name\":\"Bati-journal\",\"@id\":\"https:\\\/\\\/batijournal.com\\\/#\\\/schema\\\/person\\\/6a657e8967569e1b299972574848aa76\"},\"headline\":\"Lancement de la premi\u00e8re consultation solaire photovolta\u00efque dans Paris\",\"datePublished\":\"2009-06-24T22:00:00+00:00\",\"dateModified\":\"2019-07-15T10:22:39+00:00\",\"mainEntityOfPage\":{\"@id\":\"https:\\\/\\\/batijournal.com\\\/index.php\\\/lancement-de-la-premiere-consultation-solaire-photovoltaique-dans-paris\\\/71307\\\/\"},\"wordCount\":253,\"commentCount\":0,\"image\":{\"@id\":\"https:\\\/\\\/batijournal.com\\\/index.php\\\/lancement-de-la-premiere-consultation-solaire-photovoltaique-dans-paris\\\/71307\\\/#primaryimage\"},\"thumbnailUrl\":\"https:\\\/\\\/batijournal.com\\\/wp-content\\\/uploads\\\/2015\\\/03\\\/05228934.jpg\",\"keywords\":[\"photovolta\u00efque\",\"semaest\",\"solaire\"],\"articleSection\":[\"\u00c9nergie &amp; Environnement\"],\"inLanguage\":\"fr-FR\",\"potentialAction\":[{\"@type\":\"CommentAction\",\"name\":\"Comment\",\"target\":[\"https:\\\/\\\/batijournal.com\\\/index.php\\\/lancement-de-la-premiere-consultation-solaire-photovoltaique-dans-paris\\\/71307\\\/#respond\"]}]},{\"@type\":\"WebPage\",\"@id\":\"https:\\\/\\\/batijournal.com\\\/index.php\\\/lancement-de-la-premiere-consultation-solaire-photovoltaique-dans-paris\\\/71307\\\/\",\"url\":\"https:\\\/\\\/batijournal.com\\\/index.php\\\/lancement-de-la-premiere-consultation-solaire-photovoltaique-dans-paris\\\/71307\\\/\",\"name\":\"Lancement de la premi\u00e8re consultation solaire photovolta\u00efque dans Paris\",\"isPartOf\":{\"@id\":\"https:\\\/\\\/batijournal.com\\\/#website\"},\"primaryImageOfPage\":{\"@id\":\"https:\\\/\\\/batijournal.com\\\/index.php\\\/lancement-de-la-premiere-consultation-solaire-photovoltaique-dans-paris\\\/71307\\\/#primaryimage\"},\"image\":{\"@id\":\"https:\\\/\\\/batijournal.com\\\/index.php\\\/lancement-de-la-premiere-consultation-solaire-photovoltaique-dans-paris\\\/71307\\\/#primaryimage\"},\"thumbnailUrl\":\"https:\\\/\\\/batijournal.com\\\/wp-content\\\/uploads\\\/2015\\\/03\\\/05228934.jpg\",\"datePublished\":\"2009-06-24T22:00:00+00:00\",\"dateModified\":\"2019-07-15T10:22:39+00:00\",\"author\":{\"@id\":\"https:\\\/\\\/batijournal.com\\\/#\\\/schema\\\/person\\\/6a657e8967569e1b299972574848aa76\"},\"breadcrumb\":{\"@id\":\"https:\\\/\\\/batijournal.com\\\/index.php\\\/lancement-de-la-premiere-consultation-solaire-photovoltaique-dans-paris\\\/71307\\\/#breadcrumb\"},\"inLanguage\":\"fr-FR\",\"potentialAction\":[{\"@type\":\"ReadAction\",\"target\":[\"https:\\\/\\\/batijournal.com\\\/index.php\\\/lancement-de-la-premiere-consultation-solaire-photovoltaique-dans-paris\\\/71307\\\/\"]}]},{\"@type\":\"ImageObject\",\"inLanguage\":\"fr-FR\",\"@id\":\"https:\\\/\\\/batijournal.com\\\/index.php\\\/lancement-de-la-premiere-consultation-solaire-photovoltaique-dans-paris\\\/71307\\\/#primaryimage\",\"url\":\"https:\\\/\\\/batijournal.com\\\/wp-content\\\/uploads\\\/2015\\\/03\\\/05228934.jpg\",\"contentUrl\":\"https:\\\/\\\/batijournal.com\\\/wp-content\\\/uploads\\\/2015\\\/03\\\/05228934.jpg\",\"width\":599,\"height\":460},{\"@type\":\"BreadcrumbList\",\"@id\":\"https:\\\/\\\/batijournal.com\\\/index.php\\\/lancement-de-la-premiere-consultation-solaire-photovoltaique-dans-paris\\\/71307\\\/#breadcrumb\",\"itemListElement\":[{\"@type\":\"ListItem\",\"position\":1,\"name\":\"Accueil\",\"item\":\"https:\\\/\\\/batijournal.com\\\/\"},{\"@type\":\"ListItem\",\"position\":2,\"name\":\"Actualit\u00e9s\",\"item\":\"https:\\\/\\\/batijournal.com\\\/index.php\\\/category\\\/actualites\\\/\"},{\"@type\":\"ListItem\",\"position\":3,\"name\":\"\u00c9nergie &amp; Environnement\",\"item\":\"https:\\\/\\\/batijournal.com\\\/index.php\\\/category\\\/actualites\\\/energie-environnement\\\/\"},{\"@type\":\"ListItem\",\"position\":4,\"name\":\"Lancement de la premi\u00e8re consultation solaire photovolta\u00efque dans Paris\"}]},{\"@type\":\"WebSite\",\"@id\":\"https:\\\/\\\/batijournal.com\\\/#website\",\"url\":\"https:\\\/\\\/batijournal.com\\\/\",\"name\":\"Batijournal\",\"description\":\"L&#039;actualit\u00e9 du b\u00e2timent\",\"potentialAction\":[{\"@type\":\"SearchAction\",\"target\":{\"@type\":\"EntryPoint\",\"urlTemplate\":\"https:\\\/\\\/batijournal.com\\\/?s={search_term_string}\"},\"query-input\":{\"@type\":\"PropertyValueSpecification\",\"valueRequired\":true,\"valueName\":\"search_term_string\"}}],\"inLanguage\":\"fr-FR\"},{\"@type\":\"Person\",\"@id\":\"https:\\\/\\\/batijournal.com\\\/#\\\/schema\\\/person\\\/6a657e8967569e1b299972574848aa76\",\"name\":\"Bati-journal\",\"image\":{\"@type\":\"ImageObject\",\"inLanguage\":\"fr-FR\",\"@id\":\"https:\\\/\\\/secure.gravatar.com\\\/avatar\\\/a64364ea26392f9b4dd47e017ddaec74ff03aefc073b49e492e847201258f777?s=96&d=mm&r=g\",\"url\":\"https:\\\/\\\/secure.gravatar.com\\\/avatar\\\/a64364ea26392f9b4dd47e017ddaec74ff03aefc073b49e492e847201258f777?s=96&d=mm&r=g\",\"contentUrl\":\"https:\\\/\\\/secure.gravatar.com\\\/avatar\\\/a64364ea26392f9b4dd47e017ddaec74ff03aefc073b49e492e847201258f777?s=96&d=mm&r=g\",\"caption\":\"Bati-journal\"},\"url\":\"https:\\\/\\\/batijournal.com\\\/index.php\\\/author\\\/elodie\\\/\"}]}<\/script>\n<!-- \/ Yoast SEO plugin. -->","yoast_head_json":{"title":"Lancement de la premi\u00e8re consultation solaire photovolta\u00efque dans Paris","robots":{"index":"index","follow":"follow","max-snippet":"max-snippet:-1","max-image-preview":"max-image-preview:large","max-video-preview":"max-video-preview:-1"},"canonical":"https:\/\/batijournal.com\/index.php\/lancement-de-la-premiere-consultation-solaire-photovoltaique-dans-paris\/71307\/","og_locale":"fr_FR","og_type":"article","og_title":"Lancement de la premi\u00e8re consultation solaire photovolta\u00efque dans Paris","og_description":"Op\u00e9rateur de la Ville de Paris, la SEMAEST vient de lancer la consultation destin\u00e9e \u00e0 choisir un op\u00e9rateur solaire qui financera, installera et g\u00e8rera la plus grande centrale solaire photovolta\u00efque de centre ville en France d\u2019une surface de 3500 m2 et d\u2019une puissance de 450 kWc, sur la toiture de la halle Pajol (Paris-18\u00e8me) dans [&hellip;]","og_url":"https:\/\/batijournal.com\/index.php\/lancement-de-la-premiere-consultation-solaire-photovoltaique-dans-paris\/71307\/","og_site_name":"Batijournal","article_published_time":"2009-06-24T22:00:00+00:00","article_modified_time":"2019-07-15T10:22:39+00:00","og_image":[{"width":599,"height":460,"url":"https:\/\/batijournal.com\/wp-content\/uploads\/2015\/03\/05228934.jpg","type":"image\/jpeg"}],"author":"Bati-journal","twitter_card":"summary_large_image","twitter_creator":"@bati_journal","twitter_site":"@bati_journal","twitter_misc":{"\u00c9crit par":"Bati-journal","Dur\u00e9e de lecture estim\u00e9e":"1 minute"},"schema":{"@context":"https:\/\/schema.org","@graph":[{"@type":"Article","@id":"https:\/\/batijournal.com\/index.php\/lancement-de-la-premiere-consultation-solaire-photovoltaique-dans-paris\/71307\/#article","isPartOf":{"@id":"https:\/\/batijournal.com\/index.php\/lancement-de-la-premiere-consultation-solaire-photovoltaique-dans-paris\/71307\/"},"author":{"name":"Bati-journal","@id":"https:\/\/batijournal.com\/#\/schema\/person\/6a657e8967569e1b299972574848aa76"},"headline":"Lancement de la premi\u00e8re consultation solaire photovolta\u00efque dans Paris","datePublished":"2009-06-24T22:00:00+00:00","dateModified":"2019-07-15T10:22:39+00:00","mainEntityOfPage":{"@id":"https:\/\/batijournal.com\/index.php\/lancement-de-la-premiere-consultation-solaire-photovoltaique-dans-paris\/71307\/"},"wordCount":253,"commentCount":0,"image":{"@id":"https:\/\/batijournal.com\/index.php\/lancement-de-la-premiere-consultation-solaire-photovoltaique-dans-paris\/71307\/#primaryimage"},"thumbnailUrl":"https:\/\/batijournal.com\/wp-content\/uploads\/2015\/03\/05228934.jpg","keywords":["photovolta\u00efque","semaest","solaire"],"articleSection":["\u00c9nergie &amp; Environnement"],"inLanguage":"fr-FR","potentialAction":[{"@type":"CommentAction","name":"Comment","target":["https:\/\/batijournal.com\/index.php\/lancement-de-la-premiere-consultation-solaire-photovoltaique-dans-paris\/71307\/#respond"]}]},{"@type":"WebPage","@id":"https:\/\/batijournal.com\/index.php\/lancement-de-la-premiere-consultation-solaire-photovoltaique-dans-paris\/71307\/","url":"https:\/\/batijournal.com\/index.php\/lancement-de-la-premiere-consultation-solaire-photovoltaique-dans-paris\/71307\/","name":"Lancement de la premi\u00e8re consultation solaire photovolta\u00efque dans Paris","isPartOf":{"@id":"https:\/\/batijournal.com\/#website"},"primaryImageOfPage":{"@id":"https:\/\/batijournal.com\/index.php\/lancement-de-la-premiere-consultation-solaire-photovoltaique-dans-paris\/71307\/#primaryimage"},"image":{"@id":"https:\/\/batijournal.com\/index.php\/lancement-de-la-premiere-consultation-solaire-photovoltaique-dans-paris\/71307\/#primaryimage"},"thumbnailUrl":"https:\/\/batijournal.com\/wp-content\/uploads\/2015\/03\/05228934.jpg","datePublished":"2009-06-24T22:00:00+00:00","dateModified":"2019-07-15T10:22:39+00:00","author":{"@id":"https:\/\/batijournal.com\/#\/schema\/person\/6a657e8967569e1b299972574848aa76"},"breadcrumb":{"@id":"https:\/\/batijournal.com\/index.php\/lancement-de-la-premiere-consultation-solaire-photovoltaique-dans-paris\/71307\/#breadcrumb"},"inLanguage":"fr-FR","potentialAction":[{"@type":"ReadAction","target":["https:\/\/batijournal.com\/index.php\/lancement-de-la-premiere-consultation-solaire-photovoltaique-dans-paris\/71307\/"]}]},{"@type":"ImageObject","inLanguage":"fr-FR","@id":"https:\/\/batijournal.com\/index.php\/lancement-de-la-premiere-consultation-solaire-photovoltaique-dans-paris\/71307\/#primaryimage","url":"https:\/\/batijournal.com\/wp-content\/uploads\/2015\/03\/05228934.jpg","contentUrl":"https:\/\/batijournal.com\/wp-content\/uploads\/2015\/03\/05228934.jpg","width":599,"height":460},{"@type":"BreadcrumbList","@id":"https:\/\/batijournal.com\/index.php\/lancement-de-la-premiere-consultation-solaire-photovoltaique-dans-paris\/71307\/#breadcrumb","itemListElement":[{"@type":"ListItem","position":1,"name":"Accueil","item":"https:\/\/batijournal.com\/"},{"@type":"ListItem","position":2,"name":"Actualit\u00e9s","item":"https:\/\/batijournal.com\/index.php\/category\/actualites\/"},{"@type":"ListItem","position":3,"name":"\u00c9nergie &amp; Environnement","item":"https:\/\/batijournal.com\/index.php\/category\/actualites\/energie-environnement\/"},{"@type":"ListItem","position":4,"name":"Lancement de la premi\u00e8re consultation solaire photovolta\u00efque dans Paris"}]},{"@type":"WebSite","@id":"https:\/\/batijournal.com\/#website","url":"https:\/\/batijournal.com\/","name":"Batijournal","description":"L&#039;actualit\u00e9 du b\u00e2timent","potentialAction":[{"@type":"SearchAction","target":{"@type":"EntryPoint","urlTemplate":"https:\/\/batijournal.com\/?s={search_term_string}"},"query-input":{"@type":"PropertyValueSpecification","valueRequired":true,"valueName":"search_term_string"}}],"inLanguage":"fr-FR"},{"@type":"Person","@id":"https:\/\/batijournal.com\/#\/schema\/person\/6a657e8967569e1b299972574848aa76","name":"Bati-journal","image":{"@type":"ImageObject","inLanguage":"fr-FR","@id":"https:\/\/secure.gravatar.com\/avatar\/a64364ea26392f9b4dd47e017ddaec74ff03aefc073b49e492e847201258f777?s=96&d=mm&r=g","url":"https:\/\/secure.gravatar.com\/avatar\/a64364ea26392f9b4dd47e017ddaec74ff03aefc073b49e492e847201258f777?s=96&d=mm&r=g","contentUrl":"https:\/\/secure.gravatar.com\/avatar\/a64364ea26392f9b4dd47e017ddaec74ff03aefc073b49e492e847201258f777?s=96&d=mm&r=g","caption":"Bati-journal"},"url":"https:\/\/batijournal.com\/index.php\/author\/elodie\/"}]}},"_links":{"self":[{"href":"https:\/\/batijournal.com\/index.php\/wp-json\/wp\/v2\/posts\/71307","targetHints":{"allow":["GET"]}}],"collection":[{"href":"https:\/\/batijournal.com\/index.php\/wp-json\/wp\/v2\/posts"}],"about":[{"href":"https:\/\/batijournal.com\/index.php\/wp-json\/wp\/v2\/types\/post"}],"author":[{"embeddable":true,"href":"https:\/\/batijournal.com\/index.php\/wp-json\/wp\/v2\/users\/1"}],"replies":[{"embeddable":true,"href":"https:\/\/batijournal.com\/index.php\/wp-json\/wp\/v2\/comments?post=71307"}],"version-history":[{"count":0,"href":"https:\/\/batijournal.com\/index.php\/wp-json\/wp\/v2\/posts\/71307\/revisions"}],"wp:featuredmedia":[{"embeddable":true,"href":"https:\/\/batijournal.com\/index.php\/wp-json\/wp\/v2\/media\/71308"}],"wp:attachment":[{"href":"https:\/\/batijournal.com\/index.php\/wp-json\/wp\/v2\/media?parent=71307"}],"wp:term":[{"taxonomy":"category","embeddable":true,"href":"https:\/\/batijournal.com\/index.php\/wp-json\/wp\/v2\/categories?post=71307"},{"taxonomy":"post_tag","embeddable":true,"href":"https:\/\/batijournal.com\/index.php\/wp-json\/wp\/v2\/tags?post=71307"}],"curies":[{"name":"wp","href":"https:\/\/api.w.org\/{rel}","templated":true}]}}