{"id":71316,"date":"2009-09-11T00:00:00","date_gmt":"2009-09-10T22:00:00","guid":{"rendered":"http:\/\/b.bati-journal.com\/le-soleil-brille-aussi-en-automne\/71316"},"modified":"2019-07-15T12:22:38","modified_gmt":"2019-07-15T10:22:38","slug":"le-soleil-brille-aussi-en-automne","status":"publish","type":"post","link":"https:\/\/batijournal.com\/index.php\/le-soleil-brille-aussi-en-automne\/71316\/","title":{"rendered":"Le soleil brille aussi en automne !"},"content":{"rendered":"<p>Afin de r\u00e9pondre aux interrogations et attentes du public en mati\u00e8re d\u0092&rsquo;\u00e9nergie solaire, Swissolar, l\u0092&rsquo;association suisse des professionnels du solaire, organise, en septembre et octobre, une s\u00e9rie de cinq soir\u00e9es d&rsquo;\u0092information \u00e0 travers la Suisse romande sur le solaire thermique et photovolta\u00efque intitul\u00e9es \u00ab Energie solaire et nouveaux programmes attractifs de financement des cantons et de la conf\u00e9d\u00e9ration \u00bb. Participation libre, mais inscription obligatoire. Le programme est disponible sur le site Internet <a href=\"http:\/\/www.swissolar.ch\" target=\"_blank\" rel=\"noopener noreferrer\">www.swissolar.ch<\/a> (rubrique News).<\/p>\n","protected":false},"excerpt":{"rendered":"<p>Afin de r\u00e9pondre aux interrogations et attentes du public en mati\u00e8re d\u0092&rsquo;\u00e9nergie solaire, Swissolar, l\u0092&rsquo;association suisse des professionnels du solaire, organise, en septembre et octobre, une s\u00e9rie de cinq soir\u00e9es d&rsquo;\u0092information \u00e0 travers la Suisse romande sur le solaire thermique et photovolta\u00efque intitul\u00e9es \u00ab Energie solaire et nouveaux programmes attractifs de financement des cantons et [&hellip;]<\/p>\n","protected":false},"author":1,"featured_media":71317,"comment_status":"open","ping_status":"closed","sticky":false,"template":"","format":"standard","meta":{"_et_pb_use_builder":"","_et_pb_old_content":"","_et_gb_content_width":"","footnotes":""},"categories":[6351],"tags":[4684],"class_list":["post-71316","post","type-post","status-publish","format-standard","has-post-thumbnail","hentry","category-energie-environnement","tag-swissolar"],"yoast_head":"<!-- This site is optimized with the Yoast SEO plugin v27.4 - https:\/\/yoast.com\/product\/yoast-seo-wordpress\/ -->\n<title>Le soleil brille aussi en automne !<\/title>\n<meta name=\"robots\" content=\"index, follow, max-snippet:-1, max-image-preview:large, max-video-preview:-1\" \/>\n<link rel=\"canonical\" href=\"https:\/\/batijournal.com\/index.php\/le-soleil-brille-aussi-en-automne\/71316\/\" \/>\n<meta property=\"og:locale\" content=\"fr_FR\" \/>\n<meta property=\"og:type\" content=\"article\" \/>\n<meta property=\"og:title\" content=\"Le soleil brille aussi en automne !\" \/>\n<meta property=\"og:description\" content=\"Afin de r\u00e9pondre aux interrogations et attentes du public en mati\u00e8re d\u0092&rsquo;\u00e9nergie solaire, Swissolar, l\u0092&rsquo;association suisse des professionnels du solaire, organise, en septembre et octobre, une s\u00e9rie de cinq soir\u00e9es d&rsquo;\u0092information \u00e0 travers la Suisse romande sur le solaire thermique et photovolta\u00efque intitul\u00e9es \u00ab Energie solaire et nouveaux programmes attractifs de financement des cantons et [&hellip;]\" \/>\n<meta property=\"og:url\" content=\"https:\/\/batijournal.com\/index.php\/le-soleil-brille-aussi-en-automne\/71316\/\" \/>\n<meta property=\"og:site_name\" content=\"Batijournal\" \/>\n<meta property=\"article:published_time\" content=\"2009-09-10T22:00:00+00:00\" \/>\n<meta property=\"article:modified_time\" content=\"2019-07-15T10:22:38+00:00\" \/>\n<meta property=\"og:image\" content=\"https:\/\/batijournal.com\/wp-content\/uploads\/2015\/03\/06456097.jpg\" \/>\n\t<meta property=\"og:image:width\" content=\"600\" \/>\n\t<meta property=\"og:image:height\" content=\"398\" \/>\n\t<meta property=\"og:image:type\" content=\"image\/jpeg\" \/>\n<meta name=\"author\" content=\"Bati-journal\" \/>\n<meta name=\"twitter:card\" content=\"summary_large_image\" \/>\n<meta name=\"twitter:creator\" content=\"@bati_journal\" \/>\n<meta name=\"twitter:site\" content=\"@bati_journal\" \/>\n<meta name=\"twitter:label1\" content=\"\u00c9crit par\" \/>\n\t<meta name=\"twitter:data1\" content=\"Bati-journal\" \/>\n<script type=\"application\/ld+json\" class=\"yoast-schema-graph\">{\"@context\":\"https:\\\/\\\/schema.org\",\"@graph\":[{\"@type\":\"Article\",\"@id\":\"https:\\\/\\\/batijournal.com\\\/index.php\\\/le-soleil-brille-aussi-en-automne\\\/71316\\\/#article\",\"isPartOf\":{\"@id\":\"https:\\\/\\\/batijournal.com\\\/index.php\\\/le-soleil-brille-aussi-en-automne\\\/71316\\\/\"},\"author\":{\"name\":\"Bati-journal\",\"@id\":\"https:\\\/\\\/batijournal.com\\\/#\\\/schema\\\/person\\\/6a657e8967569e1b299972574848aa76\"},\"headline\":\"Le soleil brille aussi en automne !\",\"datePublished\":\"2009-09-10T22:00:00+00:00\",\"dateModified\":\"2019-07-15T10:22:38+00:00\",\"mainEntityOfPage\":{\"@id\":\"https:\\\/\\\/batijournal.com\\\/index.php\\\/le-soleil-brille-aussi-en-automne\\\/71316\\\/\"},\"wordCount\":91,\"commentCount\":0,\"image\":{\"@id\":\"https:\\\/\\\/batijournal.com\\\/index.php\\\/le-soleil-brille-aussi-en-automne\\\/71316\\\/#primaryimage\"},\"thumbnailUrl\":\"https:\\\/\\\/batijournal.com\\\/wp-content\\\/uploads\\\/2015\\\/03\\\/06456097.jpg\",\"keywords\":[\"Swissolar\"],\"articleSection\":[\"\u00c9nergie &amp; Environnement\"],\"inLanguage\":\"fr-FR\",\"potentialAction\":[{\"@type\":\"CommentAction\",\"name\":\"Comment\",\"target\":[\"https:\\\/\\\/batijournal.com\\\/index.php\\\/le-soleil-brille-aussi-en-automne\\\/71316\\\/#respond\"]}]},{\"@type\":\"WebPage\",\"@id\":\"https:\\\/\\\/batijournal.com\\\/index.php\\\/le-soleil-brille-aussi-en-automne\\\/71316\\\/\",\"url\":\"https:\\\/\\\/batijournal.com\\\/index.php\\\/le-soleil-brille-aussi-en-automne\\\/71316\\\/\",\"name\":\"Le soleil brille aussi en automne !\",\"isPartOf\":{\"@id\":\"https:\\\/\\\/batijournal.com\\\/#website\"},\"primaryImageOfPage\":{\"@id\":\"https:\\\/\\\/batijournal.com\\\/index.php\\\/le-soleil-brille-aussi-en-automne\\\/71316\\\/#primaryimage\"},\"image\":{\"@id\":\"https:\\\/\\\/batijournal.com\\\/index.php\\\/le-soleil-brille-aussi-en-automne\\\/71316\\\/#primaryimage\"},\"thumbnailUrl\":\"https:\\\/\\\/batijournal.com\\\/wp-content\\\/uploads\\\/2015\\\/03\\\/06456097.jpg\",\"datePublished\":\"2009-09-10T22:00:00+00:00\",\"dateModified\":\"2019-07-15T10:22:38+00:00\",\"author\":{\"@id\":\"https:\\\/\\\/batijournal.com\\\/#\\\/schema\\\/person\\\/6a657e8967569e1b299972574848aa76\"},\"breadcrumb\":{\"@id\":\"https:\\\/\\\/batijournal.com\\\/index.php\\\/le-soleil-brille-aussi-en-automne\\\/71316\\\/#breadcrumb\"},\"inLanguage\":\"fr-FR\",\"potentialAction\":[{\"@type\":\"ReadAction\",\"target\":[\"https:\\\/\\\/batijournal.com\\\/index.php\\\/le-soleil-brille-aussi-en-automne\\\/71316\\\/\"]}]},{\"@type\":\"ImageObject\",\"inLanguage\":\"fr-FR\",\"@id\":\"https:\\\/\\\/batijournal.com\\\/index.php\\\/le-soleil-brille-aussi-en-automne\\\/71316\\\/#primaryimage\",\"url\":\"https:\\\/\\\/batijournal.com\\\/wp-content\\\/uploads\\\/2015\\\/03\\\/06456097.jpg\",\"contentUrl\":\"https:\\\/\\\/batijournal.com\\\/wp-content\\\/uploads\\\/2015\\\/03\\\/06456097.jpg\",\"width\":600,\"height\":398},{\"@type\":\"BreadcrumbList\",\"@id\":\"https:\\\/\\\/batijournal.com\\\/index.php\\\/le-soleil-brille-aussi-en-automne\\\/71316\\\/#breadcrumb\",\"itemListElement\":[{\"@type\":\"ListItem\",\"position\":1,\"name\":\"Accueil\",\"item\":\"https:\\\/\\\/batijournal.com\\\/\"},{\"@type\":\"ListItem\",\"position\":2,\"name\":\"Actualit\u00e9s\",\"item\":\"https:\\\/\\\/batijournal.com\\\/index.php\\\/category\\\/actualites\\\/\"},{\"@type\":\"ListItem\",\"position\":3,\"name\":\"\u00c9nergie &amp; Environnement\",\"item\":\"https:\\\/\\\/batijournal.com\\\/index.php\\\/category\\\/actualites\\\/energie-environnement\\\/\"},{\"@type\":\"ListItem\",\"position\":4,\"name\":\"Le soleil brille aussi en automne !\"}]},{\"@type\":\"WebSite\",\"@id\":\"https:\\\/\\\/batijournal.com\\\/#website\",\"url\":\"https:\\\/\\\/batijournal.com\\\/\",\"name\":\"Batijournal\",\"description\":\"L&#039;actualit\u00e9 du b\u00e2timent\",\"potentialAction\":[{\"@type\":\"SearchAction\",\"target\":{\"@type\":\"EntryPoint\",\"urlTemplate\":\"https:\\\/\\\/batijournal.com\\\/?s={search_term_string}\"},\"query-input\":{\"@type\":\"PropertyValueSpecification\",\"valueRequired\":true,\"valueName\":\"search_term_string\"}}],\"inLanguage\":\"fr-FR\"},{\"@type\":\"Person\",\"@id\":\"https:\\\/\\\/batijournal.com\\\/#\\\/schema\\\/person\\\/6a657e8967569e1b299972574848aa76\",\"name\":\"Bati-journal\",\"image\":{\"@type\":\"ImageObject\",\"inLanguage\":\"fr-FR\",\"@id\":\"https:\\\/\\\/secure.gravatar.com\\\/avatar\\\/a64364ea26392f9b4dd47e017ddaec74ff03aefc073b49e492e847201258f777?s=96&d=mm&r=g\",\"url\":\"https:\\\/\\\/secure.gravatar.com\\\/avatar\\\/a64364ea26392f9b4dd47e017ddaec74ff03aefc073b49e492e847201258f777?s=96&d=mm&r=g\",\"contentUrl\":\"https:\\\/\\\/secure.gravatar.com\\\/avatar\\\/a64364ea26392f9b4dd47e017ddaec74ff03aefc073b49e492e847201258f777?s=96&d=mm&r=g\",\"caption\":\"Bati-journal\"},\"url\":\"https:\\\/\\\/batijournal.com\\\/index.php\\\/author\\\/elodie\\\/\"}]}<\/script>\n<!-- \/ Yoast SEO plugin. -->","yoast_head_json":{"title":"Le soleil brille aussi en automne !","robots":{"index":"index","follow":"follow","max-snippet":"max-snippet:-1","max-image-preview":"max-image-preview:large","max-video-preview":"max-video-preview:-1"},"canonical":"https:\/\/batijournal.com\/index.php\/le-soleil-brille-aussi-en-automne\/71316\/","og_locale":"fr_FR","og_type":"article","og_title":"Le soleil brille aussi en automne !","og_description":"Afin de r\u00e9pondre aux interrogations et attentes du public en mati\u00e8re d\u0092&rsquo;\u00e9nergie solaire, Swissolar, l\u0092&rsquo;association suisse des professionnels du solaire, organise, en septembre et octobre, une s\u00e9rie de cinq soir\u00e9es d&rsquo;\u0092information \u00e0 travers la Suisse romande sur le solaire thermique et photovolta\u00efque intitul\u00e9es \u00ab Energie solaire et nouveaux programmes attractifs de financement des cantons et [&hellip;]","og_url":"https:\/\/batijournal.com\/index.php\/le-soleil-brille-aussi-en-automne\/71316\/","og_site_name":"Batijournal","article_published_time":"2009-09-10T22:00:00+00:00","article_modified_time":"2019-07-15T10:22:38+00:00","og_image":[{"width":600,"height":398,"url":"https:\/\/batijournal.com\/wp-content\/uploads\/2015\/03\/06456097.jpg","type":"image\/jpeg"}],"author":"Bati-journal","twitter_card":"summary_large_image","twitter_creator":"@bati_journal","twitter_site":"@bati_journal","twitter_misc":{"\u00c9crit par":"Bati-journal"},"schema":{"@context":"https:\/\/schema.org","@graph":[{"@type":"Article","@id":"https:\/\/batijournal.com\/index.php\/le-soleil-brille-aussi-en-automne\/71316\/#article","isPartOf":{"@id":"https:\/\/batijournal.com\/index.php\/le-soleil-brille-aussi-en-automne\/71316\/"},"author":{"name":"Bati-journal","@id":"https:\/\/batijournal.com\/#\/schema\/person\/6a657e8967569e1b299972574848aa76"},"headline":"Le soleil brille aussi en automne !","datePublished":"2009-09-10T22:00:00+00:00","dateModified":"2019-07-15T10:22:38+00:00","mainEntityOfPage":{"@id":"https:\/\/batijournal.com\/index.php\/le-soleil-brille-aussi-en-automne\/71316\/"},"wordCount":91,"commentCount":0,"image":{"@id":"https:\/\/batijournal.com\/index.php\/le-soleil-brille-aussi-en-automne\/71316\/#primaryimage"},"thumbnailUrl":"https:\/\/batijournal.com\/wp-content\/uploads\/2015\/03\/06456097.jpg","keywords":["Swissolar"],"articleSection":["\u00c9nergie &amp; Environnement"],"inLanguage":"fr-FR","potentialAction":[{"@type":"CommentAction","name":"Comment","target":["https:\/\/batijournal.com\/index.php\/le-soleil-brille-aussi-en-automne\/71316\/#respond"]}]},{"@type":"WebPage","@id":"https:\/\/batijournal.com\/index.php\/le-soleil-brille-aussi-en-automne\/71316\/","url":"https:\/\/batijournal.com\/index.php\/le-soleil-brille-aussi-en-automne\/71316\/","name":"Le soleil brille aussi en automne !","isPartOf":{"@id":"https:\/\/batijournal.com\/#website"},"primaryImageOfPage":{"@id":"https:\/\/batijournal.com\/index.php\/le-soleil-brille-aussi-en-automne\/71316\/#primaryimage"},"image":{"@id":"https:\/\/batijournal.com\/index.php\/le-soleil-brille-aussi-en-automne\/71316\/#primaryimage"},"thumbnailUrl":"https:\/\/batijournal.com\/wp-content\/uploads\/2015\/03\/06456097.jpg","datePublished":"2009-09-10T22:00:00+00:00","dateModified":"2019-07-15T10:22:38+00:00","author":{"@id":"https:\/\/batijournal.com\/#\/schema\/person\/6a657e8967569e1b299972574848aa76"},"breadcrumb":{"@id":"https:\/\/batijournal.com\/index.php\/le-soleil-brille-aussi-en-automne\/71316\/#breadcrumb"},"inLanguage":"fr-FR","potentialAction":[{"@type":"ReadAction","target":["https:\/\/batijournal.com\/index.php\/le-soleil-brille-aussi-en-automne\/71316\/"]}]},{"@type":"ImageObject","inLanguage":"fr-FR","@id":"https:\/\/batijournal.com\/index.php\/le-soleil-brille-aussi-en-automne\/71316\/#primaryimage","url":"https:\/\/batijournal.com\/wp-content\/uploads\/2015\/03\/06456097.jpg","contentUrl":"https:\/\/batijournal.com\/wp-content\/uploads\/2015\/03\/06456097.jpg","width":600,"height":398},{"@type":"BreadcrumbList","@id":"https:\/\/batijournal.com\/index.php\/le-soleil-brille-aussi-en-automne\/71316\/#breadcrumb","itemListElement":[{"@type":"ListItem","position":1,"name":"Accueil","item":"https:\/\/batijournal.com\/"},{"@type":"ListItem","position":2,"name":"Actualit\u00e9s","item":"https:\/\/batijournal.com\/index.php\/category\/actualites\/"},{"@type":"ListItem","position":3,"name":"\u00c9nergie &amp; Environnement","item":"https:\/\/batijournal.com\/index.php\/category\/actualites\/energie-environnement\/"},{"@type":"ListItem","position":4,"name":"Le soleil brille aussi en automne !"}]},{"@type":"WebSite","@id":"https:\/\/batijournal.com\/#website","url":"https:\/\/batijournal.com\/","name":"Batijournal","description":"L&#039;actualit\u00e9 du b\u00e2timent","potentialAction":[{"@type":"SearchAction","target":{"@type":"EntryPoint","urlTemplate":"https:\/\/batijournal.com\/?s={search_term_string}"},"query-input":{"@type":"PropertyValueSpecification","valueRequired":true,"valueName":"search_term_string"}}],"inLanguage":"fr-FR"},{"@type":"Person","@id":"https:\/\/batijournal.com\/#\/schema\/person\/6a657e8967569e1b299972574848aa76","name":"Bati-journal","image":{"@type":"ImageObject","inLanguage":"fr-FR","@id":"https:\/\/secure.gravatar.com\/avatar\/a64364ea26392f9b4dd47e017ddaec74ff03aefc073b49e492e847201258f777?s=96&d=mm&r=g","url":"https:\/\/secure.gravatar.com\/avatar\/a64364ea26392f9b4dd47e017ddaec74ff03aefc073b49e492e847201258f777?s=96&d=mm&r=g","contentUrl":"https:\/\/secure.gravatar.com\/avatar\/a64364ea26392f9b4dd47e017ddaec74ff03aefc073b49e492e847201258f777?s=96&d=mm&r=g","caption":"Bati-journal"},"url":"https:\/\/batijournal.com\/index.php\/author\/elodie\/"}]}},"_links":{"self":[{"href":"https:\/\/batijournal.com\/index.php\/wp-json\/wp\/v2\/posts\/71316","targetHints":{"allow":["GET"]}}],"collection":[{"href":"https:\/\/batijournal.com\/index.php\/wp-json\/wp\/v2\/posts"}],"about":[{"href":"https:\/\/batijournal.com\/index.php\/wp-json\/wp\/v2\/types\/post"}],"author":[{"embeddable":true,"href":"https:\/\/batijournal.com\/index.php\/wp-json\/wp\/v2\/users\/1"}],"replies":[{"embeddable":true,"href":"https:\/\/batijournal.com\/index.php\/wp-json\/wp\/v2\/comments?post=71316"}],"version-history":[{"count":0,"href":"https:\/\/batijournal.com\/index.php\/wp-json\/wp\/v2\/posts\/71316\/revisions"}],"wp:featuredmedia":[{"embeddable":true,"href":"https:\/\/batijournal.com\/index.php\/wp-json\/wp\/v2\/media\/71317"}],"wp:attachment":[{"href":"https:\/\/batijournal.com\/index.php\/wp-json\/wp\/v2\/media?parent=71316"}],"wp:term":[{"taxonomy":"category","embeddable":true,"href":"https:\/\/batijournal.com\/index.php\/wp-json\/wp\/v2\/categories?post=71316"},{"taxonomy":"post_tag","embeddable":true,"href":"https:\/\/batijournal.com\/index.php\/wp-json\/wp\/v2\/tags?post=71316"}],"curies":[{"name":"wp","href":"https:\/\/api.w.org\/{rel}","templated":true}]}}