{"id":71350,"date":"2011-01-24T00:00:00","date_gmt":"2011-01-23T23:00:00","guid":{"rendered":"http:\/\/b.bati-journal.com\/les-francais-et-les-energies-renouvelables\/71350"},"modified":"2019-07-15T12:22:34","modified_gmt":"2019-07-15T10:22:34","slug":"les-francais-et-les-energies-renouvelables","status":"publish","type":"post","link":"https:\/\/batijournal.com\/index.php\/les-francais-et-les-energies-renouvelables\/71350\/","title":{"rendered":"Les Fran\u00e7ais et les \u00e9nergies renouvelables"},"content":{"rendered":"<p>L&rsquo;\u0092ADEME publie aujourd&rsquo;\u0092hui les r\u00e9sultats de son barom\u00e8tre annuel sur les Fran\u00e7ais et les \u00e9nergies renouvelables. L&rsquo;\u0092\u00e9dition 2010 confirme l\u0092&rsquo;attachement des Fran\u00e7ais \u00e0 ces \u00e9nergies nouvelles : 97% d\u0092&rsquo;entre eux se d\u00e9clarent favorables \u00e0 leur d\u00e9veloppement, un chiffre stable depuis plusieurs ann\u00e9es. Le barom\u00e8tre d\u00e9montre \u00e9galement une bonne acceptation des \u00e9nergies renouvelables \u00e0 la maison : 44% des personnes interrog\u00e9es consid\u00e8rent la possibilit\u00e9 de produire de l\u0092&rsquo;\u00e9lectricit\u00e9 \u00e0 domicile \u00e0 partir d\u0092&rsquo;\u00e9nergies renouvelables int\u00e9ressante, 28% d\u0092&rsquo;entre eux la jugent m\u00eame tr\u00e8s int\u00e9ressante. Cette \u00e9tude montre que le soutien des Fran\u00e7ais aux \u00e9nergies renouvelables reste sans faille. \u00ab Ces nouvelles \u00e9nergies devront, en 2020, repr\u00e9senter 20 % de notre consommation d&rsquo;\u0092\u00e9nergie et marquent le d\u00e9but d\u0092&rsquo;une formidable aventure industrielle\u00bb, pr\u00e9cise Nathalie Kosciusko-Morizet, ministre de l\u0092&rsquo;Ecologie, du D\u00e9veloppement durable, des Transports et du Logement.<\/p>\n","protected":false},"excerpt":{"rendered":"<p>L&rsquo;\u0092ADEME publie aujourd&rsquo;\u0092hui les r\u00e9sultats de son barom\u00e8tre annuel sur les Fran\u00e7ais et les \u00e9nergies renouvelables. L&rsquo;\u0092\u00e9dition 2010 confirme l\u0092&rsquo;attachement des Fran\u00e7ais \u00e0 ces \u00e9nergies nouvelles : 97% d\u0092&rsquo;entre eux se d\u00e9clarent favorables \u00e0 leur d\u00e9veloppement, un chiffre stable depuis plusieurs ann\u00e9es. Le barom\u00e8tre d\u00e9montre \u00e9galement une bonne acceptation des \u00e9nergies renouvelables \u00e0 la maison [&hellip;]<\/p>\n","protected":false},"author":1,"featured_media":0,"comment_status":"open","ping_status":"closed","sticky":false,"template":"","format":"standard","meta":{"_et_pb_use_builder":"","_et_pb_old_content":"","_et_gb_content_width":"","footnotes":""},"categories":[6351],"tags":[1628],"class_list":["post-71350","post","type-post","status-publish","format-standard","hentry","category-energie-environnement","tag-energies-renouvelables"],"yoast_head":"<!-- This site is optimized with the Yoast SEO plugin v27.4 - https:\/\/yoast.com\/product\/yoast-seo-wordpress\/ -->\n<title>Les Fran\u00e7ais et les \u00e9nergies renouvelables<\/title>\n<meta name=\"robots\" content=\"index, follow, max-snippet:-1, max-image-preview:large, max-video-preview:-1\" \/>\n<link rel=\"canonical\" href=\"https:\/\/batijournal.com\/index.php\/les-francais-et-les-energies-renouvelables\/71350\/\" \/>\n<meta property=\"og:locale\" content=\"fr_FR\" \/>\n<meta property=\"og:type\" content=\"article\" \/>\n<meta property=\"og:title\" content=\"Les Fran\u00e7ais et les \u00e9nergies renouvelables\" \/>\n<meta property=\"og:description\" content=\"L&rsquo;\u0092ADEME publie aujourd&rsquo;\u0092hui les r\u00e9sultats de son barom\u00e8tre annuel sur les Fran\u00e7ais et les \u00e9nergies renouvelables. L&rsquo;\u0092\u00e9dition 2010 confirme l\u0092&rsquo;attachement des Fran\u00e7ais \u00e0 ces \u00e9nergies nouvelles : 97% d\u0092&rsquo;entre eux se d\u00e9clarent favorables \u00e0 leur d\u00e9veloppement, un chiffre stable depuis plusieurs ann\u00e9es. Le barom\u00e8tre d\u00e9montre \u00e9galement une bonne acceptation des \u00e9nergies renouvelables \u00e0 la maison [&hellip;]\" \/>\n<meta property=\"og:url\" content=\"https:\/\/batijournal.com\/index.php\/les-francais-et-les-energies-renouvelables\/71350\/\" \/>\n<meta property=\"og:site_name\" content=\"Batijournal\" \/>\n<meta property=\"article:published_time\" content=\"2011-01-23T23:00:00+00:00\" \/>\n<meta property=\"article:modified_time\" content=\"2019-07-15T10:22:34+00:00\" \/>\n<meta name=\"author\" content=\"Bati-journal\" \/>\n<meta name=\"twitter:card\" content=\"summary_large_image\" \/>\n<meta name=\"twitter:creator\" content=\"@bati_journal\" \/>\n<meta name=\"twitter:site\" content=\"@bati_journal\" \/>\n<meta name=\"twitter:label1\" content=\"\u00c9crit par\" \/>\n\t<meta name=\"twitter:data1\" content=\"Bati-journal\" \/>\n\t<meta name=\"twitter:label2\" content=\"Dur\u00e9e de lecture estim\u00e9e\" \/>\n\t<meta name=\"twitter:data2\" content=\"1 minute\" \/>\n<script type=\"application\/ld+json\" class=\"yoast-schema-graph\">{\"@context\":\"https:\\\/\\\/schema.org\",\"@graph\":[{\"@type\":\"Article\",\"@id\":\"https:\\\/\\\/batijournal.com\\\/index.php\\\/les-francais-et-les-energies-renouvelables\\\/71350\\\/#article\",\"isPartOf\":{\"@id\":\"https:\\\/\\\/batijournal.com\\\/index.php\\\/les-francais-et-les-energies-renouvelables\\\/71350\\\/\"},\"author\":{\"name\":\"Bati-journal\",\"@id\":\"https:\\\/\\\/batijournal.com\\\/#\\\/schema\\\/person\\\/6a657e8967569e1b299972574848aa76\"},\"headline\":\"Les Fran\u00e7ais et les \u00e9nergies renouvelables\",\"datePublished\":\"2011-01-23T23:00:00+00:00\",\"dateModified\":\"2019-07-15T10:22:34+00:00\",\"mainEntityOfPage\":{\"@id\":\"https:\\\/\\\/batijournal.com\\\/index.php\\\/les-francais-et-les-energies-renouvelables\\\/71350\\\/\"},\"wordCount\":155,\"commentCount\":0,\"keywords\":[\"\u00e9nergies renouvelables\"],\"articleSection\":[\"\u00c9nergie &amp; Environnement\"],\"inLanguage\":\"fr-FR\",\"potentialAction\":[{\"@type\":\"CommentAction\",\"name\":\"Comment\",\"target\":[\"https:\\\/\\\/batijournal.com\\\/index.php\\\/les-francais-et-les-energies-renouvelables\\\/71350\\\/#respond\"]}]},{\"@type\":\"WebPage\",\"@id\":\"https:\\\/\\\/batijournal.com\\\/index.php\\\/les-francais-et-les-energies-renouvelables\\\/71350\\\/\",\"url\":\"https:\\\/\\\/batijournal.com\\\/index.php\\\/les-francais-et-les-energies-renouvelables\\\/71350\\\/\",\"name\":\"Les Fran\u00e7ais et les \u00e9nergies renouvelables\",\"isPartOf\":{\"@id\":\"https:\\\/\\\/batijournal.com\\\/#website\"},\"datePublished\":\"2011-01-23T23:00:00+00:00\",\"dateModified\":\"2019-07-15T10:22:34+00:00\",\"author\":{\"@id\":\"https:\\\/\\\/batijournal.com\\\/#\\\/schema\\\/person\\\/6a657e8967569e1b299972574848aa76\"},\"breadcrumb\":{\"@id\":\"https:\\\/\\\/batijournal.com\\\/index.php\\\/les-francais-et-les-energies-renouvelables\\\/71350\\\/#breadcrumb\"},\"inLanguage\":\"fr-FR\",\"potentialAction\":[{\"@type\":\"ReadAction\",\"target\":[\"https:\\\/\\\/batijournal.com\\\/index.php\\\/les-francais-et-les-energies-renouvelables\\\/71350\\\/\"]}]},{\"@type\":\"BreadcrumbList\",\"@id\":\"https:\\\/\\\/batijournal.com\\\/index.php\\\/les-francais-et-les-energies-renouvelables\\\/71350\\\/#breadcrumb\",\"itemListElement\":[{\"@type\":\"ListItem\",\"position\":1,\"name\":\"Accueil\",\"item\":\"https:\\\/\\\/batijournal.com\\\/\"},{\"@type\":\"ListItem\",\"position\":2,\"name\":\"Actualit\u00e9s\",\"item\":\"https:\\\/\\\/batijournal.com\\\/index.php\\\/category\\\/actualites\\\/\"},{\"@type\":\"ListItem\",\"position\":3,\"name\":\"\u00c9nergie &amp; Environnement\",\"item\":\"https:\\\/\\\/batijournal.com\\\/index.php\\\/category\\\/actualites\\\/energie-environnement\\\/\"},{\"@type\":\"ListItem\",\"position\":4,\"name\":\"Les Fran\u00e7ais et les \u00e9nergies renouvelables\"}]},{\"@type\":\"WebSite\",\"@id\":\"https:\\\/\\\/batijournal.com\\\/#website\",\"url\":\"https:\\\/\\\/batijournal.com\\\/\",\"name\":\"Batijournal\",\"description\":\"L&#039;actualit\u00e9 du b\u00e2timent\",\"potentialAction\":[{\"@type\":\"SearchAction\",\"target\":{\"@type\":\"EntryPoint\",\"urlTemplate\":\"https:\\\/\\\/batijournal.com\\\/?s={search_term_string}\"},\"query-input\":{\"@type\":\"PropertyValueSpecification\",\"valueRequired\":true,\"valueName\":\"search_term_string\"}}],\"inLanguage\":\"fr-FR\"},{\"@type\":\"Person\",\"@id\":\"https:\\\/\\\/batijournal.com\\\/#\\\/schema\\\/person\\\/6a657e8967569e1b299972574848aa76\",\"name\":\"Bati-journal\",\"image\":{\"@type\":\"ImageObject\",\"inLanguage\":\"fr-FR\",\"@id\":\"https:\\\/\\\/secure.gravatar.com\\\/avatar\\\/a64364ea26392f9b4dd47e017ddaec74ff03aefc073b49e492e847201258f777?s=96&d=mm&r=g\",\"url\":\"https:\\\/\\\/secure.gravatar.com\\\/avatar\\\/a64364ea26392f9b4dd47e017ddaec74ff03aefc073b49e492e847201258f777?s=96&d=mm&r=g\",\"contentUrl\":\"https:\\\/\\\/secure.gravatar.com\\\/avatar\\\/a64364ea26392f9b4dd47e017ddaec74ff03aefc073b49e492e847201258f777?s=96&d=mm&r=g\",\"caption\":\"Bati-journal\"},\"url\":\"https:\\\/\\\/batijournal.com\\\/index.php\\\/author\\\/elodie\\\/\"}]}<\/script>\n<!-- \/ Yoast SEO plugin. -->","yoast_head_json":{"title":"Les Fran\u00e7ais et les \u00e9nergies renouvelables","robots":{"index":"index","follow":"follow","max-snippet":"max-snippet:-1","max-image-preview":"max-image-preview:large","max-video-preview":"max-video-preview:-1"},"canonical":"https:\/\/batijournal.com\/index.php\/les-francais-et-les-energies-renouvelables\/71350\/","og_locale":"fr_FR","og_type":"article","og_title":"Les Fran\u00e7ais et les \u00e9nergies renouvelables","og_description":"L&rsquo;\u0092ADEME publie aujourd&rsquo;\u0092hui les r\u00e9sultats de son barom\u00e8tre annuel sur les Fran\u00e7ais et les \u00e9nergies renouvelables. L&rsquo;\u0092\u00e9dition 2010 confirme l\u0092&rsquo;attachement des Fran\u00e7ais \u00e0 ces \u00e9nergies nouvelles : 97% d\u0092&rsquo;entre eux se d\u00e9clarent favorables \u00e0 leur d\u00e9veloppement, un chiffre stable depuis plusieurs ann\u00e9es. Le barom\u00e8tre d\u00e9montre \u00e9galement une bonne acceptation des \u00e9nergies renouvelables \u00e0 la maison [&hellip;]","og_url":"https:\/\/batijournal.com\/index.php\/les-francais-et-les-energies-renouvelables\/71350\/","og_site_name":"Batijournal","article_published_time":"2011-01-23T23:00:00+00:00","article_modified_time":"2019-07-15T10:22:34+00:00","author":"Bati-journal","twitter_card":"summary_large_image","twitter_creator":"@bati_journal","twitter_site":"@bati_journal","twitter_misc":{"\u00c9crit par":"Bati-journal","Dur\u00e9e de lecture estim\u00e9e":"1 minute"},"schema":{"@context":"https:\/\/schema.org","@graph":[{"@type":"Article","@id":"https:\/\/batijournal.com\/index.php\/les-francais-et-les-energies-renouvelables\/71350\/#article","isPartOf":{"@id":"https:\/\/batijournal.com\/index.php\/les-francais-et-les-energies-renouvelables\/71350\/"},"author":{"name":"Bati-journal","@id":"https:\/\/batijournal.com\/#\/schema\/person\/6a657e8967569e1b299972574848aa76"},"headline":"Les Fran\u00e7ais et les \u00e9nergies renouvelables","datePublished":"2011-01-23T23:00:00+00:00","dateModified":"2019-07-15T10:22:34+00:00","mainEntityOfPage":{"@id":"https:\/\/batijournal.com\/index.php\/les-francais-et-les-energies-renouvelables\/71350\/"},"wordCount":155,"commentCount":0,"keywords":["\u00e9nergies renouvelables"],"articleSection":["\u00c9nergie &amp; Environnement"],"inLanguage":"fr-FR","potentialAction":[{"@type":"CommentAction","name":"Comment","target":["https:\/\/batijournal.com\/index.php\/les-francais-et-les-energies-renouvelables\/71350\/#respond"]}]},{"@type":"WebPage","@id":"https:\/\/batijournal.com\/index.php\/les-francais-et-les-energies-renouvelables\/71350\/","url":"https:\/\/batijournal.com\/index.php\/les-francais-et-les-energies-renouvelables\/71350\/","name":"Les Fran\u00e7ais et les \u00e9nergies renouvelables","isPartOf":{"@id":"https:\/\/batijournal.com\/#website"},"datePublished":"2011-01-23T23:00:00+00:00","dateModified":"2019-07-15T10:22:34+00:00","author":{"@id":"https:\/\/batijournal.com\/#\/schema\/person\/6a657e8967569e1b299972574848aa76"},"breadcrumb":{"@id":"https:\/\/batijournal.com\/index.php\/les-francais-et-les-energies-renouvelables\/71350\/#breadcrumb"},"inLanguage":"fr-FR","potentialAction":[{"@type":"ReadAction","target":["https:\/\/batijournal.com\/index.php\/les-francais-et-les-energies-renouvelables\/71350\/"]}]},{"@type":"BreadcrumbList","@id":"https:\/\/batijournal.com\/index.php\/les-francais-et-les-energies-renouvelables\/71350\/#breadcrumb","itemListElement":[{"@type":"ListItem","position":1,"name":"Accueil","item":"https:\/\/batijournal.com\/"},{"@type":"ListItem","position":2,"name":"Actualit\u00e9s","item":"https:\/\/batijournal.com\/index.php\/category\/actualites\/"},{"@type":"ListItem","position":3,"name":"\u00c9nergie &amp; Environnement","item":"https:\/\/batijournal.com\/index.php\/category\/actualites\/energie-environnement\/"},{"@type":"ListItem","position":4,"name":"Les Fran\u00e7ais et les \u00e9nergies renouvelables"}]},{"@type":"WebSite","@id":"https:\/\/batijournal.com\/#website","url":"https:\/\/batijournal.com\/","name":"Batijournal","description":"L&#039;actualit\u00e9 du b\u00e2timent","potentialAction":[{"@type":"SearchAction","target":{"@type":"EntryPoint","urlTemplate":"https:\/\/batijournal.com\/?s={search_term_string}"},"query-input":{"@type":"PropertyValueSpecification","valueRequired":true,"valueName":"search_term_string"}}],"inLanguage":"fr-FR"},{"@type":"Person","@id":"https:\/\/batijournal.com\/#\/schema\/person\/6a657e8967569e1b299972574848aa76","name":"Bati-journal","image":{"@type":"ImageObject","inLanguage":"fr-FR","@id":"https:\/\/secure.gravatar.com\/avatar\/a64364ea26392f9b4dd47e017ddaec74ff03aefc073b49e492e847201258f777?s=96&d=mm&r=g","url":"https:\/\/secure.gravatar.com\/avatar\/a64364ea26392f9b4dd47e017ddaec74ff03aefc073b49e492e847201258f777?s=96&d=mm&r=g","contentUrl":"https:\/\/secure.gravatar.com\/avatar\/a64364ea26392f9b4dd47e017ddaec74ff03aefc073b49e492e847201258f777?s=96&d=mm&r=g","caption":"Bati-journal"},"url":"https:\/\/batijournal.com\/index.php\/author\/elodie\/"}]}},"_links":{"self":[{"href":"https:\/\/batijournal.com\/index.php\/wp-json\/wp\/v2\/posts\/71350","targetHints":{"allow":["GET"]}}],"collection":[{"href":"https:\/\/batijournal.com\/index.php\/wp-json\/wp\/v2\/posts"}],"about":[{"href":"https:\/\/batijournal.com\/index.php\/wp-json\/wp\/v2\/types\/post"}],"author":[{"embeddable":true,"href":"https:\/\/batijournal.com\/index.php\/wp-json\/wp\/v2\/users\/1"}],"replies":[{"embeddable":true,"href":"https:\/\/batijournal.com\/index.php\/wp-json\/wp\/v2\/comments?post=71350"}],"version-history":[{"count":0,"href":"https:\/\/batijournal.com\/index.php\/wp-json\/wp\/v2\/posts\/71350\/revisions"}],"wp:attachment":[{"href":"https:\/\/batijournal.com\/index.php\/wp-json\/wp\/v2\/media?parent=71350"}],"wp:term":[{"taxonomy":"category","embeddable":true,"href":"https:\/\/batijournal.com\/index.php\/wp-json\/wp\/v2\/categories?post=71350"},{"taxonomy":"post_tag","embeddable":true,"href":"https:\/\/batijournal.com\/index.php\/wp-json\/wp\/v2\/tags?post=71350"}],"curies":[{"name":"wp","href":"https:\/\/api.w.org\/{rel}","templated":true}]}}