{"id":71364,"date":"2011-03-30T00:00:00","date_gmt":"2011-03-29T22:00:00","guid":{"rendered":"http:\/\/b.bati-journal.com\/congres-swissolar-photovoltaique-suisse-2011\/71364"},"modified":"2019-07-15T12:22:33","modified_gmt":"2019-07-15T10:22:33","slug":"congres-swissolar-photovoltaique-suisse-2011","status":"publish","type":"post","link":"https:\/\/batijournal.com\/index.php\/congres-swissolar-photovoltaique-suisse-2011\/71364\/","title":{"rendered":"Congr\u00e8s Swissolar Photovolta\u00efque Suisse 2011"},"content":{"rendered":"<p>Les 13 et 14 avril 2011, se tiendra \u00e0 Forum Fribourg, dans le cadre d&rsquo;\u0092energissima, le salon des \u00e9nergies renouvelables, le Congr\u00e8s Swissolar Photovolta\u00efque Suisse 2011. Le th\u00e8me central choisi pour cette manifestation, qui est \u00e9galement l\u0092&rsquo;objectif soutenu par Swissolar, \u00e0 savoir 10 % d&rsquo;\u0092\u00e9lectricit\u00e9 solaire d\u0092&rsquo;ici 2025, rassemblera des personnalit\u00e9s issues de l&rsquo;\u0092\u00e9conomie, de la politique, de la recherche et de l&rsquo;\u0092approvisionnement en \u00e9nergie, lesquelles exposeront les moyens d\u0092&rsquo;atteindre ce but. Le programme et un formulaire d\u0092&rsquo;inscription sont disponibles sur le site<\/p>\n","protected":false},"excerpt":{"rendered":"<p>Les 13 et 14 avril 2011, se tiendra \u00e0 Forum Fribourg, dans le cadre d&rsquo;\u0092energissima, le salon des \u00e9nergies renouvelables, le Congr\u00e8s Swissolar Photovolta\u00efque Suisse 2011. Le th\u00e8me central choisi pour cette manifestation, qui est \u00e9galement l\u0092&rsquo;objectif soutenu par Swissolar, \u00e0 savoir 10 % d&rsquo;\u0092\u00e9lectricit\u00e9 solaire d\u0092&rsquo;ici 2025, rassemblera des personnalit\u00e9s issues de l&rsquo;\u0092\u00e9conomie, de [&hellip;]<\/p>\n","protected":false},"author":1,"featured_media":0,"comment_status":"open","ping_status":"closed","sticky":false,"template":"","format":"standard","meta":{"_et_pb_use_builder":"","_et_pb_old_content":"","_et_gb_content_width":"","footnotes":""},"categories":[6351],"tags":[464],"class_list":["post-71364","post","type-post","status-publish","format-standard","hentry","category-energie-environnement","tag-photovoltaique"],"yoast_head":"<!-- This site is optimized with the Yoast SEO plugin v27.4 - https:\/\/yoast.com\/product\/yoast-seo-wordpress\/ -->\n<title>Congr\u00e8s Swissolar Photovolta\u00efque Suisse 2011<\/title>\n<meta name=\"robots\" content=\"index, follow, max-snippet:-1, max-image-preview:large, max-video-preview:-1\" \/>\n<link rel=\"canonical\" href=\"https:\/\/batijournal.com\/index.php\/congres-swissolar-photovoltaique-suisse-2011\/71364\/\" \/>\n<meta property=\"og:locale\" content=\"fr_FR\" \/>\n<meta property=\"og:type\" content=\"article\" \/>\n<meta property=\"og:title\" content=\"Congr\u00e8s Swissolar Photovolta\u00efque Suisse 2011\" \/>\n<meta property=\"og:description\" content=\"Les 13 et 14 avril 2011, se tiendra \u00e0 Forum Fribourg, dans le cadre d&rsquo;\u0092energissima, le salon des \u00e9nergies renouvelables, le Congr\u00e8s Swissolar Photovolta\u00efque Suisse 2011. Le th\u00e8me central choisi pour cette manifestation, qui est \u00e9galement l\u0092&rsquo;objectif soutenu par Swissolar, \u00e0 savoir 10 % d&rsquo;\u0092\u00e9lectricit\u00e9 solaire d\u0092&rsquo;ici 2025, rassemblera des personnalit\u00e9s issues de l&rsquo;\u0092\u00e9conomie, de [&hellip;]\" \/>\n<meta property=\"og:url\" content=\"https:\/\/batijournal.com\/index.php\/congres-swissolar-photovoltaique-suisse-2011\/71364\/\" \/>\n<meta property=\"og:site_name\" content=\"Batijournal\" \/>\n<meta property=\"article:published_time\" content=\"2011-03-29T22:00:00+00:00\" \/>\n<meta property=\"article:modified_time\" content=\"2019-07-15T10:22:33+00:00\" \/>\n<meta name=\"author\" content=\"Bati-journal\" \/>\n<meta name=\"twitter:card\" content=\"summary_large_image\" \/>\n<meta name=\"twitter:creator\" content=\"@bati_journal\" \/>\n<meta name=\"twitter:site\" content=\"@bati_journal\" \/>\n<meta name=\"twitter:label1\" content=\"\u00c9crit par\" \/>\n\t<meta name=\"twitter:data1\" content=\"Bati-journal\" \/>\n<script type=\"application\/ld+json\" class=\"yoast-schema-graph\">{\"@context\":\"https:\\\/\\\/schema.org\",\"@graph\":[{\"@type\":\"Article\",\"@id\":\"https:\\\/\\\/batijournal.com\\\/index.php\\\/congres-swissolar-photovoltaique-suisse-2011\\\/71364\\\/#article\",\"isPartOf\":{\"@id\":\"https:\\\/\\\/batijournal.com\\\/index.php\\\/congres-swissolar-photovoltaique-suisse-2011\\\/71364\\\/\"},\"author\":{\"name\":\"Bati-journal\",\"@id\":\"https:\\\/\\\/batijournal.com\\\/#\\\/schema\\\/person\\\/6a657e8967569e1b299972574848aa76\"},\"headline\":\"Congr\u00e8s Swissolar Photovolta\u00efque Suisse 2011\",\"datePublished\":\"2011-03-29T22:00:00+00:00\",\"dateModified\":\"2019-07-15T10:22:33+00:00\",\"mainEntityOfPage\":{\"@id\":\"https:\\\/\\\/batijournal.com\\\/index.php\\\/congres-swissolar-photovoltaique-suisse-2011\\\/71364\\\/\"},\"wordCount\":92,\"commentCount\":0,\"keywords\":[\"photovolta\u00efque\"],\"articleSection\":[\"\u00c9nergie &amp; Environnement\"],\"inLanguage\":\"fr-FR\",\"potentialAction\":[{\"@type\":\"CommentAction\",\"name\":\"Comment\",\"target\":[\"https:\\\/\\\/batijournal.com\\\/index.php\\\/congres-swissolar-photovoltaique-suisse-2011\\\/71364\\\/#respond\"]}]},{\"@type\":\"WebPage\",\"@id\":\"https:\\\/\\\/batijournal.com\\\/index.php\\\/congres-swissolar-photovoltaique-suisse-2011\\\/71364\\\/\",\"url\":\"https:\\\/\\\/batijournal.com\\\/index.php\\\/congres-swissolar-photovoltaique-suisse-2011\\\/71364\\\/\",\"name\":\"Congr\u00e8s Swissolar Photovolta\u00efque Suisse 2011\",\"isPartOf\":{\"@id\":\"https:\\\/\\\/batijournal.com\\\/#website\"},\"datePublished\":\"2011-03-29T22:00:00+00:00\",\"dateModified\":\"2019-07-15T10:22:33+00:00\",\"author\":{\"@id\":\"https:\\\/\\\/batijournal.com\\\/#\\\/schema\\\/person\\\/6a657e8967569e1b299972574848aa76\"},\"breadcrumb\":{\"@id\":\"https:\\\/\\\/batijournal.com\\\/index.php\\\/congres-swissolar-photovoltaique-suisse-2011\\\/71364\\\/#breadcrumb\"},\"inLanguage\":\"fr-FR\",\"potentialAction\":[{\"@type\":\"ReadAction\",\"target\":[\"https:\\\/\\\/batijournal.com\\\/index.php\\\/congres-swissolar-photovoltaique-suisse-2011\\\/71364\\\/\"]}]},{\"@type\":\"BreadcrumbList\",\"@id\":\"https:\\\/\\\/batijournal.com\\\/index.php\\\/congres-swissolar-photovoltaique-suisse-2011\\\/71364\\\/#breadcrumb\",\"itemListElement\":[{\"@type\":\"ListItem\",\"position\":1,\"name\":\"Accueil\",\"item\":\"https:\\\/\\\/batijournal.com\\\/\"},{\"@type\":\"ListItem\",\"position\":2,\"name\":\"Actualit\u00e9s\",\"item\":\"https:\\\/\\\/batijournal.com\\\/index.php\\\/category\\\/actualites\\\/\"},{\"@type\":\"ListItem\",\"position\":3,\"name\":\"\u00c9nergie &amp; Environnement\",\"item\":\"https:\\\/\\\/batijournal.com\\\/index.php\\\/category\\\/actualites\\\/energie-environnement\\\/\"},{\"@type\":\"ListItem\",\"position\":4,\"name\":\"Congr\u00e8s Swissolar Photovolta\u00efque Suisse 2011\"}]},{\"@type\":\"WebSite\",\"@id\":\"https:\\\/\\\/batijournal.com\\\/#website\",\"url\":\"https:\\\/\\\/batijournal.com\\\/\",\"name\":\"Batijournal\",\"description\":\"L&#039;actualit\u00e9 du b\u00e2timent\",\"potentialAction\":[{\"@type\":\"SearchAction\",\"target\":{\"@type\":\"EntryPoint\",\"urlTemplate\":\"https:\\\/\\\/batijournal.com\\\/?s={search_term_string}\"},\"query-input\":{\"@type\":\"PropertyValueSpecification\",\"valueRequired\":true,\"valueName\":\"search_term_string\"}}],\"inLanguage\":\"fr-FR\"},{\"@type\":\"Person\",\"@id\":\"https:\\\/\\\/batijournal.com\\\/#\\\/schema\\\/person\\\/6a657e8967569e1b299972574848aa76\",\"name\":\"Bati-journal\",\"image\":{\"@type\":\"ImageObject\",\"inLanguage\":\"fr-FR\",\"@id\":\"https:\\\/\\\/secure.gravatar.com\\\/avatar\\\/a64364ea26392f9b4dd47e017ddaec74ff03aefc073b49e492e847201258f777?s=96&d=mm&r=g\",\"url\":\"https:\\\/\\\/secure.gravatar.com\\\/avatar\\\/a64364ea26392f9b4dd47e017ddaec74ff03aefc073b49e492e847201258f777?s=96&d=mm&r=g\",\"contentUrl\":\"https:\\\/\\\/secure.gravatar.com\\\/avatar\\\/a64364ea26392f9b4dd47e017ddaec74ff03aefc073b49e492e847201258f777?s=96&d=mm&r=g\",\"caption\":\"Bati-journal\"},\"url\":\"https:\\\/\\\/batijournal.com\\\/index.php\\\/author\\\/elodie\\\/\"}]}<\/script>\n<!-- \/ Yoast SEO plugin. -->","yoast_head_json":{"title":"Congr\u00e8s Swissolar Photovolta\u00efque Suisse 2011","robots":{"index":"index","follow":"follow","max-snippet":"max-snippet:-1","max-image-preview":"max-image-preview:large","max-video-preview":"max-video-preview:-1"},"canonical":"https:\/\/batijournal.com\/index.php\/congres-swissolar-photovoltaique-suisse-2011\/71364\/","og_locale":"fr_FR","og_type":"article","og_title":"Congr\u00e8s Swissolar Photovolta\u00efque Suisse 2011","og_description":"Les 13 et 14 avril 2011, se tiendra \u00e0 Forum Fribourg, dans le cadre d&rsquo;\u0092energissima, le salon des \u00e9nergies renouvelables, le Congr\u00e8s Swissolar Photovolta\u00efque Suisse 2011. Le th\u00e8me central choisi pour cette manifestation, qui est \u00e9galement l\u0092&rsquo;objectif soutenu par Swissolar, \u00e0 savoir 10 % d&rsquo;\u0092\u00e9lectricit\u00e9 solaire d\u0092&rsquo;ici 2025, rassemblera des personnalit\u00e9s issues de l&rsquo;\u0092\u00e9conomie, de [&hellip;]","og_url":"https:\/\/batijournal.com\/index.php\/congres-swissolar-photovoltaique-suisse-2011\/71364\/","og_site_name":"Batijournal","article_published_time":"2011-03-29T22:00:00+00:00","article_modified_time":"2019-07-15T10:22:33+00:00","author":"Bati-journal","twitter_card":"summary_large_image","twitter_creator":"@bati_journal","twitter_site":"@bati_journal","twitter_misc":{"\u00c9crit par":"Bati-journal"},"schema":{"@context":"https:\/\/schema.org","@graph":[{"@type":"Article","@id":"https:\/\/batijournal.com\/index.php\/congres-swissolar-photovoltaique-suisse-2011\/71364\/#article","isPartOf":{"@id":"https:\/\/batijournal.com\/index.php\/congres-swissolar-photovoltaique-suisse-2011\/71364\/"},"author":{"name":"Bati-journal","@id":"https:\/\/batijournal.com\/#\/schema\/person\/6a657e8967569e1b299972574848aa76"},"headline":"Congr\u00e8s Swissolar Photovolta\u00efque Suisse 2011","datePublished":"2011-03-29T22:00:00+00:00","dateModified":"2019-07-15T10:22:33+00:00","mainEntityOfPage":{"@id":"https:\/\/batijournal.com\/index.php\/congres-swissolar-photovoltaique-suisse-2011\/71364\/"},"wordCount":92,"commentCount":0,"keywords":["photovolta\u00efque"],"articleSection":["\u00c9nergie &amp; Environnement"],"inLanguage":"fr-FR","potentialAction":[{"@type":"CommentAction","name":"Comment","target":["https:\/\/batijournal.com\/index.php\/congres-swissolar-photovoltaique-suisse-2011\/71364\/#respond"]}]},{"@type":"WebPage","@id":"https:\/\/batijournal.com\/index.php\/congres-swissolar-photovoltaique-suisse-2011\/71364\/","url":"https:\/\/batijournal.com\/index.php\/congres-swissolar-photovoltaique-suisse-2011\/71364\/","name":"Congr\u00e8s Swissolar Photovolta\u00efque Suisse 2011","isPartOf":{"@id":"https:\/\/batijournal.com\/#website"},"datePublished":"2011-03-29T22:00:00+00:00","dateModified":"2019-07-15T10:22:33+00:00","author":{"@id":"https:\/\/batijournal.com\/#\/schema\/person\/6a657e8967569e1b299972574848aa76"},"breadcrumb":{"@id":"https:\/\/batijournal.com\/index.php\/congres-swissolar-photovoltaique-suisse-2011\/71364\/#breadcrumb"},"inLanguage":"fr-FR","potentialAction":[{"@type":"ReadAction","target":["https:\/\/batijournal.com\/index.php\/congres-swissolar-photovoltaique-suisse-2011\/71364\/"]}]},{"@type":"BreadcrumbList","@id":"https:\/\/batijournal.com\/index.php\/congres-swissolar-photovoltaique-suisse-2011\/71364\/#breadcrumb","itemListElement":[{"@type":"ListItem","position":1,"name":"Accueil","item":"https:\/\/batijournal.com\/"},{"@type":"ListItem","position":2,"name":"Actualit\u00e9s","item":"https:\/\/batijournal.com\/index.php\/category\/actualites\/"},{"@type":"ListItem","position":3,"name":"\u00c9nergie &amp; Environnement","item":"https:\/\/batijournal.com\/index.php\/category\/actualites\/energie-environnement\/"},{"@type":"ListItem","position":4,"name":"Congr\u00e8s Swissolar Photovolta\u00efque Suisse 2011"}]},{"@type":"WebSite","@id":"https:\/\/batijournal.com\/#website","url":"https:\/\/batijournal.com\/","name":"Batijournal","description":"L&#039;actualit\u00e9 du b\u00e2timent","potentialAction":[{"@type":"SearchAction","target":{"@type":"EntryPoint","urlTemplate":"https:\/\/batijournal.com\/?s={search_term_string}"},"query-input":{"@type":"PropertyValueSpecification","valueRequired":true,"valueName":"search_term_string"}}],"inLanguage":"fr-FR"},{"@type":"Person","@id":"https:\/\/batijournal.com\/#\/schema\/person\/6a657e8967569e1b299972574848aa76","name":"Bati-journal","image":{"@type":"ImageObject","inLanguage":"fr-FR","@id":"https:\/\/secure.gravatar.com\/avatar\/a64364ea26392f9b4dd47e017ddaec74ff03aefc073b49e492e847201258f777?s=96&d=mm&r=g","url":"https:\/\/secure.gravatar.com\/avatar\/a64364ea26392f9b4dd47e017ddaec74ff03aefc073b49e492e847201258f777?s=96&d=mm&r=g","contentUrl":"https:\/\/secure.gravatar.com\/avatar\/a64364ea26392f9b4dd47e017ddaec74ff03aefc073b49e492e847201258f777?s=96&d=mm&r=g","caption":"Bati-journal"},"url":"https:\/\/batijournal.com\/index.php\/author\/elodie\/"}]}},"_links":{"self":[{"href":"https:\/\/batijournal.com\/index.php\/wp-json\/wp\/v2\/posts\/71364","targetHints":{"allow":["GET"]}}],"collection":[{"href":"https:\/\/batijournal.com\/index.php\/wp-json\/wp\/v2\/posts"}],"about":[{"href":"https:\/\/batijournal.com\/index.php\/wp-json\/wp\/v2\/types\/post"}],"author":[{"embeddable":true,"href":"https:\/\/batijournal.com\/index.php\/wp-json\/wp\/v2\/users\/1"}],"replies":[{"embeddable":true,"href":"https:\/\/batijournal.com\/index.php\/wp-json\/wp\/v2\/comments?post=71364"}],"version-history":[{"count":0,"href":"https:\/\/batijournal.com\/index.php\/wp-json\/wp\/v2\/posts\/71364\/revisions"}],"wp:attachment":[{"href":"https:\/\/batijournal.com\/index.php\/wp-json\/wp\/v2\/media?parent=71364"}],"wp:term":[{"taxonomy":"category","embeddable":true,"href":"https:\/\/batijournal.com\/index.php\/wp-json\/wp\/v2\/categories?post=71364"},{"taxonomy":"post_tag","embeddable":true,"href":"https:\/\/batijournal.com\/index.php\/wp-json\/wp\/v2\/tags?post=71364"}],"curies":[{"name":"wp","href":"https:\/\/api.w.org\/{rel}","templated":true}]}}