{"id":71379,"date":"2011-06-09T00:00:00","date_gmt":"2011-06-08T22:00:00","guid":{"rendered":"http:\/\/b.bati-journal.com\/appel-d%c2%92offres-photovoltaique-un-calendrier-juge-inadapte\/71379"},"modified":"2019-07-15T12:22:31","modified_gmt":"2019-07-15T10:22:31","slug":"appel-d%c2%92offres-photovoltaique-un-calendrier-juge-inadapte","status":"publish","type":"post","link":"https:\/\/batijournal.com\/index.php\/appel-d%c2%92offres-photovoltaique-un-calendrier-juge-inadapte\/71379\/","title":{"rendered":"Appel d\u0092&rsquo;offres photovolta\u00efque : un calendrier jug\u00e9 inadapt\u00e9"},"content":{"rendered":"<p>Les professionnels de SOLER, branche photovolta\u00efque du Syndicat des \u00e9nergies renouvelables, ont pris connaissance du projet de cahiers des charges des appels d\u0092offres mis en consultation par les Pouvoirs publics. Ils constatent que les d\u00e9lais pr\u00e9vus dans ce projet sont incompatibles avec la r\u00e9alisation des 500 MW de nouveaux projets en 2011. En effet, le d\u00e9lai de r\u00e9ponse aux appels d\u0092offres est de six mois, du fait d\u0092&rsquo;une r\u00e8glementation europ\u00e9enne incontournable, et il s&rsquo;\u0092ajoutera au d\u00e9lai d&rsquo;\u0092instruction des projets par la CRE. Ces d\u00e9lais auront deux cons\u00e9quences importantes, selon SOLER. La premi\u00e8re est que le flux de nouveaux projets en 2011 sera uniquement celui du dispositif tarifaire, au mieux 200 MW. La seconde cons\u00e9quence est que les entreprises, ex\u00e9cutant actuellement les projets pr\u00e9serv\u00e9s lors du moratoire, auront \u00e9puis\u00e9 leur carnet de commande en fin d\u0092&rsquo;ann\u00e9e et n\u0092&rsquo;auront aucune visibilit\u00e9 sur leur pr\u00e9vision d&rsquo;\u0092activit\u00e9 avant fin f\u00e9vrier ou mars 2012, au plus t\u00f4t ; elles n\u0092&rsquo;auront qu&rsquo;\u0092au mieux six mois pour r\u00e9aliser leur chiffre d\u0092&rsquo;affaires 2012. Afin d&rsquo;\u0092\u00e9viter de nouvelles d\u00e9faillances d&rsquo;\u0092entreprises, Jean-Louis Bal, pr\u00e9sident du Syndicat des \u00e9nergies renouvelables, demande aux Pouvoirs publics de revenir<\/p>\n","protected":false},"excerpt":{"rendered":"<p>Les professionnels de SOLER, branche photovolta\u00efque du Syndicat des \u00e9nergies renouvelables, ont pris connaissance du projet de cahiers des charges des appels d\u0092offres mis en consultation par les Pouvoirs publics. Ils constatent que les d\u00e9lais pr\u00e9vus dans ce projet sont incompatibles avec la r\u00e9alisation des 500 MW de nouveaux projets en 2011. En effet, le [&hellip;]<\/p>\n","protected":false},"author":1,"featured_media":71380,"comment_status":"open","ping_status":"closed","sticky":false,"template":"","format":"standard","meta":{"_et_pb_use_builder":"","_et_pb_old_content":"","_et_gb_content_width":"","footnotes":""},"categories":[6351],"tags":[464],"class_list":["post-71379","post","type-post","status-publish","format-standard","has-post-thumbnail","hentry","category-energie-environnement","tag-photovoltaique"],"yoast_head":"<!-- This site is optimized with the Yoast SEO plugin v27.4 - https:\/\/yoast.com\/product\/yoast-seo-wordpress\/ -->\n<title>Appel d\u0092&#039;offres photovolta\u00efque : un calendrier jug\u00e9 inadapt\u00e9<\/title>\n<meta name=\"robots\" content=\"index, follow, max-snippet:-1, max-image-preview:large, max-video-preview:-1\" \/>\n<link rel=\"canonical\" href=\"https:\/\/batijournal.com\/index.php\/appel-d\u0092offres-photovoltaique-un-calendrier-juge-inadapte\/71379\/\" \/>\n<meta property=\"og:locale\" content=\"fr_FR\" \/>\n<meta property=\"og:type\" content=\"article\" \/>\n<meta property=\"og:title\" content=\"Appel d\u0092&#039;offres photovolta\u00efque : un calendrier jug\u00e9 inadapt\u00e9\" \/>\n<meta property=\"og:description\" content=\"Les professionnels de SOLER, branche photovolta\u00efque du Syndicat des \u00e9nergies renouvelables, ont pris connaissance du projet de cahiers des charges des appels d\u0092offres mis en consultation par les Pouvoirs publics. Ils constatent que les d\u00e9lais pr\u00e9vus dans ce projet sont incompatibles avec la r\u00e9alisation des 500 MW de nouveaux projets en 2011. En effet, le [&hellip;]\" \/>\n<meta property=\"og:url\" content=\"https:\/\/batijournal.com\/index.php\/appel-d\u0092offres-photovoltaique-un-calendrier-juge-inadapte\/71379\/\" \/>\n<meta property=\"og:site_name\" content=\"Batijournal\" \/>\n<meta property=\"article:published_time\" content=\"2011-06-08T22:00:00+00:00\" \/>\n<meta property=\"article:modified_time\" content=\"2019-07-15T10:22:31+00:00\" \/>\n<meta property=\"og:image\" content=\"https:\/\/batijournal.com\/wp-content\/uploads\/2015\/03\/263148611.jpg\" \/>\n\t<meta property=\"og:image:width\" content=\"600\" \/>\n\t<meta property=\"og:image:height\" content=\"379\" \/>\n\t<meta property=\"og:image:type\" content=\"image\/jpeg\" \/>\n<meta name=\"author\" content=\"Bati-journal\" \/>\n<meta name=\"twitter:card\" content=\"summary_large_image\" \/>\n<meta name=\"twitter:creator\" content=\"@bati_journal\" \/>\n<meta name=\"twitter:site\" content=\"@bati_journal\" \/>\n<meta name=\"twitter:label1\" content=\"\u00c9crit par\" \/>\n\t<meta name=\"twitter:data1\" content=\"Bati-journal\" \/>\n\t<meta name=\"twitter:label2\" content=\"Dur\u00e9e de lecture estim\u00e9e\" \/>\n\t<meta name=\"twitter:data2\" content=\"1 minute\" \/>\n<script type=\"application\/ld+json\" class=\"yoast-schema-graph\">{\"@context\":\"https:\\\/\\\/schema.org\",\"@graph\":[{\"@type\":\"Article\",\"@id\":\"https:\\\/\\\/batijournal.com\\\/index.php\\\/appel-d%c2%92offres-photovoltaique-un-calendrier-juge-inadapte\\\/71379\\\/#article\",\"isPartOf\":{\"@id\":\"https:\\\/\\\/batijournal.com\\\/index.php\\\/appel-d%c2%92offres-photovoltaique-un-calendrier-juge-inadapte\\\/71379\\\/\"},\"author\":{\"name\":\"Bati-journal\",\"@id\":\"https:\\\/\\\/batijournal.com\\\/#\\\/schema\\\/person\\\/6a657e8967569e1b299972574848aa76\"},\"headline\":\"Appel d\u0092&rsquo;offres photovolta\u00efque : un calendrier jug\u00e9 inadapt\u00e9\",\"datePublished\":\"2011-06-08T22:00:00+00:00\",\"dateModified\":\"2019-07-15T10:22:31+00:00\",\"mainEntityOfPage\":{\"@id\":\"https:\\\/\\\/batijournal.com\\\/index.php\\\/appel-d%c2%92offres-photovoltaique-un-calendrier-juge-inadapte\\\/71379\\\/\"},\"wordCount\":223,\"commentCount\":0,\"image\":{\"@id\":\"https:\\\/\\\/batijournal.com\\\/index.php\\\/appel-d%c2%92offres-photovoltaique-un-calendrier-juge-inadapte\\\/71379\\\/#primaryimage\"},\"thumbnailUrl\":\"https:\\\/\\\/batijournal.com\\\/wp-content\\\/uploads\\\/2015\\\/03\\\/263148611.jpg\",\"keywords\":[\"photovolta\u00efque\"],\"articleSection\":[\"\u00c9nergie &amp; Environnement\"],\"inLanguage\":\"fr-FR\",\"potentialAction\":[{\"@type\":\"CommentAction\",\"name\":\"Comment\",\"target\":[\"https:\\\/\\\/batijournal.com\\\/index.php\\\/appel-d%c2%92offres-photovoltaique-un-calendrier-juge-inadapte\\\/71379\\\/#respond\"]}]},{\"@type\":\"WebPage\",\"@id\":\"https:\\\/\\\/batijournal.com\\\/index.php\\\/appel-d%c2%92offres-photovoltaique-un-calendrier-juge-inadapte\\\/71379\\\/\",\"url\":\"https:\\\/\\\/batijournal.com\\\/index.php\\\/appel-d%c2%92offres-photovoltaique-un-calendrier-juge-inadapte\\\/71379\\\/\",\"name\":\"Appel d\u0092'offres photovolta\u00efque : un calendrier jug\u00e9 inadapt\u00e9\",\"isPartOf\":{\"@id\":\"https:\\\/\\\/batijournal.com\\\/#website\"},\"primaryImageOfPage\":{\"@id\":\"https:\\\/\\\/batijournal.com\\\/index.php\\\/appel-d%c2%92offres-photovoltaique-un-calendrier-juge-inadapte\\\/71379\\\/#primaryimage\"},\"image\":{\"@id\":\"https:\\\/\\\/batijournal.com\\\/index.php\\\/appel-d%c2%92offres-photovoltaique-un-calendrier-juge-inadapte\\\/71379\\\/#primaryimage\"},\"thumbnailUrl\":\"https:\\\/\\\/batijournal.com\\\/wp-content\\\/uploads\\\/2015\\\/03\\\/263148611.jpg\",\"datePublished\":\"2011-06-08T22:00:00+00:00\",\"dateModified\":\"2019-07-15T10:22:31+00:00\",\"author\":{\"@id\":\"https:\\\/\\\/batijournal.com\\\/#\\\/schema\\\/person\\\/6a657e8967569e1b299972574848aa76\"},\"breadcrumb\":{\"@id\":\"https:\\\/\\\/batijournal.com\\\/index.php\\\/appel-d%c2%92offres-photovoltaique-un-calendrier-juge-inadapte\\\/71379\\\/#breadcrumb\"},\"inLanguage\":\"fr-FR\",\"potentialAction\":[{\"@type\":\"ReadAction\",\"target\":[\"https:\\\/\\\/batijournal.com\\\/index.php\\\/appel-d%c2%92offres-photovoltaique-un-calendrier-juge-inadapte\\\/71379\\\/\"]}]},{\"@type\":\"ImageObject\",\"inLanguage\":\"fr-FR\",\"@id\":\"https:\\\/\\\/batijournal.com\\\/index.php\\\/appel-d%c2%92offres-photovoltaique-un-calendrier-juge-inadapte\\\/71379\\\/#primaryimage\",\"url\":\"https:\\\/\\\/batijournal.com\\\/wp-content\\\/uploads\\\/2015\\\/03\\\/263148611.jpg\",\"contentUrl\":\"https:\\\/\\\/batijournal.com\\\/wp-content\\\/uploads\\\/2015\\\/03\\\/263148611.jpg\",\"width\":600,\"height\":379},{\"@type\":\"BreadcrumbList\",\"@id\":\"https:\\\/\\\/batijournal.com\\\/index.php\\\/appel-d%c2%92offres-photovoltaique-un-calendrier-juge-inadapte\\\/71379\\\/#breadcrumb\",\"itemListElement\":[{\"@type\":\"ListItem\",\"position\":1,\"name\":\"Accueil\",\"item\":\"https:\\\/\\\/batijournal.com\\\/\"},{\"@type\":\"ListItem\",\"position\":2,\"name\":\"Actualit\u00e9s\",\"item\":\"https:\\\/\\\/batijournal.com\\\/index.php\\\/category\\\/actualites\\\/\"},{\"@type\":\"ListItem\",\"position\":3,\"name\":\"\u00c9nergie &amp; Environnement\",\"item\":\"https:\\\/\\\/batijournal.com\\\/index.php\\\/category\\\/actualites\\\/energie-environnement\\\/\"},{\"@type\":\"ListItem\",\"position\":4,\"name\":\"Appel d\u0092&rsquo;offres photovolta\u00efque : un calendrier jug\u00e9 inadapt\u00e9\"}]},{\"@type\":\"WebSite\",\"@id\":\"https:\\\/\\\/batijournal.com\\\/#website\",\"url\":\"https:\\\/\\\/batijournal.com\\\/\",\"name\":\"Batijournal\",\"description\":\"L&#039;actualit\u00e9 du b\u00e2timent\",\"potentialAction\":[{\"@type\":\"SearchAction\",\"target\":{\"@type\":\"EntryPoint\",\"urlTemplate\":\"https:\\\/\\\/batijournal.com\\\/?s={search_term_string}\"},\"query-input\":{\"@type\":\"PropertyValueSpecification\",\"valueRequired\":true,\"valueName\":\"search_term_string\"}}],\"inLanguage\":\"fr-FR\"},{\"@type\":\"Person\",\"@id\":\"https:\\\/\\\/batijournal.com\\\/#\\\/schema\\\/person\\\/6a657e8967569e1b299972574848aa76\",\"name\":\"Bati-journal\",\"image\":{\"@type\":\"ImageObject\",\"inLanguage\":\"fr-FR\",\"@id\":\"https:\\\/\\\/secure.gravatar.com\\\/avatar\\\/a64364ea26392f9b4dd47e017ddaec74ff03aefc073b49e492e847201258f777?s=96&d=mm&r=g\",\"url\":\"https:\\\/\\\/secure.gravatar.com\\\/avatar\\\/a64364ea26392f9b4dd47e017ddaec74ff03aefc073b49e492e847201258f777?s=96&d=mm&r=g\",\"contentUrl\":\"https:\\\/\\\/secure.gravatar.com\\\/avatar\\\/a64364ea26392f9b4dd47e017ddaec74ff03aefc073b49e492e847201258f777?s=96&d=mm&r=g\",\"caption\":\"Bati-journal\"},\"url\":\"https:\\\/\\\/batijournal.com\\\/index.php\\\/author\\\/elodie\\\/\"}]}<\/script>\n<!-- \/ Yoast SEO plugin. -->","yoast_head_json":{"title":"Appel d\u0092'offres photovolta\u00efque : un calendrier jug\u00e9 inadapt\u00e9","robots":{"index":"index","follow":"follow","max-snippet":"max-snippet:-1","max-image-preview":"max-image-preview:large","max-video-preview":"max-video-preview:-1"},"canonical":"https:\/\/batijournal.com\/index.php\/appel-d\u0092offres-photovoltaique-un-calendrier-juge-inadapte\/71379\/","og_locale":"fr_FR","og_type":"article","og_title":"Appel d\u0092'offres photovolta\u00efque : un calendrier jug\u00e9 inadapt\u00e9","og_description":"Les professionnels de SOLER, branche photovolta\u00efque du Syndicat des \u00e9nergies renouvelables, ont pris connaissance du projet de cahiers des charges des appels d\u0092offres mis en consultation par les Pouvoirs publics. Ils constatent que les d\u00e9lais pr\u00e9vus dans ce projet sont incompatibles avec la r\u00e9alisation des 500 MW de nouveaux projets en 2011. En effet, le [&hellip;]","og_url":"https:\/\/batijournal.com\/index.php\/appel-d\u0092offres-photovoltaique-un-calendrier-juge-inadapte\/71379\/","og_site_name":"Batijournal","article_published_time":"2011-06-08T22:00:00+00:00","article_modified_time":"2019-07-15T10:22:31+00:00","og_image":[{"width":600,"height":379,"url":"https:\/\/batijournal.com\/wp-content\/uploads\/2015\/03\/263148611.jpg","type":"image\/jpeg"}],"author":"Bati-journal","twitter_card":"summary_large_image","twitter_creator":"@bati_journal","twitter_site":"@bati_journal","twitter_misc":{"\u00c9crit par":"Bati-journal","Dur\u00e9e de lecture estim\u00e9e":"1 minute"},"schema":{"@context":"https:\/\/schema.org","@graph":[{"@type":"Article","@id":"https:\/\/batijournal.com\/index.php\/appel-d%c2%92offres-photovoltaique-un-calendrier-juge-inadapte\/71379\/#article","isPartOf":{"@id":"https:\/\/batijournal.com\/index.php\/appel-d%c2%92offres-photovoltaique-un-calendrier-juge-inadapte\/71379\/"},"author":{"name":"Bati-journal","@id":"https:\/\/batijournal.com\/#\/schema\/person\/6a657e8967569e1b299972574848aa76"},"headline":"Appel d\u0092&rsquo;offres photovolta\u00efque : un calendrier jug\u00e9 inadapt\u00e9","datePublished":"2011-06-08T22:00:00+00:00","dateModified":"2019-07-15T10:22:31+00:00","mainEntityOfPage":{"@id":"https:\/\/batijournal.com\/index.php\/appel-d%c2%92offres-photovoltaique-un-calendrier-juge-inadapte\/71379\/"},"wordCount":223,"commentCount":0,"image":{"@id":"https:\/\/batijournal.com\/index.php\/appel-d%c2%92offres-photovoltaique-un-calendrier-juge-inadapte\/71379\/#primaryimage"},"thumbnailUrl":"https:\/\/batijournal.com\/wp-content\/uploads\/2015\/03\/263148611.jpg","keywords":["photovolta\u00efque"],"articleSection":["\u00c9nergie &amp; Environnement"],"inLanguage":"fr-FR","potentialAction":[{"@type":"CommentAction","name":"Comment","target":["https:\/\/batijournal.com\/index.php\/appel-d%c2%92offres-photovoltaique-un-calendrier-juge-inadapte\/71379\/#respond"]}]},{"@type":"WebPage","@id":"https:\/\/batijournal.com\/index.php\/appel-d%c2%92offres-photovoltaique-un-calendrier-juge-inadapte\/71379\/","url":"https:\/\/batijournal.com\/index.php\/appel-d%c2%92offres-photovoltaique-un-calendrier-juge-inadapte\/71379\/","name":"Appel d\u0092'offres photovolta\u00efque : un calendrier jug\u00e9 inadapt\u00e9","isPartOf":{"@id":"https:\/\/batijournal.com\/#website"},"primaryImageOfPage":{"@id":"https:\/\/batijournal.com\/index.php\/appel-d%c2%92offres-photovoltaique-un-calendrier-juge-inadapte\/71379\/#primaryimage"},"image":{"@id":"https:\/\/batijournal.com\/index.php\/appel-d%c2%92offres-photovoltaique-un-calendrier-juge-inadapte\/71379\/#primaryimage"},"thumbnailUrl":"https:\/\/batijournal.com\/wp-content\/uploads\/2015\/03\/263148611.jpg","datePublished":"2011-06-08T22:00:00+00:00","dateModified":"2019-07-15T10:22:31+00:00","author":{"@id":"https:\/\/batijournal.com\/#\/schema\/person\/6a657e8967569e1b299972574848aa76"},"breadcrumb":{"@id":"https:\/\/batijournal.com\/index.php\/appel-d%c2%92offres-photovoltaique-un-calendrier-juge-inadapte\/71379\/#breadcrumb"},"inLanguage":"fr-FR","potentialAction":[{"@type":"ReadAction","target":["https:\/\/batijournal.com\/index.php\/appel-d%c2%92offres-photovoltaique-un-calendrier-juge-inadapte\/71379\/"]}]},{"@type":"ImageObject","inLanguage":"fr-FR","@id":"https:\/\/batijournal.com\/index.php\/appel-d%c2%92offres-photovoltaique-un-calendrier-juge-inadapte\/71379\/#primaryimage","url":"https:\/\/batijournal.com\/wp-content\/uploads\/2015\/03\/263148611.jpg","contentUrl":"https:\/\/batijournal.com\/wp-content\/uploads\/2015\/03\/263148611.jpg","width":600,"height":379},{"@type":"BreadcrumbList","@id":"https:\/\/batijournal.com\/index.php\/appel-d%c2%92offres-photovoltaique-un-calendrier-juge-inadapte\/71379\/#breadcrumb","itemListElement":[{"@type":"ListItem","position":1,"name":"Accueil","item":"https:\/\/batijournal.com\/"},{"@type":"ListItem","position":2,"name":"Actualit\u00e9s","item":"https:\/\/batijournal.com\/index.php\/category\/actualites\/"},{"@type":"ListItem","position":3,"name":"\u00c9nergie &amp; Environnement","item":"https:\/\/batijournal.com\/index.php\/category\/actualites\/energie-environnement\/"},{"@type":"ListItem","position":4,"name":"Appel d\u0092&rsquo;offres photovolta\u00efque : un calendrier jug\u00e9 inadapt\u00e9"}]},{"@type":"WebSite","@id":"https:\/\/batijournal.com\/#website","url":"https:\/\/batijournal.com\/","name":"Batijournal","description":"L&#039;actualit\u00e9 du b\u00e2timent","potentialAction":[{"@type":"SearchAction","target":{"@type":"EntryPoint","urlTemplate":"https:\/\/batijournal.com\/?s={search_term_string}"},"query-input":{"@type":"PropertyValueSpecification","valueRequired":true,"valueName":"search_term_string"}}],"inLanguage":"fr-FR"},{"@type":"Person","@id":"https:\/\/batijournal.com\/#\/schema\/person\/6a657e8967569e1b299972574848aa76","name":"Bati-journal","image":{"@type":"ImageObject","inLanguage":"fr-FR","@id":"https:\/\/secure.gravatar.com\/avatar\/a64364ea26392f9b4dd47e017ddaec74ff03aefc073b49e492e847201258f777?s=96&d=mm&r=g","url":"https:\/\/secure.gravatar.com\/avatar\/a64364ea26392f9b4dd47e017ddaec74ff03aefc073b49e492e847201258f777?s=96&d=mm&r=g","contentUrl":"https:\/\/secure.gravatar.com\/avatar\/a64364ea26392f9b4dd47e017ddaec74ff03aefc073b49e492e847201258f777?s=96&d=mm&r=g","caption":"Bati-journal"},"url":"https:\/\/batijournal.com\/index.php\/author\/elodie\/"}]}},"_links":{"self":[{"href":"https:\/\/batijournal.com\/index.php\/wp-json\/wp\/v2\/posts\/71379","targetHints":{"allow":["GET"]}}],"collection":[{"href":"https:\/\/batijournal.com\/index.php\/wp-json\/wp\/v2\/posts"}],"about":[{"href":"https:\/\/batijournal.com\/index.php\/wp-json\/wp\/v2\/types\/post"}],"author":[{"embeddable":true,"href":"https:\/\/batijournal.com\/index.php\/wp-json\/wp\/v2\/users\/1"}],"replies":[{"embeddable":true,"href":"https:\/\/batijournal.com\/index.php\/wp-json\/wp\/v2\/comments?post=71379"}],"version-history":[{"count":0,"href":"https:\/\/batijournal.com\/index.php\/wp-json\/wp\/v2\/posts\/71379\/revisions"}],"wp:featuredmedia":[{"embeddable":true,"href":"https:\/\/batijournal.com\/index.php\/wp-json\/wp\/v2\/media\/71380"}],"wp:attachment":[{"href":"https:\/\/batijournal.com\/index.php\/wp-json\/wp\/v2\/media?parent=71379"}],"wp:term":[{"taxonomy":"category","embeddable":true,"href":"https:\/\/batijournal.com\/index.php\/wp-json\/wp\/v2\/categories?post=71379"},{"taxonomy":"post_tag","embeddable":true,"href":"https:\/\/batijournal.com\/index.php\/wp-json\/wp\/v2\/tags?post=71379"}],"curies":[{"name":"wp","href":"https:\/\/api.w.org\/{rel}","templated":true}]}}