{"id":71381,"date":"2011-06-21T00:00:00","date_gmt":"2011-06-20T22:00:00","guid":{"rendered":"http:\/\/b.bati-journal.com\/du-solaire-avec-la-poste\/71381"},"modified":"2019-07-15T12:22:31","modified_gmt":"2019-07-15T10:22:31","slug":"du-solaire-avec-la-poste","status":"publish","type":"post","link":"https:\/\/batijournal.com\/index.php\/du-solaire-avec-la-poste\/71381\/","title":{"rendered":"Du solaire avec La Poste"},"content":{"rendered":"<p>Poste Immo, filiale immobili\u00e8re du groupe La Poste, Urbasolar et Cr\u00e9dit Agricole Private Equity, signent un partenariat pour la construction de centrales photovolta\u00efques sur le parc immobilier du groupe La Poste. Convaincus de la comp\u00e9titivit\u00e9 et de la performance croissante du photovolta\u00efque, les trois partenaires s&rsquo;engagent ainsi sur un objectif de long terme avec l&rsquo;ambition de maximiser le d\u00e9veloppement de surfaces photovolta\u00efques sur le parc immobilier du groupe La Poste. La signature du partenariat s&rsquo;accompagne de la cr\u00e9ation d&rsquo;Arkasolia, une filiale d\u00e9tenue \u00e0 50 % par Poste Immo, d\u00e9di\u00e9e \u00e0 l&rsquo;\u00e9tude et au d\u00e9veloppement de projets photovolta\u00efques. Un portefeuille de 30 projets est d&rsquo;ores et d\u00e9j\u00e0 constitu\u00e9. Les premi\u00e8res centrales seront mises en service d\u00e9but 2012. De nouveaux portefeuilles de projets sont par ailleurs en cours de constitution.<\/p>\n","protected":false},"excerpt":{"rendered":"<p>Poste Immo, filiale immobili\u00e8re du groupe La Poste, Urbasolar et Cr\u00e9dit Agricole Private Equity, signent un partenariat pour la construction de centrales photovolta\u00efques sur le parc immobilier du groupe La Poste. Convaincus de la comp\u00e9titivit\u00e9 et de la performance croissante du photovolta\u00efque, les trois partenaires s&rsquo;engagent ainsi sur un objectif de long terme avec l&rsquo;ambition [&hellip;]<\/p>\n","protected":false},"author":1,"featured_media":0,"comment_status":"open","ping_status":"closed","sticky":false,"template":"","format":"standard","meta":{"_et_pb_use_builder":"","_et_pb_old_content":"","_et_gb_content_width":"","footnotes":""},"categories":[6351],"tags":[383],"class_list":["post-71381","post","type-post","status-publish","format-standard","hentry","category-energie-environnement","tag-solaire"],"yoast_head":"<!-- This site is optimized with the Yoast SEO plugin v27.4 - https:\/\/yoast.com\/product\/yoast-seo-wordpress\/ -->\n<title>Du solaire avec La Poste<\/title>\n<meta name=\"robots\" content=\"index, follow, max-snippet:-1, max-image-preview:large, max-video-preview:-1\" \/>\n<link rel=\"canonical\" href=\"https:\/\/batijournal.com\/index.php\/du-solaire-avec-la-poste\/71381\/\" \/>\n<meta property=\"og:locale\" content=\"fr_FR\" \/>\n<meta property=\"og:type\" content=\"article\" \/>\n<meta property=\"og:title\" content=\"Du solaire avec La Poste\" \/>\n<meta property=\"og:description\" content=\"Poste Immo, filiale immobili\u00e8re du groupe La Poste, Urbasolar et Cr\u00e9dit Agricole Private Equity, signent un partenariat pour la construction de centrales photovolta\u00efques sur le parc immobilier du groupe La Poste. Convaincus de la comp\u00e9titivit\u00e9 et de la performance croissante du photovolta\u00efque, les trois partenaires s&rsquo;engagent ainsi sur un objectif de long terme avec l&rsquo;ambition [&hellip;]\" \/>\n<meta property=\"og:url\" content=\"https:\/\/batijournal.com\/index.php\/du-solaire-avec-la-poste\/71381\/\" \/>\n<meta property=\"og:site_name\" content=\"Batijournal\" \/>\n<meta property=\"article:published_time\" content=\"2011-06-20T22:00:00+00:00\" \/>\n<meta property=\"article:modified_time\" content=\"2019-07-15T10:22:31+00:00\" \/>\n<meta name=\"author\" content=\"Bati-journal\" \/>\n<meta name=\"twitter:card\" content=\"summary_large_image\" \/>\n<meta name=\"twitter:creator\" content=\"@bati_journal\" \/>\n<meta name=\"twitter:site\" content=\"@bati_journal\" \/>\n<meta name=\"twitter:label1\" content=\"\u00c9crit par\" \/>\n\t<meta name=\"twitter:data1\" content=\"Bati-journal\" \/>\n\t<meta name=\"twitter:label2\" content=\"Dur\u00e9e de lecture estim\u00e9e\" \/>\n\t<meta name=\"twitter:data2\" content=\"1 minute\" \/>\n<script type=\"application\/ld+json\" class=\"yoast-schema-graph\">{\"@context\":\"https:\\\/\\\/schema.org\",\"@graph\":[{\"@type\":\"Article\",\"@id\":\"https:\\\/\\\/batijournal.com\\\/index.php\\\/du-solaire-avec-la-poste\\\/71381\\\/#article\",\"isPartOf\":{\"@id\":\"https:\\\/\\\/batijournal.com\\\/index.php\\\/du-solaire-avec-la-poste\\\/71381\\\/\"},\"author\":{\"name\":\"Bati-journal\",\"@id\":\"https:\\\/\\\/batijournal.com\\\/#\\\/schema\\\/person\\\/6a657e8967569e1b299972574848aa76\"},\"headline\":\"Du solaire avec La Poste\",\"datePublished\":\"2011-06-20T22:00:00+00:00\",\"dateModified\":\"2019-07-15T10:22:31+00:00\",\"mainEntityOfPage\":{\"@id\":\"https:\\\/\\\/batijournal.com\\\/index.php\\\/du-solaire-avec-la-poste\\\/71381\\\/\"},\"wordCount\":149,\"commentCount\":0,\"keywords\":[\"solaire\"],\"articleSection\":[\"\u00c9nergie &amp; Environnement\"],\"inLanguage\":\"fr-FR\",\"potentialAction\":[{\"@type\":\"CommentAction\",\"name\":\"Comment\",\"target\":[\"https:\\\/\\\/batijournal.com\\\/index.php\\\/du-solaire-avec-la-poste\\\/71381\\\/#respond\"]}]},{\"@type\":\"WebPage\",\"@id\":\"https:\\\/\\\/batijournal.com\\\/index.php\\\/du-solaire-avec-la-poste\\\/71381\\\/\",\"url\":\"https:\\\/\\\/batijournal.com\\\/index.php\\\/du-solaire-avec-la-poste\\\/71381\\\/\",\"name\":\"Du solaire avec La Poste\",\"isPartOf\":{\"@id\":\"https:\\\/\\\/batijournal.com\\\/#website\"},\"datePublished\":\"2011-06-20T22:00:00+00:00\",\"dateModified\":\"2019-07-15T10:22:31+00:00\",\"author\":{\"@id\":\"https:\\\/\\\/batijournal.com\\\/#\\\/schema\\\/person\\\/6a657e8967569e1b299972574848aa76\"},\"breadcrumb\":{\"@id\":\"https:\\\/\\\/batijournal.com\\\/index.php\\\/du-solaire-avec-la-poste\\\/71381\\\/#breadcrumb\"},\"inLanguage\":\"fr-FR\",\"potentialAction\":[{\"@type\":\"ReadAction\",\"target\":[\"https:\\\/\\\/batijournal.com\\\/index.php\\\/du-solaire-avec-la-poste\\\/71381\\\/\"]}]},{\"@type\":\"BreadcrumbList\",\"@id\":\"https:\\\/\\\/batijournal.com\\\/index.php\\\/du-solaire-avec-la-poste\\\/71381\\\/#breadcrumb\",\"itemListElement\":[{\"@type\":\"ListItem\",\"position\":1,\"name\":\"Accueil\",\"item\":\"https:\\\/\\\/batijournal.com\\\/\"},{\"@type\":\"ListItem\",\"position\":2,\"name\":\"Actualit\u00e9s\",\"item\":\"https:\\\/\\\/batijournal.com\\\/index.php\\\/category\\\/actualites\\\/\"},{\"@type\":\"ListItem\",\"position\":3,\"name\":\"\u00c9nergie &amp; Environnement\",\"item\":\"https:\\\/\\\/batijournal.com\\\/index.php\\\/category\\\/actualites\\\/energie-environnement\\\/\"},{\"@type\":\"ListItem\",\"position\":4,\"name\":\"Du solaire avec La Poste\"}]},{\"@type\":\"WebSite\",\"@id\":\"https:\\\/\\\/batijournal.com\\\/#website\",\"url\":\"https:\\\/\\\/batijournal.com\\\/\",\"name\":\"Batijournal\",\"description\":\"L&#039;actualit\u00e9 du b\u00e2timent\",\"potentialAction\":[{\"@type\":\"SearchAction\",\"target\":{\"@type\":\"EntryPoint\",\"urlTemplate\":\"https:\\\/\\\/batijournal.com\\\/?s={search_term_string}\"},\"query-input\":{\"@type\":\"PropertyValueSpecification\",\"valueRequired\":true,\"valueName\":\"search_term_string\"}}],\"inLanguage\":\"fr-FR\"},{\"@type\":\"Person\",\"@id\":\"https:\\\/\\\/batijournal.com\\\/#\\\/schema\\\/person\\\/6a657e8967569e1b299972574848aa76\",\"name\":\"Bati-journal\",\"image\":{\"@type\":\"ImageObject\",\"inLanguage\":\"fr-FR\",\"@id\":\"https:\\\/\\\/secure.gravatar.com\\\/avatar\\\/a64364ea26392f9b4dd47e017ddaec74ff03aefc073b49e492e847201258f777?s=96&d=mm&r=g\",\"url\":\"https:\\\/\\\/secure.gravatar.com\\\/avatar\\\/a64364ea26392f9b4dd47e017ddaec74ff03aefc073b49e492e847201258f777?s=96&d=mm&r=g\",\"contentUrl\":\"https:\\\/\\\/secure.gravatar.com\\\/avatar\\\/a64364ea26392f9b4dd47e017ddaec74ff03aefc073b49e492e847201258f777?s=96&d=mm&r=g\",\"caption\":\"Bati-journal\"},\"url\":\"https:\\\/\\\/batijournal.com\\\/index.php\\\/author\\\/elodie\\\/\"}]}<\/script>\n<!-- \/ Yoast SEO plugin. -->","yoast_head_json":{"title":"Du solaire avec La Poste","robots":{"index":"index","follow":"follow","max-snippet":"max-snippet:-1","max-image-preview":"max-image-preview:large","max-video-preview":"max-video-preview:-1"},"canonical":"https:\/\/batijournal.com\/index.php\/du-solaire-avec-la-poste\/71381\/","og_locale":"fr_FR","og_type":"article","og_title":"Du solaire avec La Poste","og_description":"Poste Immo, filiale immobili\u00e8re du groupe La Poste, Urbasolar et Cr\u00e9dit Agricole Private Equity, signent un partenariat pour la construction de centrales photovolta\u00efques sur le parc immobilier du groupe La Poste. Convaincus de la comp\u00e9titivit\u00e9 et de la performance croissante du photovolta\u00efque, les trois partenaires s&rsquo;engagent ainsi sur un objectif de long terme avec l&rsquo;ambition [&hellip;]","og_url":"https:\/\/batijournal.com\/index.php\/du-solaire-avec-la-poste\/71381\/","og_site_name":"Batijournal","article_published_time":"2011-06-20T22:00:00+00:00","article_modified_time":"2019-07-15T10:22:31+00:00","author":"Bati-journal","twitter_card":"summary_large_image","twitter_creator":"@bati_journal","twitter_site":"@bati_journal","twitter_misc":{"\u00c9crit par":"Bati-journal","Dur\u00e9e de lecture estim\u00e9e":"1 minute"},"schema":{"@context":"https:\/\/schema.org","@graph":[{"@type":"Article","@id":"https:\/\/batijournal.com\/index.php\/du-solaire-avec-la-poste\/71381\/#article","isPartOf":{"@id":"https:\/\/batijournal.com\/index.php\/du-solaire-avec-la-poste\/71381\/"},"author":{"name":"Bati-journal","@id":"https:\/\/batijournal.com\/#\/schema\/person\/6a657e8967569e1b299972574848aa76"},"headline":"Du solaire avec La Poste","datePublished":"2011-06-20T22:00:00+00:00","dateModified":"2019-07-15T10:22:31+00:00","mainEntityOfPage":{"@id":"https:\/\/batijournal.com\/index.php\/du-solaire-avec-la-poste\/71381\/"},"wordCount":149,"commentCount":0,"keywords":["solaire"],"articleSection":["\u00c9nergie &amp; Environnement"],"inLanguage":"fr-FR","potentialAction":[{"@type":"CommentAction","name":"Comment","target":["https:\/\/batijournal.com\/index.php\/du-solaire-avec-la-poste\/71381\/#respond"]}]},{"@type":"WebPage","@id":"https:\/\/batijournal.com\/index.php\/du-solaire-avec-la-poste\/71381\/","url":"https:\/\/batijournal.com\/index.php\/du-solaire-avec-la-poste\/71381\/","name":"Du solaire avec La Poste","isPartOf":{"@id":"https:\/\/batijournal.com\/#website"},"datePublished":"2011-06-20T22:00:00+00:00","dateModified":"2019-07-15T10:22:31+00:00","author":{"@id":"https:\/\/batijournal.com\/#\/schema\/person\/6a657e8967569e1b299972574848aa76"},"breadcrumb":{"@id":"https:\/\/batijournal.com\/index.php\/du-solaire-avec-la-poste\/71381\/#breadcrumb"},"inLanguage":"fr-FR","potentialAction":[{"@type":"ReadAction","target":["https:\/\/batijournal.com\/index.php\/du-solaire-avec-la-poste\/71381\/"]}]},{"@type":"BreadcrumbList","@id":"https:\/\/batijournal.com\/index.php\/du-solaire-avec-la-poste\/71381\/#breadcrumb","itemListElement":[{"@type":"ListItem","position":1,"name":"Accueil","item":"https:\/\/batijournal.com\/"},{"@type":"ListItem","position":2,"name":"Actualit\u00e9s","item":"https:\/\/batijournal.com\/index.php\/category\/actualites\/"},{"@type":"ListItem","position":3,"name":"\u00c9nergie &amp; Environnement","item":"https:\/\/batijournal.com\/index.php\/category\/actualites\/energie-environnement\/"},{"@type":"ListItem","position":4,"name":"Du solaire avec La Poste"}]},{"@type":"WebSite","@id":"https:\/\/batijournal.com\/#website","url":"https:\/\/batijournal.com\/","name":"Batijournal","description":"L&#039;actualit\u00e9 du b\u00e2timent","potentialAction":[{"@type":"SearchAction","target":{"@type":"EntryPoint","urlTemplate":"https:\/\/batijournal.com\/?s={search_term_string}"},"query-input":{"@type":"PropertyValueSpecification","valueRequired":true,"valueName":"search_term_string"}}],"inLanguage":"fr-FR"},{"@type":"Person","@id":"https:\/\/batijournal.com\/#\/schema\/person\/6a657e8967569e1b299972574848aa76","name":"Bati-journal","image":{"@type":"ImageObject","inLanguage":"fr-FR","@id":"https:\/\/secure.gravatar.com\/avatar\/a64364ea26392f9b4dd47e017ddaec74ff03aefc073b49e492e847201258f777?s=96&d=mm&r=g","url":"https:\/\/secure.gravatar.com\/avatar\/a64364ea26392f9b4dd47e017ddaec74ff03aefc073b49e492e847201258f777?s=96&d=mm&r=g","contentUrl":"https:\/\/secure.gravatar.com\/avatar\/a64364ea26392f9b4dd47e017ddaec74ff03aefc073b49e492e847201258f777?s=96&d=mm&r=g","caption":"Bati-journal"},"url":"https:\/\/batijournal.com\/index.php\/author\/elodie\/"}]}},"_links":{"self":[{"href":"https:\/\/batijournal.com\/index.php\/wp-json\/wp\/v2\/posts\/71381","targetHints":{"allow":["GET"]}}],"collection":[{"href":"https:\/\/batijournal.com\/index.php\/wp-json\/wp\/v2\/posts"}],"about":[{"href":"https:\/\/batijournal.com\/index.php\/wp-json\/wp\/v2\/types\/post"}],"author":[{"embeddable":true,"href":"https:\/\/batijournal.com\/index.php\/wp-json\/wp\/v2\/users\/1"}],"replies":[{"embeddable":true,"href":"https:\/\/batijournal.com\/index.php\/wp-json\/wp\/v2\/comments?post=71381"}],"version-history":[{"count":0,"href":"https:\/\/batijournal.com\/index.php\/wp-json\/wp\/v2\/posts\/71381\/revisions"}],"wp:attachment":[{"href":"https:\/\/batijournal.com\/index.php\/wp-json\/wp\/v2\/media?parent=71381"}],"wp:term":[{"taxonomy":"category","embeddable":true,"href":"https:\/\/batijournal.com\/index.php\/wp-json\/wp\/v2\/categories?post=71381"},{"taxonomy":"post_tag","embeddable":true,"href":"https:\/\/batijournal.com\/index.php\/wp-json\/wp\/v2\/tags?post=71381"}],"curies":[{"name":"wp","href":"https:\/\/api.w.org\/{rel}","templated":true}]}}