{"id":71394,"date":"2011-09-02T00:00:00","date_gmt":"2011-09-01T22:00:00","guid":{"rendered":"http:\/\/b.bati-journal.com\/la-forte-croissance-des-installations-photovoltaiques-n%c2%92est-peut-etre-qu%c2%92un-feu-de-paille\/71394"},"modified":"2019-07-15T12:22:29","modified_gmt":"2019-07-15T10:22:29","slug":"la-forte-croissance-des-installations-photovoltaiques-n%c2%92est-peut-etre-qu%c2%92un-feu-de-paille","status":"publish","type":"post","link":"https:\/\/batijournal.com\/index.php\/la-forte-croissance-des-installations-photovoltaiques-n%c2%92est-peut-etre-qu%c2%92un-feu-de-paille\/71394\/","title":{"rendered":"La forte croissance des installations photovolta\u00efques n\u0092&rsquo;est peut-\u00eatre qu\u0092&rsquo;un feu de paille"},"content":{"rendered":"<p>Avec 599 MW raccord\u00e9s au cours du premier semestre 2011, le parc photovolta\u00efque conna\u00eet un rythme de croissance \u00e9lev\u00e9. Depuis fin 2010, la hausse du parc est de 55 %. Fin juin 2011, le parc s\u2019\u00e9l\u00e8ve \u00e0 1 679 MW et s\u2019est accru de plus de 1 100 MW en un an. Le rythme des raccordements est particuli\u00e8rement soutenu depuis le d\u00e9but de l\u2019ann\u00e9e en m\u00e9tropole. L\u2019explication de cette croissance est certainement \u00e0 chercher dans l\u2019\u00e9ch\u00e9ance impos\u00e9e par la derni\u00e8re r\u00e9forme qui oblige les porteurs de projets \u00e0 terminer leurs installations sous un maximum de 9 \u00e0 18 mois pour b\u00e9n\u00e9ficier des anciens tarifs de rachat. Il sera int\u00e9ressant de suivre l\u2019\u00e9volution du nombre d\u2019installations dans un an.<\/p>\n","protected":false},"excerpt":{"rendered":"<p>Avec 599 MW raccord\u00e9s au cours du premier semestre 2011, le parc photovolta\u00efque conna\u00eet un rythme de croissance \u00e9lev\u00e9. Depuis fin 2010, la hausse du parc est de 55 %. Fin juin 2011, le parc s\u2019\u00e9l\u00e8ve \u00e0 1 679 MW et s\u2019est accru de plus de 1 100 MW en un an. Le rythme des [&hellip;]<\/p>\n","protected":false},"author":1,"featured_media":71395,"comment_status":"open","ping_status":"closed","sticky":false,"template":"","format":"standard","meta":{"_et_pb_use_builder":"","_et_pb_old_content":"","_et_gb_content_width":"","footnotes":""},"categories":[6351],"tags":[6658],"class_list":["post-71394","post","type-post","status-publish","format-standard","has-post-thumbnail","hentry","category-energie-environnement","tag-installations-photovoltaiques"],"yoast_head":"<!-- This site is optimized with the Yoast SEO plugin v27.4 - https:\/\/yoast.com\/product\/yoast-seo-wordpress\/ -->\n<title>La forte croissance des installations photovolta\u00efques n\u0092&#039;est peut-\u00eatre qu\u0092&#039;un feu de paille<\/title>\n<meta name=\"robots\" content=\"index, follow, max-snippet:-1, max-image-preview:large, max-video-preview:-1\" \/>\n<link rel=\"canonical\" href=\"https:\/\/batijournal.com\/index.php\/la-forte-croissance-des-installations-photovoltaiques-n\u0092est-peut-etre-qu\u0092un-feu-de-paille\/71394\/\" \/>\n<meta property=\"og:locale\" content=\"fr_FR\" \/>\n<meta property=\"og:type\" content=\"article\" \/>\n<meta property=\"og:title\" content=\"La forte croissance des installations photovolta\u00efques n\u0092&#039;est peut-\u00eatre qu\u0092&#039;un feu de paille\" \/>\n<meta property=\"og:description\" content=\"Avec 599 MW raccord\u00e9s au cours du premier semestre 2011, le parc photovolta\u00efque conna\u00eet un rythme de croissance \u00e9lev\u00e9. Depuis fin 2010, la hausse du parc est de 55 %. Fin juin 2011, le parc s\u2019\u00e9l\u00e8ve \u00e0 1 679 MW et s\u2019est accru de plus de 1 100 MW en un an. Le rythme des [&hellip;]\" \/>\n<meta property=\"og:url\" content=\"https:\/\/batijournal.com\/index.php\/la-forte-croissance-des-installations-photovoltaiques-n\u0092est-peut-etre-qu\u0092un-feu-de-paille\/71394\/\" \/>\n<meta property=\"og:site_name\" content=\"Batijournal\" \/>\n<meta property=\"article:published_time\" content=\"2011-09-01T22:00:00+00:00\" \/>\n<meta property=\"article:modified_time\" content=\"2019-07-15T10:22:29+00:00\" \/>\n<meta property=\"og:image\" content=\"https:\/\/batijournal.com\/wp-content\/uploads\/2015\/03\/29741834.jpg\" \/>\n\t<meta property=\"og:image:width\" content=\"600\" \/>\n\t<meta property=\"og:image:height\" content=\"564\" \/>\n\t<meta property=\"og:image:type\" content=\"image\/jpeg\" \/>\n<meta name=\"author\" content=\"Bati-journal\" \/>\n<meta name=\"twitter:card\" content=\"summary_large_image\" \/>\n<meta name=\"twitter:creator\" content=\"@bati_journal\" \/>\n<meta name=\"twitter:site\" content=\"@bati_journal\" \/>\n<meta name=\"twitter:label1\" content=\"\u00c9crit par\" \/>\n\t<meta name=\"twitter:data1\" content=\"Bati-journal\" \/>\n\t<meta name=\"twitter:label2\" content=\"Dur\u00e9e de lecture estim\u00e9e\" \/>\n\t<meta name=\"twitter:data2\" content=\"1 minute\" \/>\n<script type=\"application\/ld+json\" class=\"yoast-schema-graph\">{\"@context\":\"https:\\\/\\\/schema.org\",\"@graph\":[{\"@type\":\"Article\",\"@id\":\"https:\\\/\\\/batijournal.com\\\/index.php\\\/la-forte-croissance-des-installations-photovoltaiques-n%c2%92est-peut-etre-qu%c2%92un-feu-de-paille\\\/71394\\\/#article\",\"isPartOf\":{\"@id\":\"https:\\\/\\\/batijournal.com\\\/index.php\\\/la-forte-croissance-des-installations-photovoltaiques-n%c2%92est-peut-etre-qu%c2%92un-feu-de-paille\\\/71394\\\/\"},\"author\":{\"name\":\"Bati-journal\",\"@id\":\"https:\\\/\\\/batijournal.com\\\/#\\\/schema\\\/person\\\/6a657e8967569e1b299972574848aa76\"},\"headline\":\"La forte croissance des installations photovolta\u00efques n\u0092&rsquo;est peut-\u00eatre qu\u0092&rsquo;un feu de paille\",\"datePublished\":\"2011-09-01T22:00:00+00:00\",\"dateModified\":\"2019-07-15T10:22:29+00:00\",\"mainEntityOfPage\":{\"@id\":\"https:\\\/\\\/batijournal.com\\\/index.php\\\/la-forte-croissance-des-installations-photovoltaiques-n%c2%92est-peut-etre-qu%c2%92un-feu-de-paille\\\/71394\\\/\"},\"wordCount\":140,\"commentCount\":0,\"image\":{\"@id\":\"https:\\\/\\\/batijournal.com\\\/index.php\\\/la-forte-croissance-des-installations-photovoltaiques-n%c2%92est-peut-etre-qu%c2%92un-feu-de-paille\\\/71394\\\/#primaryimage\"},\"thumbnailUrl\":\"https:\\\/\\\/batijournal.com\\\/wp-content\\\/uploads\\\/2015\\\/03\\\/29741834.jpg\",\"keywords\":[\"installations photovoltaiques\"],\"articleSection\":[\"\u00c9nergie &amp; Environnement\"],\"inLanguage\":\"fr-FR\",\"potentialAction\":[{\"@type\":\"CommentAction\",\"name\":\"Comment\",\"target\":[\"https:\\\/\\\/batijournal.com\\\/index.php\\\/la-forte-croissance-des-installations-photovoltaiques-n%c2%92est-peut-etre-qu%c2%92un-feu-de-paille\\\/71394\\\/#respond\"]}]},{\"@type\":\"WebPage\",\"@id\":\"https:\\\/\\\/batijournal.com\\\/index.php\\\/la-forte-croissance-des-installations-photovoltaiques-n%c2%92est-peut-etre-qu%c2%92un-feu-de-paille\\\/71394\\\/\",\"url\":\"https:\\\/\\\/batijournal.com\\\/index.php\\\/la-forte-croissance-des-installations-photovoltaiques-n%c2%92est-peut-etre-qu%c2%92un-feu-de-paille\\\/71394\\\/\",\"name\":\"La forte croissance des installations photovolta\u00efques n\u0092'est peut-\u00eatre qu\u0092'un feu de paille\",\"isPartOf\":{\"@id\":\"https:\\\/\\\/batijournal.com\\\/#website\"},\"primaryImageOfPage\":{\"@id\":\"https:\\\/\\\/batijournal.com\\\/index.php\\\/la-forte-croissance-des-installations-photovoltaiques-n%c2%92est-peut-etre-qu%c2%92un-feu-de-paille\\\/71394\\\/#primaryimage\"},\"image\":{\"@id\":\"https:\\\/\\\/batijournal.com\\\/index.php\\\/la-forte-croissance-des-installations-photovoltaiques-n%c2%92est-peut-etre-qu%c2%92un-feu-de-paille\\\/71394\\\/#primaryimage\"},\"thumbnailUrl\":\"https:\\\/\\\/batijournal.com\\\/wp-content\\\/uploads\\\/2015\\\/03\\\/29741834.jpg\",\"datePublished\":\"2011-09-01T22:00:00+00:00\",\"dateModified\":\"2019-07-15T10:22:29+00:00\",\"author\":{\"@id\":\"https:\\\/\\\/batijournal.com\\\/#\\\/schema\\\/person\\\/6a657e8967569e1b299972574848aa76\"},\"breadcrumb\":{\"@id\":\"https:\\\/\\\/batijournal.com\\\/index.php\\\/la-forte-croissance-des-installations-photovoltaiques-n%c2%92est-peut-etre-qu%c2%92un-feu-de-paille\\\/71394\\\/#breadcrumb\"},\"inLanguage\":\"fr-FR\",\"potentialAction\":[{\"@type\":\"ReadAction\",\"target\":[\"https:\\\/\\\/batijournal.com\\\/index.php\\\/la-forte-croissance-des-installations-photovoltaiques-n%c2%92est-peut-etre-qu%c2%92un-feu-de-paille\\\/71394\\\/\"]}]},{\"@type\":\"ImageObject\",\"inLanguage\":\"fr-FR\",\"@id\":\"https:\\\/\\\/batijournal.com\\\/index.php\\\/la-forte-croissance-des-installations-photovoltaiques-n%c2%92est-peut-etre-qu%c2%92un-feu-de-paille\\\/71394\\\/#primaryimage\",\"url\":\"https:\\\/\\\/batijournal.com\\\/wp-content\\\/uploads\\\/2015\\\/03\\\/29741834.jpg\",\"contentUrl\":\"https:\\\/\\\/batijournal.com\\\/wp-content\\\/uploads\\\/2015\\\/03\\\/29741834.jpg\",\"width\":600,\"height\":564},{\"@type\":\"BreadcrumbList\",\"@id\":\"https:\\\/\\\/batijournal.com\\\/index.php\\\/la-forte-croissance-des-installations-photovoltaiques-n%c2%92est-peut-etre-qu%c2%92un-feu-de-paille\\\/71394\\\/#breadcrumb\",\"itemListElement\":[{\"@type\":\"ListItem\",\"position\":1,\"name\":\"Accueil\",\"item\":\"https:\\\/\\\/batijournal.com\\\/\"},{\"@type\":\"ListItem\",\"position\":2,\"name\":\"Actualit\u00e9s\",\"item\":\"https:\\\/\\\/batijournal.com\\\/index.php\\\/category\\\/actualites\\\/\"},{\"@type\":\"ListItem\",\"position\":3,\"name\":\"\u00c9nergie &amp; Environnement\",\"item\":\"https:\\\/\\\/batijournal.com\\\/index.php\\\/category\\\/actualites\\\/energie-environnement\\\/\"},{\"@type\":\"ListItem\",\"position\":4,\"name\":\"La forte croissance des installations photovolta\u00efques n\u0092&rsquo;est peut-\u00eatre qu\u0092&rsquo;un feu de paille\"}]},{\"@type\":\"WebSite\",\"@id\":\"https:\\\/\\\/batijournal.com\\\/#website\",\"url\":\"https:\\\/\\\/batijournal.com\\\/\",\"name\":\"Batijournal\",\"description\":\"L&#039;actualit\u00e9 du b\u00e2timent\",\"potentialAction\":[{\"@type\":\"SearchAction\",\"target\":{\"@type\":\"EntryPoint\",\"urlTemplate\":\"https:\\\/\\\/batijournal.com\\\/?s={search_term_string}\"},\"query-input\":{\"@type\":\"PropertyValueSpecification\",\"valueRequired\":true,\"valueName\":\"search_term_string\"}}],\"inLanguage\":\"fr-FR\"},{\"@type\":\"Person\",\"@id\":\"https:\\\/\\\/batijournal.com\\\/#\\\/schema\\\/person\\\/6a657e8967569e1b299972574848aa76\",\"name\":\"Bati-journal\",\"image\":{\"@type\":\"ImageObject\",\"inLanguage\":\"fr-FR\",\"@id\":\"https:\\\/\\\/secure.gravatar.com\\\/avatar\\\/a64364ea26392f9b4dd47e017ddaec74ff03aefc073b49e492e847201258f777?s=96&d=mm&r=g\",\"url\":\"https:\\\/\\\/secure.gravatar.com\\\/avatar\\\/a64364ea26392f9b4dd47e017ddaec74ff03aefc073b49e492e847201258f777?s=96&d=mm&r=g\",\"contentUrl\":\"https:\\\/\\\/secure.gravatar.com\\\/avatar\\\/a64364ea26392f9b4dd47e017ddaec74ff03aefc073b49e492e847201258f777?s=96&d=mm&r=g\",\"caption\":\"Bati-journal\"},\"url\":\"https:\\\/\\\/batijournal.com\\\/index.php\\\/author\\\/elodie\\\/\"}]}<\/script>\n<!-- \/ Yoast SEO plugin. -->","yoast_head_json":{"title":"La forte croissance des installations photovolta\u00efques n\u0092'est peut-\u00eatre qu\u0092'un feu de paille","robots":{"index":"index","follow":"follow","max-snippet":"max-snippet:-1","max-image-preview":"max-image-preview:large","max-video-preview":"max-video-preview:-1"},"canonical":"https:\/\/batijournal.com\/index.php\/la-forte-croissance-des-installations-photovoltaiques-n\u0092est-peut-etre-qu\u0092un-feu-de-paille\/71394\/","og_locale":"fr_FR","og_type":"article","og_title":"La forte croissance des installations photovolta\u00efques n\u0092'est peut-\u00eatre qu\u0092'un feu de paille","og_description":"Avec 599 MW raccord\u00e9s au cours du premier semestre 2011, le parc photovolta\u00efque conna\u00eet un rythme de croissance \u00e9lev\u00e9. Depuis fin 2010, la hausse du parc est de 55 %. Fin juin 2011, le parc s\u2019\u00e9l\u00e8ve \u00e0 1 679 MW et s\u2019est accru de plus de 1 100 MW en un an. Le rythme des [&hellip;]","og_url":"https:\/\/batijournal.com\/index.php\/la-forte-croissance-des-installations-photovoltaiques-n\u0092est-peut-etre-qu\u0092un-feu-de-paille\/71394\/","og_site_name":"Batijournal","article_published_time":"2011-09-01T22:00:00+00:00","article_modified_time":"2019-07-15T10:22:29+00:00","og_image":[{"width":600,"height":564,"url":"https:\/\/batijournal.com\/wp-content\/uploads\/2015\/03\/29741834.jpg","type":"image\/jpeg"}],"author":"Bati-journal","twitter_card":"summary_large_image","twitter_creator":"@bati_journal","twitter_site":"@bati_journal","twitter_misc":{"\u00c9crit par":"Bati-journal","Dur\u00e9e de lecture estim\u00e9e":"1 minute"},"schema":{"@context":"https:\/\/schema.org","@graph":[{"@type":"Article","@id":"https:\/\/batijournal.com\/index.php\/la-forte-croissance-des-installations-photovoltaiques-n%c2%92est-peut-etre-qu%c2%92un-feu-de-paille\/71394\/#article","isPartOf":{"@id":"https:\/\/batijournal.com\/index.php\/la-forte-croissance-des-installations-photovoltaiques-n%c2%92est-peut-etre-qu%c2%92un-feu-de-paille\/71394\/"},"author":{"name":"Bati-journal","@id":"https:\/\/batijournal.com\/#\/schema\/person\/6a657e8967569e1b299972574848aa76"},"headline":"La forte croissance des installations photovolta\u00efques n\u0092&rsquo;est peut-\u00eatre qu\u0092&rsquo;un feu de paille","datePublished":"2011-09-01T22:00:00+00:00","dateModified":"2019-07-15T10:22:29+00:00","mainEntityOfPage":{"@id":"https:\/\/batijournal.com\/index.php\/la-forte-croissance-des-installations-photovoltaiques-n%c2%92est-peut-etre-qu%c2%92un-feu-de-paille\/71394\/"},"wordCount":140,"commentCount":0,"image":{"@id":"https:\/\/batijournal.com\/index.php\/la-forte-croissance-des-installations-photovoltaiques-n%c2%92est-peut-etre-qu%c2%92un-feu-de-paille\/71394\/#primaryimage"},"thumbnailUrl":"https:\/\/batijournal.com\/wp-content\/uploads\/2015\/03\/29741834.jpg","keywords":["installations photovoltaiques"],"articleSection":["\u00c9nergie &amp; Environnement"],"inLanguage":"fr-FR","potentialAction":[{"@type":"CommentAction","name":"Comment","target":["https:\/\/batijournal.com\/index.php\/la-forte-croissance-des-installations-photovoltaiques-n%c2%92est-peut-etre-qu%c2%92un-feu-de-paille\/71394\/#respond"]}]},{"@type":"WebPage","@id":"https:\/\/batijournal.com\/index.php\/la-forte-croissance-des-installations-photovoltaiques-n%c2%92est-peut-etre-qu%c2%92un-feu-de-paille\/71394\/","url":"https:\/\/batijournal.com\/index.php\/la-forte-croissance-des-installations-photovoltaiques-n%c2%92est-peut-etre-qu%c2%92un-feu-de-paille\/71394\/","name":"La forte croissance des installations photovolta\u00efques n\u0092'est peut-\u00eatre qu\u0092'un feu de paille","isPartOf":{"@id":"https:\/\/batijournal.com\/#website"},"primaryImageOfPage":{"@id":"https:\/\/batijournal.com\/index.php\/la-forte-croissance-des-installations-photovoltaiques-n%c2%92est-peut-etre-qu%c2%92un-feu-de-paille\/71394\/#primaryimage"},"image":{"@id":"https:\/\/batijournal.com\/index.php\/la-forte-croissance-des-installations-photovoltaiques-n%c2%92est-peut-etre-qu%c2%92un-feu-de-paille\/71394\/#primaryimage"},"thumbnailUrl":"https:\/\/batijournal.com\/wp-content\/uploads\/2015\/03\/29741834.jpg","datePublished":"2011-09-01T22:00:00+00:00","dateModified":"2019-07-15T10:22:29+00:00","author":{"@id":"https:\/\/batijournal.com\/#\/schema\/person\/6a657e8967569e1b299972574848aa76"},"breadcrumb":{"@id":"https:\/\/batijournal.com\/index.php\/la-forte-croissance-des-installations-photovoltaiques-n%c2%92est-peut-etre-qu%c2%92un-feu-de-paille\/71394\/#breadcrumb"},"inLanguage":"fr-FR","potentialAction":[{"@type":"ReadAction","target":["https:\/\/batijournal.com\/index.php\/la-forte-croissance-des-installations-photovoltaiques-n%c2%92est-peut-etre-qu%c2%92un-feu-de-paille\/71394\/"]}]},{"@type":"ImageObject","inLanguage":"fr-FR","@id":"https:\/\/batijournal.com\/index.php\/la-forte-croissance-des-installations-photovoltaiques-n%c2%92est-peut-etre-qu%c2%92un-feu-de-paille\/71394\/#primaryimage","url":"https:\/\/batijournal.com\/wp-content\/uploads\/2015\/03\/29741834.jpg","contentUrl":"https:\/\/batijournal.com\/wp-content\/uploads\/2015\/03\/29741834.jpg","width":600,"height":564},{"@type":"BreadcrumbList","@id":"https:\/\/batijournal.com\/index.php\/la-forte-croissance-des-installations-photovoltaiques-n%c2%92est-peut-etre-qu%c2%92un-feu-de-paille\/71394\/#breadcrumb","itemListElement":[{"@type":"ListItem","position":1,"name":"Accueil","item":"https:\/\/batijournal.com\/"},{"@type":"ListItem","position":2,"name":"Actualit\u00e9s","item":"https:\/\/batijournal.com\/index.php\/category\/actualites\/"},{"@type":"ListItem","position":3,"name":"\u00c9nergie &amp; Environnement","item":"https:\/\/batijournal.com\/index.php\/category\/actualites\/energie-environnement\/"},{"@type":"ListItem","position":4,"name":"La forte croissance des installations photovolta\u00efques n\u0092&rsquo;est peut-\u00eatre qu\u0092&rsquo;un feu de paille"}]},{"@type":"WebSite","@id":"https:\/\/batijournal.com\/#website","url":"https:\/\/batijournal.com\/","name":"Batijournal","description":"L&#039;actualit\u00e9 du b\u00e2timent","potentialAction":[{"@type":"SearchAction","target":{"@type":"EntryPoint","urlTemplate":"https:\/\/batijournal.com\/?s={search_term_string}"},"query-input":{"@type":"PropertyValueSpecification","valueRequired":true,"valueName":"search_term_string"}}],"inLanguage":"fr-FR"},{"@type":"Person","@id":"https:\/\/batijournal.com\/#\/schema\/person\/6a657e8967569e1b299972574848aa76","name":"Bati-journal","image":{"@type":"ImageObject","inLanguage":"fr-FR","@id":"https:\/\/secure.gravatar.com\/avatar\/a64364ea26392f9b4dd47e017ddaec74ff03aefc073b49e492e847201258f777?s=96&d=mm&r=g","url":"https:\/\/secure.gravatar.com\/avatar\/a64364ea26392f9b4dd47e017ddaec74ff03aefc073b49e492e847201258f777?s=96&d=mm&r=g","contentUrl":"https:\/\/secure.gravatar.com\/avatar\/a64364ea26392f9b4dd47e017ddaec74ff03aefc073b49e492e847201258f777?s=96&d=mm&r=g","caption":"Bati-journal"},"url":"https:\/\/batijournal.com\/index.php\/author\/elodie\/"}]}},"_links":{"self":[{"href":"https:\/\/batijournal.com\/index.php\/wp-json\/wp\/v2\/posts\/71394","targetHints":{"allow":["GET"]}}],"collection":[{"href":"https:\/\/batijournal.com\/index.php\/wp-json\/wp\/v2\/posts"}],"about":[{"href":"https:\/\/batijournal.com\/index.php\/wp-json\/wp\/v2\/types\/post"}],"author":[{"embeddable":true,"href":"https:\/\/batijournal.com\/index.php\/wp-json\/wp\/v2\/users\/1"}],"replies":[{"embeddable":true,"href":"https:\/\/batijournal.com\/index.php\/wp-json\/wp\/v2\/comments?post=71394"}],"version-history":[{"count":0,"href":"https:\/\/batijournal.com\/index.php\/wp-json\/wp\/v2\/posts\/71394\/revisions"}],"wp:featuredmedia":[{"embeddable":true,"href":"https:\/\/batijournal.com\/index.php\/wp-json\/wp\/v2\/media\/71395"}],"wp:attachment":[{"href":"https:\/\/batijournal.com\/index.php\/wp-json\/wp\/v2\/media?parent=71394"}],"wp:term":[{"taxonomy":"category","embeddable":true,"href":"https:\/\/batijournal.com\/index.php\/wp-json\/wp\/v2\/categories?post=71394"},{"taxonomy":"post_tag","embeddable":true,"href":"https:\/\/batijournal.com\/index.php\/wp-json\/wp\/v2\/tags?post=71394"}],"curies":[{"name":"wp","href":"https:\/\/api.w.org\/{rel}","templated":true}]}}