{"id":71441,"date":"2012-02-24T00:00:00","date_gmt":"2012-02-23T23:00:00","guid":{"rendered":"http:\/\/b.bati-journal.com\/production-denergie-pour-les-collectivites\/71441"},"modified":"2019-07-15T12:22:25","modified_gmt":"2019-07-15T10:22:25","slug":"production-denergie-pour-les-collectivites","status":"publish","type":"post","link":"https:\/\/batijournal.com\/index.php\/production-denergie-pour-les-collectivites\/71441\/","title":{"rendered":"Production d&rsquo;\u00e9nergie pour les collectivit\u00e9s"},"content":{"rendered":"<p>Armorgreen a \u00e9t\u00e9 retenu pour l&rsquo;installation de la plus grande centrale solaire photovolta\u00efque de la ville de Paris. Elle sera install\u00e9e d&rsquo;ici \u00e0 la fin de l&rsquo;ann\u00e9e sur la toiture de la halle Pajol r\u00e9habilit\u00e9e dans la Zac du m\u00eame nom. Premier b\u00e2timent \u00e0 \u00e9nergie positive de France int\u00e9gr\u00e9 \u00e0 un centre-ville dense, cette construction durable situ\u00e9e dans le 18e arrondissement sera le projet pilote de la Zac et le plus important programme d&rsquo;\u00e9coquartier de la capitale. La centrale constitu\u00e9e de plus de 2 000 panneaux photovolta\u00efques occupera une surface de 3 300 m2, aura une puissance de plus de 500 kWc et fournira 500 000 kWh d&rsquo;\u00e9lectricit\u00e9 chaque ann\u00e9e, soit l&rsquo;\u00e9quivalent de la consommation \u00e9lectrique des \u00e9quipements de la halle. Armorgreen est sp\u00e9cialis\u00e9e dans le d\u00e9veloppement, l&rsquo;ing\u00e9nierie, l&rsquo;installation, la maintenance et l&rsquo;exploitation de centrales de production d&rsquo;\u00e9lectricit\u00e9 et de chaleur \u00e0 base d&rsquo;\u00e9nergies renouvelables (solaire, m\u00e9thanisation, biomasse bois, \u00e9olien). La soci\u00e9t\u00e9 assure la construction de la centrale solaire photovolta\u00efque du futur stade d&rsquo;athl\u00e9tisme de Nantes : 2 200 panneaux, 3 800 m2, 550 kWc, 600 000 kWh\/an.<\/p>\n","protected":false},"excerpt":{"rendered":"<p>Armorgreen a \u00e9t\u00e9 retenu pour l&rsquo;installation de la plus grande centrale solaire photovolta\u00efque de la ville de Paris. Elle sera install\u00e9e d&rsquo;ici \u00e0 la fin de l&rsquo;ann\u00e9e sur la toiture de la halle Pajol r\u00e9habilit\u00e9e dans la Zac du m\u00eame nom. Premier b\u00e2timent \u00e0 \u00e9nergie positive de France int\u00e9gr\u00e9 \u00e0 un centre-ville dense, cette construction [&hellip;]<\/p>\n","protected":false},"author":1,"featured_media":71442,"comment_status":"open","ping_status":"closed","sticky":false,"template":"","format":"standard","meta":{"_et_pb_use_builder":"","_et_pb_old_content":"","_et_gb_content_width":"","footnotes":""},"categories":[6351],"tags":[464],"class_list":["post-71441","post","type-post","status-publish","format-standard","has-post-thumbnail","hentry","category-energie-environnement","tag-photovoltaique"],"yoast_head":"<!-- This site is optimized with the Yoast SEO plugin v27.4 - https:\/\/yoast.com\/product\/yoast-seo-wordpress\/ -->\n<title>Production d&#039;\u00e9nergie pour les collectivit\u00e9s<\/title>\n<meta name=\"robots\" content=\"index, follow, max-snippet:-1, max-image-preview:large, max-video-preview:-1\" \/>\n<link rel=\"canonical\" href=\"https:\/\/batijournal.com\/index.php\/production-denergie-pour-les-collectivites\/71441\/\" \/>\n<meta property=\"og:locale\" content=\"fr_FR\" \/>\n<meta property=\"og:type\" content=\"article\" \/>\n<meta property=\"og:title\" content=\"Production d&#039;\u00e9nergie pour les collectivit\u00e9s\" \/>\n<meta property=\"og:description\" content=\"Armorgreen a \u00e9t\u00e9 retenu pour l&rsquo;installation de la plus grande centrale solaire photovolta\u00efque de la ville de Paris. Elle sera install\u00e9e d&rsquo;ici \u00e0 la fin de l&rsquo;ann\u00e9e sur la toiture de la halle Pajol r\u00e9habilit\u00e9e dans la Zac du m\u00eame nom. Premier b\u00e2timent \u00e0 \u00e9nergie positive de France int\u00e9gr\u00e9 \u00e0 un centre-ville dense, cette construction [&hellip;]\" \/>\n<meta property=\"og:url\" content=\"https:\/\/batijournal.com\/index.php\/production-denergie-pour-les-collectivites\/71441\/\" \/>\n<meta property=\"og:site_name\" content=\"Batijournal\" \/>\n<meta property=\"article:published_time\" content=\"2012-02-23T23:00:00+00:00\" \/>\n<meta property=\"article:modified_time\" content=\"2019-07-15T10:22:25+00:00\" \/>\n<meta property=\"og:image\" content=\"https:\/\/batijournal.com\/wp-content\/uploads\/2015\/03\/403328841.jpg\" \/>\n\t<meta property=\"og:image:width\" content=\"600\" \/>\n\t<meta property=\"og:image:height\" content=\"337\" \/>\n\t<meta property=\"og:image:type\" content=\"image\/jpeg\" \/>\n<meta name=\"author\" content=\"Bati-journal\" \/>\n<meta name=\"twitter:card\" content=\"summary_large_image\" \/>\n<meta name=\"twitter:creator\" content=\"@bati_journal\" \/>\n<meta name=\"twitter:site\" content=\"@bati_journal\" \/>\n<meta name=\"twitter:label1\" content=\"\u00c9crit par\" \/>\n\t<meta name=\"twitter:data1\" content=\"Bati-journal\" \/>\n\t<meta name=\"twitter:label2\" content=\"Dur\u00e9e de lecture estim\u00e9e\" \/>\n\t<meta name=\"twitter:data2\" content=\"1 minute\" \/>\n<script type=\"application\/ld+json\" class=\"yoast-schema-graph\">{\"@context\":\"https:\\\/\\\/schema.org\",\"@graph\":[{\"@type\":\"Article\",\"@id\":\"https:\\\/\\\/batijournal.com\\\/index.php\\\/production-denergie-pour-les-collectivites\\\/71441\\\/#article\",\"isPartOf\":{\"@id\":\"https:\\\/\\\/batijournal.com\\\/index.php\\\/production-denergie-pour-les-collectivites\\\/71441\\\/\"},\"author\":{\"name\":\"Bati-journal\",\"@id\":\"https:\\\/\\\/batijournal.com\\\/#\\\/schema\\\/person\\\/6a657e8967569e1b299972574848aa76\"},\"headline\":\"Production d&rsquo;\u00e9nergie pour les collectivit\u00e9s\",\"datePublished\":\"2012-02-23T23:00:00+00:00\",\"dateModified\":\"2019-07-15T10:22:25+00:00\",\"mainEntityOfPage\":{\"@id\":\"https:\\\/\\\/batijournal.com\\\/index.php\\\/production-denergie-pour-les-collectivites\\\/71441\\\/\"},\"wordCount\":199,\"commentCount\":0,\"image\":{\"@id\":\"https:\\\/\\\/batijournal.com\\\/index.php\\\/production-denergie-pour-les-collectivites\\\/71441\\\/#primaryimage\"},\"thumbnailUrl\":\"https:\\\/\\\/batijournal.com\\\/wp-content\\\/uploads\\\/2015\\\/03\\\/403328841.jpg\",\"keywords\":[\"photovolta\u00efque\"],\"articleSection\":[\"\u00c9nergie &amp; Environnement\"],\"inLanguage\":\"fr-FR\",\"potentialAction\":[{\"@type\":\"CommentAction\",\"name\":\"Comment\",\"target\":[\"https:\\\/\\\/batijournal.com\\\/index.php\\\/production-denergie-pour-les-collectivites\\\/71441\\\/#respond\"]}]},{\"@type\":\"WebPage\",\"@id\":\"https:\\\/\\\/batijournal.com\\\/index.php\\\/production-denergie-pour-les-collectivites\\\/71441\\\/\",\"url\":\"https:\\\/\\\/batijournal.com\\\/index.php\\\/production-denergie-pour-les-collectivites\\\/71441\\\/\",\"name\":\"Production d'\u00e9nergie pour les collectivit\u00e9s\",\"isPartOf\":{\"@id\":\"https:\\\/\\\/batijournal.com\\\/#website\"},\"primaryImageOfPage\":{\"@id\":\"https:\\\/\\\/batijournal.com\\\/index.php\\\/production-denergie-pour-les-collectivites\\\/71441\\\/#primaryimage\"},\"image\":{\"@id\":\"https:\\\/\\\/batijournal.com\\\/index.php\\\/production-denergie-pour-les-collectivites\\\/71441\\\/#primaryimage\"},\"thumbnailUrl\":\"https:\\\/\\\/batijournal.com\\\/wp-content\\\/uploads\\\/2015\\\/03\\\/403328841.jpg\",\"datePublished\":\"2012-02-23T23:00:00+00:00\",\"dateModified\":\"2019-07-15T10:22:25+00:00\",\"author\":{\"@id\":\"https:\\\/\\\/batijournal.com\\\/#\\\/schema\\\/person\\\/6a657e8967569e1b299972574848aa76\"},\"breadcrumb\":{\"@id\":\"https:\\\/\\\/batijournal.com\\\/index.php\\\/production-denergie-pour-les-collectivites\\\/71441\\\/#breadcrumb\"},\"inLanguage\":\"fr-FR\",\"potentialAction\":[{\"@type\":\"ReadAction\",\"target\":[\"https:\\\/\\\/batijournal.com\\\/index.php\\\/production-denergie-pour-les-collectivites\\\/71441\\\/\"]}]},{\"@type\":\"ImageObject\",\"inLanguage\":\"fr-FR\",\"@id\":\"https:\\\/\\\/batijournal.com\\\/index.php\\\/production-denergie-pour-les-collectivites\\\/71441\\\/#primaryimage\",\"url\":\"https:\\\/\\\/batijournal.com\\\/wp-content\\\/uploads\\\/2015\\\/03\\\/403328841.jpg\",\"contentUrl\":\"https:\\\/\\\/batijournal.com\\\/wp-content\\\/uploads\\\/2015\\\/03\\\/403328841.jpg\",\"width\":600,\"height\":337},{\"@type\":\"BreadcrumbList\",\"@id\":\"https:\\\/\\\/batijournal.com\\\/index.php\\\/production-denergie-pour-les-collectivites\\\/71441\\\/#breadcrumb\",\"itemListElement\":[{\"@type\":\"ListItem\",\"position\":1,\"name\":\"Accueil\",\"item\":\"https:\\\/\\\/batijournal.com\\\/\"},{\"@type\":\"ListItem\",\"position\":2,\"name\":\"Actualit\u00e9s\",\"item\":\"https:\\\/\\\/batijournal.com\\\/index.php\\\/category\\\/actualites\\\/\"},{\"@type\":\"ListItem\",\"position\":3,\"name\":\"\u00c9nergie &amp; Environnement\",\"item\":\"https:\\\/\\\/batijournal.com\\\/index.php\\\/category\\\/actualites\\\/energie-environnement\\\/\"},{\"@type\":\"ListItem\",\"position\":4,\"name\":\"Production d&rsquo;\u00e9nergie pour les collectivit\u00e9s\"}]},{\"@type\":\"WebSite\",\"@id\":\"https:\\\/\\\/batijournal.com\\\/#website\",\"url\":\"https:\\\/\\\/batijournal.com\\\/\",\"name\":\"Batijournal\",\"description\":\"L&#039;actualit\u00e9 du b\u00e2timent\",\"potentialAction\":[{\"@type\":\"SearchAction\",\"target\":{\"@type\":\"EntryPoint\",\"urlTemplate\":\"https:\\\/\\\/batijournal.com\\\/?s={search_term_string}\"},\"query-input\":{\"@type\":\"PropertyValueSpecification\",\"valueRequired\":true,\"valueName\":\"search_term_string\"}}],\"inLanguage\":\"fr-FR\"},{\"@type\":\"Person\",\"@id\":\"https:\\\/\\\/batijournal.com\\\/#\\\/schema\\\/person\\\/6a657e8967569e1b299972574848aa76\",\"name\":\"Bati-journal\",\"image\":{\"@type\":\"ImageObject\",\"inLanguage\":\"fr-FR\",\"@id\":\"https:\\\/\\\/secure.gravatar.com\\\/avatar\\\/a64364ea26392f9b4dd47e017ddaec74ff03aefc073b49e492e847201258f777?s=96&d=mm&r=g\",\"url\":\"https:\\\/\\\/secure.gravatar.com\\\/avatar\\\/a64364ea26392f9b4dd47e017ddaec74ff03aefc073b49e492e847201258f777?s=96&d=mm&r=g\",\"contentUrl\":\"https:\\\/\\\/secure.gravatar.com\\\/avatar\\\/a64364ea26392f9b4dd47e017ddaec74ff03aefc073b49e492e847201258f777?s=96&d=mm&r=g\",\"caption\":\"Bati-journal\"},\"url\":\"https:\\\/\\\/batijournal.com\\\/index.php\\\/author\\\/elodie\\\/\"}]}<\/script>\n<!-- \/ Yoast SEO plugin. -->","yoast_head_json":{"title":"Production d'\u00e9nergie pour les collectivit\u00e9s","robots":{"index":"index","follow":"follow","max-snippet":"max-snippet:-1","max-image-preview":"max-image-preview:large","max-video-preview":"max-video-preview:-1"},"canonical":"https:\/\/batijournal.com\/index.php\/production-denergie-pour-les-collectivites\/71441\/","og_locale":"fr_FR","og_type":"article","og_title":"Production d'\u00e9nergie pour les collectivit\u00e9s","og_description":"Armorgreen a \u00e9t\u00e9 retenu pour l&rsquo;installation de la plus grande centrale solaire photovolta\u00efque de la ville de Paris. Elle sera install\u00e9e d&rsquo;ici \u00e0 la fin de l&rsquo;ann\u00e9e sur la toiture de la halle Pajol r\u00e9habilit\u00e9e dans la Zac du m\u00eame nom. Premier b\u00e2timent \u00e0 \u00e9nergie positive de France int\u00e9gr\u00e9 \u00e0 un centre-ville dense, cette construction [&hellip;]","og_url":"https:\/\/batijournal.com\/index.php\/production-denergie-pour-les-collectivites\/71441\/","og_site_name":"Batijournal","article_published_time":"2012-02-23T23:00:00+00:00","article_modified_time":"2019-07-15T10:22:25+00:00","og_image":[{"width":600,"height":337,"url":"https:\/\/batijournal.com\/wp-content\/uploads\/2015\/03\/403328841.jpg","type":"image\/jpeg"}],"author":"Bati-journal","twitter_card":"summary_large_image","twitter_creator":"@bati_journal","twitter_site":"@bati_journal","twitter_misc":{"\u00c9crit par":"Bati-journal","Dur\u00e9e de lecture estim\u00e9e":"1 minute"},"schema":{"@context":"https:\/\/schema.org","@graph":[{"@type":"Article","@id":"https:\/\/batijournal.com\/index.php\/production-denergie-pour-les-collectivites\/71441\/#article","isPartOf":{"@id":"https:\/\/batijournal.com\/index.php\/production-denergie-pour-les-collectivites\/71441\/"},"author":{"name":"Bati-journal","@id":"https:\/\/batijournal.com\/#\/schema\/person\/6a657e8967569e1b299972574848aa76"},"headline":"Production d&rsquo;\u00e9nergie pour les collectivit\u00e9s","datePublished":"2012-02-23T23:00:00+00:00","dateModified":"2019-07-15T10:22:25+00:00","mainEntityOfPage":{"@id":"https:\/\/batijournal.com\/index.php\/production-denergie-pour-les-collectivites\/71441\/"},"wordCount":199,"commentCount":0,"image":{"@id":"https:\/\/batijournal.com\/index.php\/production-denergie-pour-les-collectivites\/71441\/#primaryimage"},"thumbnailUrl":"https:\/\/batijournal.com\/wp-content\/uploads\/2015\/03\/403328841.jpg","keywords":["photovolta\u00efque"],"articleSection":["\u00c9nergie &amp; Environnement"],"inLanguage":"fr-FR","potentialAction":[{"@type":"CommentAction","name":"Comment","target":["https:\/\/batijournal.com\/index.php\/production-denergie-pour-les-collectivites\/71441\/#respond"]}]},{"@type":"WebPage","@id":"https:\/\/batijournal.com\/index.php\/production-denergie-pour-les-collectivites\/71441\/","url":"https:\/\/batijournal.com\/index.php\/production-denergie-pour-les-collectivites\/71441\/","name":"Production d'\u00e9nergie pour les collectivit\u00e9s","isPartOf":{"@id":"https:\/\/batijournal.com\/#website"},"primaryImageOfPage":{"@id":"https:\/\/batijournal.com\/index.php\/production-denergie-pour-les-collectivites\/71441\/#primaryimage"},"image":{"@id":"https:\/\/batijournal.com\/index.php\/production-denergie-pour-les-collectivites\/71441\/#primaryimage"},"thumbnailUrl":"https:\/\/batijournal.com\/wp-content\/uploads\/2015\/03\/403328841.jpg","datePublished":"2012-02-23T23:00:00+00:00","dateModified":"2019-07-15T10:22:25+00:00","author":{"@id":"https:\/\/batijournal.com\/#\/schema\/person\/6a657e8967569e1b299972574848aa76"},"breadcrumb":{"@id":"https:\/\/batijournal.com\/index.php\/production-denergie-pour-les-collectivites\/71441\/#breadcrumb"},"inLanguage":"fr-FR","potentialAction":[{"@type":"ReadAction","target":["https:\/\/batijournal.com\/index.php\/production-denergie-pour-les-collectivites\/71441\/"]}]},{"@type":"ImageObject","inLanguage":"fr-FR","@id":"https:\/\/batijournal.com\/index.php\/production-denergie-pour-les-collectivites\/71441\/#primaryimage","url":"https:\/\/batijournal.com\/wp-content\/uploads\/2015\/03\/403328841.jpg","contentUrl":"https:\/\/batijournal.com\/wp-content\/uploads\/2015\/03\/403328841.jpg","width":600,"height":337},{"@type":"BreadcrumbList","@id":"https:\/\/batijournal.com\/index.php\/production-denergie-pour-les-collectivites\/71441\/#breadcrumb","itemListElement":[{"@type":"ListItem","position":1,"name":"Accueil","item":"https:\/\/batijournal.com\/"},{"@type":"ListItem","position":2,"name":"Actualit\u00e9s","item":"https:\/\/batijournal.com\/index.php\/category\/actualites\/"},{"@type":"ListItem","position":3,"name":"\u00c9nergie &amp; Environnement","item":"https:\/\/batijournal.com\/index.php\/category\/actualites\/energie-environnement\/"},{"@type":"ListItem","position":4,"name":"Production d&rsquo;\u00e9nergie pour les collectivit\u00e9s"}]},{"@type":"WebSite","@id":"https:\/\/batijournal.com\/#website","url":"https:\/\/batijournal.com\/","name":"Batijournal","description":"L&#039;actualit\u00e9 du b\u00e2timent","potentialAction":[{"@type":"SearchAction","target":{"@type":"EntryPoint","urlTemplate":"https:\/\/batijournal.com\/?s={search_term_string}"},"query-input":{"@type":"PropertyValueSpecification","valueRequired":true,"valueName":"search_term_string"}}],"inLanguage":"fr-FR"},{"@type":"Person","@id":"https:\/\/batijournal.com\/#\/schema\/person\/6a657e8967569e1b299972574848aa76","name":"Bati-journal","image":{"@type":"ImageObject","inLanguage":"fr-FR","@id":"https:\/\/secure.gravatar.com\/avatar\/a64364ea26392f9b4dd47e017ddaec74ff03aefc073b49e492e847201258f777?s=96&d=mm&r=g","url":"https:\/\/secure.gravatar.com\/avatar\/a64364ea26392f9b4dd47e017ddaec74ff03aefc073b49e492e847201258f777?s=96&d=mm&r=g","contentUrl":"https:\/\/secure.gravatar.com\/avatar\/a64364ea26392f9b4dd47e017ddaec74ff03aefc073b49e492e847201258f777?s=96&d=mm&r=g","caption":"Bati-journal"},"url":"https:\/\/batijournal.com\/index.php\/author\/elodie\/"}]}},"_links":{"self":[{"href":"https:\/\/batijournal.com\/index.php\/wp-json\/wp\/v2\/posts\/71441","targetHints":{"allow":["GET"]}}],"collection":[{"href":"https:\/\/batijournal.com\/index.php\/wp-json\/wp\/v2\/posts"}],"about":[{"href":"https:\/\/batijournal.com\/index.php\/wp-json\/wp\/v2\/types\/post"}],"author":[{"embeddable":true,"href":"https:\/\/batijournal.com\/index.php\/wp-json\/wp\/v2\/users\/1"}],"replies":[{"embeddable":true,"href":"https:\/\/batijournal.com\/index.php\/wp-json\/wp\/v2\/comments?post=71441"}],"version-history":[{"count":0,"href":"https:\/\/batijournal.com\/index.php\/wp-json\/wp\/v2\/posts\/71441\/revisions"}],"wp:featuredmedia":[{"embeddable":true,"href":"https:\/\/batijournal.com\/index.php\/wp-json\/wp\/v2\/media\/71442"}],"wp:attachment":[{"href":"https:\/\/batijournal.com\/index.php\/wp-json\/wp\/v2\/media?parent=71441"}],"wp:term":[{"taxonomy":"category","embeddable":true,"href":"https:\/\/batijournal.com\/index.php\/wp-json\/wp\/v2\/categories?post=71441"},{"taxonomy":"post_tag","embeddable":true,"href":"https:\/\/batijournal.com\/index.php\/wp-json\/wp\/v2\/tags?post=71441"}],"curies":[{"name":"wp","href":"https:\/\/api.w.org\/{rel}","templated":true}]}}