{"id":71445,"date":"2012-03-01T00:00:00","date_gmt":"2012-02-29T23:00:00","guid":{"rendered":"http:\/\/b.bati-journal.com\/francewatts-signe-un-accord-avec-le-centre-europeen-pour-le-recyclage-de-lenergie-solaire\/71445"},"modified":"2019-07-15T12:22:25","modified_gmt":"2019-07-15T10:22:25","slug":"francewatts-signe-un-accord-avec-le-centre-europeen-pour-le-recyclage-de-lenergie-solaire","status":"publish","type":"post","link":"https:\/\/batijournal.com\/index.php\/francewatts-signe-un-accord-avec-le-centre-europeen-pour-le-recyclage-de-lenergie-solaire\/71445\/","title":{"rendered":"FranceWatts signe un accord avec le Centre europ\u00e9en pour le recyclage de l&rsquo;\u00e9nergie solaire"},"content":{"rendered":"<p>FranceWatts, fabricant fran\u00e7ais de solutions photovolta\u00efques et sp\u00e9cialiste de l&rsquo;habillage de l&rsquo;enveloppe du b\u00e2timent, est d\u00e9sormais membre du Centre europ\u00e9en pour le recyclage de l&rsquo;\u00e9nergie solaire (Cer\u00e9s). Cr\u00e9\u00e9e en juillet 2011, le Cer\u00e9s, association de loi 1901, ind\u00e9pendante, \u00e0 but non lucratif, a pour but de cr\u00e9er un programme volontaire de r\u00e9cup\u00e9ration et de recyclage des produits en fin de vie ainsi que des rebuts de production issus de l&rsquo;industrie photovolta\u00efque. Ce programme de collecte ne repr\u00e9sente aucun surco\u00fbt pour le fabricant ni pour l&rsquo;utilisateur final : les d\u00e9chets peuvent \u00eatre d\u00e9pos\u00e9s sans frais dans les points de collecte et seront ensuite r\u00e9cup\u00e9r\u00e9s par les partenaires recycleurs. FranceWatts peut donc offrir \u00e0 ses clients l&rsquo;assurance de la prise en charge en fin de vie de leurs panneaux solaires, l&rsquo;installation d&rsquo;un point de collecte des panneaux solaires usag\u00e9s ayant \u00e9t\u00e9 d\u00e9cid\u00e9e entre autres directement sur le site de l&rsquo;usine de Barentin .<\/p>\n","protected":false},"excerpt":{"rendered":"<p>FranceWatts, fabricant fran\u00e7ais de solutions photovolta\u00efques et sp\u00e9cialiste de l&rsquo;habillage de l&rsquo;enveloppe du b\u00e2timent, est d\u00e9sormais membre du Centre europ\u00e9en pour le recyclage de l&rsquo;\u00e9nergie solaire (Cer\u00e9s). Cr\u00e9\u00e9e en juillet 2011, le Cer\u00e9s, association de loi 1901, ind\u00e9pendante, \u00e0 but non lucratif, a pour but de cr\u00e9er un programme volontaire de r\u00e9cup\u00e9ration et de recyclage [&hellip;]<\/p>\n","protected":false},"author":1,"featured_media":0,"comment_status":"open","ping_status":"closed","sticky":false,"template":"","format":"standard","meta":{"_et_pb_use_builder":"","_et_pb_old_content":"","_et_gb_content_width":"","footnotes":""},"categories":[6351],"tags":[],"class_list":["post-71445","post","type-post","status-publish","format-standard","hentry","category-energie-environnement"],"yoast_head":"<!-- This site is optimized with the Yoast SEO plugin v27.4 - https:\/\/yoast.com\/product\/yoast-seo-wordpress\/ -->\n<title>FranceWatts signe un accord avec le Centre europ\u00e9en pour le recyclage de l&#039;\u00e9nergie solaire<\/title>\n<meta name=\"robots\" content=\"index, follow, max-snippet:-1, max-image-preview:large, max-video-preview:-1\" \/>\n<link rel=\"canonical\" href=\"https:\/\/batijournal.com\/index.php\/francewatts-signe-un-accord-avec-le-centre-europeen-pour-le-recyclage-de-lenergie-solaire\/71445\/\" \/>\n<meta property=\"og:locale\" content=\"fr_FR\" \/>\n<meta property=\"og:type\" content=\"article\" \/>\n<meta property=\"og:title\" content=\"FranceWatts signe un accord avec le Centre europ\u00e9en pour le recyclage de l&#039;\u00e9nergie solaire\" \/>\n<meta property=\"og:description\" content=\"FranceWatts, fabricant fran\u00e7ais de solutions photovolta\u00efques et sp\u00e9cialiste de l&rsquo;habillage de l&rsquo;enveloppe du b\u00e2timent, est d\u00e9sormais membre du Centre europ\u00e9en pour le recyclage de l&rsquo;\u00e9nergie solaire (Cer\u00e9s). Cr\u00e9\u00e9e en juillet 2011, le Cer\u00e9s, association de loi 1901, ind\u00e9pendante, \u00e0 but non lucratif, a pour but de cr\u00e9er un programme volontaire de r\u00e9cup\u00e9ration et de recyclage [&hellip;]\" \/>\n<meta property=\"og:url\" content=\"https:\/\/batijournal.com\/index.php\/francewatts-signe-un-accord-avec-le-centre-europeen-pour-le-recyclage-de-lenergie-solaire\/71445\/\" \/>\n<meta property=\"og:site_name\" content=\"Batijournal\" \/>\n<meta property=\"article:published_time\" content=\"2012-02-29T23:00:00+00:00\" \/>\n<meta property=\"article:modified_time\" content=\"2019-07-15T10:22:25+00:00\" \/>\n<meta name=\"author\" content=\"Bati-journal\" \/>\n<meta name=\"twitter:card\" content=\"summary_large_image\" \/>\n<meta name=\"twitter:creator\" content=\"@bati_journal\" \/>\n<meta name=\"twitter:site\" content=\"@bati_journal\" \/>\n<meta name=\"twitter:label1\" content=\"\u00c9crit par\" \/>\n\t<meta name=\"twitter:data1\" content=\"Bati-journal\" \/>\n\t<meta name=\"twitter:label2\" content=\"Dur\u00e9e de lecture estim\u00e9e\" \/>\n\t<meta name=\"twitter:data2\" content=\"1 minute\" \/>\n<script type=\"application\/ld+json\" class=\"yoast-schema-graph\">{\"@context\":\"https:\\\/\\\/schema.org\",\"@graph\":[{\"@type\":\"Article\",\"@id\":\"https:\\\/\\\/batijournal.com\\\/index.php\\\/francewatts-signe-un-accord-avec-le-centre-europeen-pour-le-recyclage-de-lenergie-solaire\\\/71445\\\/#article\",\"isPartOf\":{\"@id\":\"https:\\\/\\\/batijournal.com\\\/index.php\\\/francewatts-signe-un-accord-avec-le-centre-europeen-pour-le-recyclage-de-lenergie-solaire\\\/71445\\\/\"},\"author\":{\"name\":\"Bati-journal\",\"@id\":\"https:\\\/\\\/batijournal.com\\\/#\\\/schema\\\/person\\\/6a657e8967569e1b299972574848aa76\"},\"headline\":\"FranceWatts signe un accord avec le Centre europ\u00e9en pour le recyclage de l&rsquo;\u00e9nergie solaire\",\"datePublished\":\"2012-02-29T23:00:00+00:00\",\"dateModified\":\"2019-07-15T10:22:25+00:00\",\"mainEntityOfPage\":{\"@id\":\"https:\\\/\\\/batijournal.com\\\/index.php\\\/francewatts-signe-un-accord-avec-le-centre-europeen-pour-le-recyclage-de-lenergie-solaire\\\/71445\\\/\"},\"wordCount\":195,\"commentCount\":0,\"articleSection\":[\"\u00c9nergie &amp; Environnement\"],\"inLanguage\":\"fr-FR\",\"potentialAction\":[{\"@type\":\"CommentAction\",\"name\":\"Comment\",\"target\":[\"https:\\\/\\\/batijournal.com\\\/index.php\\\/francewatts-signe-un-accord-avec-le-centre-europeen-pour-le-recyclage-de-lenergie-solaire\\\/71445\\\/#respond\"]}]},{\"@type\":\"WebPage\",\"@id\":\"https:\\\/\\\/batijournal.com\\\/index.php\\\/francewatts-signe-un-accord-avec-le-centre-europeen-pour-le-recyclage-de-lenergie-solaire\\\/71445\\\/\",\"url\":\"https:\\\/\\\/batijournal.com\\\/index.php\\\/francewatts-signe-un-accord-avec-le-centre-europeen-pour-le-recyclage-de-lenergie-solaire\\\/71445\\\/\",\"name\":\"FranceWatts signe un accord avec le Centre europ\u00e9en pour le recyclage de l'\u00e9nergie solaire\",\"isPartOf\":{\"@id\":\"https:\\\/\\\/batijournal.com\\\/#website\"},\"datePublished\":\"2012-02-29T23:00:00+00:00\",\"dateModified\":\"2019-07-15T10:22:25+00:00\",\"author\":{\"@id\":\"https:\\\/\\\/batijournal.com\\\/#\\\/schema\\\/person\\\/6a657e8967569e1b299972574848aa76\"},\"breadcrumb\":{\"@id\":\"https:\\\/\\\/batijournal.com\\\/index.php\\\/francewatts-signe-un-accord-avec-le-centre-europeen-pour-le-recyclage-de-lenergie-solaire\\\/71445\\\/#breadcrumb\"},\"inLanguage\":\"fr-FR\",\"potentialAction\":[{\"@type\":\"ReadAction\",\"target\":[\"https:\\\/\\\/batijournal.com\\\/index.php\\\/francewatts-signe-un-accord-avec-le-centre-europeen-pour-le-recyclage-de-lenergie-solaire\\\/71445\\\/\"]}]},{\"@type\":\"BreadcrumbList\",\"@id\":\"https:\\\/\\\/batijournal.com\\\/index.php\\\/francewatts-signe-un-accord-avec-le-centre-europeen-pour-le-recyclage-de-lenergie-solaire\\\/71445\\\/#breadcrumb\",\"itemListElement\":[{\"@type\":\"ListItem\",\"position\":1,\"name\":\"Accueil\",\"item\":\"https:\\\/\\\/batijournal.com\\\/\"},{\"@type\":\"ListItem\",\"position\":2,\"name\":\"Actualit\u00e9s\",\"item\":\"https:\\\/\\\/batijournal.com\\\/index.php\\\/category\\\/actualites\\\/\"},{\"@type\":\"ListItem\",\"position\":3,\"name\":\"\u00c9nergie &amp; Environnement\",\"item\":\"https:\\\/\\\/batijournal.com\\\/index.php\\\/category\\\/actualites\\\/energie-environnement\\\/\"},{\"@type\":\"ListItem\",\"position\":4,\"name\":\"FranceWatts signe un accord avec le Centre europ\u00e9en pour le recyclage de l&rsquo;\u00e9nergie solaire\"}]},{\"@type\":\"WebSite\",\"@id\":\"https:\\\/\\\/batijournal.com\\\/#website\",\"url\":\"https:\\\/\\\/batijournal.com\\\/\",\"name\":\"Batijournal\",\"description\":\"L&#039;actualit\u00e9 du b\u00e2timent\",\"potentialAction\":[{\"@type\":\"SearchAction\",\"target\":{\"@type\":\"EntryPoint\",\"urlTemplate\":\"https:\\\/\\\/batijournal.com\\\/?s={search_term_string}\"},\"query-input\":{\"@type\":\"PropertyValueSpecification\",\"valueRequired\":true,\"valueName\":\"search_term_string\"}}],\"inLanguage\":\"fr-FR\"},{\"@type\":\"Person\",\"@id\":\"https:\\\/\\\/batijournal.com\\\/#\\\/schema\\\/person\\\/6a657e8967569e1b299972574848aa76\",\"name\":\"Bati-journal\",\"image\":{\"@type\":\"ImageObject\",\"inLanguage\":\"fr-FR\",\"@id\":\"https:\\\/\\\/secure.gravatar.com\\\/avatar\\\/a64364ea26392f9b4dd47e017ddaec74ff03aefc073b49e492e847201258f777?s=96&d=mm&r=g\",\"url\":\"https:\\\/\\\/secure.gravatar.com\\\/avatar\\\/a64364ea26392f9b4dd47e017ddaec74ff03aefc073b49e492e847201258f777?s=96&d=mm&r=g\",\"contentUrl\":\"https:\\\/\\\/secure.gravatar.com\\\/avatar\\\/a64364ea26392f9b4dd47e017ddaec74ff03aefc073b49e492e847201258f777?s=96&d=mm&r=g\",\"caption\":\"Bati-journal\"},\"url\":\"https:\\\/\\\/batijournal.com\\\/index.php\\\/author\\\/elodie\\\/\"}]}<\/script>\n<!-- \/ Yoast SEO plugin. -->","yoast_head_json":{"title":"FranceWatts signe un accord avec le Centre europ\u00e9en pour le recyclage de l'\u00e9nergie solaire","robots":{"index":"index","follow":"follow","max-snippet":"max-snippet:-1","max-image-preview":"max-image-preview:large","max-video-preview":"max-video-preview:-1"},"canonical":"https:\/\/batijournal.com\/index.php\/francewatts-signe-un-accord-avec-le-centre-europeen-pour-le-recyclage-de-lenergie-solaire\/71445\/","og_locale":"fr_FR","og_type":"article","og_title":"FranceWatts signe un accord avec le Centre europ\u00e9en pour le recyclage de l'\u00e9nergie solaire","og_description":"FranceWatts, fabricant fran\u00e7ais de solutions photovolta\u00efques et sp\u00e9cialiste de l&rsquo;habillage de l&rsquo;enveloppe du b\u00e2timent, est d\u00e9sormais membre du Centre europ\u00e9en pour le recyclage de l&rsquo;\u00e9nergie solaire (Cer\u00e9s). Cr\u00e9\u00e9e en juillet 2011, le Cer\u00e9s, association de loi 1901, ind\u00e9pendante, \u00e0 but non lucratif, a pour but de cr\u00e9er un programme volontaire de r\u00e9cup\u00e9ration et de recyclage [&hellip;]","og_url":"https:\/\/batijournal.com\/index.php\/francewatts-signe-un-accord-avec-le-centre-europeen-pour-le-recyclage-de-lenergie-solaire\/71445\/","og_site_name":"Batijournal","article_published_time":"2012-02-29T23:00:00+00:00","article_modified_time":"2019-07-15T10:22:25+00:00","author":"Bati-journal","twitter_card":"summary_large_image","twitter_creator":"@bati_journal","twitter_site":"@bati_journal","twitter_misc":{"\u00c9crit par":"Bati-journal","Dur\u00e9e de lecture estim\u00e9e":"1 minute"},"schema":{"@context":"https:\/\/schema.org","@graph":[{"@type":"Article","@id":"https:\/\/batijournal.com\/index.php\/francewatts-signe-un-accord-avec-le-centre-europeen-pour-le-recyclage-de-lenergie-solaire\/71445\/#article","isPartOf":{"@id":"https:\/\/batijournal.com\/index.php\/francewatts-signe-un-accord-avec-le-centre-europeen-pour-le-recyclage-de-lenergie-solaire\/71445\/"},"author":{"name":"Bati-journal","@id":"https:\/\/batijournal.com\/#\/schema\/person\/6a657e8967569e1b299972574848aa76"},"headline":"FranceWatts signe un accord avec le Centre europ\u00e9en pour le recyclage de l&rsquo;\u00e9nergie solaire","datePublished":"2012-02-29T23:00:00+00:00","dateModified":"2019-07-15T10:22:25+00:00","mainEntityOfPage":{"@id":"https:\/\/batijournal.com\/index.php\/francewatts-signe-un-accord-avec-le-centre-europeen-pour-le-recyclage-de-lenergie-solaire\/71445\/"},"wordCount":195,"commentCount":0,"articleSection":["\u00c9nergie &amp; Environnement"],"inLanguage":"fr-FR","potentialAction":[{"@type":"CommentAction","name":"Comment","target":["https:\/\/batijournal.com\/index.php\/francewatts-signe-un-accord-avec-le-centre-europeen-pour-le-recyclage-de-lenergie-solaire\/71445\/#respond"]}]},{"@type":"WebPage","@id":"https:\/\/batijournal.com\/index.php\/francewatts-signe-un-accord-avec-le-centre-europeen-pour-le-recyclage-de-lenergie-solaire\/71445\/","url":"https:\/\/batijournal.com\/index.php\/francewatts-signe-un-accord-avec-le-centre-europeen-pour-le-recyclage-de-lenergie-solaire\/71445\/","name":"FranceWatts signe un accord avec le Centre europ\u00e9en pour le recyclage de l'\u00e9nergie solaire","isPartOf":{"@id":"https:\/\/batijournal.com\/#website"},"datePublished":"2012-02-29T23:00:00+00:00","dateModified":"2019-07-15T10:22:25+00:00","author":{"@id":"https:\/\/batijournal.com\/#\/schema\/person\/6a657e8967569e1b299972574848aa76"},"breadcrumb":{"@id":"https:\/\/batijournal.com\/index.php\/francewatts-signe-un-accord-avec-le-centre-europeen-pour-le-recyclage-de-lenergie-solaire\/71445\/#breadcrumb"},"inLanguage":"fr-FR","potentialAction":[{"@type":"ReadAction","target":["https:\/\/batijournal.com\/index.php\/francewatts-signe-un-accord-avec-le-centre-europeen-pour-le-recyclage-de-lenergie-solaire\/71445\/"]}]},{"@type":"BreadcrumbList","@id":"https:\/\/batijournal.com\/index.php\/francewatts-signe-un-accord-avec-le-centre-europeen-pour-le-recyclage-de-lenergie-solaire\/71445\/#breadcrumb","itemListElement":[{"@type":"ListItem","position":1,"name":"Accueil","item":"https:\/\/batijournal.com\/"},{"@type":"ListItem","position":2,"name":"Actualit\u00e9s","item":"https:\/\/batijournal.com\/index.php\/category\/actualites\/"},{"@type":"ListItem","position":3,"name":"\u00c9nergie &amp; Environnement","item":"https:\/\/batijournal.com\/index.php\/category\/actualites\/energie-environnement\/"},{"@type":"ListItem","position":4,"name":"FranceWatts signe un accord avec le Centre europ\u00e9en pour le recyclage de l&rsquo;\u00e9nergie solaire"}]},{"@type":"WebSite","@id":"https:\/\/batijournal.com\/#website","url":"https:\/\/batijournal.com\/","name":"Batijournal","description":"L&#039;actualit\u00e9 du b\u00e2timent","potentialAction":[{"@type":"SearchAction","target":{"@type":"EntryPoint","urlTemplate":"https:\/\/batijournal.com\/?s={search_term_string}"},"query-input":{"@type":"PropertyValueSpecification","valueRequired":true,"valueName":"search_term_string"}}],"inLanguage":"fr-FR"},{"@type":"Person","@id":"https:\/\/batijournal.com\/#\/schema\/person\/6a657e8967569e1b299972574848aa76","name":"Bati-journal","image":{"@type":"ImageObject","inLanguage":"fr-FR","@id":"https:\/\/secure.gravatar.com\/avatar\/a64364ea26392f9b4dd47e017ddaec74ff03aefc073b49e492e847201258f777?s=96&d=mm&r=g","url":"https:\/\/secure.gravatar.com\/avatar\/a64364ea26392f9b4dd47e017ddaec74ff03aefc073b49e492e847201258f777?s=96&d=mm&r=g","contentUrl":"https:\/\/secure.gravatar.com\/avatar\/a64364ea26392f9b4dd47e017ddaec74ff03aefc073b49e492e847201258f777?s=96&d=mm&r=g","caption":"Bati-journal"},"url":"https:\/\/batijournal.com\/index.php\/author\/elodie\/"}]}},"_links":{"self":[{"href":"https:\/\/batijournal.com\/index.php\/wp-json\/wp\/v2\/posts\/71445","targetHints":{"allow":["GET"]}}],"collection":[{"href":"https:\/\/batijournal.com\/index.php\/wp-json\/wp\/v2\/posts"}],"about":[{"href":"https:\/\/batijournal.com\/index.php\/wp-json\/wp\/v2\/types\/post"}],"author":[{"embeddable":true,"href":"https:\/\/batijournal.com\/index.php\/wp-json\/wp\/v2\/users\/1"}],"replies":[{"embeddable":true,"href":"https:\/\/batijournal.com\/index.php\/wp-json\/wp\/v2\/comments?post=71445"}],"version-history":[{"count":0,"href":"https:\/\/batijournal.com\/index.php\/wp-json\/wp\/v2\/posts\/71445\/revisions"}],"wp:attachment":[{"href":"https:\/\/batijournal.com\/index.php\/wp-json\/wp\/v2\/media?parent=71445"}],"wp:term":[{"taxonomy":"category","embeddable":true,"href":"https:\/\/batijournal.com\/index.php\/wp-json\/wp\/v2\/categories?post=71445"},{"taxonomy":"post_tag","embeddable":true,"href":"https:\/\/batijournal.com\/index.php\/wp-json\/wp\/v2\/tags?post=71445"}],"curies":[{"name":"wp","href":"https:\/\/api.w.org\/{rel}","templated":true}]}}