{"id":71487,"date":"2013-04-03T00:00:00","date_gmt":"2013-04-02T22:00:00","guid":{"rendered":"http:\/\/b.bati-journal.com\/photovoltaique-made-in-europe\/71487"},"modified":"2019-07-15T12:22:20","modified_gmt":"2019-07-15T10:22:20","slug":"photovoltaique-made-in-europe","status":"publish","type":"post","link":"https:\/\/batijournal.com\/index.php\/photovoltaique-made-in-europe\/71487\/","title":{"rendered":"Photovolta\u00efque \u00ab Made in Europe \u00bb"},"content":{"rendered":"<p>Le d\u00e9cret du 7 janvier 2013 du minist\u00e8re fran\u00e7ais de l&rsquo;Environnement pr\u00e9voit une augmentation du tarif d&rsquo;achat de 5 % pour les installations photovolta\u00efques dot\u00e9es de panneaux dont la production des cellules ou les \u00e9tapes de production que sont la soudure, le laminage et les tests \u00e9lectriques sont r\u00e9alis\u00e9es dans l&rsquo;espace \u00e9conomique europ\u00e9en. Si deux de ces crit\u00e8res sont remplis, l&rsquo;augmentation atteint m\u00eame 10 %. Si les wafers sont, en outre, d&rsquo;origine europ\u00e9enne et si l&rsquo;un des deux autres cri-t\u00e8res est rempli, l&rsquo;augmentation s&rsquo;\u00e9l\u00e8ve \u00e9galement \u00e0 10 %. SolarWorld est le premier fabricant de produits photovolta\u00efques \u00e0 recevoir en France en date du 1er mars 2013 la certification compl\u00e8te \u00ab Made in Europe \u00bb attestant que ses modules remplissent pleinement ces exigences et que les producteurs d&rsquo;\u00e9nergie solaire recevront donc le meilleur bonus de 10 % en sus du tarif d&rsquo;achat T1, T4 ou T5 avec les modules SolarWorld fabriqu\u00e9s en Allemagne.<\/p>\n","protected":false},"excerpt":{"rendered":"<p>Le d\u00e9cret du 7 janvier 2013 du minist\u00e8re fran\u00e7ais de l&rsquo;Environnement pr\u00e9voit une augmentation du tarif d&rsquo;achat de 5 % pour les installations photovolta\u00efques dot\u00e9es de panneaux dont la production des cellules ou les \u00e9tapes de production que sont la soudure, le laminage et les tests \u00e9lectriques sont r\u00e9alis\u00e9es dans l&rsquo;espace \u00e9conomique europ\u00e9en. Si deux [&hellip;]<\/p>\n","protected":false},"author":1,"featured_media":71488,"comment_status":"open","ping_status":"closed","sticky":false,"template":"","format":"standard","meta":{"_et_pb_use_builder":"","_et_pb_old_content":"","_et_gb_content_width":"","footnotes":""},"categories":[6351],"tags":[464,2993],"class_list":["post-71487","post","type-post","status-publish","format-standard","has-post-thumbnail","hentry","category-energie-environnement","tag-photovoltaique","tag-solarworld"],"yoast_head":"<!-- This site is optimized with the Yoast SEO plugin v27.4 - https:\/\/yoast.com\/product\/yoast-seo-wordpress\/ -->\n<title>Photovolta\u00efque \u00ab Made in Europe \u00bb<\/title>\n<meta name=\"robots\" content=\"index, follow, max-snippet:-1, max-image-preview:large, max-video-preview:-1\" \/>\n<link rel=\"canonical\" href=\"https:\/\/batijournal.com\/index.php\/photovoltaique-made-in-europe\/71487\/\" \/>\n<meta property=\"og:locale\" content=\"fr_FR\" \/>\n<meta property=\"og:type\" content=\"article\" \/>\n<meta property=\"og:title\" content=\"Photovolta\u00efque \u00ab Made in Europe \u00bb\" \/>\n<meta property=\"og:description\" content=\"Le d\u00e9cret du 7 janvier 2013 du minist\u00e8re fran\u00e7ais de l&rsquo;Environnement pr\u00e9voit une augmentation du tarif d&rsquo;achat de 5 % pour les installations photovolta\u00efques dot\u00e9es de panneaux dont la production des cellules ou les \u00e9tapes de production que sont la soudure, le laminage et les tests \u00e9lectriques sont r\u00e9alis\u00e9es dans l&rsquo;espace \u00e9conomique europ\u00e9en. Si deux [&hellip;]\" \/>\n<meta property=\"og:url\" content=\"https:\/\/batijournal.com\/index.php\/photovoltaique-made-in-europe\/71487\/\" \/>\n<meta property=\"og:site_name\" content=\"Batijournal\" \/>\n<meta property=\"article:published_time\" content=\"2013-04-02T22:00:00+00:00\" \/>\n<meta property=\"article:modified_time\" content=\"2019-07-15T10:22:20+00:00\" \/>\n<meta property=\"og:image\" content=\"https:\/\/batijournal.com\/wp-content\/uploads\/2015\/03\/609776861.jpg\" \/>\n\t<meta property=\"og:image:width\" content=\"599\" \/>\n\t<meta property=\"og:image:height\" content=\"406\" \/>\n\t<meta property=\"og:image:type\" content=\"image\/jpeg\" \/>\n<meta name=\"author\" content=\"Bati-journal\" \/>\n<meta name=\"twitter:card\" content=\"summary_large_image\" \/>\n<meta name=\"twitter:creator\" content=\"@bati_journal\" \/>\n<meta name=\"twitter:site\" content=\"@bati_journal\" \/>\n<meta name=\"twitter:label1\" content=\"\u00c9crit par\" \/>\n\t<meta name=\"twitter:data1\" content=\"Bati-journal\" \/>\n\t<meta name=\"twitter:label2\" content=\"Dur\u00e9e de lecture estim\u00e9e\" \/>\n\t<meta name=\"twitter:data2\" content=\"1 minute\" \/>\n<script type=\"application\/ld+json\" class=\"yoast-schema-graph\">{\"@context\":\"https:\\\/\\\/schema.org\",\"@graph\":[{\"@type\":\"Article\",\"@id\":\"https:\\\/\\\/batijournal.com\\\/index.php\\\/photovoltaique-made-in-europe\\\/71487\\\/#article\",\"isPartOf\":{\"@id\":\"https:\\\/\\\/batijournal.com\\\/index.php\\\/photovoltaique-made-in-europe\\\/71487\\\/\"},\"author\":{\"name\":\"Bati-journal\",\"@id\":\"https:\\\/\\\/batijournal.com\\\/#\\\/schema\\\/person\\\/6a657e8967569e1b299972574848aa76\"},\"headline\":\"Photovolta\u00efque \u00ab Made in Europe \u00bb\",\"datePublished\":\"2013-04-02T22:00:00+00:00\",\"dateModified\":\"2019-07-15T10:22:20+00:00\",\"mainEntityOfPage\":{\"@id\":\"https:\\\/\\\/batijournal.com\\\/index.php\\\/photovoltaique-made-in-europe\\\/71487\\\/\"},\"wordCount\":169,\"commentCount\":0,\"image\":{\"@id\":\"https:\\\/\\\/batijournal.com\\\/index.php\\\/photovoltaique-made-in-europe\\\/71487\\\/#primaryimage\"},\"thumbnailUrl\":\"https:\\\/\\\/batijournal.com\\\/wp-content\\\/uploads\\\/2015\\\/03\\\/609776861.jpg\",\"keywords\":[\"photovolta\u00efque\",\"SolarWorld\"],\"articleSection\":[\"\u00c9nergie &amp; Environnement\"],\"inLanguage\":\"fr-FR\",\"potentialAction\":[{\"@type\":\"CommentAction\",\"name\":\"Comment\",\"target\":[\"https:\\\/\\\/batijournal.com\\\/index.php\\\/photovoltaique-made-in-europe\\\/71487\\\/#respond\"]}]},{\"@type\":\"WebPage\",\"@id\":\"https:\\\/\\\/batijournal.com\\\/index.php\\\/photovoltaique-made-in-europe\\\/71487\\\/\",\"url\":\"https:\\\/\\\/batijournal.com\\\/index.php\\\/photovoltaique-made-in-europe\\\/71487\\\/\",\"name\":\"Photovolta\u00efque \u00ab Made in Europe \u00bb\",\"isPartOf\":{\"@id\":\"https:\\\/\\\/batijournal.com\\\/#website\"},\"primaryImageOfPage\":{\"@id\":\"https:\\\/\\\/batijournal.com\\\/index.php\\\/photovoltaique-made-in-europe\\\/71487\\\/#primaryimage\"},\"image\":{\"@id\":\"https:\\\/\\\/batijournal.com\\\/index.php\\\/photovoltaique-made-in-europe\\\/71487\\\/#primaryimage\"},\"thumbnailUrl\":\"https:\\\/\\\/batijournal.com\\\/wp-content\\\/uploads\\\/2015\\\/03\\\/609776861.jpg\",\"datePublished\":\"2013-04-02T22:00:00+00:00\",\"dateModified\":\"2019-07-15T10:22:20+00:00\",\"author\":{\"@id\":\"https:\\\/\\\/batijournal.com\\\/#\\\/schema\\\/person\\\/6a657e8967569e1b299972574848aa76\"},\"breadcrumb\":{\"@id\":\"https:\\\/\\\/batijournal.com\\\/index.php\\\/photovoltaique-made-in-europe\\\/71487\\\/#breadcrumb\"},\"inLanguage\":\"fr-FR\",\"potentialAction\":[{\"@type\":\"ReadAction\",\"target\":[\"https:\\\/\\\/batijournal.com\\\/index.php\\\/photovoltaique-made-in-europe\\\/71487\\\/\"]}]},{\"@type\":\"ImageObject\",\"inLanguage\":\"fr-FR\",\"@id\":\"https:\\\/\\\/batijournal.com\\\/index.php\\\/photovoltaique-made-in-europe\\\/71487\\\/#primaryimage\",\"url\":\"https:\\\/\\\/batijournal.com\\\/wp-content\\\/uploads\\\/2015\\\/03\\\/609776861.jpg\",\"contentUrl\":\"https:\\\/\\\/batijournal.com\\\/wp-content\\\/uploads\\\/2015\\\/03\\\/609776861.jpg\",\"width\":599,\"height\":406},{\"@type\":\"BreadcrumbList\",\"@id\":\"https:\\\/\\\/batijournal.com\\\/index.php\\\/photovoltaique-made-in-europe\\\/71487\\\/#breadcrumb\",\"itemListElement\":[{\"@type\":\"ListItem\",\"position\":1,\"name\":\"Accueil\",\"item\":\"https:\\\/\\\/batijournal.com\\\/\"},{\"@type\":\"ListItem\",\"position\":2,\"name\":\"Actualit\u00e9s\",\"item\":\"https:\\\/\\\/batijournal.com\\\/index.php\\\/category\\\/actualites\\\/\"},{\"@type\":\"ListItem\",\"position\":3,\"name\":\"\u00c9nergie &amp; Environnement\",\"item\":\"https:\\\/\\\/batijournal.com\\\/index.php\\\/category\\\/actualites\\\/energie-environnement\\\/\"},{\"@type\":\"ListItem\",\"position\":4,\"name\":\"Photovolta\u00efque \u00ab Made in Europe \u00bb\"}]},{\"@type\":\"WebSite\",\"@id\":\"https:\\\/\\\/batijournal.com\\\/#website\",\"url\":\"https:\\\/\\\/batijournal.com\\\/\",\"name\":\"Batijournal\",\"description\":\"L&#039;actualit\u00e9 du b\u00e2timent\",\"potentialAction\":[{\"@type\":\"SearchAction\",\"target\":{\"@type\":\"EntryPoint\",\"urlTemplate\":\"https:\\\/\\\/batijournal.com\\\/?s={search_term_string}\"},\"query-input\":{\"@type\":\"PropertyValueSpecification\",\"valueRequired\":true,\"valueName\":\"search_term_string\"}}],\"inLanguage\":\"fr-FR\"},{\"@type\":\"Person\",\"@id\":\"https:\\\/\\\/batijournal.com\\\/#\\\/schema\\\/person\\\/6a657e8967569e1b299972574848aa76\",\"name\":\"Bati-journal\",\"image\":{\"@type\":\"ImageObject\",\"inLanguage\":\"fr-FR\",\"@id\":\"https:\\\/\\\/secure.gravatar.com\\\/avatar\\\/a64364ea26392f9b4dd47e017ddaec74ff03aefc073b49e492e847201258f777?s=96&d=mm&r=g\",\"url\":\"https:\\\/\\\/secure.gravatar.com\\\/avatar\\\/a64364ea26392f9b4dd47e017ddaec74ff03aefc073b49e492e847201258f777?s=96&d=mm&r=g\",\"contentUrl\":\"https:\\\/\\\/secure.gravatar.com\\\/avatar\\\/a64364ea26392f9b4dd47e017ddaec74ff03aefc073b49e492e847201258f777?s=96&d=mm&r=g\",\"caption\":\"Bati-journal\"},\"url\":\"https:\\\/\\\/batijournal.com\\\/index.php\\\/author\\\/elodie\\\/\"}]}<\/script>\n<!-- \/ Yoast SEO plugin. -->","yoast_head_json":{"title":"Photovolta\u00efque \u00ab Made in Europe \u00bb","robots":{"index":"index","follow":"follow","max-snippet":"max-snippet:-1","max-image-preview":"max-image-preview:large","max-video-preview":"max-video-preview:-1"},"canonical":"https:\/\/batijournal.com\/index.php\/photovoltaique-made-in-europe\/71487\/","og_locale":"fr_FR","og_type":"article","og_title":"Photovolta\u00efque \u00ab Made in Europe \u00bb","og_description":"Le d\u00e9cret du 7 janvier 2013 du minist\u00e8re fran\u00e7ais de l&rsquo;Environnement pr\u00e9voit une augmentation du tarif d&rsquo;achat de 5 % pour les installations photovolta\u00efques dot\u00e9es de panneaux dont la production des cellules ou les \u00e9tapes de production que sont la soudure, le laminage et les tests \u00e9lectriques sont r\u00e9alis\u00e9es dans l&rsquo;espace \u00e9conomique europ\u00e9en. Si deux [&hellip;]","og_url":"https:\/\/batijournal.com\/index.php\/photovoltaique-made-in-europe\/71487\/","og_site_name":"Batijournal","article_published_time":"2013-04-02T22:00:00+00:00","article_modified_time":"2019-07-15T10:22:20+00:00","og_image":[{"width":599,"height":406,"url":"https:\/\/batijournal.com\/wp-content\/uploads\/2015\/03\/609776861.jpg","type":"image\/jpeg"}],"author":"Bati-journal","twitter_card":"summary_large_image","twitter_creator":"@bati_journal","twitter_site":"@bati_journal","twitter_misc":{"\u00c9crit par":"Bati-journal","Dur\u00e9e de lecture estim\u00e9e":"1 minute"},"schema":{"@context":"https:\/\/schema.org","@graph":[{"@type":"Article","@id":"https:\/\/batijournal.com\/index.php\/photovoltaique-made-in-europe\/71487\/#article","isPartOf":{"@id":"https:\/\/batijournal.com\/index.php\/photovoltaique-made-in-europe\/71487\/"},"author":{"name":"Bati-journal","@id":"https:\/\/batijournal.com\/#\/schema\/person\/6a657e8967569e1b299972574848aa76"},"headline":"Photovolta\u00efque \u00ab Made in Europe \u00bb","datePublished":"2013-04-02T22:00:00+00:00","dateModified":"2019-07-15T10:22:20+00:00","mainEntityOfPage":{"@id":"https:\/\/batijournal.com\/index.php\/photovoltaique-made-in-europe\/71487\/"},"wordCount":169,"commentCount":0,"image":{"@id":"https:\/\/batijournal.com\/index.php\/photovoltaique-made-in-europe\/71487\/#primaryimage"},"thumbnailUrl":"https:\/\/batijournal.com\/wp-content\/uploads\/2015\/03\/609776861.jpg","keywords":["photovolta\u00efque","SolarWorld"],"articleSection":["\u00c9nergie &amp; Environnement"],"inLanguage":"fr-FR","potentialAction":[{"@type":"CommentAction","name":"Comment","target":["https:\/\/batijournal.com\/index.php\/photovoltaique-made-in-europe\/71487\/#respond"]}]},{"@type":"WebPage","@id":"https:\/\/batijournal.com\/index.php\/photovoltaique-made-in-europe\/71487\/","url":"https:\/\/batijournal.com\/index.php\/photovoltaique-made-in-europe\/71487\/","name":"Photovolta\u00efque \u00ab Made in Europe \u00bb","isPartOf":{"@id":"https:\/\/batijournal.com\/#website"},"primaryImageOfPage":{"@id":"https:\/\/batijournal.com\/index.php\/photovoltaique-made-in-europe\/71487\/#primaryimage"},"image":{"@id":"https:\/\/batijournal.com\/index.php\/photovoltaique-made-in-europe\/71487\/#primaryimage"},"thumbnailUrl":"https:\/\/batijournal.com\/wp-content\/uploads\/2015\/03\/609776861.jpg","datePublished":"2013-04-02T22:00:00+00:00","dateModified":"2019-07-15T10:22:20+00:00","author":{"@id":"https:\/\/batijournal.com\/#\/schema\/person\/6a657e8967569e1b299972574848aa76"},"breadcrumb":{"@id":"https:\/\/batijournal.com\/index.php\/photovoltaique-made-in-europe\/71487\/#breadcrumb"},"inLanguage":"fr-FR","potentialAction":[{"@type":"ReadAction","target":["https:\/\/batijournal.com\/index.php\/photovoltaique-made-in-europe\/71487\/"]}]},{"@type":"ImageObject","inLanguage":"fr-FR","@id":"https:\/\/batijournal.com\/index.php\/photovoltaique-made-in-europe\/71487\/#primaryimage","url":"https:\/\/batijournal.com\/wp-content\/uploads\/2015\/03\/609776861.jpg","contentUrl":"https:\/\/batijournal.com\/wp-content\/uploads\/2015\/03\/609776861.jpg","width":599,"height":406},{"@type":"BreadcrumbList","@id":"https:\/\/batijournal.com\/index.php\/photovoltaique-made-in-europe\/71487\/#breadcrumb","itemListElement":[{"@type":"ListItem","position":1,"name":"Accueil","item":"https:\/\/batijournal.com\/"},{"@type":"ListItem","position":2,"name":"Actualit\u00e9s","item":"https:\/\/batijournal.com\/index.php\/category\/actualites\/"},{"@type":"ListItem","position":3,"name":"\u00c9nergie &amp; Environnement","item":"https:\/\/batijournal.com\/index.php\/category\/actualites\/energie-environnement\/"},{"@type":"ListItem","position":4,"name":"Photovolta\u00efque \u00ab Made in Europe \u00bb"}]},{"@type":"WebSite","@id":"https:\/\/batijournal.com\/#website","url":"https:\/\/batijournal.com\/","name":"Batijournal","description":"L&#039;actualit\u00e9 du b\u00e2timent","potentialAction":[{"@type":"SearchAction","target":{"@type":"EntryPoint","urlTemplate":"https:\/\/batijournal.com\/?s={search_term_string}"},"query-input":{"@type":"PropertyValueSpecification","valueRequired":true,"valueName":"search_term_string"}}],"inLanguage":"fr-FR"},{"@type":"Person","@id":"https:\/\/batijournal.com\/#\/schema\/person\/6a657e8967569e1b299972574848aa76","name":"Bati-journal","image":{"@type":"ImageObject","inLanguage":"fr-FR","@id":"https:\/\/secure.gravatar.com\/avatar\/a64364ea26392f9b4dd47e017ddaec74ff03aefc073b49e492e847201258f777?s=96&d=mm&r=g","url":"https:\/\/secure.gravatar.com\/avatar\/a64364ea26392f9b4dd47e017ddaec74ff03aefc073b49e492e847201258f777?s=96&d=mm&r=g","contentUrl":"https:\/\/secure.gravatar.com\/avatar\/a64364ea26392f9b4dd47e017ddaec74ff03aefc073b49e492e847201258f777?s=96&d=mm&r=g","caption":"Bati-journal"},"url":"https:\/\/batijournal.com\/index.php\/author\/elodie\/"}]}},"_links":{"self":[{"href":"https:\/\/batijournal.com\/index.php\/wp-json\/wp\/v2\/posts\/71487","targetHints":{"allow":["GET"]}}],"collection":[{"href":"https:\/\/batijournal.com\/index.php\/wp-json\/wp\/v2\/posts"}],"about":[{"href":"https:\/\/batijournal.com\/index.php\/wp-json\/wp\/v2\/types\/post"}],"author":[{"embeddable":true,"href":"https:\/\/batijournal.com\/index.php\/wp-json\/wp\/v2\/users\/1"}],"replies":[{"embeddable":true,"href":"https:\/\/batijournal.com\/index.php\/wp-json\/wp\/v2\/comments?post=71487"}],"version-history":[{"count":0,"href":"https:\/\/batijournal.com\/index.php\/wp-json\/wp\/v2\/posts\/71487\/revisions"}],"wp:featuredmedia":[{"embeddable":true,"href":"https:\/\/batijournal.com\/index.php\/wp-json\/wp\/v2\/media\/71488"}],"wp:attachment":[{"href":"https:\/\/batijournal.com\/index.php\/wp-json\/wp\/v2\/media?parent=71487"}],"wp:term":[{"taxonomy":"category","embeddable":true,"href":"https:\/\/batijournal.com\/index.php\/wp-json\/wp\/v2\/categories?post=71487"},{"taxonomy":"post_tag","embeddable":true,"href":"https:\/\/batijournal.com\/index.php\/wp-json\/wp\/v2\/tags?post=71487"}],"curies":[{"name":"wp","href":"https:\/\/api.w.org\/{rel}","templated":true}]}}