{"id":71591,"date":"2008-07-17T15:59:20","date_gmt":"2008-07-17T13:59:20","guid":{"rendered":"http:\/\/b.bati-journal.com\/deux-architectes-francais-recompenses-au-luxembourg\/71591"},"modified":"2019-07-15T12:05:46","modified_gmt":"2019-07-15T10:05:46","slug":"deux-architectes-francais-recompenses-au-luxembourg","status":"publish","type":"post","link":"https:\/\/batijournal.com\/index.php\/deux-architectes-francais-recompenses-au-luxembourg\/71591\/","title":{"rendered":"Deux architectes fran\u00e7ais r\u00e9compens\u00e9s au Luxembourg"},"content":{"rendered":"<p>Les architectes messins Vincent Toffaloni et Emmanuelle Fortin ont obtenu le premier prix du concours luxembourgeois \u201cLes Routes du Bois\u201c 2008. Organis\u00e9 par l&rsquo;administration des Eaux et For\u00eats et la Fondation de l&rsquo;architecture et de l&rsquo;ing\u00e9nierie, cet \u00e9v\u00e9nement \u00e0 destination des jeunes architectes propose de concevoir un pavillon d\u0092exposition en bois destin\u00e9 \u00e0 l\u0092&rsquo;accueil et \u00e0 l&rsquo;\u0092information du public. Le pavillon du Laur\u00e9at sera r\u00e9alis\u00e9 par l\u0092administration des Eaux et For\u00eats, puis pr\u00e9sent\u00e9 au public durant le Week-End du Bois et pendant toute la Semaine paneurop\u00e9enne des for\u00eats dans le grand hall central de la gare ferroviaire de Luxembourg-Ville. Une exposition rassemblera l\u0092&rsquo;ensemble des autres projets (panneaux et maquettes) \u00e0 la Fondation de l\u0092&rsquo;architecture et de l&rsquo;\u0092ing\u00e9nierie pendant le Week-End du Bois et la Semaine paneurop\u00e9enne des for\u00eats du 17 au 24 octobre 2008. <a href=\"http:\/\/www.lesroutesdubois.com\" target=\"_blank\" rel=\"noopener noreferrer\"><span style=\"font-family: Arial, Helvetica, sans-serif; font-size: small;\">www.lesroutesdubois.com<\/span><\/a><\/p>\n","protected":false},"excerpt":{"rendered":"<p>Les architectes messins Vincent Toffaloni et Emmanuelle Fortin ont obtenu le premier prix du concours luxembourgeois \u201cLes Routes du Bois\u201c 2008. Organis\u00e9 par l&rsquo;administration des Eaux et For\u00eats et la Fondation de l&rsquo;architecture et de l&rsquo;ing\u00e9nierie, cet \u00e9v\u00e9nement \u00e0 destination des jeunes architectes propose de concevoir un pavillon d\u0092exposition en bois destin\u00e9 \u00e0 l\u0092&rsquo;accueil et [&hellip;]<\/p>\n","protected":false},"author":1,"featured_media":71592,"comment_status":"open","ping_status":"closed","sticky":false,"template":"","format":"standard","meta":{"_et_pb_use_builder":"","_et_pb_old_content":"","_et_gb_content_width":"","footnotes":""},"categories":[6345],"tags":[7331,5614],"class_list":["post-71591","post","type-post","status-publish","format-standard","has-post-thumbnail","hentry","category-economie-marches","tag-luxembourg","tag-recompense"],"yoast_head":"<!-- This site is optimized with the Yoast SEO plugin v27.4 - https:\/\/yoast.com\/product\/yoast-seo-wordpress\/ -->\n<title>Deux architectes fran\u00e7ais r\u00e9compens\u00e9s au Luxembourg<\/title>\n<meta name=\"robots\" content=\"index, follow, max-snippet:-1, max-image-preview:large, max-video-preview:-1\" \/>\n<link rel=\"canonical\" href=\"https:\/\/batijournal.com\/index.php\/deux-architectes-francais-recompenses-au-luxembourg\/71591\/\" \/>\n<meta property=\"og:locale\" content=\"fr_FR\" \/>\n<meta property=\"og:type\" content=\"article\" \/>\n<meta property=\"og:title\" content=\"Deux architectes fran\u00e7ais r\u00e9compens\u00e9s au Luxembourg\" \/>\n<meta property=\"og:description\" content=\"Les architectes messins Vincent Toffaloni et Emmanuelle Fortin ont obtenu le premier prix du concours luxembourgeois \u201cLes Routes du Bois\u201c 2008. Organis\u00e9 par l&rsquo;administration des Eaux et For\u00eats et la Fondation de l&rsquo;architecture et de l&rsquo;ing\u00e9nierie, cet \u00e9v\u00e9nement \u00e0 destination des jeunes architectes propose de concevoir un pavillon d\u0092exposition en bois destin\u00e9 \u00e0 l\u0092&rsquo;accueil et [&hellip;]\" \/>\n<meta property=\"og:url\" content=\"https:\/\/batijournal.com\/index.php\/deux-architectes-francais-recompenses-au-luxembourg\/71591\/\" \/>\n<meta property=\"og:site_name\" content=\"Batijournal\" \/>\n<meta property=\"article:published_time\" content=\"2008-07-17T13:59:20+00:00\" \/>\n<meta property=\"article:modified_time\" content=\"2019-07-15T10:05:46+00:00\" \/>\n<meta property=\"og:image\" content=\"https:\/\/batijournal.com\/wp-content\/uploads\/2015\/03\/328957.jpg\" \/>\n\t<meta property=\"og:image:width\" content=\"600\" \/>\n\t<meta property=\"og:image:height\" content=\"398\" \/>\n\t<meta property=\"og:image:type\" content=\"image\/jpeg\" \/>\n<meta name=\"author\" content=\"Bati-journal\" \/>\n<meta name=\"twitter:card\" content=\"summary_large_image\" \/>\n<meta name=\"twitter:creator\" content=\"@bati_journal\" \/>\n<meta name=\"twitter:site\" content=\"@bati_journal\" \/>\n<meta name=\"twitter:label1\" content=\"\u00c9crit par\" \/>\n\t<meta name=\"twitter:data1\" content=\"Bati-journal\" \/>\n\t<meta name=\"twitter:label2\" content=\"Dur\u00e9e de lecture estim\u00e9e\" \/>\n\t<meta name=\"twitter:data2\" content=\"1 minute\" \/>\n<script type=\"application\/ld+json\" class=\"yoast-schema-graph\">{\"@context\":\"https:\\\/\\\/schema.org\",\"@graph\":[{\"@type\":\"Article\",\"@id\":\"https:\\\/\\\/batijournal.com\\\/index.php\\\/deux-architectes-francais-recompenses-au-luxembourg\\\/71591\\\/#article\",\"isPartOf\":{\"@id\":\"https:\\\/\\\/batijournal.com\\\/index.php\\\/deux-architectes-francais-recompenses-au-luxembourg\\\/71591\\\/\"},\"author\":{\"name\":\"Bati-journal\",\"@id\":\"https:\\\/\\\/batijournal.com\\\/#\\\/schema\\\/person\\\/6a657e8967569e1b299972574848aa76\"},\"headline\":\"Deux architectes fran\u00e7ais r\u00e9compens\u00e9s au Luxembourg\",\"datePublished\":\"2008-07-17T13:59:20+00:00\",\"dateModified\":\"2019-07-15T10:05:46+00:00\",\"mainEntityOfPage\":{\"@id\":\"https:\\\/\\\/batijournal.com\\\/index.php\\\/deux-architectes-francais-recompenses-au-luxembourg\\\/71591\\\/\"},\"wordCount\":160,\"commentCount\":0,\"image\":{\"@id\":\"https:\\\/\\\/batijournal.com\\\/index.php\\\/deux-architectes-francais-recompenses-au-luxembourg\\\/71591\\\/#primaryimage\"},\"thumbnailUrl\":\"https:\\\/\\\/batijournal.com\\\/wp-content\\\/uploads\\\/2015\\\/03\\\/328957.jpg\",\"keywords\":[\"luxembourg\",\"r\u00e9compense\"],\"articleSection\":[\"\u00c9conomie &amp; March\u00e9s\"],\"inLanguage\":\"fr-FR\",\"potentialAction\":[{\"@type\":\"CommentAction\",\"name\":\"Comment\",\"target\":[\"https:\\\/\\\/batijournal.com\\\/index.php\\\/deux-architectes-francais-recompenses-au-luxembourg\\\/71591\\\/#respond\"]}]},{\"@type\":\"WebPage\",\"@id\":\"https:\\\/\\\/batijournal.com\\\/index.php\\\/deux-architectes-francais-recompenses-au-luxembourg\\\/71591\\\/\",\"url\":\"https:\\\/\\\/batijournal.com\\\/index.php\\\/deux-architectes-francais-recompenses-au-luxembourg\\\/71591\\\/\",\"name\":\"Deux architectes fran\u00e7ais r\u00e9compens\u00e9s au Luxembourg\",\"isPartOf\":{\"@id\":\"https:\\\/\\\/batijournal.com\\\/#website\"},\"primaryImageOfPage\":{\"@id\":\"https:\\\/\\\/batijournal.com\\\/index.php\\\/deux-architectes-francais-recompenses-au-luxembourg\\\/71591\\\/#primaryimage\"},\"image\":{\"@id\":\"https:\\\/\\\/batijournal.com\\\/index.php\\\/deux-architectes-francais-recompenses-au-luxembourg\\\/71591\\\/#primaryimage\"},\"thumbnailUrl\":\"https:\\\/\\\/batijournal.com\\\/wp-content\\\/uploads\\\/2015\\\/03\\\/328957.jpg\",\"datePublished\":\"2008-07-17T13:59:20+00:00\",\"dateModified\":\"2019-07-15T10:05:46+00:00\",\"author\":{\"@id\":\"https:\\\/\\\/batijournal.com\\\/#\\\/schema\\\/person\\\/6a657e8967569e1b299972574848aa76\"},\"breadcrumb\":{\"@id\":\"https:\\\/\\\/batijournal.com\\\/index.php\\\/deux-architectes-francais-recompenses-au-luxembourg\\\/71591\\\/#breadcrumb\"},\"inLanguage\":\"fr-FR\",\"potentialAction\":[{\"@type\":\"ReadAction\",\"target\":[\"https:\\\/\\\/batijournal.com\\\/index.php\\\/deux-architectes-francais-recompenses-au-luxembourg\\\/71591\\\/\"]}]},{\"@type\":\"ImageObject\",\"inLanguage\":\"fr-FR\",\"@id\":\"https:\\\/\\\/batijournal.com\\\/index.php\\\/deux-architectes-francais-recompenses-au-luxembourg\\\/71591\\\/#primaryimage\",\"url\":\"https:\\\/\\\/batijournal.com\\\/wp-content\\\/uploads\\\/2015\\\/03\\\/328957.jpg\",\"contentUrl\":\"https:\\\/\\\/batijournal.com\\\/wp-content\\\/uploads\\\/2015\\\/03\\\/328957.jpg\",\"width\":600,\"height\":398},{\"@type\":\"BreadcrumbList\",\"@id\":\"https:\\\/\\\/batijournal.com\\\/index.php\\\/deux-architectes-francais-recompenses-au-luxembourg\\\/71591\\\/#breadcrumb\",\"itemListElement\":[{\"@type\":\"ListItem\",\"position\":1,\"name\":\"Accueil\",\"item\":\"https:\\\/\\\/batijournal.com\\\/\"},{\"@type\":\"ListItem\",\"position\":2,\"name\":\"Actualit\u00e9s\",\"item\":\"https:\\\/\\\/batijournal.com\\\/index.php\\\/category\\\/actualites\\\/\"},{\"@type\":\"ListItem\",\"position\":3,\"name\":\"\u00c9conomie &amp; March\u00e9s\",\"item\":\"https:\\\/\\\/batijournal.com\\\/index.php\\\/category\\\/actualites\\\/economie-marches\\\/\"},{\"@type\":\"ListItem\",\"position\":4,\"name\":\"Deux architectes fran\u00e7ais r\u00e9compens\u00e9s au Luxembourg\"}]},{\"@type\":\"WebSite\",\"@id\":\"https:\\\/\\\/batijournal.com\\\/#website\",\"url\":\"https:\\\/\\\/batijournal.com\\\/\",\"name\":\"Batijournal\",\"description\":\"L&#039;actualit\u00e9 du b\u00e2timent\",\"potentialAction\":[{\"@type\":\"SearchAction\",\"target\":{\"@type\":\"EntryPoint\",\"urlTemplate\":\"https:\\\/\\\/batijournal.com\\\/?s={search_term_string}\"},\"query-input\":{\"@type\":\"PropertyValueSpecification\",\"valueRequired\":true,\"valueName\":\"search_term_string\"}}],\"inLanguage\":\"fr-FR\"},{\"@type\":\"Person\",\"@id\":\"https:\\\/\\\/batijournal.com\\\/#\\\/schema\\\/person\\\/6a657e8967569e1b299972574848aa76\",\"name\":\"Bati-journal\",\"image\":{\"@type\":\"ImageObject\",\"inLanguage\":\"fr-FR\",\"@id\":\"https:\\\/\\\/secure.gravatar.com\\\/avatar\\\/a64364ea26392f9b4dd47e017ddaec74ff03aefc073b49e492e847201258f777?s=96&d=mm&r=g\",\"url\":\"https:\\\/\\\/secure.gravatar.com\\\/avatar\\\/a64364ea26392f9b4dd47e017ddaec74ff03aefc073b49e492e847201258f777?s=96&d=mm&r=g\",\"contentUrl\":\"https:\\\/\\\/secure.gravatar.com\\\/avatar\\\/a64364ea26392f9b4dd47e017ddaec74ff03aefc073b49e492e847201258f777?s=96&d=mm&r=g\",\"caption\":\"Bati-journal\"},\"url\":\"https:\\\/\\\/batijournal.com\\\/index.php\\\/author\\\/elodie\\\/\"}]}<\/script>\n<!-- \/ Yoast SEO plugin. -->","yoast_head_json":{"title":"Deux architectes fran\u00e7ais r\u00e9compens\u00e9s au Luxembourg","robots":{"index":"index","follow":"follow","max-snippet":"max-snippet:-1","max-image-preview":"max-image-preview:large","max-video-preview":"max-video-preview:-1"},"canonical":"https:\/\/batijournal.com\/index.php\/deux-architectes-francais-recompenses-au-luxembourg\/71591\/","og_locale":"fr_FR","og_type":"article","og_title":"Deux architectes fran\u00e7ais r\u00e9compens\u00e9s au Luxembourg","og_description":"Les architectes messins Vincent Toffaloni et Emmanuelle Fortin ont obtenu le premier prix du concours luxembourgeois \u201cLes Routes du Bois\u201c 2008. Organis\u00e9 par l&rsquo;administration des Eaux et For\u00eats et la Fondation de l&rsquo;architecture et de l&rsquo;ing\u00e9nierie, cet \u00e9v\u00e9nement \u00e0 destination des jeunes architectes propose de concevoir un pavillon d\u0092exposition en bois destin\u00e9 \u00e0 l\u0092&rsquo;accueil et [&hellip;]","og_url":"https:\/\/batijournal.com\/index.php\/deux-architectes-francais-recompenses-au-luxembourg\/71591\/","og_site_name":"Batijournal","article_published_time":"2008-07-17T13:59:20+00:00","article_modified_time":"2019-07-15T10:05:46+00:00","og_image":[{"width":600,"height":398,"url":"https:\/\/batijournal.com\/wp-content\/uploads\/2015\/03\/328957.jpg","type":"image\/jpeg"}],"author":"Bati-journal","twitter_card":"summary_large_image","twitter_creator":"@bati_journal","twitter_site":"@bati_journal","twitter_misc":{"\u00c9crit par":"Bati-journal","Dur\u00e9e de lecture estim\u00e9e":"1 minute"},"schema":{"@context":"https:\/\/schema.org","@graph":[{"@type":"Article","@id":"https:\/\/batijournal.com\/index.php\/deux-architectes-francais-recompenses-au-luxembourg\/71591\/#article","isPartOf":{"@id":"https:\/\/batijournal.com\/index.php\/deux-architectes-francais-recompenses-au-luxembourg\/71591\/"},"author":{"name":"Bati-journal","@id":"https:\/\/batijournal.com\/#\/schema\/person\/6a657e8967569e1b299972574848aa76"},"headline":"Deux architectes fran\u00e7ais r\u00e9compens\u00e9s au Luxembourg","datePublished":"2008-07-17T13:59:20+00:00","dateModified":"2019-07-15T10:05:46+00:00","mainEntityOfPage":{"@id":"https:\/\/batijournal.com\/index.php\/deux-architectes-francais-recompenses-au-luxembourg\/71591\/"},"wordCount":160,"commentCount":0,"image":{"@id":"https:\/\/batijournal.com\/index.php\/deux-architectes-francais-recompenses-au-luxembourg\/71591\/#primaryimage"},"thumbnailUrl":"https:\/\/batijournal.com\/wp-content\/uploads\/2015\/03\/328957.jpg","keywords":["luxembourg","r\u00e9compense"],"articleSection":["\u00c9conomie &amp; March\u00e9s"],"inLanguage":"fr-FR","potentialAction":[{"@type":"CommentAction","name":"Comment","target":["https:\/\/batijournal.com\/index.php\/deux-architectes-francais-recompenses-au-luxembourg\/71591\/#respond"]}]},{"@type":"WebPage","@id":"https:\/\/batijournal.com\/index.php\/deux-architectes-francais-recompenses-au-luxembourg\/71591\/","url":"https:\/\/batijournal.com\/index.php\/deux-architectes-francais-recompenses-au-luxembourg\/71591\/","name":"Deux architectes fran\u00e7ais r\u00e9compens\u00e9s au Luxembourg","isPartOf":{"@id":"https:\/\/batijournal.com\/#website"},"primaryImageOfPage":{"@id":"https:\/\/batijournal.com\/index.php\/deux-architectes-francais-recompenses-au-luxembourg\/71591\/#primaryimage"},"image":{"@id":"https:\/\/batijournal.com\/index.php\/deux-architectes-francais-recompenses-au-luxembourg\/71591\/#primaryimage"},"thumbnailUrl":"https:\/\/batijournal.com\/wp-content\/uploads\/2015\/03\/328957.jpg","datePublished":"2008-07-17T13:59:20+00:00","dateModified":"2019-07-15T10:05:46+00:00","author":{"@id":"https:\/\/batijournal.com\/#\/schema\/person\/6a657e8967569e1b299972574848aa76"},"breadcrumb":{"@id":"https:\/\/batijournal.com\/index.php\/deux-architectes-francais-recompenses-au-luxembourg\/71591\/#breadcrumb"},"inLanguage":"fr-FR","potentialAction":[{"@type":"ReadAction","target":["https:\/\/batijournal.com\/index.php\/deux-architectes-francais-recompenses-au-luxembourg\/71591\/"]}]},{"@type":"ImageObject","inLanguage":"fr-FR","@id":"https:\/\/batijournal.com\/index.php\/deux-architectes-francais-recompenses-au-luxembourg\/71591\/#primaryimage","url":"https:\/\/batijournal.com\/wp-content\/uploads\/2015\/03\/328957.jpg","contentUrl":"https:\/\/batijournal.com\/wp-content\/uploads\/2015\/03\/328957.jpg","width":600,"height":398},{"@type":"BreadcrumbList","@id":"https:\/\/batijournal.com\/index.php\/deux-architectes-francais-recompenses-au-luxembourg\/71591\/#breadcrumb","itemListElement":[{"@type":"ListItem","position":1,"name":"Accueil","item":"https:\/\/batijournal.com\/"},{"@type":"ListItem","position":2,"name":"Actualit\u00e9s","item":"https:\/\/batijournal.com\/index.php\/category\/actualites\/"},{"@type":"ListItem","position":3,"name":"\u00c9conomie &amp; March\u00e9s","item":"https:\/\/batijournal.com\/index.php\/category\/actualites\/economie-marches\/"},{"@type":"ListItem","position":4,"name":"Deux architectes fran\u00e7ais r\u00e9compens\u00e9s au Luxembourg"}]},{"@type":"WebSite","@id":"https:\/\/batijournal.com\/#website","url":"https:\/\/batijournal.com\/","name":"Batijournal","description":"L&#039;actualit\u00e9 du b\u00e2timent","potentialAction":[{"@type":"SearchAction","target":{"@type":"EntryPoint","urlTemplate":"https:\/\/batijournal.com\/?s={search_term_string}"},"query-input":{"@type":"PropertyValueSpecification","valueRequired":true,"valueName":"search_term_string"}}],"inLanguage":"fr-FR"},{"@type":"Person","@id":"https:\/\/batijournal.com\/#\/schema\/person\/6a657e8967569e1b299972574848aa76","name":"Bati-journal","image":{"@type":"ImageObject","inLanguage":"fr-FR","@id":"https:\/\/secure.gravatar.com\/avatar\/a64364ea26392f9b4dd47e017ddaec74ff03aefc073b49e492e847201258f777?s=96&d=mm&r=g","url":"https:\/\/secure.gravatar.com\/avatar\/a64364ea26392f9b4dd47e017ddaec74ff03aefc073b49e492e847201258f777?s=96&d=mm&r=g","contentUrl":"https:\/\/secure.gravatar.com\/avatar\/a64364ea26392f9b4dd47e017ddaec74ff03aefc073b49e492e847201258f777?s=96&d=mm&r=g","caption":"Bati-journal"},"url":"https:\/\/batijournal.com\/index.php\/author\/elodie\/"}]}},"_links":{"self":[{"href":"https:\/\/batijournal.com\/index.php\/wp-json\/wp\/v2\/posts\/71591","targetHints":{"allow":["GET"]}}],"collection":[{"href":"https:\/\/batijournal.com\/index.php\/wp-json\/wp\/v2\/posts"}],"about":[{"href":"https:\/\/batijournal.com\/index.php\/wp-json\/wp\/v2\/types\/post"}],"author":[{"embeddable":true,"href":"https:\/\/batijournal.com\/index.php\/wp-json\/wp\/v2\/users\/1"}],"replies":[{"embeddable":true,"href":"https:\/\/batijournal.com\/index.php\/wp-json\/wp\/v2\/comments?post=71591"}],"version-history":[{"count":0,"href":"https:\/\/batijournal.com\/index.php\/wp-json\/wp\/v2\/posts\/71591\/revisions"}],"wp:featuredmedia":[{"embeddable":true,"href":"https:\/\/batijournal.com\/index.php\/wp-json\/wp\/v2\/media\/71592"}],"wp:attachment":[{"href":"https:\/\/batijournal.com\/index.php\/wp-json\/wp\/v2\/media?parent=71591"}],"wp:term":[{"taxonomy":"category","embeddable":true,"href":"https:\/\/batijournal.com\/index.php\/wp-json\/wp\/v2\/categories?post=71591"},{"taxonomy":"post_tag","embeddable":true,"href":"https:\/\/batijournal.com\/index.php\/wp-json\/wp\/v2\/tags?post=71591"}],"curies":[{"name":"wp","href":"https:\/\/api.w.org\/{rel}","templated":true}]}}