{"id":71605,"date":"2009-01-27T10:29:02","date_gmt":"2009-01-27T09:29:02","guid":{"rendered":"http:\/\/b.bati-journal.com\/plan-durgence-pour-les-forestiers-du-sud-ouest\/71605"},"modified":"2019-07-15T12:05:45","modified_gmt":"2019-07-15T10:05:45","slug":"plan-durgence-pour-les-forestiers-du-sud-ouest","status":"publish","type":"post","link":"https:\/\/batijournal.com\/index.php\/plan-durgence-pour-les-forestiers-du-sud-ouest\/71605\/","title":{"rendered":"Plan d&rsquo;urgence pour les forestiers du Sud-Ouest"},"content":{"rendered":"<p>\u201cD\u00e8s que les r\u00e9seaux seront r\u00e9tablis, les bois tomb\u00e9s en for\u00eat devront \u00eatre r\u00e9colt\u00e9s rapidement pour assurer leur valorisation\u201c, a d\u00e9clar\u00e9 Michel Barnier qui accompagnait le pr\u00e9sident de la R\u00e9publique en Gironde ce week-end. Le ministre de l\u0092&rsquo;Agriculture et de la P\u00eache a annonc\u00e9 que l\u0092&rsquo;ensemble des m\u00e9canismes de solidarit\u00e9 et de secours pr\u00e9vus par l\u0092&rsquo;Etat envers les propri\u00e9taires forestiers serait mobilis\u00e9 afin de mettre en place un plan global en vue d&rsquo;assurer la r\u00e9cup\u00e9ration des bois abattus, de permettre leur stockage et leur valorisation et, enfin, d&rsquo;organiser la reconstitution du patrimoine forestier. Il souhaite notamment la mise en \u009coeuvre d&rsquo;un plan de valorisation de la biomasse en particulier \u00e0 vocation \u00e9nerg\u00e9tique. \u00a0A la demande du ministre, les directeurs d\u00e9partementaux de l\u0092&rsquo;Agriculture et de la For\u00eat devraient prochainement fournir une estimation pr\u00e9cise des d\u00e9g\u00e2ts constat\u00e9s.<\/p>\n","protected":false},"excerpt":{"rendered":"<p>\u201cD\u00e8s que les r\u00e9seaux seront r\u00e9tablis, les bois tomb\u00e9s en for\u00eat devront \u00eatre r\u00e9colt\u00e9s rapidement pour assurer leur valorisation\u201c, a d\u00e9clar\u00e9 Michel Barnier qui accompagnait le pr\u00e9sident de la R\u00e9publique en Gironde ce week-end. Le ministre de l\u0092&rsquo;Agriculture et de la P\u00eache a annonc\u00e9 que l\u0092&rsquo;ensemble des m\u00e9canismes de solidarit\u00e9 et de secours pr\u00e9vus par [&hellip;]<\/p>\n","protected":false},"author":1,"featured_media":0,"comment_status":"open","ping_status":"closed","sticky":false,"template":"","format":"standard","meta":{"_et_pb_use_builder":"","_et_pb_old_content":"","_et_gb_content_width":"","footnotes":""},"categories":[6345],"tags":[772],"class_list":["post-71605","post","type-post","status-publish","format-standard","hentry","category-economie-marches","tag-foret"],"yoast_head":"<!-- This site is optimized with the Yoast SEO plugin v27.4 - https:\/\/yoast.com\/product\/yoast-seo-wordpress\/ -->\n<title>Plan d&#039;urgence pour les forestiers du Sud-Ouest<\/title>\n<meta name=\"robots\" content=\"index, follow, max-snippet:-1, max-image-preview:large, max-video-preview:-1\" \/>\n<link rel=\"canonical\" href=\"https:\/\/batijournal.com\/index.php\/plan-durgence-pour-les-forestiers-du-sud-ouest\/71605\/\" \/>\n<meta property=\"og:locale\" content=\"fr_FR\" \/>\n<meta property=\"og:type\" content=\"article\" \/>\n<meta property=\"og:title\" content=\"Plan d&#039;urgence pour les forestiers du Sud-Ouest\" \/>\n<meta property=\"og:description\" content=\"\u201cD\u00e8s que les r\u00e9seaux seront r\u00e9tablis, les bois tomb\u00e9s en for\u00eat devront \u00eatre r\u00e9colt\u00e9s rapidement pour assurer leur valorisation\u201c, a d\u00e9clar\u00e9 Michel Barnier qui accompagnait le pr\u00e9sident de la R\u00e9publique en Gironde ce week-end. Le ministre de l\u0092&rsquo;Agriculture et de la P\u00eache a annonc\u00e9 que l\u0092&rsquo;ensemble des m\u00e9canismes de solidarit\u00e9 et de secours pr\u00e9vus par [&hellip;]\" \/>\n<meta property=\"og:url\" content=\"https:\/\/batijournal.com\/index.php\/plan-durgence-pour-les-forestiers-du-sud-ouest\/71605\/\" \/>\n<meta property=\"og:site_name\" content=\"Batijournal\" \/>\n<meta property=\"article:published_time\" content=\"2009-01-27T09:29:02+00:00\" \/>\n<meta property=\"article:modified_time\" content=\"2019-07-15T10:05:45+00:00\" \/>\n<meta name=\"author\" content=\"Bati-journal\" \/>\n<meta name=\"twitter:card\" content=\"summary_large_image\" \/>\n<meta name=\"twitter:creator\" content=\"@bati_journal\" \/>\n<meta name=\"twitter:site\" content=\"@bati_journal\" \/>\n<meta name=\"twitter:label1\" content=\"\u00c9crit par\" \/>\n\t<meta name=\"twitter:data1\" content=\"Bati-journal\" \/>\n\t<meta name=\"twitter:label2\" content=\"Dur\u00e9e de lecture estim\u00e9e\" \/>\n\t<meta name=\"twitter:data2\" content=\"1 minute\" \/>\n<script type=\"application\/ld+json\" class=\"yoast-schema-graph\">{\"@context\":\"https:\\\/\\\/schema.org\",\"@graph\":[{\"@type\":\"Article\",\"@id\":\"https:\\\/\\\/batijournal.com\\\/index.php\\\/plan-durgence-pour-les-forestiers-du-sud-ouest\\\/71605\\\/#article\",\"isPartOf\":{\"@id\":\"https:\\\/\\\/batijournal.com\\\/index.php\\\/plan-durgence-pour-les-forestiers-du-sud-ouest\\\/71605\\\/\"},\"author\":{\"name\":\"Bati-journal\",\"@id\":\"https:\\\/\\\/batijournal.com\\\/#\\\/schema\\\/person\\\/6a657e8967569e1b299972574848aa76\"},\"headline\":\"Plan d&rsquo;urgence pour les forestiers du Sud-Ouest\",\"datePublished\":\"2009-01-27T09:29:02+00:00\",\"dateModified\":\"2019-07-15T10:05:45+00:00\",\"mainEntityOfPage\":{\"@id\":\"https:\\\/\\\/batijournal.com\\\/index.php\\\/plan-durgence-pour-les-forestiers-du-sud-ouest\\\/71605\\\/\"},\"wordCount\":172,\"commentCount\":0,\"keywords\":[\"for\u00eat\"],\"articleSection\":[\"\u00c9conomie &amp; March\u00e9s\"],\"inLanguage\":\"fr-FR\",\"potentialAction\":[{\"@type\":\"CommentAction\",\"name\":\"Comment\",\"target\":[\"https:\\\/\\\/batijournal.com\\\/index.php\\\/plan-durgence-pour-les-forestiers-du-sud-ouest\\\/71605\\\/#respond\"]}]},{\"@type\":\"WebPage\",\"@id\":\"https:\\\/\\\/batijournal.com\\\/index.php\\\/plan-durgence-pour-les-forestiers-du-sud-ouest\\\/71605\\\/\",\"url\":\"https:\\\/\\\/batijournal.com\\\/index.php\\\/plan-durgence-pour-les-forestiers-du-sud-ouest\\\/71605\\\/\",\"name\":\"Plan d'urgence pour les forestiers du Sud-Ouest\",\"isPartOf\":{\"@id\":\"https:\\\/\\\/batijournal.com\\\/#website\"},\"datePublished\":\"2009-01-27T09:29:02+00:00\",\"dateModified\":\"2019-07-15T10:05:45+00:00\",\"author\":{\"@id\":\"https:\\\/\\\/batijournal.com\\\/#\\\/schema\\\/person\\\/6a657e8967569e1b299972574848aa76\"},\"breadcrumb\":{\"@id\":\"https:\\\/\\\/batijournal.com\\\/index.php\\\/plan-durgence-pour-les-forestiers-du-sud-ouest\\\/71605\\\/#breadcrumb\"},\"inLanguage\":\"fr-FR\",\"potentialAction\":[{\"@type\":\"ReadAction\",\"target\":[\"https:\\\/\\\/batijournal.com\\\/index.php\\\/plan-durgence-pour-les-forestiers-du-sud-ouest\\\/71605\\\/\"]}]},{\"@type\":\"BreadcrumbList\",\"@id\":\"https:\\\/\\\/batijournal.com\\\/index.php\\\/plan-durgence-pour-les-forestiers-du-sud-ouest\\\/71605\\\/#breadcrumb\",\"itemListElement\":[{\"@type\":\"ListItem\",\"position\":1,\"name\":\"Accueil\",\"item\":\"https:\\\/\\\/batijournal.com\\\/\"},{\"@type\":\"ListItem\",\"position\":2,\"name\":\"Actualit\u00e9s\",\"item\":\"https:\\\/\\\/batijournal.com\\\/index.php\\\/category\\\/actualites\\\/\"},{\"@type\":\"ListItem\",\"position\":3,\"name\":\"\u00c9conomie &amp; March\u00e9s\",\"item\":\"https:\\\/\\\/batijournal.com\\\/index.php\\\/category\\\/actualites\\\/economie-marches\\\/\"},{\"@type\":\"ListItem\",\"position\":4,\"name\":\"Plan d&rsquo;urgence pour les forestiers du Sud-Ouest\"}]},{\"@type\":\"WebSite\",\"@id\":\"https:\\\/\\\/batijournal.com\\\/#website\",\"url\":\"https:\\\/\\\/batijournal.com\\\/\",\"name\":\"Batijournal\",\"description\":\"L&#039;actualit\u00e9 du b\u00e2timent\",\"potentialAction\":[{\"@type\":\"SearchAction\",\"target\":{\"@type\":\"EntryPoint\",\"urlTemplate\":\"https:\\\/\\\/batijournal.com\\\/?s={search_term_string}\"},\"query-input\":{\"@type\":\"PropertyValueSpecification\",\"valueRequired\":true,\"valueName\":\"search_term_string\"}}],\"inLanguage\":\"fr-FR\"},{\"@type\":\"Person\",\"@id\":\"https:\\\/\\\/batijournal.com\\\/#\\\/schema\\\/person\\\/6a657e8967569e1b299972574848aa76\",\"name\":\"Bati-journal\",\"image\":{\"@type\":\"ImageObject\",\"inLanguage\":\"fr-FR\",\"@id\":\"https:\\\/\\\/secure.gravatar.com\\\/avatar\\\/a64364ea26392f9b4dd47e017ddaec74ff03aefc073b49e492e847201258f777?s=96&d=mm&r=g\",\"url\":\"https:\\\/\\\/secure.gravatar.com\\\/avatar\\\/a64364ea26392f9b4dd47e017ddaec74ff03aefc073b49e492e847201258f777?s=96&d=mm&r=g\",\"contentUrl\":\"https:\\\/\\\/secure.gravatar.com\\\/avatar\\\/a64364ea26392f9b4dd47e017ddaec74ff03aefc073b49e492e847201258f777?s=96&d=mm&r=g\",\"caption\":\"Bati-journal\"},\"url\":\"https:\\\/\\\/batijournal.com\\\/index.php\\\/author\\\/elodie\\\/\"}]}<\/script>\n<!-- \/ Yoast SEO plugin. -->","yoast_head_json":{"title":"Plan d'urgence pour les forestiers du Sud-Ouest","robots":{"index":"index","follow":"follow","max-snippet":"max-snippet:-1","max-image-preview":"max-image-preview:large","max-video-preview":"max-video-preview:-1"},"canonical":"https:\/\/batijournal.com\/index.php\/plan-durgence-pour-les-forestiers-du-sud-ouest\/71605\/","og_locale":"fr_FR","og_type":"article","og_title":"Plan d'urgence pour les forestiers du Sud-Ouest","og_description":"\u201cD\u00e8s que les r\u00e9seaux seront r\u00e9tablis, les bois tomb\u00e9s en for\u00eat devront \u00eatre r\u00e9colt\u00e9s rapidement pour assurer leur valorisation\u201c, a d\u00e9clar\u00e9 Michel Barnier qui accompagnait le pr\u00e9sident de la R\u00e9publique en Gironde ce week-end. Le ministre de l\u0092&rsquo;Agriculture et de la P\u00eache a annonc\u00e9 que l\u0092&rsquo;ensemble des m\u00e9canismes de solidarit\u00e9 et de secours pr\u00e9vus par [&hellip;]","og_url":"https:\/\/batijournal.com\/index.php\/plan-durgence-pour-les-forestiers-du-sud-ouest\/71605\/","og_site_name":"Batijournal","article_published_time":"2009-01-27T09:29:02+00:00","article_modified_time":"2019-07-15T10:05:45+00:00","author":"Bati-journal","twitter_card":"summary_large_image","twitter_creator":"@bati_journal","twitter_site":"@bati_journal","twitter_misc":{"\u00c9crit par":"Bati-journal","Dur\u00e9e de lecture estim\u00e9e":"1 minute"},"schema":{"@context":"https:\/\/schema.org","@graph":[{"@type":"Article","@id":"https:\/\/batijournal.com\/index.php\/plan-durgence-pour-les-forestiers-du-sud-ouest\/71605\/#article","isPartOf":{"@id":"https:\/\/batijournal.com\/index.php\/plan-durgence-pour-les-forestiers-du-sud-ouest\/71605\/"},"author":{"name":"Bati-journal","@id":"https:\/\/batijournal.com\/#\/schema\/person\/6a657e8967569e1b299972574848aa76"},"headline":"Plan d&rsquo;urgence pour les forestiers du Sud-Ouest","datePublished":"2009-01-27T09:29:02+00:00","dateModified":"2019-07-15T10:05:45+00:00","mainEntityOfPage":{"@id":"https:\/\/batijournal.com\/index.php\/plan-durgence-pour-les-forestiers-du-sud-ouest\/71605\/"},"wordCount":172,"commentCount":0,"keywords":["for\u00eat"],"articleSection":["\u00c9conomie &amp; March\u00e9s"],"inLanguage":"fr-FR","potentialAction":[{"@type":"CommentAction","name":"Comment","target":["https:\/\/batijournal.com\/index.php\/plan-durgence-pour-les-forestiers-du-sud-ouest\/71605\/#respond"]}]},{"@type":"WebPage","@id":"https:\/\/batijournal.com\/index.php\/plan-durgence-pour-les-forestiers-du-sud-ouest\/71605\/","url":"https:\/\/batijournal.com\/index.php\/plan-durgence-pour-les-forestiers-du-sud-ouest\/71605\/","name":"Plan d'urgence pour les forestiers du Sud-Ouest","isPartOf":{"@id":"https:\/\/batijournal.com\/#website"},"datePublished":"2009-01-27T09:29:02+00:00","dateModified":"2019-07-15T10:05:45+00:00","author":{"@id":"https:\/\/batijournal.com\/#\/schema\/person\/6a657e8967569e1b299972574848aa76"},"breadcrumb":{"@id":"https:\/\/batijournal.com\/index.php\/plan-durgence-pour-les-forestiers-du-sud-ouest\/71605\/#breadcrumb"},"inLanguage":"fr-FR","potentialAction":[{"@type":"ReadAction","target":["https:\/\/batijournal.com\/index.php\/plan-durgence-pour-les-forestiers-du-sud-ouest\/71605\/"]}]},{"@type":"BreadcrumbList","@id":"https:\/\/batijournal.com\/index.php\/plan-durgence-pour-les-forestiers-du-sud-ouest\/71605\/#breadcrumb","itemListElement":[{"@type":"ListItem","position":1,"name":"Accueil","item":"https:\/\/batijournal.com\/"},{"@type":"ListItem","position":2,"name":"Actualit\u00e9s","item":"https:\/\/batijournal.com\/index.php\/category\/actualites\/"},{"@type":"ListItem","position":3,"name":"\u00c9conomie &amp; March\u00e9s","item":"https:\/\/batijournal.com\/index.php\/category\/actualites\/economie-marches\/"},{"@type":"ListItem","position":4,"name":"Plan d&rsquo;urgence pour les forestiers du Sud-Ouest"}]},{"@type":"WebSite","@id":"https:\/\/batijournal.com\/#website","url":"https:\/\/batijournal.com\/","name":"Batijournal","description":"L&#039;actualit\u00e9 du b\u00e2timent","potentialAction":[{"@type":"SearchAction","target":{"@type":"EntryPoint","urlTemplate":"https:\/\/batijournal.com\/?s={search_term_string}"},"query-input":{"@type":"PropertyValueSpecification","valueRequired":true,"valueName":"search_term_string"}}],"inLanguage":"fr-FR"},{"@type":"Person","@id":"https:\/\/batijournal.com\/#\/schema\/person\/6a657e8967569e1b299972574848aa76","name":"Bati-journal","image":{"@type":"ImageObject","inLanguage":"fr-FR","@id":"https:\/\/secure.gravatar.com\/avatar\/a64364ea26392f9b4dd47e017ddaec74ff03aefc073b49e492e847201258f777?s=96&d=mm&r=g","url":"https:\/\/secure.gravatar.com\/avatar\/a64364ea26392f9b4dd47e017ddaec74ff03aefc073b49e492e847201258f777?s=96&d=mm&r=g","contentUrl":"https:\/\/secure.gravatar.com\/avatar\/a64364ea26392f9b4dd47e017ddaec74ff03aefc073b49e492e847201258f777?s=96&d=mm&r=g","caption":"Bati-journal"},"url":"https:\/\/batijournal.com\/index.php\/author\/elodie\/"}]}},"_links":{"self":[{"href":"https:\/\/batijournal.com\/index.php\/wp-json\/wp\/v2\/posts\/71605","targetHints":{"allow":["GET"]}}],"collection":[{"href":"https:\/\/batijournal.com\/index.php\/wp-json\/wp\/v2\/posts"}],"about":[{"href":"https:\/\/batijournal.com\/index.php\/wp-json\/wp\/v2\/types\/post"}],"author":[{"embeddable":true,"href":"https:\/\/batijournal.com\/index.php\/wp-json\/wp\/v2\/users\/1"}],"replies":[{"embeddable":true,"href":"https:\/\/batijournal.com\/index.php\/wp-json\/wp\/v2\/comments?post=71605"}],"version-history":[{"count":0,"href":"https:\/\/batijournal.com\/index.php\/wp-json\/wp\/v2\/posts\/71605\/revisions"}],"wp:attachment":[{"href":"https:\/\/batijournal.com\/index.php\/wp-json\/wp\/v2\/media?parent=71605"}],"wp:term":[{"taxonomy":"category","embeddable":true,"href":"https:\/\/batijournal.com\/index.php\/wp-json\/wp\/v2\/categories?post=71605"},{"taxonomy":"post_tag","embeddable":true,"href":"https:\/\/batijournal.com\/index.php\/wp-json\/wp\/v2\/tags?post=71605"}],"curies":[{"name":"wp","href":"https:\/\/api.w.org\/{rel}","templated":true}]}}