{"id":71641,"date":"2009-10-02T00:00:00","date_gmt":"2009-10-01T22:00:00","guid":{"rendered":"http:\/\/b.bati-journal.com\/bruno-le-maire-et-christian-estrosi-annoncent-la-creation-du-fonds-strategique-bois-fsb-dote-de-20-millions-deuros\/71641"},"modified":"2019-07-15T12:05:41","modified_gmt":"2019-07-15T10:05:41","slug":"bruno-le-maire-et-christian-estrosi-annoncent-la-creation-du-fonds-strategique-bois-fsb-dote-de-20-millions-deuros","status":"publish","type":"post","link":"https:\/\/batijournal.com\/index.php\/bruno-le-maire-et-christian-estrosi-annoncent-la-creation-du-fonds-strategique-bois-fsb-dote-de-20-millions-deuros\/71641\/","title":{"rendered":"Bruno Le Maire et Christian Estrosi annoncent la cr\u00e9ation du Fonds Strat\u00e9gique Bois (FSB) dot\u00e9 de 20 millions d&rsquo;euros"},"content":{"rendered":"<p>Bruno Le Maire, ministre de l\u0092&rsquo;Alimentation, de l\u0092&rsquo;Agriculture et de la P\u00eache, et Christian Estrosi, ministre charg\u00e9 de l\u0092&rsquo;Industrie, annoncent la cr\u00e9ation du Fonds Strat\u00e9gique Bois, dont l&rsquo;\u0092objectif est de donner une impulsion nouvelle \u00e0 la politique foresti\u00e8re. Ce fonds a pour mission de participer au d\u00e9veloppement et \u00e0 la consolidation des entreprises de la fili\u00e8re bois. Il se concentrera notamment sur les secteurs de la scierie, de la construction et de la production d&rsquo;\u0092\u00e9nergie. Il est dot\u00e9 d&rsquo;\u0092un montant initial de 20 M\u0080 via une participation de 5 M\u0080 des quatre acteurs suivants : le Groupe Eiffage, le Cr\u00e9dit Agricole, le Fonds Strat\u00e9gique d&rsquo;\u0092Investissement et l\u0092&rsquo;Office national des for\u00eats participations. Sa dotation pourrait \u00eatre augment\u00e9e en fonction des besoins. Ce fonds sera g\u00e9r\u00e9 par la Caisse des d\u00e9p\u00f4ts et consignations. La mise en place du fonds avait \u00e9t\u00e9 demand\u00e9e en mai dernier par le pr\u00e9sident de la R\u00e9publique \u00e0 la suite de la remise du rapport de Jean Puech sur la mise en valeur de la for\u00eat fran\u00e7aise et le d\u00e9veloppement de la fili\u00e8re bois. Les premiers projets d&rsquo;\u0092investissements seront \u00e9tudi\u00e9s d\u00e8s les prochaines semaines. La premi\u00e8re intervention du fonds dans la fili\u00e8re bois pourra intervenir d&rsquo;\u0092ici \u00e0 la fin de l\u0092ann\u00e9e. Sources : <a href=\"http:\/\/www.agriculture.gouv.fr\" target=\"_blank\" rel=\"noopener noreferrer\">www.agriculture.gouv.fr<\/a><\/p>\n","protected":false},"excerpt":{"rendered":"<p>Bruno Le Maire, ministre de l\u0092&rsquo;Alimentation, de l\u0092&rsquo;Agriculture et de la P\u00eache, et Christian Estrosi, ministre charg\u00e9 de l\u0092&rsquo;Industrie, annoncent la cr\u00e9ation du Fonds Strat\u00e9gique Bois, dont l&rsquo;\u0092objectif est de donner une impulsion nouvelle \u00e0 la politique foresti\u00e8re. Ce fonds a pour mission de participer au d\u00e9veloppement et \u00e0 la consolidation des entreprises de la [&hellip;]<\/p>\n","protected":false},"author":1,"featured_media":0,"comment_status":"open","ping_status":"closed","sticky":false,"template":"","format":"standard","meta":{"_et_pb_use_builder":"","_et_pb_old_content":"","_et_gb_content_width":"","footnotes":""},"categories":[6345],"tags":[44],"class_list":["post-71641","post","type-post","status-publish","format-standard","hentry","category-economie-marches","tag-bois"],"yoast_head":"<!-- This site is optimized with the Yoast SEO plugin v27.4 - https:\/\/yoast.com\/product\/yoast-seo-wordpress\/ -->\n<title>Bruno Le Maire et Christian Estrosi annoncent la cr\u00e9ation du Fonds Strat\u00e9gique Bois (FSB) dot\u00e9 de 20 millions d&#039;euros<\/title>\n<meta name=\"robots\" content=\"index, follow, max-snippet:-1, max-image-preview:large, max-video-preview:-1\" \/>\n<link rel=\"canonical\" href=\"https:\/\/batijournal.com\/index.php\/bruno-le-maire-et-christian-estrosi-annoncent-la-creation-du-fonds-strategique-bois-fsb-dote-de-20-millions-deuros\/71641\/\" \/>\n<meta property=\"og:locale\" content=\"fr_FR\" \/>\n<meta property=\"og:type\" content=\"article\" \/>\n<meta property=\"og:title\" content=\"Bruno Le Maire et Christian Estrosi annoncent la cr\u00e9ation du Fonds Strat\u00e9gique Bois (FSB) dot\u00e9 de 20 millions d&#039;euros\" \/>\n<meta property=\"og:description\" content=\"Bruno Le Maire, ministre de l\u0092&rsquo;Alimentation, de l\u0092&rsquo;Agriculture et de la P\u00eache, et Christian Estrosi, ministre charg\u00e9 de l\u0092&rsquo;Industrie, annoncent la cr\u00e9ation du Fonds Strat\u00e9gique Bois, dont l&rsquo;\u0092objectif est de donner une impulsion nouvelle \u00e0 la politique foresti\u00e8re. Ce fonds a pour mission de participer au d\u00e9veloppement et \u00e0 la consolidation des entreprises de la [&hellip;]\" \/>\n<meta property=\"og:url\" content=\"https:\/\/batijournal.com\/index.php\/bruno-le-maire-et-christian-estrosi-annoncent-la-creation-du-fonds-strategique-bois-fsb-dote-de-20-millions-deuros\/71641\/\" \/>\n<meta property=\"og:site_name\" content=\"Batijournal\" \/>\n<meta property=\"article:published_time\" content=\"2009-10-01T22:00:00+00:00\" \/>\n<meta property=\"article:modified_time\" content=\"2019-07-15T10:05:41+00:00\" \/>\n<meta name=\"author\" content=\"Bati-journal\" \/>\n<meta name=\"twitter:card\" content=\"summary_large_image\" \/>\n<meta name=\"twitter:creator\" content=\"@bati_journal\" \/>\n<meta name=\"twitter:site\" content=\"@bati_journal\" \/>\n<meta name=\"twitter:label1\" content=\"\u00c9crit par\" \/>\n\t<meta name=\"twitter:data1\" content=\"Bati-journal\" \/>\n\t<meta name=\"twitter:label2\" content=\"Dur\u00e9e de lecture estim\u00e9e\" \/>\n\t<meta name=\"twitter:data2\" content=\"1 minute\" \/>\n<script type=\"application\/ld+json\" class=\"yoast-schema-graph\">{\"@context\":\"https:\\\/\\\/schema.org\",\"@graph\":[{\"@type\":\"Article\",\"@id\":\"https:\\\/\\\/batijournal.com\\\/index.php\\\/bruno-le-maire-et-christian-estrosi-annoncent-la-creation-du-fonds-strategique-bois-fsb-dote-de-20-millions-deuros\\\/71641\\\/#article\",\"isPartOf\":{\"@id\":\"https:\\\/\\\/batijournal.com\\\/index.php\\\/bruno-le-maire-et-christian-estrosi-annoncent-la-creation-du-fonds-strategique-bois-fsb-dote-de-20-millions-deuros\\\/71641\\\/\"},\"author\":{\"name\":\"Bati-journal\",\"@id\":\"https:\\\/\\\/batijournal.com\\\/#\\\/schema\\\/person\\\/6a657e8967569e1b299972574848aa76\"},\"headline\":\"Bruno Le Maire et Christian Estrosi annoncent la cr\u00e9ation du Fonds Strat\u00e9gique Bois (FSB) dot\u00e9 de 20 millions d&rsquo;euros\",\"datePublished\":\"2009-10-01T22:00:00+00:00\",\"dateModified\":\"2019-07-15T10:05:41+00:00\",\"mainEntityOfPage\":{\"@id\":\"https:\\\/\\\/batijournal.com\\\/index.php\\\/bruno-le-maire-et-christian-estrosi-annoncent-la-creation-du-fonds-strategique-bois-fsb-dote-de-20-millions-deuros\\\/71641\\\/\"},\"wordCount\":258,\"commentCount\":0,\"keywords\":[\"bois\"],\"articleSection\":[\"\u00c9conomie &amp; March\u00e9s\"],\"inLanguage\":\"fr-FR\",\"potentialAction\":[{\"@type\":\"CommentAction\",\"name\":\"Comment\",\"target\":[\"https:\\\/\\\/batijournal.com\\\/index.php\\\/bruno-le-maire-et-christian-estrosi-annoncent-la-creation-du-fonds-strategique-bois-fsb-dote-de-20-millions-deuros\\\/71641\\\/#respond\"]}]},{\"@type\":\"WebPage\",\"@id\":\"https:\\\/\\\/batijournal.com\\\/index.php\\\/bruno-le-maire-et-christian-estrosi-annoncent-la-creation-du-fonds-strategique-bois-fsb-dote-de-20-millions-deuros\\\/71641\\\/\",\"url\":\"https:\\\/\\\/batijournal.com\\\/index.php\\\/bruno-le-maire-et-christian-estrosi-annoncent-la-creation-du-fonds-strategique-bois-fsb-dote-de-20-millions-deuros\\\/71641\\\/\",\"name\":\"Bruno Le Maire et Christian Estrosi annoncent la cr\u00e9ation du Fonds Strat\u00e9gique Bois (FSB) dot\u00e9 de 20 millions d'euros\",\"isPartOf\":{\"@id\":\"https:\\\/\\\/batijournal.com\\\/#website\"},\"datePublished\":\"2009-10-01T22:00:00+00:00\",\"dateModified\":\"2019-07-15T10:05:41+00:00\",\"author\":{\"@id\":\"https:\\\/\\\/batijournal.com\\\/#\\\/schema\\\/person\\\/6a657e8967569e1b299972574848aa76\"},\"breadcrumb\":{\"@id\":\"https:\\\/\\\/batijournal.com\\\/index.php\\\/bruno-le-maire-et-christian-estrosi-annoncent-la-creation-du-fonds-strategique-bois-fsb-dote-de-20-millions-deuros\\\/71641\\\/#breadcrumb\"},\"inLanguage\":\"fr-FR\",\"potentialAction\":[{\"@type\":\"ReadAction\",\"target\":[\"https:\\\/\\\/batijournal.com\\\/index.php\\\/bruno-le-maire-et-christian-estrosi-annoncent-la-creation-du-fonds-strategique-bois-fsb-dote-de-20-millions-deuros\\\/71641\\\/\"]}]},{\"@type\":\"BreadcrumbList\",\"@id\":\"https:\\\/\\\/batijournal.com\\\/index.php\\\/bruno-le-maire-et-christian-estrosi-annoncent-la-creation-du-fonds-strategique-bois-fsb-dote-de-20-millions-deuros\\\/71641\\\/#breadcrumb\",\"itemListElement\":[{\"@type\":\"ListItem\",\"position\":1,\"name\":\"Accueil\",\"item\":\"https:\\\/\\\/batijournal.com\\\/\"},{\"@type\":\"ListItem\",\"position\":2,\"name\":\"Actualit\u00e9s\",\"item\":\"https:\\\/\\\/batijournal.com\\\/index.php\\\/category\\\/actualites\\\/\"},{\"@type\":\"ListItem\",\"position\":3,\"name\":\"\u00c9conomie &amp; March\u00e9s\",\"item\":\"https:\\\/\\\/batijournal.com\\\/index.php\\\/category\\\/actualites\\\/economie-marches\\\/\"},{\"@type\":\"ListItem\",\"position\":4,\"name\":\"Bruno Le Maire et Christian Estrosi annoncent la cr\u00e9ation du Fonds Strat\u00e9gique Bois (FSB) dot\u00e9 de 20 millions d&rsquo;euros\"}]},{\"@type\":\"WebSite\",\"@id\":\"https:\\\/\\\/batijournal.com\\\/#website\",\"url\":\"https:\\\/\\\/batijournal.com\\\/\",\"name\":\"Batijournal\",\"description\":\"L&#039;actualit\u00e9 du b\u00e2timent\",\"potentialAction\":[{\"@type\":\"SearchAction\",\"target\":{\"@type\":\"EntryPoint\",\"urlTemplate\":\"https:\\\/\\\/batijournal.com\\\/?s={search_term_string}\"},\"query-input\":{\"@type\":\"PropertyValueSpecification\",\"valueRequired\":true,\"valueName\":\"search_term_string\"}}],\"inLanguage\":\"fr-FR\"},{\"@type\":\"Person\",\"@id\":\"https:\\\/\\\/batijournal.com\\\/#\\\/schema\\\/person\\\/6a657e8967569e1b299972574848aa76\",\"name\":\"Bati-journal\",\"image\":{\"@type\":\"ImageObject\",\"inLanguage\":\"fr-FR\",\"@id\":\"https:\\\/\\\/secure.gravatar.com\\\/avatar\\\/a64364ea26392f9b4dd47e017ddaec74ff03aefc073b49e492e847201258f777?s=96&d=mm&r=g\",\"url\":\"https:\\\/\\\/secure.gravatar.com\\\/avatar\\\/a64364ea26392f9b4dd47e017ddaec74ff03aefc073b49e492e847201258f777?s=96&d=mm&r=g\",\"contentUrl\":\"https:\\\/\\\/secure.gravatar.com\\\/avatar\\\/a64364ea26392f9b4dd47e017ddaec74ff03aefc073b49e492e847201258f777?s=96&d=mm&r=g\",\"caption\":\"Bati-journal\"},\"url\":\"https:\\\/\\\/batijournal.com\\\/index.php\\\/author\\\/elodie\\\/\"}]}<\/script>\n<!-- \/ Yoast SEO plugin. -->","yoast_head_json":{"title":"Bruno Le Maire et Christian Estrosi annoncent la cr\u00e9ation du Fonds Strat\u00e9gique Bois (FSB) dot\u00e9 de 20 millions d'euros","robots":{"index":"index","follow":"follow","max-snippet":"max-snippet:-1","max-image-preview":"max-image-preview:large","max-video-preview":"max-video-preview:-1"},"canonical":"https:\/\/batijournal.com\/index.php\/bruno-le-maire-et-christian-estrosi-annoncent-la-creation-du-fonds-strategique-bois-fsb-dote-de-20-millions-deuros\/71641\/","og_locale":"fr_FR","og_type":"article","og_title":"Bruno Le Maire et Christian Estrosi annoncent la cr\u00e9ation du Fonds Strat\u00e9gique Bois (FSB) dot\u00e9 de 20 millions d'euros","og_description":"Bruno Le Maire, ministre de l\u0092&rsquo;Alimentation, de l\u0092&rsquo;Agriculture et de la P\u00eache, et Christian Estrosi, ministre charg\u00e9 de l\u0092&rsquo;Industrie, annoncent la cr\u00e9ation du Fonds Strat\u00e9gique Bois, dont l&rsquo;\u0092objectif est de donner une impulsion nouvelle \u00e0 la politique foresti\u00e8re. Ce fonds a pour mission de participer au d\u00e9veloppement et \u00e0 la consolidation des entreprises de la [&hellip;]","og_url":"https:\/\/batijournal.com\/index.php\/bruno-le-maire-et-christian-estrosi-annoncent-la-creation-du-fonds-strategique-bois-fsb-dote-de-20-millions-deuros\/71641\/","og_site_name":"Batijournal","article_published_time":"2009-10-01T22:00:00+00:00","article_modified_time":"2019-07-15T10:05:41+00:00","author":"Bati-journal","twitter_card":"summary_large_image","twitter_creator":"@bati_journal","twitter_site":"@bati_journal","twitter_misc":{"\u00c9crit par":"Bati-journal","Dur\u00e9e de lecture estim\u00e9e":"1 minute"},"schema":{"@context":"https:\/\/schema.org","@graph":[{"@type":"Article","@id":"https:\/\/batijournal.com\/index.php\/bruno-le-maire-et-christian-estrosi-annoncent-la-creation-du-fonds-strategique-bois-fsb-dote-de-20-millions-deuros\/71641\/#article","isPartOf":{"@id":"https:\/\/batijournal.com\/index.php\/bruno-le-maire-et-christian-estrosi-annoncent-la-creation-du-fonds-strategique-bois-fsb-dote-de-20-millions-deuros\/71641\/"},"author":{"name":"Bati-journal","@id":"https:\/\/batijournal.com\/#\/schema\/person\/6a657e8967569e1b299972574848aa76"},"headline":"Bruno Le Maire et Christian Estrosi annoncent la cr\u00e9ation du Fonds Strat\u00e9gique Bois (FSB) dot\u00e9 de 20 millions d&rsquo;euros","datePublished":"2009-10-01T22:00:00+00:00","dateModified":"2019-07-15T10:05:41+00:00","mainEntityOfPage":{"@id":"https:\/\/batijournal.com\/index.php\/bruno-le-maire-et-christian-estrosi-annoncent-la-creation-du-fonds-strategique-bois-fsb-dote-de-20-millions-deuros\/71641\/"},"wordCount":258,"commentCount":0,"keywords":["bois"],"articleSection":["\u00c9conomie &amp; March\u00e9s"],"inLanguage":"fr-FR","potentialAction":[{"@type":"CommentAction","name":"Comment","target":["https:\/\/batijournal.com\/index.php\/bruno-le-maire-et-christian-estrosi-annoncent-la-creation-du-fonds-strategique-bois-fsb-dote-de-20-millions-deuros\/71641\/#respond"]}]},{"@type":"WebPage","@id":"https:\/\/batijournal.com\/index.php\/bruno-le-maire-et-christian-estrosi-annoncent-la-creation-du-fonds-strategique-bois-fsb-dote-de-20-millions-deuros\/71641\/","url":"https:\/\/batijournal.com\/index.php\/bruno-le-maire-et-christian-estrosi-annoncent-la-creation-du-fonds-strategique-bois-fsb-dote-de-20-millions-deuros\/71641\/","name":"Bruno Le Maire et Christian Estrosi annoncent la cr\u00e9ation du Fonds Strat\u00e9gique Bois (FSB) dot\u00e9 de 20 millions d'euros","isPartOf":{"@id":"https:\/\/batijournal.com\/#website"},"datePublished":"2009-10-01T22:00:00+00:00","dateModified":"2019-07-15T10:05:41+00:00","author":{"@id":"https:\/\/batijournal.com\/#\/schema\/person\/6a657e8967569e1b299972574848aa76"},"breadcrumb":{"@id":"https:\/\/batijournal.com\/index.php\/bruno-le-maire-et-christian-estrosi-annoncent-la-creation-du-fonds-strategique-bois-fsb-dote-de-20-millions-deuros\/71641\/#breadcrumb"},"inLanguage":"fr-FR","potentialAction":[{"@type":"ReadAction","target":["https:\/\/batijournal.com\/index.php\/bruno-le-maire-et-christian-estrosi-annoncent-la-creation-du-fonds-strategique-bois-fsb-dote-de-20-millions-deuros\/71641\/"]}]},{"@type":"BreadcrumbList","@id":"https:\/\/batijournal.com\/index.php\/bruno-le-maire-et-christian-estrosi-annoncent-la-creation-du-fonds-strategique-bois-fsb-dote-de-20-millions-deuros\/71641\/#breadcrumb","itemListElement":[{"@type":"ListItem","position":1,"name":"Accueil","item":"https:\/\/batijournal.com\/"},{"@type":"ListItem","position":2,"name":"Actualit\u00e9s","item":"https:\/\/batijournal.com\/index.php\/category\/actualites\/"},{"@type":"ListItem","position":3,"name":"\u00c9conomie &amp; March\u00e9s","item":"https:\/\/batijournal.com\/index.php\/category\/actualites\/economie-marches\/"},{"@type":"ListItem","position":4,"name":"Bruno Le Maire et Christian Estrosi annoncent la cr\u00e9ation du Fonds Strat\u00e9gique Bois (FSB) dot\u00e9 de 20 millions d&rsquo;euros"}]},{"@type":"WebSite","@id":"https:\/\/batijournal.com\/#website","url":"https:\/\/batijournal.com\/","name":"Batijournal","description":"L&#039;actualit\u00e9 du b\u00e2timent","potentialAction":[{"@type":"SearchAction","target":{"@type":"EntryPoint","urlTemplate":"https:\/\/batijournal.com\/?s={search_term_string}"},"query-input":{"@type":"PropertyValueSpecification","valueRequired":true,"valueName":"search_term_string"}}],"inLanguage":"fr-FR"},{"@type":"Person","@id":"https:\/\/batijournal.com\/#\/schema\/person\/6a657e8967569e1b299972574848aa76","name":"Bati-journal","image":{"@type":"ImageObject","inLanguage":"fr-FR","@id":"https:\/\/secure.gravatar.com\/avatar\/a64364ea26392f9b4dd47e017ddaec74ff03aefc073b49e492e847201258f777?s=96&d=mm&r=g","url":"https:\/\/secure.gravatar.com\/avatar\/a64364ea26392f9b4dd47e017ddaec74ff03aefc073b49e492e847201258f777?s=96&d=mm&r=g","contentUrl":"https:\/\/secure.gravatar.com\/avatar\/a64364ea26392f9b4dd47e017ddaec74ff03aefc073b49e492e847201258f777?s=96&d=mm&r=g","caption":"Bati-journal"},"url":"https:\/\/batijournal.com\/index.php\/author\/elodie\/"}]}},"_links":{"self":[{"href":"https:\/\/batijournal.com\/index.php\/wp-json\/wp\/v2\/posts\/71641","targetHints":{"allow":["GET"]}}],"collection":[{"href":"https:\/\/batijournal.com\/index.php\/wp-json\/wp\/v2\/posts"}],"about":[{"href":"https:\/\/batijournal.com\/index.php\/wp-json\/wp\/v2\/types\/post"}],"author":[{"embeddable":true,"href":"https:\/\/batijournal.com\/index.php\/wp-json\/wp\/v2\/users\/1"}],"replies":[{"embeddable":true,"href":"https:\/\/batijournal.com\/index.php\/wp-json\/wp\/v2\/comments?post=71641"}],"version-history":[{"count":0,"href":"https:\/\/batijournal.com\/index.php\/wp-json\/wp\/v2\/posts\/71641\/revisions"}],"wp:attachment":[{"href":"https:\/\/batijournal.com\/index.php\/wp-json\/wp\/v2\/media?parent=71641"}],"wp:term":[{"taxonomy":"category","embeddable":true,"href":"https:\/\/batijournal.com\/index.php\/wp-json\/wp\/v2\/categories?post=71641"},{"taxonomy":"post_tag","embeddable":true,"href":"https:\/\/batijournal.com\/index.php\/wp-json\/wp\/v2\/tags?post=71641"}],"curies":[{"name":"wp","href":"https:\/\/api.w.org\/{rel}","templated":true}]}}