{"id":71656,"date":"2010-01-29T10:01:07","date_gmt":"2010-01-29T09:01:07","guid":{"rendered":"http:\/\/b.bati-journal.com\/haute-savoie-valorisation-du-bois-local\/71656"},"modified":"2019-07-15T12:05:39","modified_gmt":"2019-07-15T10:05:39","slug":"haute-savoie-valorisation-du-bois-local","status":"publish","type":"post","link":"https:\/\/batijournal.com\/index.php\/haute-savoie-valorisation-du-bois-local\/71656\/","title":{"rendered":"Haute-Savoie : valorisation du bois local"},"content":{"rendered":"<p>Dans le cadre de p\u00f4les de valorisation du bois local en Haute-Savoie, les \u00e9tudes ont d\u00e9marr\u00e9 \u00a0pour deux projets (Annecy Bois &#8211; Ducruet Bois ; Scierie Jorat &#8211; Scierie Lan\u00e7on) avec l&rsquo;\u0092intervention du CRITT d&rsquo;\u0092Epinal. Ce projet vise \u00e0 augmenter les parts de march\u00e9 des bois locaux en favorisant la mutualisation des moyens des entreprises locales autour de \u00ab p\u00f4les de valorisation \u00bb. Il r\u00e9pond donc \u00e0 la fois \u00e0 des probl\u00e9matiques industrielles (adaptation aux march\u00e9s) et de d\u00e9veloppement des circuits courts. Ouvert aux entreprises de la 1re et de la 2e transformation de Haute-Savoie, il permet de s&rsquo;\u0092attacher les comp\u00e9tences de sp\u00e9cialistes, avec une animation d\u00e9di\u00e9e et une prise en charge partielle d\u0092&rsquo;\u00e9tudes de faisabilit\u00e9 par FIB74. Pour obtenir plus d\u0092&rsquo;informations, cliquez sur le lien ci-dessous.<\/p>\n","protected":false},"excerpt":{"rendered":"<p>Dans le cadre de p\u00f4les de valorisation du bois local en Haute-Savoie, les \u00e9tudes ont d\u00e9marr\u00e9 \u00a0pour deux projets (Annecy Bois &#8211; Ducruet Bois ; Scierie Jorat &#8211; Scierie Lan\u00e7on) avec l&rsquo;\u0092intervention du CRITT d&rsquo;\u0092Epinal. Ce projet vise \u00e0 augmenter les parts de march\u00e9 des bois locaux en favorisant la mutualisation des moyens des entreprises [&hellip;]<\/p>\n","protected":false},"author":1,"featured_media":0,"comment_status":"open","ping_status":"closed","sticky":false,"template":"","format":"standard","meta":{"_et_pb_use_builder":"","_et_pb_old_content":"","_et_gb_content_width":"","footnotes":""},"categories":[6345],"tags":[991,1446],"class_list":["post-71656","post","type-post","status-publish","format-standard","hentry","category-economie-marches","tag-haute-savoie","tag-valorisation"],"yoast_head":"<!-- This site is optimized with the Yoast SEO plugin v27.4 - https:\/\/yoast.com\/product\/yoast-seo-wordpress\/ -->\n<title>Haute-Savoie : valorisation du bois local<\/title>\n<meta name=\"robots\" content=\"index, follow, max-snippet:-1, max-image-preview:large, max-video-preview:-1\" \/>\n<link rel=\"canonical\" href=\"https:\/\/batijournal.com\/index.php\/haute-savoie-valorisation-du-bois-local\/71656\/\" \/>\n<meta property=\"og:locale\" content=\"fr_FR\" \/>\n<meta property=\"og:type\" content=\"article\" \/>\n<meta property=\"og:title\" content=\"Haute-Savoie : valorisation du bois local\" \/>\n<meta property=\"og:description\" content=\"Dans le cadre de p\u00f4les de valorisation du bois local en Haute-Savoie, les \u00e9tudes ont d\u00e9marr\u00e9 \u00a0pour deux projets (Annecy Bois &#8211; Ducruet Bois ; Scierie Jorat &#8211; Scierie Lan\u00e7on) avec l&rsquo;\u0092intervention du CRITT d&rsquo;\u0092Epinal. Ce projet vise \u00e0 augmenter les parts de march\u00e9 des bois locaux en favorisant la mutualisation des moyens des entreprises [&hellip;]\" \/>\n<meta property=\"og:url\" content=\"https:\/\/batijournal.com\/index.php\/haute-savoie-valorisation-du-bois-local\/71656\/\" \/>\n<meta property=\"og:site_name\" content=\"Batijournal\" \/>\n<meta property=\"article:published_time\" content=\"2010-01-29T09:01:07+00:00\" \/>\n<meta property=\"article:modified_time\" content=\"2019-07-15T10:05:39+00:00\" \/>\n<meta name=\"author\" content=\"Bati-journal\" \/>\n<meta name=\"twitter:card\" content=\"summary_large_image\" \/>\n<meta name=\"twitter:creator\" content=\"@bati_journal\" \/>\n<meta name=\"twitter:site\" content=\"@bati_journal\" \/>\n<meta name=\"twitter:label1\" content=\"\u00c9crit par\" \/>\n\t<meta name=\"twitter:data1\" content=\"Bati-journal\" \/>\n\t<meta name=\"twitter:label2\" content=\"Dur\u00e9e de lecture estim\u00e9e\" \/>\n\t<meta name=\"twitter:data2\" content=\"1 minute\" \/>\n<script type=\"application\/ld+json\" class=\"yoast-schema-graph\">{\"@context\":\"https:\\\/\\\/schema.org\",\"@graph\":[{\"@type\":\"Article\",\"@id\":\"https:\\\/\\\/batijournal.com\\\/index.php\\\/haute-savoie-valorisation-du-bois-local\\\/71656\\\/#article\",\"isPartOf\":{\"@id\":\"https:\\\/\\\/batijournal.com\\\/index.php\\\/haute-savoie-valorisation-du-bois-local\\\/71656\\\/\"},\"author\":{\"name\":\"Bati-journal\",\"@id\":\"https:\\\/\\\/batijournal.com\\\/#\\\/schema\\\/person\\\/6a657e8967569e1b299972574848aa76\"},\"headline\":\"Haute-Savoie : valorisation du bois local\",\"datePublished\":\"2010-01-29T09:01:07+00:00\",\"dateModified\":\"2019-07-15T10:05:39+00:00\",\"mainEntityOfPage\":{\"@id\":\"https:\\\/\\\/batijournal.com\\\/index.php\\\/haute-savoie-valorisation-du-bois-local\\\/71656\\\/\"},\"wordCount\":143,\"commentCount\":0,\"keywords\":[\"Haute-Savoie\",\"valorisation\"],\"articleSection\":[\"\u00c9conomie &amp; March\u00e9s\"],\"inLanguage\":\"fr-FR\",\"potentialAction\":[{\"@type\":\"CommentAction\",\"name\":\"Comment\",\"target\":[\"https:\\\/\\\/batijournal.com\\\/index.php\\\/haute-savoie-valorisation-du-bois-local\\\/71656\\\/#respond\"]}]},{\"@type\":\"WebPage\",\"@id\":\"https:\\\/\\\/batijournal.com\\\/index.php\\\/haute-savoie-valorisation-du-bois-local\\\/71656\\\/\",\"url\":\"https:\\\/\\\/batijournal.com\\\/index.php\\\/haute-savoie-valorisation-du-bois-local\\\/71656\\\/\",\"name\":\"Haute-Savoie : valorisation du bois local\",\"isPartOf\":{\"@id\":\"https:\\\/\\\/batijournal.com\\\/#website\"},\"datePublished\":\"2010-01-29T09:01:07+00:00\",\"dateModified\":\"2019-07-15T10:05:39+00:00\",\"author\":{\"@id\":\"https:\\\/\\\/batijournal.com\\\/#\\\/schema\\\/person\\\/6a657e8967569e1b299972574848aa76\"},\"breadcrumb\":{\"@id\":\"https:\\\/\\\/batijournal.com\\\/index.php\\\/haute-savoie-valorisation-du-bois-local\\\/71656\\\/#breadcrumb\"},\"inLanguage\":\"fr-FR\",\"potentialAction\":[{\"@type\":\"ReadAction\",\"target\":[\"https:\\\/\\\/batijournal.com\\\/index.php\\\/haute-savoie-valorisation-du-bois-local\\\/71656\\\/\"]}]},{\"@type\":\"BreadcrumbList\",\"@id\":\"https:\\\/\\\/batijournal.com\\\/index.php\\\/haute-savoie-valorisation-du-bois-local\\\/71656\\\/#breadcrumb\",\"itemListElement\":[{\"@type\":\"ListItem\",\"position\":1,\"name\":\"Accueil\",\"item\":\"https:\\\/\\\/batijournal.com\\\/\"},{\"@type\":\"ListItem\",\"position\":2,\"name\":\"Actualit\u00e9s\",\"item\":\"https:\\\/\\\/batijournal.com\\\/index.php\\\/category\\\/actualites\\\/\"},{\"@type\":\"ListItem\",\"position\":3,\"name\":\"\u00c9conomie &amp; March\u00e9s\",\"item\":\"https:\\\/\\\/batijournal.com\\\/index.php\\\/category\\\/actualites\\\/economie-marches\\\/\"},{\"@type\":\"ListItem\",\"position\":4,\"name\":\"Haute-Savoie : valorisation du bois local\"}]},{\"@type\":\"WebSite\",\"@id\":\"https:\\\/\\\/batijournal.com\\\/#website\",\"url\":\"https:\\\/\\\/batijournal.com\\\/\",\"name\":\"Batijournal\",\"description\":\"L&#039;actualit\u00e9 du b\u00e2timent\",\"potentialAction\":[{\"@type\":\"SearchAction\",\"target\":{\"@type\":\"EntryPoint\",\"urlTemplate\":\"https:\\\/\\\/batijournal.com\\\/?s={search_term_string}\"},\"query-input\":{\"@type\":\"PropertyValueSpecification\",\"valueRequired\":true,\"valueName\":\"search_term_string\"}}],\"inLanguage\":\"fr-FR\"},{\"@type\":\"Person\",\"@id\":\"https:\\\/\\\/batijournal.com\\\/#\\\/schema\\\/person\\\/6a657e8967569e1b299972574848aa76\",\"name\":\"Bati-journal\",\"image\":{\"@type\":\"ImageObject\",\"inLanguage\":\"fr-FR\",\"@id\":\"https:\\\/\\\/secure.gravatar.com\\\/avatar\\\/a64364ea26392f9b4dd47e017ddaec74ff03aefc073b49e492e847201258f777?s=96&d=mm&r=g\",\"url\":\"https:\\\/\\\/secure.gravatar.com\\\/avatar\\\/a64364ea26392f9b4dd47e017ddaec74ff03aefc073b49e492e847201258f777?s=96&d=mm&r=g\",\"contentUrl\":\"https:\\\/\\\/secure.gravatar.com\\\/avatar\\\/a64364ea26392f9b4dd47e017ddaec74ff03aefc073b49e492e847201258f777?s=96&d=mm&r=g\",\"caption\":\"Bati-journal\"},\"url\":\"https:\\\/\\\/batijournal.com\\\/index.php\\\/author\\\/elodie\\\/\"}]}<\/script>\n<!-- \/ Yoast SEO plugin. -->","yoast_head_json":{"title":"Haute-Savoie : valorisation du bois local","robots":{"index":"index","follow":"follow","max-snippet":"max-snippet:-1","max-image-preview":"max-image-preview:large","max-video-preview":"max-video-preview:-1"},"canonical":"https:\/\/batijournal.com\/index.php\/haute-savoie-valorisation-du-bois-local\/71656\/","og_locale":"fr_FR","og_type":"article","og_title":"Haute-Savoie : valorisation du bois local","og_description":"Dans le cadre de p\u00f4les de valorisation du bois local en Haute-Savoie, les \u00e9tudes ont d\u00e9marr\u00e9 \u00a0pour deux projets (Annecy Bois &#8211; Ducruet Bois ; Scierie Jorat &#8211; Scierie Lan\u00e7on) avec l&rsquo;\u0092intervention du CRITT d&rsquo;\u0092Epinal. Ce projet vise \u00e0 augmenter les parts de march\u00e9 des bois locaux en favorisant la mutualisation des moyens des entreprises [&hellip;]","og_url":"https:\/\/batijournal.com\/index.php\/haute-savoie-valorisation-du-bois-local\/71656\/","og_site_name":"Batijournal","article_published_time":"2010-01-29T09:01:07+00:00","article_modified_time":"2019-07-15T10:05:39+00:00","author":"Bati-journal","twitter_card":"summary_large_image","twitter_creator":"@bati_journal","twitter_site":"@bati_journal","twitter_misc":{"\u00c9crit par":"Bati-journal","Dur\u00e9e de lecture estim\u00e9e":"1 minute"},"schema":{"@context":"https:\/\/schema.org","@graph":[{"@type":"Article","@id":"https:\/\/batijournal.com\/index.php\/haute-savoie-valorisation-du-bois-local\/71656\/#article","isPartOf":{"@id":"https:\/\/batijournal.com\/index.php\/haute-savoie-valorisation-du-bois-local\/71656\/"},"author":{"name":"Bati-journal","@id":"https:\/\/batijournal.com\/#\/schema\/person\/6a657e8967569e1b299972574848aa76"},"headline":"Haute-Savoie : valorisation du bois local","datePublished":"2010-01-29T09:01:07+00:00","dateModified":"2019-07-15T10:05:39+00:00","mainEntityOfPage":{"@id":"https:\/\/batijournal.com\/index.php\/haute-savoie-valorisation-du-bois-local\/71656\/"},"wordCount":143,"commentCount":0,"keywords":["Haute-Savoie","valorisation"],"articleSection":["\u00c9conomie &amp; March\u00e9s"],"inLanguage":"fr-FR","potentialAction":[{"@type":"CommentAction","name":"Comment","target":["https:\/\/batijournal.com\/index.php\/haute-savoie-valorisation-du-bois-local\/71656\/#respond"]}]},{"@type":"WebPage","@id":"https:\/\/batijournal.com\/index.php\/haute-savoie-valorisation-du-bois-local\/71656\/","url":"https:\/\/batijournal.com\/index.php\/haute-savoie-valorisation-du-bois-local\/71656\/","name":"Haute-Savoie : valorisation du bois local","isPartOf":{"@id":"https:\/\/batijournal.com\/#website"},"datePublished":"2010-01-29T09:01:07+00:00","dateModified":"2019-07-15T10:05:39+00:00","author":{"@id":"https:\/\/batijournal.com\/#\/schema\/person\/6a657e8967569e1b299972574848aa76"},"breadcrumb":{"@id":"https:\/\/batijournal.com\/index.php\/haute-savoie-valorisation-du-bois-local\/71656\/#breadcrumb"},"inLanguage":"fr-FR","potentialAction":[{"@type":"ReadAction","target":["https:\/\/batijournal.com\/index.php\/haute-savoie-valorisation-du-bois-local\/71656\/"]}]},{"@type":"BreadcrumbList","@id":"https:\/\/batijournal.com\/index.php\/haute-savoie-valorisation-du-bois-local\/71656\/#breadcrumb","itemListElement":[{"@type":"ListItem","position":1,"name":"Accueil","item":"https:\/\/batijournal.com\/"},{"@type":"ListItem","position":2,"name":"Actualit\u00e9s","item":"https:\/\/batijournal.com\/index.php\/category\/actualites\/"},{"@type":"ListItem","position":3,"name":"\u00c9conomie &amp; March\u00e9s","item":"https:\/\/batijournal.com\/index.php\/category\/actualites\/economie-marches\/"},{"@type":"ListItem","position":4,"name":"Haute-Savoie : valorisation du bois local"}]},{"@type":"WebSite","@id":"https:\/\/batijournal.com\/#website","url":"https:\/\/batijournal.com\/","name":"Batijournal","description":"L&#039;actualit\u00e9 du b\u00e2timent","potentialAction":[{"@type":"SearchAction","target":{"@type":"EntryPoint","urlTemplate":"https:\/\/batijournal.com\/?s={search_term_string}"},"query-input":{"@type":"PropertyValueSpecification","valueRequired":true,"valueName":"search_term_string"}}],"inLanguage":"fr-FR"},{"@type":"Person","@id":"https:\/\/batijournal.com\/#\/schema\/person\/6a657e8967569e1b299972574848aa76","name":"Bati-journal","image":{"@type":"ImageObject","inLanguage":"fr-FR","@id":"https:\/\/secure.gravatar.com\/avatar\/a64364ea26392f9b4dd47e017ddaec74ff03aefc073b49e492e847201258f777?s=96&d=mm&r=g","url":"https:\/\/secure.gravatar.com\/avatar\/a64364ea26392f9b4dd47e017ddaec74ff03aefc073b49e492e847201258f777?s=96&d=mm&r=g","contentUrl":"https:\/\/secure.gravatar.com\/avatar\/a64364ea26392f9b4dd47e017ddaec74ff03aefc073b49e492e847201258f777?s=96&d=mm&r=g","caption":"Bati-journal"},"url":"https:\/\/batijournal.com\/index.php\/author\/elodie\/"}]}},"_links":{"self":[{"href":"https:\/\/batijournal.com\/index.php\/wp-json\/wp\/v2\/posts\/71656","targetHints":{"allow":["GET"]}}],"collection":[{"href":"https:\/\/batijournal.com\/index.php\/wp-json\/wp\/v2\/posts"}],"about":[{"href":"https:\/\/batijournal.com\/index.php\/wp-json\/wp\/v2\/types\/post"}],"author":[{"embeddable":true,"href":"https:\/\/batijournal.com\/index.php\/wp-json\/wp\/v2\/users\/1"}],"replies":[{"embeddable":true,"href":"https:\/\/batijournal.com\/index.php\/wp-json\/wp\/v2\/comments?post=71656"}],"version-history":[{"count":0,"href":"https:\/\/batijournal.com\/index.php\/wp-json\/wp\/v2\/posts\/71656\/revisions"}],"wp:attachment":[{"href":"https:\/\/batijournal.com\/index.php\/wp-json\/wp\/v2\/media?parent=71656"}],"wp:term":[{"taxonomy":"category","embeddable":true,"href":"https:\/\/batijournal.com\/index.php\/wp-json\/wp\/v2\/categories?post=71656"},{"taxonomy":"post_tag","embeddable":true,"href":"https:\/\/batijournal.com\/index.php\/wp-json\/wp\/v2\/tags?post=71656"}],"curies":[{"name":"wp","href":"https:\/\/api.w.org\/{rel}","templated":true}]}}