{"id":71714,"date":"2011-04-04T00:00:00","date_gmt":"2011-04-03T22:00:00","guid":{"rendered":"http:\/\/b.bati-journal.com\/des-plafonds-personnalises\/71714"},"modified":"2019-07-15T12:05:33","modified_gmt":"2019-07-15T10:05:33","slug":"des-plafonds-personnalises","status":"publish","type":"post","link":"https:\/\/batijournal.com\/index.php\/des-plafonds-personnalises\/71714\/","title":{"rendered":"Des plafonds personnalis\u00e9s"},"content":{"rendered":"<p><span class=\"lettrine\">A<\/span>pr\u00e8s Axiom C Canopy et Axiom Ke Canopy, la gamme d\u2019Armstrong s\u2019enrichit avec Axiom L Canopy. Ce nouveau syst\u00e8me de finition en aluminium extrud\u00e9 est destin\u00e9 \u00e0 la cr\u00e9ation de plafonds flottants compos\u00e9s de dalles enti\u00e8res. Attractive, cette offre joue la carte d\u00e9corative avec son aspect chaleureux et design. Les zones d\u2019accueil, de passage ou de r\u00e9ception, les postes de travail, les commerces, les centres d\u2019appels, les salles de r\u00e9union et les bureaux paysagers\u2026 se transforment en havres de paix. Elle souligne et individualise des zones sp\u00e9cifiques en leur conf\u00e9rant une propre personnalit\u00e9. Imagin\u00e9e pour r\u00e9pondre aux besoins des espaces o\u00f9 initialement, n\u2019\u00e9taient pas pr\u00e9vus des plafonds suspendus, elle permet aux designers, architectes d\u2019int\u00e9rieur, architectes et facility managers de d\u00e9marquer leur projet. Axiom L Canopy existe en modules de 1 800 x 1 200 \u00e0 2 400 x 2 400 mm (5 dimensions standard). Ses profils en aluminium extrud\u00e9 se d\u00e9clinent en blanc et contiennent des mat\u00e9riaux recycl\u00e9s.<\/p>\n","protected":false},"excerpt":{"rendered":"<p>Apr\u00e8s Axiom C Canopy et Axiom Ke Canopy, la gamme d\u2019Armstrong s\u2019enrichit avec Axiom L Canopy. Ce nouveau syst\u00e8me de finition en aluminium extrud\u00e9 est destin\u00e9 \u00e0 la cr\u00e9ation de plafonds flottants compos\u00e9s de dalles enti\u00e8res. Attractive, cette offre joue la carte d\u00e9corative avec son aspect chaleureux et design. Les zones d\u2019accueil, de passage ou [&hellip;]<\/p>\n","protected":false},"author":1,"featured_media":71715,"comment_status":"open","ping_status":"closed","sticky":false,"template":"","format":"standard","meta":{"_et_pb_use_builder":"","_et_pb_old_content":"","_et_gb_content_width":"","footnotes":""},"categories":[6345],"tags":[4508],"class_list":["post-71714","post","type-post","status-publish","format-standard","has-post-thumbnail","hentry","category-economie-marches","tag-plafond"],"yoast_head":"<!-- This site is optimized with the Yoast SEO plugin v27.4 - https:\/\/yoast.com\/product\/yoast-seo-wordpress\/ -->\n<title>Des plafonds personnalis\u00e9s<\/title>\n<meta name=\"robots\" content=\"index, follow, max-snippet:-1, max-image-preview:large, max-video-preview:-1\" \/>\n<link rel=\"canonical\" href=\"https:\/\/batijournal.com\/index.php\/des-plafonds-personnalises\/71714\/\" \/>\n<meta property=\"og:locale\" content=\"fr_FR\" \/>\n<meta property=\"og:type\" content=\"article\" \/>\n<meta property=\"og:title\" content=\"Des plafonds personnalis\u00e9s\" \/>\n<meta property=\"og:description\" content=\"Apr\u00e8s Axiom C Canopy et Axiom Ke Canopy, la gamme d\u2019Armstrong s\u2019enrichit avec Axiom L Canopy. Ce nouveau syst\u00e8me de finition en aluminium extrud\u00e9 est destin\u00e9 \u00e0 la cr\u00e9ation de plafonds flottants compos\u00e9s de dalles enti\u00e8res. Attractive, cette offre joue la carte d\u00e9corative avec son aspect chaleureux et design. Les zones d\u2019accueil, de passage ou [&hellip;]\" \/>\n<meta property=\"og:url\" content=\"https:\/\/batijournal.com\/index.php\/des-plafonds-personnalises\/71714\/\" \/>\n<meta property=\"og:site_name\" content=\"Batijournal\" \/>\n<meta property=\"article:published_time\" content=\"2011-04-03T22:00:00+00:00\" \/>\n<meta property=\"article:modified_time\" content=\"2019-07-15T10:05:33+00:00\" \/>\n<meta property=\"og:image\" content=\"https:\/\/batijournal.com\/wp-content\/uploads\/2015\/03\/22695049.jpg\" \/>\n\t<meta property=\"og:image:width\" content=\"600\" \/>\n\t<meta property=\"og:image:height\" content=\"578\" \/>\n\t<meta property=\"og:image:type\" content=\"image\/jpeg\" \/>\n<meta name=\"author\" content=\"Bati-journal\" \/>\n<meta name=\"twitter:card\" content=\"summary_large_image\" \/>\n<meta name=\"twitter:creator\" content=\"@bati_journal\" \/>\n<meta name=\"twitter:site\" content=\"@bati_journal\" \/>\n<meta name=\"twitter:label1\" content=\"\u00c9crit par\" \/>\n\t<meta name=\"twitter:data1\" content=\"Bati-journal\" \/>\n\t<meta name=\"twitter:label2\" content=\"Dur\u00e9e de lecture estim\u00e9e\" \/>\n\t<meta name=\"twitter:data2\" content=\"1 minute\" \/>\n<script type=\"application\/ld+json\" class=\"yoast-schema-graph\">{\"@context\":\"https:\\\/\\\/schema.org\",\"@graph\":[{\"@type\":\"Article\",\"@id\":\"https:\\\/\\\/batijournal.com\\\/index.php\\\/des-plafonds-personnalises\\\/71714\\\/#article\",\"isPartOf\":{\"@id\":\"https:\\\/\\\/batijournal.com\\\/index.php\\\/des-plafonds-personnalises\\\/71714\\\/\"},\"author\":{\"name\":\"Bati-journal\",\"@id\":\"https:\\\/\\\/batijournal.com\\\/#\\\/schema\\\/person\\\/6a657e8967569e1b299972574848aa76\"},\"headline\":\"Des plafonds personnalis\u00e9s\",\"datePublished\":\"2011-04-03T22:00:00+00:00\",\"dateModified\":\"2019-07-15T10:05:33+00:00\",\"mainEntityOfPage\":{\"@id\":\"https:\\\/\\\/batijournal.com\\\/index.php\\\/des-plafonds-personnalises\\\/71714\\\/\"},\"wordCount\":175,\"commentCount\":0,\"image\":{\"@id\":\"https:\\\/\\\/batijournal.com\\\/index.php\\\/des-plafonds-personnalises\\\/71714\\\/#primaryimage\"},\"thumbnailUrl\":\"https:\\\/\\\/batijournal.com\\\/wp-content\\\/uploads\\\/2015\\\/03\\\/22695049.jpg\",\"keywords\":[\"plafond\"],\"articleSection\":[\"\u00c9conomie &amp; March\u00e9s\"],\"inLanguage\":\"fr-FR\",\"potentialAction\":[{\"@type\":\"CommentAction\",\"name\":\"Comment\",\"target\":[\"https:\\\/\\\/batijournal.com\\\/index.php\\\/des-plafonds-personnalises\\\/71714\\\/#respond\"]}]},{\"@type\":\"WebPage\",\"@id\":\"https:\\\/\\\/batijournal.com\\\/index.php\\\/des-plafonds-personnalises\\\/71714\\\/\",\"url\":\"https:\\\/\\\/batijournal.com\\\/index.php\\\/des-plafonds-personnalises\\\/71714\\\/\",\"name\":\"Des plafonds personnalis\u00e9s\",\"isPartOf\":{\"@id\":\"https:\\\/\\\/batijournal.com\\\/#website\"},\"primaryImageOfPage\":{\"@id\":\"https:\\\/\\\/batijournal.com\\\/index.php\\\/des-plafonds-personnalises\\\/71714\\\/#primaryimage\"},\"image\":{\"@id\":\"https:\\\/\\\/batijournal.com\\\/index.php\\\/des-plafonds-personnalises\\\/71714\\\/#primaryimage\"},\"thumbnailUrl\":\"https:\\\/\\\/batijournal.com\\\/wp-content\\\/uploads\\\/2015\\\/03\\\/22695049.jpg\",\"datePublished\":\"2011-04-03T22:00:00+00:00\",\"dateModified\":\"2019-07-15T10:05:33+00:00\",\"author\":{\"@id\":\"https:\\\/\\\/batijournal.com\\\/#\\\/schema\\\/person\\\/6a657e8967569e1b299972574848aa76\"},\"breadcrumb\":{\"@id\":\"https:\\\/\\\/batijournal.com\\\/index.php\\\/des-plafonds-personnalises\\\/71714\\\/#breadcrumb\"},\"inLanguage\":\"fr-FR\",\"potentialAction\":[{\"@type\":\"ReadAction\",\"target\":[\"https:\\\/\\\/batijournal.com\\\/index.php\\\/des-plafonds-personnalises\\\/71714\\\/\"]}]},{\"@type\":\"ImageObject\",\"inLanguage\":\"fr-FR\",\"@id\":\"https:\\\/\\\/batijournal.com\\\/index.php\\\/des-plafonds-personnalises\\\/71714\\\/#primaryimage\",\"url\":\"https:\\\/\\\/batijournal.com\\\/wp-content\\\/uploads\\\/2015\\\/03\\\/22695049.jpg\",\"contentUrl\":\"https:\\\/\\\/batijournal.com\\\/wp-content\\\/uploads\\\/2015\\\/03\\\/22695049.jpg\",\"width\":600,\"height\":578},{\"@type\":\"BreadcrumbList\",\"@id\":\"https:\\\/\\\/batijournal.com\\\/index.php\\\/des-plafonds-personnalises\\\/71714\\\/#breadcrumb\",\"itemListElement\":[{\"@type\":\"ListItem\",\"position\":1,\"name\":\"Accueil\",\"item\":\"https:\\\/\\\/batijournal.com\\\/\"},{\"@type\":\"ListItem\",\"position\":2,\"name\":\"Actualit\u00e9s\",\"item\":\"https:\\\/\\\/batijournal.com\\\/index.php\\\/category\\\/actualites\\\/\"},{\"@type\":\"ListItem\",\"position\":3,\"name\":\"\u00c9conomie &amp; March\u00e9s\",\"item\":\"https:\\\/\\\/batijournal.com\\\/index.php\\\/category\\\/actualites\\\/economie-marches\\\/\"},{\"@type\":\"ListItem\",\"position\":4,\"name\":\"Des plafonds personnalis\u00e9s\"}]},{\"@type\":\"WebSite\",\"@id\":\"https:\\\/\\\/batijournal.com\\\/#website\",\"url\":\"https:\\\/\\\/batijournal.com\\\/\",\"name\":\"Batijournal\",\"description\":\"L&#039;actualit\u00e9 du b\u00e2timent\",\"potentialAction\":[{\"@type\":\"SearchAction\",\"target\":{\"@type\":\"EntryPoint\",\"urlTemplate\":\"https:\\\/\\\/batijournal.com\\\/?s={search_term_string}\"},\"query-input\":{\"@type\":\"PropertyValueSpecification\",\"valueRequired\":true,\"valueName\":\"search_term_string\"}}],\"inLanguage\":\"fr-FR\"},{\"@type\":\"Person\",\"@id\":\"https:\\\/\\\/batijournal.com\\\/#\\\/schema\\\/person\\\/6a657e8967569e1b299972574848aa76\",\"name\":\"Bati-journal\",\"image\":{\"@type\":\"ImageObject\",\"inLanguage\":\"fr-FR\",\"@id\":\"https:\\\/\\\/secure.gravatar.com\\\/avatar\\\/a64364ea26392f9b4dd47e017ddaec74ff03aefc073b49e492e847201258f777?s=96&d=mm&r=g\",\"url\":\"https:\\\/\\\/secure.gravatar.com\\\/avatar\\\/a64364ea26392f9b4dd47e017ddaec74ff03aefc073b49e492e847201258f777?s=96&d=mm&r=g\",\"contentUrl\":\"https:\\\/\\\/secure.gravatar.com\\\/avatar\\\/a64364ea26392f9b4dd47e017ddaec74ff03aefc073b49e492e847201258f777?s=96&d=mm&r=g\",\"caption\":\"Bati-journal\"},\"url\":\"https:\\\/\\\/batijournal.com\\\/index.php\\\/author\\\/elodie\\\/\"}]}<\/script>\n<!-- \/ Yoast SEO plugin. -->","yoast_head_json":{"title":"Des plafonds personnalis\u00e9s","robots":{"index":"index","follow":"follow","max-snippet":"max-snippet:-1","max-image-preview":"max-image-preview:large","max-video-preview":"max-video-preview:-1"},"canonical":"https:\/\/batijournal.com\/index.php\/des-plafonds-personnalises\/71714\/","og_locale":"fr_FR","og_type":"article","og_title":"Des plafonds personnalis\u00e9s","og_description":"Apr\u00e8s Axiom C Canopy et Axiom Ke Canopy, la gamme d\u2019Armstrong s\u2019enrichit avec Axiom L Canopy. Ce nouveau syst\u00e8me de finition en aluminium extrud\u00e9 est destin\u00e9 \u00e0 la cr\u00e9ation de plafonds flottants compos\u00e9s de dalles enti\u00e8res. Attractive, cette offre joue la carte d\u00e9corative avec son aspect chaleureux et design. Les zones d\u2019accueil, de passage ou [&hellip;]","og_url":"https:\/\/batijournal.com\/index.php\/des-plafonds-personnalises\/71714\/","og_site_name":"Batijournal","article_published_time":"2011-04-03T22:00:00+00:00","article_modified_time":"2019-07-15T10:05:33+00:00","og_image":[{"width":600,"height":578,"url":"https:\/\/batijournal.com\/wp-content\/uploads\/2015\/03\/22695049.jpg","type":"image\/jpeg"}],"author":"Bati-journal","twitter_card":"summary_large_image","twitter_creator":"@bati_journal","twitter_site":"@bati_journal","twitter_misc":{"\u00c9crit par":"Bati-journal","Dur\u00e9e de lecture estim\u00e9e":"1 minute"},"schema":{"@context":"https:\/\/schema.org","@graph":[{"@type":"Article","@id":"https:\/\/batijournal.com\/index.php\/des-plafonds-personnalises\/71714\/#article","isPartOf":{"@id":"https:\/\/batijournal.com\/index.php\/des-plafonds-personnalises\/71714\/"},"author":{"name":"Bati-journal","@id":"https:\/\/batijournal.com\/#\/schema\/person\/6a657e8967569e1b299972574848aa76"},"headline":"Des plafonds personnalis\u00e9s","datePublished":"2011-04-03T22:00:00+00:00","dateModified":"2019-07-15T10:05:33+00:00","mainEntityOfPage":{"@id":"https:\/\/batijournal.com\/index.php\/des-plafonds-personnalises\/71714\/"},"wordCount":175,"commentCount":0,"image":{"@id":"https:\/\/batijournal.com\/index.php\/des-plafonds-personnalises\/71714\/#primaryimage"},"thumbnailUrl":"https:\/\/batijournal.com\/wp-content\/uploads\/2015\/03\/22695049.jpg","keywords":["plafond"],"articleSection":["\u00c9conomie &amp; March\u00e9s"],"inLanguage":"fr-FR","potentialAction":[{"@type":"CommentAction","name":"Comment","target":["https:\/\/batijournal.com\/index.php\/des-plafonds-personnalises\/71714\/#respond"]}]},{"@type":"WebPage","@id":"https:\/\/batijournal.com\/index.php\/des-plafonds-personnalises\/71714\/","url":"https:\/\/batijournal.com\/index.php\/des-plafonds-personnalises\/71714\/","name":"Des plafonds personnalis\u00e9s","isPartOf":{"@id":"https:\/\/batijournal.com\/#website"},"primaryImageOfPage":{"@id":"https:\/\/batijournal.com\/index.php\/des-plafonds-personnalises\/71714\/#primaryimage"},"image":{"@id":"https:\/\/batijournal.com\/index.php\/des-plafonds-personnalises\/71714\/#primaryimage"},"thumbnailUrl":"https:\/\/batijournal.com\/wp-content\/uploads\/2015\/03\/22695049.jpg","datePublished":"2011-04-03T22:00:00+00:00","dateModified":"2019-07-15T10:05:33+00:00","author":{"@id":"https:\/\/batijournal.com\/#\/schema\/person\/6a657e8967569e1b299972574848aa76"},"breadcrumb":{"@id":"https:\/\/batijournal.com\/index.php\/des-plafonds-personnalises\/71714\/#breadcrumb"},"inLanguage":"fr-FR","potentialAction":[{"@type":"ReadAction","target":["https:\/\/batijournal.com\/index.php\/des-plafonds-personnalises\/71714\/"]}]},{"@type":"ImageObject","inLanguage":"fr-FR","@id":"https:\/\/batijournal.com\/index.php\/des-plafonds-personnalises\/71714\/#primaryimage","url":"https:\/\/batijournal.com\/wp-content\/uploads\/2015\/03\/22695049.jpg","contentUrl":"https:\/\/batijournal.com\/wp-content\/uploads\/2015\/03\/22695049.jpg","width":600,"height":578},{"@type":"BreadcrumbList","@id":"https:\/\/batijournal.com\/index.php\/des-plafonds-personnalises\/71714\/#breadcrumb","itemListElement":[{"@type":"ListItem","position":1,"name":"Accueil","item":"https:\/\/batijournal.com\/"},{"@type":"ListItem","position":2,"name":"Actualit\u00e9s","item":"https:\/\/batijournal.com\/index.php\/category\/actualites\/"},{"@type":"ListItem","position":3,"name":"\u00c9conomie &amp; March\u00e9s","item":"https:\/\/batijournal.com\/index.php\/category\/actualites\/economie-marches\/"},{"@type":"ListItem","position":4,"name":"Des plafonds personnalis\u00e9s"}]},{"@type":"WebSite","@id":"https:\/\/batijournal.com\/#website","url":"https:\/\/batijournal.com\/","name":"Batijournal","description":"L&#039;actualit\u00e9 du b\u00e2timent","potentialAction":[{"@type":"SearchAction","target":{"@type":"EntryPoint","urlTemplate":"https:\/\/batijournal.com\/?s={search_term_string}"},"query-input":{"@type":"PropertyValueSpecification","valueRequired":true,"valueName":"search_term_string"}}],"inLanguage":"fr-FR"},{"@type":"Person","@id":"https:\/\/batijournal.com\/#\/schema\/person\/6a657e8967569e1b299972574848aa76","name":"Bati-journal","image":{"@type":"ImageObject","inLanguage":"fr-FR","@id":"https:\/\/secure.gravatar.com\/avatar\/a64364ea26392f9b4dd47e017ddaec74ff03aefc073b49e492e847201258f777?s=96&d=mm&r=g","url":"https:\/\/secure.gravatar.com\/avatar\/a64364ea26392f9b4dd47e017ddaec74ff03aefc073b49e492e847201258f777?s=96&d=mm&r=g","contentUrl":"https:\/\/secure.gravatar.com\/avatar\/a64364ea26392f9b4dd47e017ddaec74ff03aefc073b49e492e847201258f777?s=96&d=mm&r=g","caption":"Bati-journal"},"url":"https:\/\/batijournal.com\/index.php\/author\/elodie\/"}]}},"_links":{"self":[{"href":"https:\/\/batijournal.com\/index.php\/wp-json\/wp\/v2\/posts\/71714","targetHints":{"allow":["GET"]}}],"collection":[{"href":"https:\/\/batijournal.com\/index.php\/wp-json\/wp\/v2\/posts"}],"about":[{"href":"https:\/\/batijournal.com\/index.php\/wp-json\/wp\/v2\/types\/post"}],"author":[{"embeddable":true,"href":"https:\/\/batijournal.com\/index.php\/wp-json\/wp\/v2\/users\/1"}],"replies":[{"embeddable":true,"href":"https:\/\/batijournal.com\/index.php\/wp-json\/wp\/v2\/comments?post=71714"}],"version-history":[{"count":0,"href":"https:\/\/batijournal.com\/index.php\/wp-json\/wp\/v2\/posts\/71714\/revisions"}],"wp:featuredmedia":[{"embeddable":true,"href":"https:\/\/batijournal.com\/index.php\/wp-json\/wp\/v2\/media\/71715"}],"wp:attachment":[{"href":"https:\/\/batijournal.com\/index.php\/wp-json\/wp\/v2\/media?parent=71714"}],"wp:term":[{"taxonomy":"category","embeddable":true,"href":"https:\/\/batijournal.com\/index.php\/wp-json\/wp\/v2\/categories?post=71714"},{"taxonomy":"post_tag","embeddable":true,"href":"https:\/\/batijournal.com\/index.php\/wp-json\/wp\/v2\/tags?post=71714"}],"curies":[{"name":"wp","href":"https:\/\/api.w.org\/{rel}","templated":true}]}}