{"id":71751,"date":"2011-11-08T00:00:00","date_gmt":"2011-11-07T23:00:00","guid":{"rendered":"http:\/\/b.bati-journal.com\/fin-du-dispositif-scellier-moins-de-logements-moins-de-recettes-moins-demplois\/71751"},"modified":"2019-07-15T12:05:30","modified_gmt":"2019-07-15T10:05:30","slug":"fin-du-dispositif-scellier-moins-de-logements-moins-de-recettes-moins-demplois","status":"publish","type":"post","link":"https:\/\/batijournal.com\/index.php\/fin-du-dispositif-scellier-moins-de-logements-moins-de-recettes-moins-demplois\/71751\/","title":{"rendered":"Fin du dispositif Scellier : moins de logements, moins de recettes, moins d&#8217;emplois"},"content":{"rendered":"<p>Mis en place en 2009 pour relancer la construction de logements neufs, le dispositif Scellier sera supprim\u00e9 en 2012. La F\u00e9d\u00e9ration des promoteurs immobiliers rappelle que les bailleurs priv\u00e9s mettent sur le march\u00e9 75 000 nouveaux logements chaque ann\u00e9e. Selon elle, la disparition de cette niche fiscale met \u00e0 br\u00e8ve \u00e9ch\u00e9ance en danger la construction de logements qui contribue de fa\u00e7on importante \u00e0 la croissance \u00e9conomique (12% du PIB marchand). 100 000 emplois directs sont menac\u00e9s. L&rsquo;apport de 2,0 Mds d&rsquo;euros de recettes \u00e0 l&rsquo;Etat et 600M d&rsquo;euros aux collectivit\u00e9s de ce secteur risque d&rsquo;\u00eatre amput\u00e9. Cette d\u00e9cision va aggraver les difficult\u00e9s que rencontrent les Fran\u00e7ais pour se loger, faire augmenter les loyers et restreindre la mobilit\u00e9 des personnes. A long terme, la p\u00e9nurie de logements va encore augmenter (d\u00e9j\u00e0 plus de 500 000), pousser les loyers \u00e0 la hausse, et ralentir le d\u00e9veloppement d&rsquo;un parc de logements \u00e9co-performants. De son c\u00f4t\u00e9, la FFB d\u00e9plore les atteintes renouvel\u00e9es aux niches fiscales immobili\u00e8res qui hypoth\u00e8quent, \u00e0 n&rsquo;en pas douter, l&rsquo;avenir et, par l\u00e0-m\u00eame, l&#8217;emploi du secteur.<\/p>\n","protected":false},"excerpt":{"rendered":"<p>Mis en place en 2009 pour relancer la construction de logements neufs, le dispositif Scellier sera supprim\u00e9 en 2012. La F\u00e9d\u00e9ration des promoteurs immobiliers rappelle que les bailleurs priv\u00e9s mettent sur le march\u00e9 75 000 nouveaux logements chaque ann\u00e9e. Selon elle, la disparition de cette niche fiscale met \u00e0 br\u00e8ve \u00e9ch\u00e9ance en danger la construction [&hellip;]<\/p>\n","protected":false},"author":1,"featured_media":71752,"comment_status":"open","ping_status":"closed","sticky":false,"template":"","format":"standard","meta":{"_et_pb_use_builder":"","_et_pb_old_content":"","_et_gb_content_width":"","footnotes":""},"categories":[6345],"tags":[],"class_list":["post-71751","post","type-post","status-publish","format-standard","has-post-thumbnail","hentry","category-economie-marches"],"yoast_head":"<!-- This site is optimized with the Yoast SEO plugin v27.4 - https:\/\/yoast.com\/product\/yoast-seo-wordpress\/ -->\n<title>Fin du dispositif Scellier : moins de logements, moins de recettes, moins d&#039;emplois<\/title>\n<meta name=\"robots\" content=\"index, follow, max-snippet:-1, max-image-preview:large, max-video-preview:-1\" \/>\n<link rel=\"canonical\" href=\"https:\/\/batijournal.com\/index.php\/fin-du-dispositif-scellier-moins-de-logements-moins-de-recettes-moins-demplois\/71751\/\" \/>\n<meta property=\"og:locale\" content=\"fr_FR\" \/>\n<meta property=\"og:type\" content=\"article\" \/>\n<meta property=\"og:title\" content=\"Fin du dispositif Scellier : moins de logements, moins de recettes, moins d&#039;emplois\" \/>\n<meta property=\"og:description\" content=\"Mis en place en 2009 pour relancer la construction de logements neufs, le dispositif Scellier sera supprim\u00e9 en 2012. La F\u00e9d\u00e9ration des promoteurs immobiliers rappelle que les bailleurs priv\u00e9s mettent sur le march\u00e9 75 000 nouveaux logements chaque ann\u00e9e. Selon elle, la disparition de cette niche fiscale met \u00e0 br\u00e8ve \u00e9ch\u00e9ance en danger la construction [&hellip;]\" \/>\n<meta property=\"og:url\" content=\"https:\/\/batijournal.com\/index.php\/fin-du-dispositif-scellier-moins-de-logements-moins-de-recettes-moins-demplois\/71751\/\" \/>\n<meta property=\"og:site_name\" content=\"Batijournal\" \/>\n<meta property=\"article:published_time\" content=\"2011-11-07T23:00:00+00:00\" \/>\n<meta property=\"article:modified_time\" content=\"2019-07-15T10:05:30+00:00\" \/>\n<meta property=\"og:image\" content=\"https:\/\/batijournal.com\/wp-content\/uploads\/2015\/03\/33065937.jpg\" \/>\n\t<meta property=\"og:image:width\" content=\"454\" \/>\n\t<meta property=\"og:image:height\" content=\"600\" \/>\n\t<meta property=\"og:image:type\" content=\"image\/jpeg\" \/>\n<meta name=\"author\" content=\"Bati-journal\" \/>\n<meta name=\"twitter:card\" content=\"summary_large_image\" \/>\n<meta name=\"twitter:creator\" content=\"@bati_journal\" \/>\n<meta name=\"twitter:site\" content=\"@bati_journal\" \/>\n<meta name=\"twitter:label1\" content=\"\u00c9crit par\" \/>\n\t<meta name=\"twitter:data1\" content=\"Bati-journal\" \/>\n\t<meta name=\"twitter:label2\" content=\"Dur\u00e9e de lecture estim\u00e9e\" \/>\n\t<meta name=\"twitter:data2\" content=\"1 minute\" \/>\n<script type=\"application\/ld+json\" class=\"yoast-schema-graph\">{\"@context\":\"https:\\\/\\\/schema.org\",\"@graph\":[{\"@type\":\"Article\",\"@id\":\"https:\\\/\\\/batijournal.com\\\/index.php\\\/fin-du-dispositif-scellier-moins-de-logements-moins-de-recettes-moins-demplois\\\/71751\\\/#article\",\"isPartOf\":{\"@id\":\"https:\\\/\\\/batijournal.com\\\/index.php\\\/fin-du-dispositif-scellier-moins-de-logements-moins-de-recettes-moins-demplois\\\/71751\\\/\"},\"author\":{\"name\":\"Bati-journal\",\"@id\":\"https:\\\/\\\/batijournal.com\\\/#\\\/schema\\\/person\\\/6a657e8967569e1b299972574848aa76\"},\"headline\":\"Fin du dispositif Scellier : moins de logements, moins de recettes, moins d&#8217;emplois\",\"datePublished\":\"2011-11-07T23:00:00+00:00\",\"dateModified\":\"2019-07-15T10:05:30+00:00\",\"mainEntityOfPage\":{\"@id\":\"https:\\\/\\\/batijournal.com\\\/index.php\\\/fin-du-dispositif-scellier-moins-de-logements-moins-de-recettes-moins-demplois\\\/71751\\\/\"},\"wordCount\":204,\"commentCount\":0,\"image\":{\"@id\":\"https:\\\/\\\/batijournal.com\\\/index.php\\\/fin-du-dispositif-scellier-moins-de-logements-moins-de-recettes-moins-demplois\\\/71751\\\/#primaryimage\"},\"thumbnailUrl\":\"https:\\\/\\\/batijournal.com\\\/wp-content\\\/uploads\\\/2015\\\/03\\\/33065937.jpg\",\"articleSection\":[\"\u00c9conomie &amp; March\u00e9s\"],\"inLanguage\":\"fr-FR\",\"potentialAction\":[{\"@type\":\"CommentAction\",\"name\":\"Comment\",\"target\":[\"https:\\\/\\\/batijournal.com\\\/index.php\\\/fin-du-dispositif-scellier-moins-de-logements-moins-de-recettes-moins-demplois\\\/71751\\\/#respond\"]}]},{\"@type\":\"WebPage\",\"@id\":\"https:\\\/\\\/batijournal.com\\\/index.php\\\/fin-du-dispositif-scellier-moins-de-logements-moins-de-recettes-moins-demplois\\\/71751\\\/\",\"url\":\"https:\\\/\\\/batijournal.com\\\/index.php\\\/fin-du-dispositif-scellier-moins-de-logements-moins-de-recettes-moins-demplois\\\/71751\\\/\",\"name\":\"Fin du dispositif Scellier : moins de logements, moins de recettes, moins d'emplois\",\"isPartOf\":{\"@id\":\"https:\\\/\\\/batijournal.com\\\/#website\"},\"primaryImageOfPage\":{\"@id\":\"https:\\\/\\\/batijournal.com\\\/index.php\\\/fin-du-dispositif-scellier-moins-de-logements-moins-de-recettes-moins-demplois\\\/71751\\\/#primaryimage\"},\"image\":{\"@id\":\"https:\\\/\\\/batijournal.com\\\/index.php\\\/fin-du-dispositif-scellier-moins-de-logements-moins-de-recettes-moins-demplois\\\/71751\\\/#primaryimage\"},\"thumbnailUrl\":\"https:\\\/\\\/batijournal.com\\\/wp-content\\\/uploads\\\/2015\\\/03\\\/33065937.jpg\",\"datePublished\":\"2011-11-07T23:00:00+00:00\",\"dateModified\":\"2019-07-15T10:05:30+00:00\",\"author\":{\"@id\":\"https:\\\/\\\/batijournal.com\\\/#\\\/schema\\\/person\\\/6a657e8967569e1b299972574848aa76\"},\"breadcrumb\":{\"@id\":\"https:\\\/\\\/batijournal.com\\\/index.php\\\/fin-du-dispositif-scellier-moins-de-logements-moins-de-recettes-moins-demplois\\\/71751\\\/#breadcrumb\"},\"inLanguage\":\"fr-FR\",\"potentialAction\":[{\"@type\":\"ReadAction\",\"target\":[\"https:\\\/\\\/batijournal.com\\\/index.php\\\/fin-du-dispositif-scellier-moins-de-logements-moins-de-recettes-moins-demplois\\\/71751\\\/\"]}]},{\"@type\":\"ImageObject\",\"inLanguage\":\"fr-FR\",\"@id\":\"https:\\\/\\\/batijournal.com\\\/index.php\\\/fin-du-dispositif-scellier-moins-de-logements-moins-de-recettes-moins-demplois\\\/71751\\\/#primaryimage\",\"url\":\"https:\\\/\\\/batijournal.com\\\/wp-content\\\/uploads\\\/2015\\\/03\\\/33065937.jpg\",\"contentUrl\":\"https:\\\/\\\/batijournal.com\\\/wp-content\\\/uploads\\\/2015\\\/03\\\/33065937.jpg\",\"width\":454,\"height\":600},{\"@type\":\"BreadcrumbList\",\"@id\":\"https:\\\/\\\/batijournal.com\\\/index.php\\\/fin-du-dispositif-scellier-moins-de-logements-moins-de-recettes-moins-demplois\\\/71751\\\/#breadcrumb\",\"itemListElement\":[{\"@type\":\"ListItem\",\"position\":1,\"name\":\"Accueil\",\"item\":\"https:\\\/\\\/batijournal.com\\\/\"},{\"@type\":\"ListItem\",\"position\":2,\"name\":\"Actualit\u00e9s\",\"item\":\"https:\\\/\\\/batijournal.com\\\/index.php\\\/category\\\/actualites\\\/\"},{\"@type\":\"ListItem\",\"position\":3,\"name\":\"\u00c9conomie &amp; March\u00e9s\",\"item\":\"https:\\\/\\\/batijournal.com\\\/index.php\\\/category\\\/actualites\\\/economie-marches\\\/\"},{\"@type\":\"ListItem\",\"position\":4,\"name\":\"Fin du dispositif Scellier : moins de logements, moins de recettes, moins d&#8217;emplois\"}]},{\"@type\":\"WebSite\",\"@id\":\"https:\\\/\\\/batijournal.com\\\/#website\",\"url\":\"https:\\\/\\\/batijournal.com\\\/\",\"name\":\"Batijournal\",\"description\":\"L&#039;actualit\u00e9 du b\u00e2timent\",\"potentialAction\":[{\"@type\":\"SearchAction\",\"target\":{\"@type\":\"EntryPoint\",\"urlTemplate\":\"https:\\\/\\\/batijournal.com\\\/?s={search_term_string}\"},\"query-input\":{\"@type\":\"PropertyValueSpecification\",\"valueRequired\":true,\"valueName\":\"search_term_string\"}}],\"inLanguage\":\"fr-FR\"},{\"@type\":\"Person\",\"@id\":\"https:\\\/\\\/batijournal.com\\\/#\\\/schema\\\/person\\\/6a657e8967569e1b299972574848aa76\",\"name\":\"Bati-journal\",\"image\":{\"@type\":\"ImageObject\",\"inLanguage\":\"fr-FR\",\"@id\":\"https:\\\/\\\/secure.gravatar.com\\\/avatar\\\/a64364ea26392f9b4dd47e017ddaec74ff03aefc073b49e492e847201258f777?s=96&d=mm&r=g\",\"url\":\"https:\\\/\\\/secure.gravatar.com\\\/avatar\\\/a64364ea26392f9b4dd47e017ddaec74ff03aefc073b49e492e847201258f777?s=96&d=mm&r=g\",\"contentUrl\":\"https:\\\/\\\/secure.gravatar.com\\\/avatar\\\/a64364ea26392f9b4dd47e017ddaec74ff03aefc073b49e492e847201258f777?s=96&d=mm&r=g\",\"caption\":\"Bati-journal\"},\"url\":\"https:\\\/\\\/batijournal.com\\\/index.php\\\/author\\\/elodie\\\/\"}]}<\/script>\n<!-- \/ Yoast SEO plugin. -->","yoast_head_json":{"title":"Fin du dispositif Scellier : moins de logements, moins de recettes, moins d'emplois","robots":{"index":"index","follow":"follow","max-snippet":"max-snippet:-1","max-image-preview":"max-image-preview:large","max-video-preview":"max-video-preview:-1"},"canonical":"https:\/\/batijournal.com\/index.php\/fin-du-dispositif-scellier-moins-de-logements-moins-de-recettes-moins-demplois\/71751\/","og_locale":"fr_FR","og_type":"article","og_title":"Fin du dispositif Scellier : moins de logements, moins de recettes, moins d'emplois","og_description":"Mis en place en 2009 pour relancer la construction de logements neufs, le dispositif Scellier sera supprim\u00e9 en 2012. La F\u00e9d\u00e9ration des promoteurs immobiliers rappelle que les bailleurs priv\u00e9s mettent sur le march\u00e9 75 000 nouveaux logements chaque ann\u00e9e. Selon elle, la disparition de cette niche fiscale met \u00e0 br\u00e8ve \u00e9ch\u00e9ance en danger la construction [&hellip;]","og_url":"https:\/\/batijournal.com\/index.php\/fin-du-dispositif-scellier-moins-de-logements-moins-de-recettes-moins-demplois\/71751\/","og_site_name":"Batijournal","article_published_time":"2011-11-07T23:00:00+00:00","article_modified_time":"2019-07-15T10:05:30+00:00","og_image":[{"width":454,"height":600,"url":"https:\/\/batijournal.com\/wp-content\/uploads\/2015\/03\/33065937.jpg","type":"image\/jpeg"}],"author":"Bati-journal","twitter_card":"summary_large_image","twitter_creator":"@bati_journal","twitter_site":"@bati_journal","twitter_misc":{"\u00c9crit par":"Bati-journal","Dur\u00e9e de lecture estim\u00e9e":"1 minute"},"schema":{"@context":"https:\/\/schema.org","@graph":[{"@type":"Article","@id":"https:\/\/batijournal.com\/index.php\/fin-du-dispositif-scellier-moins-de-logements-moins-de-recettes-moins-demplois\/71751\/#article","isPartOf":{"@id":"https:\/\/batijournal.com\/index.php\/fin-du-dispositif-scellier-moins-de-logements-moins-de-recettes-moins-demplois\/71751\/"},"author":{"name":"Bati-journal","@id":"https:\/\/batijournal.com\/#\/schema\/person\/6a657e8967569e1b299972574848aa76"},"headline":"Fin du dispositif Scellier : moins de logements, moins de recettes, moins d&#8217;emplois","datePublished":"2011-11-07T23:00:00+00:00","dateModified":"2019-07-15T10:05:30+00:00","mainEntityOfPage":{"@id":"https:\/\/batijournal.com\/index.php\/fin-du-dispositif-scellier-moins-de-logements-moins-de-recettes-moins-demplois\/71751\/"},"wordCount":204,"commentCount":0,"image":{"@id":"https:\/\/batijournal.com\/index.php\/fin-du-dispositif-scellier-moins-de-logements-moins-de-recettes-moins-demplois\/71751\/#primaryimage"},"thumbnailUrl":"https:\/\/batijournal.com\/wp-content\/uploads\/2015\/03\/33065937.jpg","articleSection":["\u00c9conomie &amp; March\u00e9s"],"inLanguage":"fr-FR","potentialAction":[{"@type":"CommentAction","name":"Comment","target":["https:\/\/batijournal.com\/index.php\/fin-du-dispositif-scellier-moins-de-logements-moins-de-recettes-moins-demplois\/71751\/#respond"]}]},{"@type":"WebPage","@id":"https:\/\/batijournal.com\/index.php\/fin-du-dispositif-scellier-moins-de-logements-moins-de-recettes-moins-demplois\/71751\/","url":"https:\/\/batijournal.com\/index.php\/fin-du-dispositif-scellier-moins-de-logements-moins-de-recettes-moins-demplois\/71751\/","name":"Fin du dispositif Scellier : moins de logements, moins de recettes, moins d'emplois","isPartOf":{"@id":"https:\/\/batijournal.com\/#website"},"primaryImageOfPage":{"@id":"https:\/\/batijournal.com\/index.php\/fin-du-dispositif-scellier-moins-de-logements-moins-de-recettes-moins-demplois\/71751\/#primaryimage"},"image":{"@id":"https:\/\/batijournal.com\/index.php\/fin-du-dispositif-scellier-moins-de-logements-moins-de-recettes-moins-demplois\/71751\/#primaryimage"},"thumbnailUrl":"https:\/\/batijournal.com\/wp-content\/uploads\/2015\/03\/33065937.jpg","datePublished":"2011-11-07T23:00:00+00:00","dateModified":"2019-07-15T10:05:30+00:00","author":{"@id":"https:\/\/batijournal.com\/#\/schema\/person\/6a657e8967569e1b299972574848aa76"},"breadcrumb":{"@id":"https:\/\/batijournal.com\/index.php\/fin-du-dispositif-scellier-moins-de-logements-moins-de-recettes-moins-demplois\/71751\/#breadcrumb"},"inLanguage":"fr-FR","potentialAction":[{"@type":"ReadAction","target":["https:\/\/batijournal.com\/index.php\/fin-du-dispositif-scellier-moins-de-logements-moins-de-recettes-moins-demplois\/71751\/"]}]},{"@type":"ImageObject","inLanguage":"fr-FR","@id":"https:\/\/batijournal.com\/index.php\/fin-du-dispositif-scellier-moins-de-logements-moins-de-recettes-moins-demplois\/71751\/#primaryimage","url":"https:\/\/batijournal.com\/wp-content\/uploads\/2015\/03\/33065937.jpg","contentUrl":"https:\/\/batijournal.com\/wp-content\/uploads\/2015\/03\/33065937.jpg","width":454,"height":600},{"@type":"BreadcrumbList","@id":"https:\/\/batijournal.com\/index.php\/fin-du-dispositif-scellier-moins-de-logements-moins-de-recettes-moins-demplois\/71751\/#breadcrumb","itemListElement":[{"@type":"ListItem","position":1,"name":"Accueil","item":"https:\/\/batijournal.com\/"},{"@type":"ListItem","position":2,"name":"Actualit\u00e9s","item":"https:\/\/batijournal.com\/index.php\/category\/actualites\/"},{"@type":"ListItem","position":3,"name":"\u00c9conomie &amp; March\u00e9s","item":"https:\/\/batijournal.com\/index.php\/category\/actualites\/economie-marches\/"},{"@type":"ListItem","position":4,"name":"Fin du dispositif Scellier : moins de logements, moins de recettes, moins d&#8217;emplois"}]},{"@type":"WebSite","@id":"https:\/\/batijournal.com\/#website","url":"https:\/\/batijournal.com\/","name":"Batijournal","description":"L&#039;actualit\u00e9 du b\u00e2timent","potentialAction":[{"@type":"SearchAction","target":{"@type":"EntryPoint","urlTemplate":"https:\/\/batijournal.com\/?s={search_term_string}"},"query-input":{"@type":"PropertyValueSpecification","valueRequired":true,"valueName":"search_term_string"}}],"inLanguage":"fr-FR"},{"@type":"Person","@id":"https:\/\/batijournal.com\/#\/schema\/person\/6a657e8967569e1b299972574848aa76","name":"Bati-journal","image":{"@type":"ImageObject","inLanguage":"fr-FR","@id":"https:\/\/secure.gravatar.com\/avatar\/a64364ea26392f9b4dd47e017ddaec74ff03aefc073b49e492e847201258f777?s=96&d=mm&r=g","url":"https:\/\/secure.gravatar.com\/avatar\/a64364ea26392f9b4dd47e017ddaec74ff03aefc073b49e492e847201258f777?s=96&d=mm&r=g","contentUrl":"https:\/\/secure.gravatar.com\/avatar\/a64364ea26392f9b4dd47e017ddaec74ff03aefc073b49e492e847201258f777?s=96&d=mm&r=g","caption":"Bati-journal"},"url":"https:\/\/batijournal.com\/index.php\/author\/elodie\/"}]}},"_links":{"self":[{"href":"https:\/\/batijournal.com\/index.php\/wp-json\/wp\/v2\/posts\/71751","targetHints":{"allow":["GET"]}}],"collection":[{"href":"https:\/\/batijournal.com\/index.php\/wp-json\/wp\/v2\/posts"}],"about":[{"href":"https:\/\/batijournal.com\/index.php\/wp-json\/wp\/v2\/types\/post"}],"author":[{"embeddable":true,"href":"https:\/\/batijournal.com\/index.php\/wp-json\/wp\/v2\/users\/1"}],"replies":[{"embeddable":true,"href":"https:\/\/batijournal.com\/index.php\/wp-json\/wp\/v2\/comments?post=71751"}],"version-history":[{"count":0,"href":"https:\/\/batijournal.com\/index.php\/wp-json\/wp\/v2\/posts\/71751\/revisions"}],"wp:featuredmedia":[{"embeddable":true,"href":"https:\/\/batijournal.com\/index.php\/wp-json\/wp\/v2\/media\/71752"}],"wp:attachment":[{"href":"https:\/\/batijournal.com\/index.php\/wp-json\/wp\/v2\/media?parent=71751"}],"wp:term":[{"taxonomy":"category","embeddable":true,"href":"https:\/\/batijournal.com\/index.php\/wp-json\/wp\/v2\/categories?post=71751"},{"taxonomy":"post_tag","embeddable":true,"href":"https:\/\/batijournal.com\/index.php\/wp-json\/wp\/v2\/tags?post=71751"}],"curies":[{"name":"wp","href":"https:\/\/api.w.org\/{rel}","templated":true}]}}