{"id":71757,"date":"2011-11-25T00:00:00","date_gmt":"2011-11-24T23:00:00","guid":{"rendered":"http:\/\/b.bati-journal.com\/les-voyages-forment-la-filiere-bois\/71757"},"modified":"2019-07-15T12:05:29","modified_gmt":"2019-07-15T10:05:29","slug":"les-voyages-forment-la-filiere-bois","status":"publish","type":"post","link":"https:\/\/batijournal.com\/index.php\/les-voyages-forment-la-filiere-bois\/71757\/","title":{"rendered":"Les voyages forment&#8230; la fili\u00e8re bois"},"content":{"rendered":"<p>La soci\u00e9t\u00e9 Bois Travel &amp; Consulting, cr\u00e9\u00e9e en 2009 et sp\u00e9cialis\u00e9e dans l&rsquo;organisation de voyages pour la fili\u00e8re bois, vient de se renforcer avec l&rsquo;arriv\u00e9e d&rsquo;Etienne Roger, 41 ans, ing\u00e9nieur de l&rsquo;Ecole Centrale de Paris et ing\u00e9nieur civil du g\u00e9nie rural des eaux et for\u00eats. Il rejoint Jean-Marie Tissot, cr\u00e9ateur de l&rsquo;entreprise, en tant qu&rsquo;associ\u00e9-g\u00e9rant et apporte son savoir-faire acquis pr\u00e9c\u00e9demment dans diff\u00e9rentes structures d\u00e9di\u00e9es \u00e0 la for\u00eat et \u00e0 l&rsquo;environnement (Ecobilan, Coop\u00e9rative Foresti\u00e8re du Limousin, CRPF de Lorraine-Alsace, Conseil G\u00e9n\u00e9ral de la Vend\u00e9e o\u00f9, depuis 2009, il \u00e9tait en charge de l&rsquo;environnement, de l&rsquo;am\u00e9nagement et du d\u00e9veloppement \u00e9conomique). \u00abVoyager n&rsquo;est pas un luxe ; pour les professionnels du bois, confront\u00e9s \u00e0 la mondialisation, m\u00eame et surtout en temps de crise, c&rsquo;est une n\u00e9cessit\u00e9 pour rester en alerte sur les nouveaux march\u00e9s, les nouveaux produits, les nouveaux outils et m\u00e9thodes ; bref, pour pr\u00e9parer demain. C&rsquo;est aussi un moment privil\u00e9gi\u00e9 pour prendre du recul et \u00e9changer avec des coll\u00e8gues dans un cadre diff\u00e9rent et convivial \u00bb, affirment les cog\u00e9rants. En plus de la programmation 2012, en ligne sur le site <a href=\"http:\/\/www.boistravel.com\" target=\"_blank\" rel=\"noopener noreferrer\">www.boistravel.com<\/a>, l&rsquo;\u00e9quipe de Bois Travel &amp; Consulting travaille d\u00e9j\u00e0 sur une demi-douzaine de projets de voyages \u00absur mesure\u00bb pour divers groupes professionnels. Le d\u00e9veloppement des prestations de conseil et de formation est \u00e9galement \u00e0 l&rsquo;ordre du jour.<\/p>\n","protected":false},"excerpt":{"rendered":"<p>La soci\u00e9t\u00e9 Bois Travel &amp; Consulting, cr\u00e9\u00e9e en 2009 et sp\u00e9cialis\u00e9e dans l&rsquo;organisation de voyages pour la fili\u00e8re bois, vient de se renforcer avec l&rsquo;arriv\u00e9e d&rsquo;Etienne Roger, 41 ans, ing\u00e9nieur de l&rsquo;Ecole Centrale de Paris et ing\u00e9nieur civil du g\u00e9nie rural des eaux et for\u00eats. Il rejoint Jean-Marie Tissot, cr\u00e9ateur de l&rsquo;entreprise, en tant qu&rsquo;associ\u00e9-g\u00e9rant [&hellip;]<\/p>\n","protected":false},"author":1,"featured_media":71758,"comment_status":"open","ping_status":"closed","sticky":false,"template":"","format":"standard","meta":{"_et_pb_use_builder":"","_et_pb_old_content":"","_et_gb_content_width":"","footnotes":""},"categories":[6345],"tags":[7379],"class_list":["post-71757","post","type-post","status-publish","format-standard","has-post-thumbnail","hentry","category-economie-marches","tag-voyage-detude"],"yoast_head":"<!-- This site is optimized with the Yoast SEO plugin v27.4 - https:\/\/yoast.com\/product\/yoast-seo-wordpress\/ -->\n<title>Les voyages forment... la fili\u00e8re bois<\/title>\n<meta name=\"robots\" content=\"index, follow, max-snippet:-1, max-image-preview:large, max-video-preview:-1\" \/>\n<link rel=\"canonical\" href=\"https:\/\/batijournal.com\/index.php\/les-voyages-forment-la-filiere-bois\/71757\/\" \/>\n<meta property=\"og:locale\" content=\"fr_FR\" \/>\n<meta property=\"og:type\" content=\"article\" \/>\n<meta property=\"og:title\" content=\"Les voyages forment... la fili\u00e8re bois\" \/>\n<meta property=\"og:description\" content=\"La soci\u00e9t\u00e9 Bois Travel &amp; Consulting, cr\u00e9\u00e9e en 2009 et sp\u00e9cialis\u00e9e dans l&rsquo;organisation de voyages pour la fili\u00e8re bois, vient de se renforcer avec l&rsquo;arriv\u00e9e d&rsquo;Etienne Roger, 41 ans, ing\u00e9nieur de l&rsquo;Ecole Centrale de Paris et ing\u00e9nieur civil du g\u00e9nie rural des eaux et for\u00eats. Il rejoint Jean-Marie Tissot, cr\u00e9ateur de l&rsquo;entreprise, en tant qu&rsquo;associ\u00e9-g\u00e9rant [&hellip;]\" \/>\n<meta property=\"og:url\" content=\"https:\/\/batijournal.com\/index.php\/les-voyages-forment-la-filiere-bois\/71757\/\" \/>\n<meta property=\"og:site_name\" content=\"Batijournal\" \/>\n<meta property=\"article:published_time\" content=\"2011-11-24T23:00:00+00:00\" \/>\n<meta property=\"article:modified_time\" content=\"2019-07-15T10:05:29+00:00\" \/>\n<meta property=\"og:image\" content=\"https:\/\/batijournal.com\/wp-content\/uploads\/2015\/03\/33998623.jpg\" \/>\n\t<meta property=\"og:image:width\" content=\"600\" \/>\n\t<meta property=\"og:image:height\" content=\"450\" \/>\n\t<meta property=\"og:image:type\" content=\"image\/jpeg\" \/>\n<meta name=\"author\" content=\"Bati-journal\" \/>\n<meta name=\"twitter:card\" content=\"summary_large_image\" \/>\n<meta name=\"twitter:creator\" content=\"@bati_journal\" \/>\n<meta name=\"twitter:site\" content=\"@bati_journal\" \/>\n<meta name=\"twitter:label1\" content=\"\u00c9crit par\" \/>\n\t<meta name=\"twitter:data1\" content=\"Bati-journal\" \/>\n\t<meta name=\"twitter:label2\" content=\"Dur\u00e9e de lecture estim\u00e9e\" \/>\n\t<meta name=\"twitter:data2\" content=\"1 minute\" \/>\n<script type=\"application\/ld+json\" class=\"yoast-schema-graph\">{\"@context\":\"https:\\\/\\\/schema.org\",\"@graph\":[{\"@type\":\"Article\",\"@id\":\"https:\\\/\\\/batijournal.com\\\/index.php\\\/les-voyages-forment-la-filiere-bois\\\/71757\\\/#article\",\"isPartOf\":{\"@id\":\"https:\\\/\\\/batijournal.com\\\/index.php\\\/les-voyages-forment-la-filiere-bois\\\/71757\\\/\"},\"author\":{\"name\":\"Bati-journal\",\"@id\":\"https:\\\/\\\/batijournal.com\\\/#\\\/schema\\\/person\\\/6a657e8967569e1b299972574848aa76\"},\"headline\":\"Les voyages forment&#8230; la fili\u00e8re bois\",\"datePublished\":\"2011-11-24T23:00:00+00:00\",\"dateModified\":\"2019-07-15T10:05:29+00:00\",\"mainEntityOfPage\":{\"@id\":\"https:\\\/\\\/batijournal.com\\\/index.php\\\/les-voyages-forment-la-filiere-bois\\\/71757\\\/\"},\"wordCount\":267,\"commentCount\":0,\"image\":{\"@id\":\"https:\\\/\\\/batijournal.com\\\/index.php\\\/les-voyages-forment-la-filiere-bois\\\/71757\\\/#primaryimage\"},\"thumbnailUrl\":\"https:\\\/\\\/batijournal.com\\\/wp-content\\\/uploads\\\/2015\\\/03\\\/33998623.jpg\",\"keywords\":[\"voyage detude\"],\"articleSection\":[\"\u00c9conomie &amp; March\u00e9s\"],\"inLanguage\":\"fr-FR\",\"potentialAction\":[{\"@type\":\"CommentAction\",\"name\":\"Comment\",\"target\":[\"https:\\\/\\\/batijournal.com\\\/index.php\\\/les-voyages-forment-la-filiere-bois\\\/71757\\\/#respond\"]}]},{\"@type\":\"WebPage\",\"@id\":\"https:\\\/\\\/batijournal.com\\\/index.php\\\/les-voyages-forment-la-filiere-bois\\\/71757\\\/\",\"url\":\"https:\\\/\\\/batijournal.com\\\/index.php\\\/les-voyages-forment-la-filiere-bois\\\/71757\\\/\",\"name\":\"Les voyages forment... la fili\u00e8re bois\",\"isPartOf\":{\"@id\":\"https:\\\/\\\/batijournal.com\\\/#website\"},\"primaryImageOfPage\":{\"@id\":\"https:\\\/\\\/batijournal.com\\\/index.php\\\/les-voyages-forment-la-filiere-bois\\\/71757\\\/#primaryimage\"},\"image\":{\"@id\":\"https:\\\/\\\/batijournal.com\\\/index.php\\\/les-voyages-forment-la-filiere-bois\\\/71757\\\/#primaryimage\"},\"thumbnailUrl\":\"https:\\\/\\\/batijournal.com\\\/wp-content\\\/uploads\\\/2015\\\/03\\\/33998623.jpg\",\"datePublished\":\"2011-11-24T23:00:00+00:00\",\"dateModified\":\"2019-07-15T10:05:29+00:00\",\"author\":{\"@id\":\"https:\\\/\\\/batijournal.com\\\/#\\\/schema\\\/person\\\/6a657e8967569e1b299972574848aa76\"},\"breadcrumb\":{\"@id\":\"https:\\\/\\\/batijournal.com\\\/index.php\\\/les-voyages-forment-la-filiere-bois\\\/71757\\\/#breadcrumb\"},\"inLanguage\":\"fr-FR\",\"potentialAction\":[{\"@type\":\"ReadAction\",\"target\":[\"https:\\\/\\\/batijournal.com\\\/index.php\\\/les-voyages-forment-la-filiere-bois\\\/71757\\\/\"]}]},{\"@type\":\"ImageObject\",\"inLanguage\":\"fr-FR\",\"@id\":\"https:\\\/\\\/batijournal.com\\\/index.php\\\/les-voyages-forment-la-filiere-bois\\\/71757\\\/#primaryimage\",\"url\":\"https:\\\/\\\/batijournal.com\\\/wp-content\\\/uploads\\\/2015\\\/03\\\/33998623.jpg\",\"contentUrl\":\"https:\\\/\\\/batijournal.com\\\/wp-content\\\/uploads\\\/2015\\\/03\\\/33998623.jpg\",\"width\":600,\"height\":450},{\"@type\":\"BreadcrumbList\",\"@id\":\"https:\\\/\\\/batijournal.com\\\/index.php\\\/les-voyages-forment-la-filiere-bois\\\/71757\\\/#breadcrumb\",\"itemListElement\":[{\"@type\":\"ListItem\",\"position\":1,\"name\":\"Accueil\",\"item\":\"https:\\\/\\\/batijournal.com\\\/\"},{\"@type\":\"ListItem\",\"position\":2,\"name\":\"Actualit\u00e9s\",\"item\":\"https:\\\/\\\/batijournal.com\\\/index.php\\\/category\\\/actualites\\\/\"},{\"@type\":\"ListItem\",\"position\":3,\"name\":\"\u00c9conomie &amp; March\u00e9s\",\"item\":\"https:\\\/\\\/batijournal.com\\\/index.php\\\/category\\\/actualites\\\/economie-marches\\\/\"},{\"@type\":\"ListItem\",\"position\":4,\"name\":\"Les voyages forment&#8230; la fili\u00e8re bois\"}]},{\"@type\":\"WebSite\",\"@id\":\"https:\\\/\\\/batijournal.com\\\/#website\",\"url\":\"https:\\\/\\\/batijournal.com\\\/\",\"name\":\"Batijournal\",\"description\":\"L&#039;actualit\u00e9 du b\u00e2timent\",\"potentialAction\":[{\"@type\":\"SearchAction\",\"target\":{\"@type\":\"EntryPoint\",\"urlTemplate\":\"https:\\\/\\\/batijournal.com\\\/?s={search_term_string}\"},\"query-input\":{\"@type\":\"PropertyValueSpecification\",\"valueRequired\":true,\"valueName\":\"search_term_string\"}}],\"inLanguage\":\"fr-FR\"},{\"@type\":\"Person\",\"@id\":\"https:\\\/\\\/batijournal.com\\\/#\\\/schema\\\/person\\\/6a657e8967569e1b299972574848aa76\",\"name\":\"Bati-journal\",\"image\":{\"@type\":\"ImageObject\",\"inLanguage\":\"fr-FR\",\"@id\":\"https:\\\/\\\/secure.gravatar.com\\\/avatar\\\/a64364ea26392f9b4dd47e017ddaec74ff03aefc073b49e492e847201258f777?s=96&d=mm&r=g\",\"url\":\"https:\\\/\\\/secure.gravatar.com\\\/avatar\\\/a64364ea26392f9b4dd47e017ddaec74ff03aefc073b49e492e847201258f777?s=96&d=mm&r=g\",\"contentUrl\":\"https:\\\/\\\/secure.gravatar.com\\\/avatar\\\/a64364ea26392f9b4dd47e017ddaec74ff03aefc073b49e492e847201258f777?s=96&d=mm&r=g\",\"caption\":\"Bati-journal\"},\"url\":\"https:\\\/\\\/batijournal.com\\\/index.php\\\/author\\\/elodie\\\/\"}]}<\/script>\n<!-- \/ Yoast SEO plugin. -->","yoast_head_json":{"title":"Les voyages forment... la fili\u00e8re bois","robots":{"index":"index","follow":"follow","max-snippet":"max-snippet:-1","max-image-preview":"max-image-preview:large","max-video-preview":"max-video-preview:-1"},"canonical":"https:\/\/batijournal.com\/index.php\/les-voyages-forment-la-filiere-bois\/71757\/","og_locale":"fr_FR","og_type":"article","og_title":"Les voyages forment... la fili\u00e8re bois","og_description":"La soci\u00e9t\u00e9 Bois Travel &amp; Consulting, cr\u00e9\u00e9e en 2009 et sp\u00e9cialis\u00e9e dans l&rsquo;organisation de voyages pour la fili\u00e8re bois, vient de se renforcer avec l&rsquo;arriv\u00e9e d&rsquo;Etienne Roger, 41 ans, ing\u00e9nieur de l&rsquo;Ecole Centrale de Paris et ing\u00e9nieur civil du g\u00e9nie rural des eaux et for\u00eats. Il rejoint Jean-Marie Tissot, cr\u00e9ateur de l&rsquo;entreprise, en tant qu&rsquo;associ\u00e9-g\u00e9rant [&hellip;]","og_url":"https:\/\/batijournal.com\/index.php\/les-voyages-forment-la-filiere-bois\/71757\/","og_site_name":"Batijournal","article_published_time":"2011-11-24T23:00:00+00:00","article_modified_time":"2019-07-15T10:05:29+00:00","og_image":[{"width":600,"height":450,"url":"https:\/\/batijournal.com\/wp-content\/uploads\/2015\/03\/33998623.jpg","type":"image\/jpeg"}],"author":"Bati-journal","twitter_card":"summary_large_image","twitter_creator":"@bati_journal","twitter_site":"@bati_journal","twitter_misc":{"\u00c9crit par":"Bati-journal","Dur\u00e9e de lecture estim\u00e9e":"1 minute"},"schema":{"@context":"https:\/\/schema.org","@graph":[{"@type":"Article","@id":"https:\/\/batijournal.com\/index.php\/les-voyages-forment-la-filiere-bois\/71757\/#article","isPartOf":{"@id":"https:\/\/batijournal.com\/index.php\/les-voyages-forment-la-filiere-bois\/71757\/"},"author":{"name":"Bati-journal","@id":"https:\/\/batijournal.com\/#\/schema\/person\/6a657e8967569e1b299972574848aa76"},"headline":"Les voyages forment&#8230; la fili\u00e8re bois","datePublished":"2011-11-24T23:00:00+00:00","dateModified":"2019-07-15T10:05:29+00:00","mainEntityOfPage":{"@id":"https:\/\/batijournal.com\/index.php\/les-voyages-forment-la-filiere-bois\/71757\/"},"wordCount":267,"commentCount":0,"image":{"@id":"https:\/\/batijournal.com\/index.php\/les-voyages-forment-la-filiere-bois\/71757\/#primaryimage"},"thumbnailUrl":"https:\/\/batijournal.com\/wp-content\/uploads\/2015\/03\/33998623.jpg","keywords":["voyage detude"],"articleSection":["\u00c9conomie &amp; March\u00e9s"],"inLanguage":"fr-FR","potentialAction":[{"@type":"CommentAction","name":"Comment","target":["https:\/\/batijournal.com\/index.php\/les-voyages-forment-la-filiere-bois\/71757\/#respond"]}]},{"@type":"WebPage","@id":"https:\/\/batijournal.com\/index.php\/les-voyages-forment-la-filiere-bois\/71757\/","url":"https:\/\/batijournal.com\/index.php\/les-voyages-forment-la-filiere-bois\/71757\/","name":"Les voyages forment... la fili\u00e8re bois","isPartOf":{"@id":"https:\/\/batijournal.com\/#website"},"primaryImageOfPage":{"@id":"https:\/\/batijournal.com\/index.php\/les-voyages-forment-la-filiere-bois\/71757\/#primaryimage"},"image":{"@id":"https:\/\/batijournal.com\/index.php\/les-voyages-forment-la-filiere-bois\/71757\/#primaryimage"},"thumbnailUrl":"https:\/\/batijournal.com\/wp-content\/uploads\/2015\/03\/33998623.jpg","datePublished":"2011-11-24T23:00:00+00:00","dateModified":"2019-07-15T10:05:29+00:00","author":{"@id":"https:\/\/batijournal.com\/#\/schema\/person\/6a657e8967569e1b299972574848aa76"},"breadcrumb":{"@id":"https:\/\/batijournal.com\/index.php\/les-voyages-forment-la-filiere-bois\/71757\/#breadcrumb"},"inLanguage":"fr-FR","potentialAction":[{"@type":"ReadAction","target":["https:\/\/batijournal.com\/index.php\/les-voyages-forment-la-filiere-bois\/71757\/"]}]},{"@type":"ImageObject","inLanguage":"fr-FR","@id":"https:\/\/batijournal.com\/index.php\/les-voyages-forment-la-filiere-bois\/71757\/#primaryimage","url":"https:\/\/batijournal.com\/wp-content\/uploads\/2015\/03\/33998623.jpg","contentUrl":"https:\/\/batijournal.com\/wp-content\/uploads\/2015\/03\/33998623.jpg","width":600,"height":450},{"@type":"BreadcrumbList","@id":"https:\/\/batijournal.com\/index.php\/les-voyages-forment-la-filiere-bois\/71757\/#breadcrumb","itemListElement":[{"@type":"ListItem","position":1,"name":"Accueil","item":"https:\/\/batijournal.com\/"},{"@type":"ListItem","position":2,"name":"Actualit\u00e9s","item":"https:\/\/batijournal.com\/index.php\/category\/actualites\/"},{"@type":"ListItem","position":3,"name":"\u00c9conomie &amp; March\u00e9s","item":"https:\/\/batijournal.com\/index.php\/category\/actualites\/economie-marches\/"},{"@type":"ListItem","position":4,"name":"Les voyages forment&#8230; la fili\u00e8re bois"}]},{"@type":"WebSite","@id":"https:\/\/batijournal.com\/#website","url":"https:\/\/batijournal.com\/","name":"Batijournal","description":"L&#039;actualit\u00e9 du b\u00e2timent","potentialAction":[{"@type":"SearchAction","target":{"@type":"EntryPoint","urlTemplate":"https:\/\/batijournal.com\/?s={search_term_string}"},"query-input":{"@type":"PropertyValueSpecification","valueRequired":true,"valueName":"search_term_string"}}],"inLanguage":"fr-FR"},{"@type":"Person","@id":"https:\/\/batijournal.com\/#\/schema\/person\/6a657e8967569e1b299972574848aa76","name":"Bati-journal","image":{"@type":"ImageObject","inLanguage":"fr-FR","@id":"https:\/\/secure.gravatar.com\/avatar\/a64364ea26392f9b4dd47e017ddaec74ff03aefc073b49e492e847201258f777?s=96&d=mm&r=g","url":"https:\/\/secure.gravatar.com\/avatar\/a64364ea26392f9b4dd47e017ddaec74ff03aefc073b49e492e847201258f777?s=96&d=mm&r=g","contentUrl":"https:\/\/secure.gravatar.com\/avatar\/a64364ea26392f9b4dd47e017ddaec74ff03aefc073b49e492e847201258f777?s=96&d=mm&r=g","caption":"Bati-journal"},"url":"https:\/\/batijournal.com\/index.php\/author\/elodie\/"}]}},"_links":{"self":[{"href":"https:\/\/batijournal.com\/index.php\/wp-json\/wp\/v2\/posts\/71757","targetHints":{"allow":["GET"]}}],"collection":[{"href":"https:\/\/batijournal.com\/index.php\/wp-json\/wp\/v2\/posts"}],"about":[{"href":"https:\/\/batijournal.com\/index.php\/wp-json\/wp\/v2\/types\/post"}],"author":[{"embeddable":true,"href":"https:\/\/batijournal.com\/index.php\/wp-json\/wp\/v2\/users\/1"}],"replies":[{"embeddable":true,"href":"https:\/\/batijournal.com\/index.php\/wp-json\/wp\/v2\/comments?post=71757"}],"version-history":[{"count":0,"href":"https:\/\/batijournal.com\/index.php\/wp-json\/wp\/v2\/posts\/71757\/revisions"}],"wp:featuredmedia":[{"embeddable":true,"href":"https:\/\/batijournal.com\/index.php\/wp-json\/wp\/v2\/media\/71758"}],"wp:attachment":[{"href":"https:\/\/batijournal.com\/index.php\/wp-json\/wp\/v2\/media?parent=71757"}],"wp:term":[{"taxonomy":"category","embeddable":true,"href":"https:\/\/batijournal.com\/index.php\/wp-json\/wp\/v2\/categories?post=71757"},{"taxonomy":"post_tag","embeddable":true,"href":"https:\/\/batijournal.com\/index.php\/wp-json\/wp\/v2\/tags?post=71757"}],"curies":[{"name":"wp","href":"https:\/\/api.w.org\/{rel}","templated":true}]}}