{"id":71825,"date":"2012-11-12T00:00:00","date_gmt":"2012-11-11T23:00:00","guid":{"rendered":"http:\/\/b.bati-journal.com\/la-consommation-denergie-sujet-de-preoccupation-important-pour-8-foyers-sur-10\/71825"},"modified":"2019-07-15T12:05:22","modified_gmt":"2019-07-15T10:05:22","slug":"la-consommation-denergie-sujet-de-preoccupation-important-pour-8-foyers-sur-10","status":"publish","type":"post","link":"https:\/\/batijournal.com\/index.php\/la-consommation-denergie-sujet-de-preoccupation-important-pour-8-foyers-sur-10\/71825\/","title":{"rendered":"La consommation d&rsquo;\u00e9nergie, sujet de pr\u00e9occupation important pour 8 foyers sur 10"},"content":{"rendered":"<div>Le m\u00e9diateur national de l&rsquo;\u00e9nergie et la Commission de r\u00e9gulation de l&rsquo;\u00e9nergie ont publi\u00e9 la 6\u00e8me \u00e9dition du barom\u00e8tre annuel sur l&rsquo;ouverture des march\u00e9s. L&rsquo;int\u00e9r\u00eat des Fran\u00e7ais pour les questions relatives \u00e0 la consommation d&rsquo;\u00e9nergie se confirme. Ainsi, alors que les effets de la crise \u00e9conomique et sociale se font de plus en plus ressentir, pr\u00e8s de 8 foyers sur 10 d\u00e9clarent que la consommation d&rsquo;\u00e9nergie constitue pour eux un sujet de pr\u00e9occupation important, soit la proportion la plus \u00e9lev\u00e9e depuis la cr\u00e9ation du barom\u00e8tre en 2007. 65% des Fran\u00e7ais estiment que leurs factures d&rsquo;\u00e9nergie repr\u00e9sentent une part importante des d\u00e9penses totales du foyer.<\/div>\n<div>Dans ce contexte, 42% des foyers affirment avoir restreint leur chauffage chez eux au cours de l&rsquo;hiver dernier pour ne pas avoir de factures trop \u00e9lev\u00e9es, les 65 ans et plus (49%) \u00e9tant particuli\u00e8rement concern\u00e9s par ce probl\u00e8me. Ils sont 11% \u00e0 reconna\u00eetre avoir rencontr\u00e9 des difficult\u00e9s pour payer certaines factures d&rsquo;\u00e9lectricit\u00e9 ou de gaz.<\/div>\n<div>S&rsquo;y ajoute une anticipation morose concernant l&rsquo;\u00e9volution des tarifs de l&rsquo;\u00e9nergie puisque la quasi-totalit\u00e9 des foyers interrog\u00e9s (97%) s&rsquo;attendent \u00e0 une hausse des prix dans les prochains mois.<\/div>\n<div>Si 56% des Fran\u00e7ais s&rsquo;estiment bien inform\u00e9s, ce sentiment majoritaire cache en r\u00e9alit\u00e9 une m\u00e9connaissance certaine du fonctionnement des march\u00e9s de l&rsquo;\u00e9nergie. M\u00eame s&rsquo;ils sont de plus en plus nombreux, 48% seulement des foyers savent qu&rsquo;ils peuvent changer de fournisseur d&rsquo;\u00e9nergie.<\/div>\n<div>Enfin, un tiers des consommateurs a d\u00e9j\u00e0 entendu parler des tarifs r\u00e9glement\u00e9s de vente. Ils sont 65% \u00e0 avouer n&rsquo;en avoir jamais entendu parler. Plus de deux tiers des Fran\u00e7ais pensent, \u00e0 tort, que les tarifs r\u00e9glement\u00e9s peuvent \u00eatre obtenus pour le gaz et l&rsquo;\u00e9lectricit\u00e9 chez un m\u00eame fournisseur. Cette confusion existe \u00e9galement sur les fournisseurs historiques : seulement 32% des consommateurs savent qu&rsquo;EDF et GDF SUEZ sont deux entreprises concurrentes.<\/div>\n<div>Pr\u00e8s des deux tiers des personnes interrog\u00e9es (64%) consid\u00e8rent que pour l&rsquo;utilisation de l&rsquo;\u00e9lectricit\u00e9 et du gaz naturel, il est pr\u00e9f\u00e9rable d&rsquo;avoir un seul fournisseur. En effet, elles pensent, parfois \u00e0 tort, que souscrire chez un seul fournisseur permet d&rsquo;obtenir des tarifs moins chers (pour 29% des foyers) ou au moins au m\u00eame prix (41%).<\/div>\n<div>Comme les ann\u00e9es pass\u00e9es, la principale motivation \u00e0 changer de fournisseur reste la recherche de tarifs plus comp\u00e9titifs. La \u00ab frilosit\u00e9 \u00bb du march\u00e9 &#8211; seuls 9% des Fran\u00e7ais d\u00e9clarent avoir d\u00e9j\u00e0 chang\u00e9 de fournisseur \u00ac\u00f1 s&rsquo;explique notamment par le fait que les tarifs r\u00e9glement\u00e9s sont per\u00e7us comme moins chers que les offres de march\u00e9 (35%) ou au m\u00eame prix (34%). Ils paraissent \u00e9galement, m\u00eame si ce n&rsquo;est pas le cas, plus stables dans le temps.<\/div>\n<div>Pour permettre aux consommateurs de s&rsquo;adapter \u00e0 une \u00e9nergie durablement ch\u00e8re, une solution envisag\u00e9e est la tarification progressive. 61% des foyers jugent que ce dispositif les inciterait \u00e0 diminuer leur consommation. Ils sont tout autant \u00e0 percevoir l&rsquo;effet b\u00e9n\u00e9fique pour l&rsquo;environnement et \u00e0 estimer que ce principe serait une bonne solution pour les personnes en difficult\u00e9 financi\u00e8re. Toutefois, la moiti\u00e9 des Fran\u00e7ais est sceptique quant \u00e0 son impact sur les prix, puisque 50% estiment que la tarification progressive ferait augmenter les factures d&rsquo;\u00e9nergie.<\/div>\n","protected":false},"excerpt":{"rendered":"<p>Le m\u00e9diateur national de l&rsquo;\u00e9nergie et la Commission de r\u00e9gulation de l&rsquo;\u00e9nergie ont publi\u00e9 la 6\u00e8me \u00e9dition du barom\u00e8tre annuel sur l&rsquo;ouverture des march\u00e9s. L&rsquo;int\u00e9r\u00eat des Fran\u00e7ais pour les questions relatives \u00e0 la consommation d&rsquo;\u00e9nergie se confirme. Ainsi, alors que les effets de la crise \u00e9conomique et sociale se font de plus en plus ressentir, [&hellip;]<\/p>\n","protected":false},"author":1,"featured_media":71826,"comment_status":"open","ping_status":"closed","sticky":false,"template":"","format":"standard","meta":{"_et_pb_use_builder":"","_et_pb_old_content":"","_et_gb_content_width":"","footnotes":""},"categories":[6345],"tags":[1383],"class_list":["post-71825","post","type-post","status-publish","format-standard","has-post-thumbnail","hentry","category-economie-marches","tag-marche"],"yoast_head":"<!-- This site is optimized with the Yoast SEO plugin v27.4 - https:\/\/yoast.com\/product\/yoast-seo-wordpress\/ -->\n<title>La consommation d&#039;\u00e9nergie, sujet de pr\u00e9occupation important pour 8 foyers sur 10<\/title>\n<meta name=\"robots\" content=\"index, follow, max-snippet:-1, max-image-preview:large, max-video-preview:-1\" \/>\n<link rel=\"canonical\" href=\"https:\/\/batijournal.com\/index.php\/la-consommation-denergie-sujet-de-preoccupation-important-pour-8-foyers-sur-10\/71825\/\" \/>\n<meta property=\"og:locale\" content=\"fr_FR\" \/>\n<meta property=\"og:type\" content=\"article\" \/>\n<meta property=\"og:title\" content=\"La consommation d&#039;\u00e9nergie, sujet de pr\u00e9occupation important pour 8 foyers sur 10\" \/>\n<meta property=\"og:description\" content=\"Le m\u00e9diateur national de l&rsquo;\u00e9nergie et la Commission de r\u00e9gulation de l&rsquo;\u00e9nergie ont publi\u00e9 la 6\u00e8me \u00e9dition du barom\u00e8tre annuel sur l&rsquo;ouverture des march\u00e9s. L&rsquo;int\u00e9r\u00eat des Fran\u00e7ais pour les questions relatives \u00e0 la consommation d&rsquo;\u00e9nergie se confirme. Ainsi, alors que les effets de la crise \u00e9conomique et sociale se font de plus en plus ressentir, [&hellip;]\" \/>\n<meta property=\"og:url\" content=\"https:\/\/batijournal.com\/index.php\/la-consommation-denergie-sujet-de-preoccupation-important-pour-8-foyers-sur-10\/71825\/\" \/>\n<meta property=\"og:site_name\" content=\"Batijournal\" \/>\n<meta property=\"article:published_time\" content=\"2012-11-11T23:00:00+00:00\" \/>\n<meta property=\"article:modified_time\" content=\"2019-07-15T10:05:22+00:00\" \/>\n<meta property=\"og:image\" content=\"https:\/\/batijournal.com\/wp-content\/uploads\/2015\/03\/53871571.jpg\" \/>\n\t<meta property=\"og:image:width\" content=\"599\" \/>\n\t<meta property=\"og:image:height\" content=\"351\" \/>\n\t<meta property=\"og:image:type\" content=\"image\/jpeg\" \/>\n<meta name=\"author\" content=\"Bati-journal\" \/>\n<meta name=\"twitter:card\" content=\"summary_large_image\" \/>\n<meta name=\"twitter:creator\" content=\"@bati_journal\" \/>\n<meta name=\"twitter:site\" content=\"@bati_journal\" \/>\n<meta name=\"twitter:label1\" content=\"\u00c9crit par\" \/>\n\t<meta name=\"twitter:data1\" content=\"Bati-journal\" \/>\n\t<meta name=\"twitter:label2\" content=\"Dur\u00e9e de lecture estim\u00e9e\" \/>\n\t<meta name=\"twitter:data2\" content=\"3 minutes\" \/>\n<script type=\"application\/ld+json\" class=\"yoast-schema-graph\">{\"@context\":\"https:\\\/\\\/schema.org\",\"@graph\":[{\"@type\":\"Article\",\"@id\":\"https:\\\/\\\/batijournal.com\\\/index.php\\\/la-consommation-denergie-sujet-de-preoccupation-important-pour-8-foyers-sur-10\\\/71825\\\/#article\",\"isPartOf\":{\"@id\":\"https:\\\/\\\/batijournal.com\\\/index.php\\\/la-consommation-denergie-sujet-de-preoccupation-important-pour-8-foyers-sur-10\\\/71825\\\/\"},\"author\":{\"name\":\"Bati-journal\",\"@id\":\"https:\\\/\\\/batijournal.com\\\/#\\\/schema\\\/person\\\/6a657e8967569e1b299972574848aa76\"},\"headline\":\"La consommation d&rsquo;\u00e9nergie, sujet de pr\u00e9occupation important pour 8 foyers sur 10\",\"datePublished\":\"2012-11-11T23:00:00+00:00\",\"dateModified\":\"2019-07-15T10:05:22+00:00\",\"mainEntityOfPage\":{\"@id\":\"https:\\\/\\\/batijournal.com\\\/index.php\\\/la-consommation-denergie-sujet-de-preoccupation-important-pour-8-foyers-sur-10\\\/71825\\\/\"},\"wordCount\":578,\"commentCount\":0,\"image\":{\"@id\":\"https:\\\/\\\/batijournal.com\\\/index.php\\\/la-consommation-denergie-sujet-de-preoccupation-important-pour-8-foyers-sur-10\\\/71825\\\/#primaryimage\"},\"thumbnailUrl\":\"https:\\\/\\\/batijournal.com\\\/wp-content\\\/uploads\\\/2015\\\/03\\\/53871571.jpg\",\"keywords\":[\"march\u00e9\"],\"articleSection\":[\"\u00c9conomie &amp; March\u00e9s\"],\"inLanguage\":\"fr-FR\",\"potentialAction\":[{\"@type\":\"CommentAction\",\"name\":\"Comment\",\"target\":[\"https:\\\/\\\/batijournal.com\\\/index.php\\\/la-consommation-denergie-sujet-de-preoccupation-important-pour-8-foyers-sur-10\\\/71825\\\/#respond\"]}]},{\"@type\":\"WebPage\",\"@id\":\"https:\\\/\\\/batijournal.com\\\/index.php\\\/la-consommation-denergie-sujet-de-preoccupation-important-pour-8-foyers-sur-10\\\/71825\\\/\",\"url\":\"https:\\\/\\\/batijournal.com\\\/index.php\\\/la-consommation-denergie-sujet-de-preoccupation-important-pour-8-foyers-sur-10\\\/71825\\\/\",\"name\":\"La consommation d'\u00e9nergie, sujet de pr\u00e9occupation important pour 8 foyers sur 10\",\"isPartOf\":{\"@id\":\"https:\\\/\\\/batijournal.com\\\/#website\"},\"primaryImageOfPage\":{\"@id\":\"https:\\\/\\\/batijournal.com\\\/index.php\\\/la-consommation-denergie-sujet-de-preoccupation-important-pour-8-foyers-sur-10\\\/71825\\\/#primaryimage\"},\"image\":{\"@id\":\"https:\\\/\\\/batijournal.com\\\/index.php\\\/la-consommation-denergie-sujet-de-preoccupation-important-pour-8-foyers-sur-10\\\/71825\\\/#primaryimage\"},\"thumbnailUrl\":\"https:\\\/\\\/batijournal.com\\\/wp-content\\\/uploads\\\/2015\\\/03\\\/53871571.jpg\",\"datePublished\":\"2012-11-11T23:00:00+00:00\",\"dateModified\":\"2019-07-15T10:05:22+00:00\",\"author\":{\"@id\":\"https:\\\/\\\/batijournal.com\\\/#\\\/schema\\\/person\\\/6a657e8967569e1b299972574848aa76\"},\"breadcrumb\":{\"@id\":\"https:\\\/\\\/batijournal.com\\\/index.php\\\/la-consommation-denergie-sujet-de-preoccupation-important-pour-8-foyers-sur-10\\\/71825\\\/#breadcrumb\"},\"inLanguage\":\"fr-FR\",\"potentialAction\":[{\"@type\":\"ReadAction\",\"target\":[\"https:\\\/\\\/batijournal.com\\\/index.php\\\/la-consommation-denergie-sujet-de-preoccupation-important-pour-8-foyers-sur-10\\\/71825\\\/\"]}]},{\"@type\":\"ImageObject\",\"inLanguage\":\"fr-FR\",\"@id\":\"https:\\\/\\\/batijournal.com\\\/index.php\\\/la-consommation-denergie-sujet-de-preoccupation-important-pour-8-foyers-sur-10\\\/71825\\\/#primaryimage\",\"url\":\"https:\\\/\\\/batijournal.com\\\/wp-content\\\/uploads\\\/2015\\\/03\\\/53871571.jpg\",\"contentUrl\":\"https:\\\/\\\/batijournal.com\\\/wp-content\\\/uploads\\\/2015\\\/03\\\/53871571.jpg\",\"width\":599,\"height\":351},{\"@type\":\"BreadcrumbList\",\"@id\":\"https:\\\/\\\/batijournal.com\\\/index.php\\\/la-consommation-denergie-sujet-de-preoccupation-important-pour-8-foyers-sur-10\\\/71825\\\/#breadcrumb\",\"itemListElement\":[{\"@type\":\"ListItem\",\"position\":1,\"name\":\"Accueil\",\"item\":\"https:\\\/\\\/batijournal.com\\\/\"},{\"@type\":\"ListItem\",\"position\":2,\"name\":\"Actualit\u00e9s\",\"item\":\"https:\\\/\\\/batijournal.com\\\/index.php\\\/category\\\/actualites\\\/\"},{\"@type\":\"ListItem\",\"position\":3,\"name\":\"\u00c9conomie &amp; March\u00e9s\",\"item\":\"https:\\\/\\\/batijournal.com\\\/index.php\\\/category\\\/actualites\\\/economie-marches\\\/\"},{\"@type\":\"ListItem\",\"position\":4,\"name\":\"La consommation d&rsquo;\u00e9nergie, sujet de pr\u00e9occupation important pour 8 foyers sur 10\"}]},{\"@type\":\"WebSite\",\"@id\":\"https:\\\/\\\/batijournal.com\\\/#website\",\"url\":\"https:\\\/\\\/batijournal.com\\\/\",\"name\":\"Batijournal\",\"description\":\"L&#039;actualit\u00e9 du b\u00e2timent\",\"potentialAction\":[{\"@type\":\"SearchAction\",\"target\":{\"@type\":\"EntryPoint\",\"urlTemplate\":\"https:\\\/\\\/batijournal.com\\\/?s={search_term_string}\"},\"query-input\":{\"@type\":\"PropertyValueSpecification\",\"valueRequired\":true,\"valueName\":\"search_term_string\"}}],\"inLanguage\":\"fr-FR\"},{\"@type\":\"Person\",\"@id\":\"https:\\\/\\\/batijournal.com\\\/#\\\/schema\\\/person\\\/6a657e8967569e1b299972574848aa76\",\"name\":\"Bati-journal\",\"image\":{\"@type\":\"ImageObject\",\"inLanguage\":\"fr-FR\",\"@id\":\"https:\\\/\\\/secure.gravatar.com\\\/avatar\\\/a64364ea26392f9b4dd47e017ddaec74ff03aefc073b49e492e847201258f777?s=96&d=mm&r=g\",\"url\":\"https:\\\/\\\/secure.gravatar.com\\\/avatar\\\/a64364ea26392f9b4dd47e017ddaec74ff03aefc073b49e492e847201258f777?s=96&d=mm&r=g\",\"contentUrl\":\"https:\\\/\\\/secure.gravatar.com\\\/avatar\\\/a64364ea26392f9b4dd47e017ddaec74ff03aefc073b49e492e847201258f777?s=96&d=mm&r=g\",\"caption\":\"Bati-journal\"},\"url\":\"https:\\\/\\\/batijournal.com\\\/index.php\\\/author\\\/elodie\\\/\"}]}<\/script>\n<!-- \/ Yoast SEO plugin. -->","yoast_head_json":{"title":"La consommation d'\u00e9nergie, sujet de pr\u00e9occupation important pour 8 foyers sur 10","robots":{"index":"index","follow":"follow","max-snippet":"max-snippet:-1","max-image-preview":"max-image-preview:large","max-video-preview":"max-video-preview:-1"},"canonical":"https:\/\/batijournal.com\/index.php\/la-consommation-denergie-sujet-de-preoccupation-important-pour-8-foyers-sur-10\/71825\/","og_locale":"fr_FR","og_type":"article","og_title":"La consommation d'\u00e9nergie, sujet de pr\u00e9occupation important pour 8 foyers sur 10","og_description":"Le m\u00e9diateur national de l&rsquo;\u00e9nergie et la Commission de r\u00e9gulation de l&rsquo;\u00e9nergie ont publi\u00e9 la 6\u00e8me \u00e9dition du barom\u00e8tre annuel sur l&rsquo;ouverture des march\u00e9s. L&rsquo;int\u00e9r\u00eat des Fran\u00e7ais pour les questions relatives \u00e0 la consommation d&rsquo;\u00e9nergie se confirme. Ainsi, alors que les effets de la crise \u00e9conomique et sociale se font de plus en plus ressentir, [&hellip;]","og_url":"https:\/\/batijournal.com\/index.php\/la-consommation-denergie-sujet-de-preoccupation-important-pour-8-foyers-sur-10\/71825\/","og_site_name":"Batijournal","article_published_time":"2012-11-11T23:00:00+00:00","article_modified_time":"2019-07-15T10:05:22+00:00","og_image":[{"width":599,"height":351,"url":"https:\/\/batijournal.com\/wp-content\/uploads\/2015\/03\/53871571.jpg","type":"image\/jpeg"}],"author":"Bati-journal","twitter_card":"summary_large_image","twitter_creator":"@bati_journal","twitter_site":"@bati_journal","twitter_misc":{"\u00c9crit par":"Bati-journal","Dur\u00e9e de lecture estim\u00e9e":"3 minutes"},"schema":{"@context":"https:\/\/schema.org","@graph":[{"@type":"Article","@id":"https:\/\/batijournal.com\/index.php\/la-consommation-denergie-sujet-de-preoccupation-important-pour-8-foyers-sur-10\/71825\/#article","isPartOf":{"@id":"https:\/\/batijournal.com\/index.php\/la-consommation-denergie-sujet-de-preoccupation-important-pour-8-foyers-sur-10\/71825\/"},"author":{"name":"Bati-journal","@id":"https:\/\/batijournal.com\/#\/schema\/person\/6a657e8967569e1b299972574848aa76"},"headline":"La consommation d&rsquo;\u00e9nergie, sujet de pr\u00e9occupation important pour 8 foyers sur 10","datePublished":"2012-11-11T23:00:00+00:00","dateModified":"2019-07-15T10:05:22+00:00","mainEntityOfPage":{"@id":"https:\/\/batijournal.com\/index.php\/la-consommation-denergie-sujet-de-preoccupation-important-pour-8-foyers-sur-10\/71825\/"},"wordCount":578,"commentCount":0,"image":{"@id":"https:\/\/batijournal.com\/index.php\/la-consommation-denergie-sujet-de-preoccupation-important-pour-8-foyers-sur-10\/71825\/#primaryimage"},"thumbnailUrl":"https:\/\/batijournal.com\/wp-content\/uploads\/2015\/03\/53871571.jpg","keywords":["march\u00e9"],"articleSection":["\u00c9conomie &amp; March\u00e9s"],"inLanguage":"fr-FR","potentialAction":[{"@type":"CommentAction","name":"Comment","target":["https:\/\/batijournal.com\/index.php\/la-consommation-denergie-sujet-de-preoccupation-important-pour-8-foyers-sur-10\/71825\/#respond"]}]},{"@type":"WebPage","@id":"https:\/\/batijournal.com\/index.php\/la-consommation-denergie-sujet-de-preoccupation-important-pour-8-foyers-sur-10\/71825\/","url":"https:\/\/batijournal.com\/index.php\/la-consommation-denergie-sujet-de-preoccupation-important-pour-8-foyers-sur-10\/71825\/","name":"La consommation d'\u00e9nergie, sujet de pr\u00e9occupation important pour 8 foyers sur 10","isPartOf":{"@id":"https:\/\/batijournal.com\/#website"},"primaryImageOfPage":{"@id":"https:\/\/batijournal.com\/index.php\/la-consommation-denergie-sujet-de-preoccupation-important-pour-8-foyers-sur-10\/71825\/#primaryimage"},"image":{"@id":"https:\/\/batijournal.com\/index.php\/la-consommation-denergie-sujet-de-preoccupation-important-pour-8-foyers-sur-10\/71825\/#primaryimage"},"thumbnailUrl":"https:\/\/batijournal.com\/wp-content\/uploads\/2015\/03\/53871571.jpg","datePublished":"2012-11-11T23:00:00+00:00","dateModified":"2019-07-15T10:05:22+00:00","author":{"@id":"https:\/\/batijournal.com\/#\/schema\/person\/6a657e8967569e1b299972574848aa76"},"breadcrumb":{"@id":"https:\/\/batijournal.com\/index.php\/la-consommation-denergie-sujet-de-preoccupation-important-pour-8-foyers-sur-10\/71825\/#breadcrumb"},"inLanguage":"fr-FR","potentialAction":[{"@type":"ReadAction","target":["https:\/\/batijournal.com\/index.php\/la-consommation-denergie-sujet-de-preoccupation-important-pour-8-foyers-sur-10\/71825\/"]}]},{"@type":"ImageObject","inLanguage":"fr-FR","@id":"https:\/\/batijournal.com\/index.php\/la-consommation-denergie-sujet-de-preoccupation-important-pour-8-foyers-sur-10\/71825\/#primaryimage","url":"https:\/\/batijournal.com\/wp-content\/uploads\/2015\/03\/53871571.jpg","contentUrl":"https:\/\/batijournal.com\/wp-content\/uploads\/2015\/03\/53871571.jpg","width":599,"height":351},{"@type":"BreadcrumbList","@id":"https:\/\/batijournal.com\/index.php\/la-consommation-denergie-sujet-de-preoccupation-important-pour-8-foyers-sur-10\/71825\/#breadcrumb","itemListElement":[{"@type":"ListItem","position":1,"name":"Accueil","item":"https:\/\/batijournal.com\/"},{"@type":"ListItem","position":2,"name":"Actualit\u00e9s","item":"https:\/\/batijournal.com\/index.php\/category\/actualites\/"},{"@type":"ListItem","position":3,"name":"\u00c9conomie &amp; March\u00e9s","item":"https:\/\/batijournal.com\/index.php\/category\/actualites\/economie-marches\/"},{"@type":"ListItem","position":4,"name":"La consommation d&rsquo;\u00e9nergie, sujet de pr\u00e9occupation important pour 8 foyers sur 10"}]},{"@type":"WebSite","@id":"https:\/\/batijournal.com\/#website","url":"https:\/\/batijournal.com\/","name":"Batijournal","description":"L&#039;actualit\u00e9 du b\u00e2timent","potentialAction":[{"@type":"SearchAction","target":{"@type":"EntryPoint","urlTemplate":"https:\/\/batijournal.com\/?s={search_term_string}"},"query-input":{"@type":"PropertyValueSpecification","valueRequired":true,"valueName":"search_term_string"}}],"inLanguage":"fr-FR"},{"@type":"Person","@id":"https:\/\/batijournal.com\/#\/schema\/person\/6a657e8967569e1b299972574848aa76","name":"Bati-journal","image":{"@type":"ImageObject","inLanguage":"fr-FR","@id":"https:\/\/secure.gravatar.com\/avatar\/a64364ea26392f9b4dd47e017ddaec74ff03aefc073b49e492e847201258f777?s=96&d=mm&r=g","url":"https:\/\/secure.gravatar.com\/avatar\/a64364ea26392f9b4dd47e017ddaec74ff03aefc073b49e492e847201258f777?s=96&d=mm&r=g","contentUrl":"https:\/\/secure.gravatar.com\/avatar\/a64364ea26392f9b4dd47e017ddaec74ff03aefc073b49e492e847201258f777?s=96&d=mm&r=g","caption":"Bati-journal"},"url":"https:\/\/batijournal.com\/index.php\/author\/elodie\/"}]}},"_links":{"self":[{"href":"https:\/\/batijournal.com\/index.php\/wp-json\/wp\/v2\/posts\/71825","targetHints":{"allow":["GET"]}}],"collection":[{"href":"https:\/\/batijournal.com\/index.php\/wp-json\/wp\/v2\/posts"}],"about":[{"href":"https:\/\/batijournal.com\/index.php\/wp-json\/wp\/v2\/types\/post"}],"author":[{"embeddable":true,"href":"https:\/\/batijournal.com\/index.php\/wp-json\/wp\/v2\/users\/1"}],"replies":[{"embeddable":true,"href":"https:\/\/batijournal.com\/index.php\/wp-json\/wp\/v2\/comments?post=71825"}],"version-history":[{"count":0,"href":"https:\/\/batijournal.com\/index.php\/wp-json\/wp\/v2\/posts\/71825\/revisions"}],"wp:featuredmedia":[{"embeddable":true,"href":"https:\/\/batijournal.com\/index.php\/wp-json\/wp\/v2\/media\/71826"}],"wp:attachment":[{"href":"https:\/\/batijournal.com\/index.php\/wp-json\/wp\/v2\/media?parent=71825"}],"wp:term":[{"taxonomy":"category","embeddable":true,"href":"https:\/\/batijournal.com\/index.php\/wp-json\/wp\/v2\/categories?post=71825"},{"taxonomy":"post_tag","embeddable":true,"href":"https:\/\/batijournal.com\/index.php\/wp-json\/wp\/v2\/tags?post=71825"}],"curies":[{"name":"wp","href":"https:\/\/api.w.org\/{rel}","templated":true}]}}