{"id":71828,"date":"2012-11-12T00:00:00","date_gmt":"2012-11-11T23:00:00","guid":{"rendered":"http:\/\/b.bati-journal.com\/capeb-et-ffb-vent-debout-contre-le-taux-de-tva-a-10\/71828"},"modified":"2019-07-15T12:05:22","modified_gmt":"2019-07-15T10:05:22","slug":"capeb-et-ffb-vent-debout-contre-le-taux-de-tva-a-10","status":"publish","type":"post","link":"https:\/\/batijournal.com\/index.php\/capeb-et-ffb-vent-debout-contre-le-taux-de-tva-a-10\/71828\/","title":{"rendered":"CAPEB et FFB vent debout contre le taux de TVA \u00e0 10 %"},"content":{"rendered":"<p>La CAPEB et la FFB r\u00e9agissent vigoureusement \u00e0 l&rsquo;annonce d&rsquo;augmentation du taux de TVA interm\u00e9diaire. Selon elles, le passage de 7% \u00e0 10% au 1er janvier 2014 aura des effets catastrophiques sur l&rsquo;activit\u00e9 et sur l&#8217;emploi, provoquant in\u00e9vitablement un retour massif du travail dissimul\u00e9. Cette mesure, qui n&rsquo;a fait l&rsquo;objet d&rsquo;aucune concertation, entra\u00eenera la perte de 16 \u00e0 20 000 emplois. Elle marquera la fin des engagements en faveur de la r\u00e9novation \u00e9nerg\u00e9tique de 500 000 logements par an et affectera in\u00e9vitablement l&rsquo;activit\u00e9 des organismes HLM. La CAPEB rappelle que la TVA \u00e0 5,5% a \u00e9t\u00e9 appliqu\u00e9e dans le b\u00e2timent de 1999 \u00e0 2011 et a permis de cr\u00e9er 53 000 emplois dans la fili\u00e8re en a soutenant l&rsquo;activit\u00e9 dans le secteur durant la d\u00e9cennie. \u00a0\u00bb 52 % des 380 000 entreprises artisanales du b\u00e2timent travaillent sans salari\u00e9 \u00a0\u00bb rappelle Patrick Li\u00e9bus, Pr\u00e9sident de la CAPEB et il attire l&rsquo;attention du Gouvernement sur le fait qu&rsquo;elles subiront de plein fouet la baisse d&rsquo;activit\u00e9 sans pouvoir b\u00e9n\u00e9ficier de baisse de charges annonc\u00e9es en compensation. La FFB, quant \u00e0 elle, r\u00e9clame que le futur taux r\u00e9duit de 5 % s&rsquo;applique aux travaux sur le logement.<\/p>\n","protected":false},"excerpt":{"rendered":"<p>La CAPEB et la FFB r\u00e9agissent vigoureusement \u00e0 l&rsquo;annonce d&rsquo;augmentation du taux de TVA interm\u00e9diaire. Selon elles, le passage de 7% \u00e0 10% au 1er janvier 2014 aura des effets catastrophiques sur l&rsquo;activit\u00e9 et sur l&#8217;emploi, provoquant in\u00e9vitablement un retour massif du travail dissimul\u00e9. Cette mesure, qui n&rsquo;a fait l&rsquo;objet d&rsquo;aucune concertation, entra\u00eenera la perte [&hellip;]<\/p>\n","protected":false},"author":1,"featured_media":71829,"comment_status":"open","ping_status":"closed","sticky":false,"template":"","format":"standard","meta":{"_et_pb_use_builder":"","_et_pb_old_content":"","_et_gb_content_width":"","footnotes":""},"categories":[6345],"tags":[647,373,1693],"class_list":["post-71828","post","type-post","status-publish","format-standard","has-post-thumbnail","hentry","category-economie-marches","tag-capeb","tag-ffb","tag-tva"],"yoast_head":"<!-- This site is optimized with the Yoast SEO plugin v27.4 - https:\/\/yoast.com\/product\/yoast-seo-wordpress\/ -->\n<title>CAPEB et FFB vent debout contre le taux de TVA \u00e0 10 %<\/title>\n<meta name=\"robots\" content=\"index, follow, max-snippet:-1, max-image-preview:large, max-video-preview:-1\" \/>\n<link rel=\"canonical\" href=\"https:\/\/batijournal.com\/index.php\/capeb-et-ffb-vent-debout-contre-le-taux-de-tva-a-10\/71828\/\" \/>\n<meta property=\"og:locale\" content=\"fr_FR\" \/>\n<meta property=\"og:type\" content=\"article\" \/>\n<meta property=\"og:title\" content=\"CAPEB et FFB vent debout contre le taux de TVA \u00e0 10 %\" \/>\n<meta property=\"og:description\" content=\"La CAPEB et la FFB r\u00e9agissent vigoureusement \u00e0 l&rsquo;annonce d&rsquo;augmentation du taux de TVA interm\u00e9diaire. Selon elles, le passage de 7% \u00e0 10% au 1er janvier 2014 aura des effets catastrophiques sur l&rsquo;activit\u00e9 et sur l&#8217;emploi, provoquant in\u00e9vitablement un retour massif du travail dissimul\u00e9. Cette mesure, qui n&rsquo;a fait l&rsquo;objet d&rsquo;aucune concertation, entra\u00eenera la perte [&hellip;]\" \/>\n<meta property=\"og:url\" content=\"https:\/\/batijournal.com\/index.php\/capeb-et-ffb-vent-debout-contre-le-taux-de-tva-a-10\/71828\/\" \/>\n<meta property=\"og:site_name\" content=\"Batijournal\" \/>\n<meta property=\"article:published_time\" content=\"2012-11-11T23:00:00+00:00\" \/>\n<meta property=\"article:modified_time\" content=\"2019-07-15T10:05:22+00:00\" \/>\n<meta property=\"og:image\" content=\"https:\/\/batijournal.com\/wp-content\/uploads\/2015\/03\/53898009.jpg\" \/>\n\t<meta property=\"og:image:width\" content=\"600\" \/>\n\t<meta property=\"og:image:height\" content=\"465\" \/>\n\t<meta property=\"og:image:type\" content=\"image\/jpeg\" \/>\n<meta name=\"author\" content=\"Bati-journal\" \/>\n<meta name=\"twitter:card\" content=\"summary_large_image\" \/>\n<meta name=\"twitter:creator\" content=\"@bati_journal\" \/>\n<meta name=\"twitter:site\" content=\"@bati_journal\" \/>\n<meta name=\"twitter:label1\" content=\"\u00c9crit par\" \/>\n\t<meta name=\"twitter:data1\" content=\"Bati-journal\" \/>\n\t<meta name=\"twitter:label2\" content=\"Dur\u00e9e de lecture estim\u00e9e\" \/>\n\t<meta name=\"twitter:data2\" content=\"1 minute\" \/>\n<script type=\"application\/ld+json\" class=\"yoast-schema-graph\">{\"@context\":\"https:\\\/\\\/schema.org\",\"@graph\":[{\"@type\":\"Article\",\"@id\":\"https:\\\/\\\/batijournal.com\\\/index.php\\\/capeb-et-ffb-vent-debout-contre-le-taux-de-tva-a-10\\\/71828\\\/#article\",\"isPartOf\":{\"@id\":\"https:\\\/\\\/batijournal.com\\\/index.php\\\/capeb-et-ffb-vent-debout-contre-le-taux-de-tva-a-10\\\/71828\\\/\"},\"author\":{\"name\":\"Bati-journal\",\"@id\":\"https:\\\/\\\/batijournal.com\\\/#\\\/schema\\\/person\\\/6a657e8967569e1b299972574848aa76\"},\"headline\":\"CAPEB et FFB vent debout contre le taux de TVA \u00e0 10 %\",\"datePublished\":\"2012-11-11T23:00:00+00:00\",\"dateModified\":\"2019-07-15T10:05:22+00:00\",\"mainEntityOfPage\":{\"@id\":\"https:\\\/\\\/batijournal.com\\\/index.php\\\/capeb-et-ffb-vent-debout-contre-le-taux-de-tva-a-10\\\/71828\\\/\"},\"wordCount\":209,\"commentCount\":0,\"image\":{\"@id\":\"https:\\\/\\\/batijournal.com\\\/index.php\\\/capeb-et-ffb-vent-debout-contre-le-taux-de-tva-a-10\\\/71828\\\/#primaryimage\"},\"thumbnailUrl\":\"https:\\\/\\\/batijournal.com\\\/wp-content\\\/uploads\\\/2015\\\/03\\\/53898009.jpg\",\"keywords\":[\"CAPEB\",\"ffb\",\"tva\"],\"articleSection\":[\"\u00c9conomie &amp; March\u00e9s\"],\"inLanguage\":\"fr-FR\",\"potentialAction\":[{\"@type\":\"CommentAction\",\"name\":\"Comment\",\"target\":[\"https:\\\/\\\/batijournal.com\\\/index.php\\\/capeb-et-ffb-vent-debout-contre-le-taux-de-tva-a-10\\\/71828\\\/#respond\"]}]},{\"@type\":\"WebPage\",\"@id\":\"https:\\\/\\\/batijournal.com\\\/index.php\\\/capeb-et-ffb-vent-debout-contre-le-taux-de-tva-a-10\\\/71828\\\/\",\"url\":\"https:\\\/\\\/batijournal.com\\\/index.php\\\/capeb-et-ffb-vent-debout-contre-le-taux-de-tva-a-10\\\/71828\\\/\",\"name\":\"CAPEB et FFB vent debout contre le taux de TVA \u00e0 10 %\",\"isPartOf\":{\"@id\":\"https:\\\/\\\/batijournal.com\\\/#website\"},\"primaryImageOfPage\":{\"@id\":\"https:\\\/\\\/batijournal.com\\\/index.php\\\/capeb-et-ffb-vent-debout-contre-le-taux-de-tva-a-10\\\/71828\\\/#primaryimage\"},\"image\":{\"@id\":\"https:\\\/\\\/batijournal.com\\\/index.php\\\/capeb-et-ffb-vent-debout-contre-le-taux-de-tva-a-10\\\/71828\\\/#primaryimage\"},\"thumbnailUrl\":\"https:\\\/\\\/batijournal.com\\\/wp-content\\\/uploads\\\/2015\\\/03\\\/53898009.jpg\",\"datePublished\":\"2012-11-11T23:00:00+00:00\",\"dateModified\":\"2019-07-15T10:05:22+00:00\",\"author\":{\"@id\":\"https:\\\/\\\/batijournal.com\\\/#\\\/schema\\\/person\\\/6a657e8967569e1b299972574848aa76\"},\"breadcrumb\":{\"@id\":\"https:\\\/\\\/batijournal.com\\\/index.php\\\/capeb-et-ffb-vent-debout-contre-le-taux-de-tva-a-10\\\/71828\\\/#breadcrumb\"},\"inLanguage\":\"fr-FR\",\"potentialAction\":[{\"@type\":\"ReadAction\",\"target\":[\"https:\\\/\\\/batijournal.com\\\/index.php\\\/capeb-et-ffb-vent-debout-contre-le-taux-de-tva-a-10\\\/71828\\\/\"]}]},{\"@type\":\"ImageObject\",\"inLanguage\":\"fr-FR\",\"@id\":\"https:\\\/\\\/batijournal.com\\\/index.php\\\/capeb-et-ffb-vent-debout-contre-le-taux-de-tva-a-10\\\/71828\\\/#primaryimage\",\"url\":\"https:\\\/\\\/batijournal.com\\\/wp-content\\\/uploads\\\/2015\\\/03\\\/53898009.jpg\",\"contentUrl\":\"https:\\\/\\\/batijournal.com\\\/wp-content\\\/uploads\\\/2015\\\/03\\\/53898009.jpg\",\"width\":600,\"height\":465},{\"@type\":\"BreadcrumbList\",\"@id\":\"https:\\\/\\\/batijournal.com\\\/index.php\\\/capeb-et-ffb-vent-debout-contre-le-taux-de-tva-a-10\\\/71828\\\/#breadcrumb\",\"itemListElement\":[{\"@type\":\"ListItem\",\"position\":1,\"name\":\"Accueil\",\"item\":\"https:\\\/\\\/batijournal.com\\\/\"},{\"@type\":\"ListItem\",\"position\":2,\"name\":\"Actualit\u00e9s\",\"item\":\"https:\\\/\\\/batijournal.com\\\/index.php\\\/category\\\/actualites\\\/\"},{\"@type\":\"ListItem\",\"position\":3,\"name\":\"\u00c9conomie &amp; March\u00e9s\",\"item\":\"https:\\\/\\\/batijournal.com\\\/index.php\\\/category\\\/actualites\\\/economie-marches\\\/\"},{\"@type\":\"ListItem\",\"position\":4,\"name\":\"CAPEB et FFB vent debout contre le taux de TVA \u00e0 10 %\"}]},{\"@type\":\"WebSite\",\"@id\":\"https:\\\/\\\/batijournal.com\\\/#website\",\"url\":\"https:\\\/\\\/batijournal.com\\\/\",\"name\":\"Batijournal\",\"description\":\"L&#039;actualit\u00e9 du b\u00e2timent\",\"potentialAction\":[{\"@type\":\"SearchAction\",\"target\":{\"@type\":\"EntryPoint\",\"urlTemplate\":\"https:\\\/\\\/batijournal.com\\\/?s={search_term_string}\"},\"query-input\":{\"@type\":\"PropertyValueSpecification\",\"valueRequired\":true,\"valueName\":\"search_term_string\"}}],\"inLanguage\":\"fr-FR\"},{\"@type\":\"Person\",\"@id\":\"https:\\\/\\\/batijournal.com\\\/#\\\/schema\\\/person\\\/6a657e8967569e1b299972574848aa76\",\"name\":\"Bati-journal\",\"image\":{\"@type\":\"ImageObject\",\"inLanguage\":\"fr-FR\",\"@id\":\"https:\\\/\\\/secure.gravatar.com\\\/avatar\\\/a64364ea26392f9b4dd47e017ddaec74ff03aefc073b49e492e847201258f777?s=96&d=mm&r=g\",\"url\":\"https:\\\/\\\/secure.gravatar.com\\\/avatar\\\/a64364ea26392f9b4dd47e017ddaec74ff03aefc073b49e492e847201258f777?s=96&d=mm&r=g\",\"contentUrl\":\"https:\\\/\\\/secure.gravatar.com\\\/avatar\\\/a64364ea26392f9b4dd47e017ddaec74ff03aefc073b49e492e847201258f777?s=96&d=mm&r=g\",\"caption\":\"Bati-journal\"},\"url\":\"https:\\\/\\\/batijournal.com\\\/index.php\\\/author\\\/elodie\\\/\"}]}<\/script>\n<!-- \/ Yoast SEO plugin. -->","yoast_head_json":{"title":"CAPEB et FFB vent debout contre le taux de TVA \u00e0 10 %","robots":{"index":"index","follow":"follow","max-snippet":"max-snippet:-1","max-image-preview":"max-image-preview:large","max-video-preview":"max-video-preview:-1"},"canonical":"https:\/\/batijournal.com\/index.php\/capeb-et-ffb-vent-debout-contre-le-taux-de-tva-a-10\/71828\/","og_locale":"fr_FR","og_type":"article","og_title":"CAPEB et FFB vent debout contre le taux de TVA \u00e0 10 %","og_description":"La CAPEB et la FFB r\u00e9agissent vigoureusement \u00e0 l&rsquo;annonce d&rsquo;augmentation du taux de TVA interm\u00e9diaire. Selon elles, le passage de 7% \u00e0 10% au 1er janvier 2014 aura des effets catastrophiques sur l&rsquo;activit\u00e9 et sur l&#8217;emploi, provoquant in\u00e9vitablement un retour massif du travail dissimul\u00e9. Cette mesure, qui n&rsquo;a fait l&rsquo;objet d&rsquo;aucune concertation, entra\u00eenera la perte [&hellip;]","og_url":"https:\/\/batijournal.com\/index.php\/capeb-et-ffb-vent-debout-contre-le-taux-de-tva-a-10\/71828\/","og_site_name":"Batijournal","article_published_time":"2012-11-11T23:00:00+00:00","article_modified_time":"2019-07-15T10:05:22+00:00","og_image":[{"width":600,"height":465,"url":"https:\/\/batijournal.com\/wp-content\/uploads\/2015\/03\/53898009.jpg","type":"image\/jpeg"}],"author":"Bati-journal","twitter_card":"summary_large_image","twitter_creator":"@bati_journal","twitter_site":"@bati_journal","twitter_misc":{"\u00c9crit par":"Bati-journal","Dur\u00e9e de lecture estim\u00e9e":"1 minute"},"schema":{"@context":"https:\/\/schema.org","@graph":[{"@type":"Article","@id":"https:\/\/batijournal.com\/index.php\/capeb-et-ffb-vent-debout-contre-le-taux-de-tva-a-10\/71828\/#article","isPartOf":{"@id":"https:\/\/batijournal.com\/index.php\/capeb-et-ffb-vent-debout-contre-le-taux-de-tva-a-10\/71828\/"},"author":{"name":"Bati-journal","@id":"https:\/\/batijournal.com\/#\/schema\/person\/6a657e8967569e1b299972574848aa76"},"headline":"CAPEB et FFB vent debout contre le taux de TVA \u00e0 10 %","datePublished":"2012-11-11T23:00:00+00:00","dateModified":"2019-07-15T10:05:22+00:00","mainEntityOfPage":{"@id":"https:\/\/batijournal.com\/index.php\/capeb-et-ffb-vent-debout-contre-le-taux-de-tva-a-10\/71828\/"},"wordCount":209,"commentCount":0,"image":{"@id":"https:\/\/batijournal.com\/index.php\/capeb-et-ffb-vent-debout-contre-le-taux-de-tva-a-10\/71828\/#primaryimage"},"thumbnailUrl":"https:\/\/batijournal.com\/wp-content\/uploads\/2015\/03\/53898009.jpg","keywords":["CAPEB","ffb","tva"],"articleSection":["\u00c9conomie &amp; March\u00e9s"],"inLanguage":"fr-FR","potentialAction":[{"@type":"CommentAction","name":"Comment","target":["https:\/\/batijournal.com\/index.php\/capeb-et-ffb-vent-debout-contre-le-taux-de-tva-a-10\/71828\/#respond"]}]},{"@type":"WebPage","@id":"https:\/\/batijournal.com\/index.php\/capeb-et-ffb-vent-debout-contre-le-taux-de-tva-a-10\/71828\/","url":"https:\/\/batijournal.com\/index.php\/capeb-et-ffb-vent-debout-contre-le-taux-de-tva-a-10\/71828\/","name":"CAPEB et FFB vent debout contre le taux de TVA \u00e0 10 %","isPartOf":{"@id":"https:\/\/batijournal.com\/#website"},"primaryImageOfPage":{"@id":"https:\/\/batijournal.com\/index.php\/capeb-et-ffb-vent-debout-contre-le-taux-de-tva-a-10\/71828\/#primaryimage"},"image":{"@id":"https:\/\/batijournal.com\/index.php\/capeb-et-ffb-vent-debout-contre-le-taux-de-tva-a-10\/71828\/#primaryimage"},"thumbnailUrl":"https:\/\/batijournal.com\/wp-content\/uploads\/2015\/03\/53898009.jpg","datePublished":"2012-11-11T23:00:00+00:00","dateModified":"2019-07-15T10:05:22+00:00","author":{"@id":"https:\/\/batijournal.com\/#\/schema\/person\/6a657e8967569e1b299972574848aa76"},"breadcrumb":{"@id":"https:\/\/batijournal.com\/index.php\/capeb-et-ffb-vent-debout-contre-le-taux-de-tva-a-10\/71828\/#breadcrumb"},"inLanguage":"fr-FR","potentialAction":[{"@type":"ReadAction","target":["https:\/\/batijournal.com\/index.php\/capeb-et-ffb-vent-debout-contre-le-taux-de-tva-a-10\/71828\/"]}]},{"@type":"ImageObject","inLanguage":"fr-FR","@id":"https:\/\/batijournal.com\/index.php\/capeb-et-ffb-vent-debout-contre-le-taux-de-tva-a-10\/71828\/#primaryimage","url":"https:\/\/batijournal.com\/wp-content\/uploads\/2015\/03\/53898009.jpg","contentUrl":"https:\/\/batijournal.com\/wp-content\/uploads\/2015\/03\/53898009.jpg","width":600,"height":465},{"@type":"BreadcrumbList","@id":"https:\/\/batijournal.com\/index.php\/capeb-et-ffb-vent-debout-contre-le-taux-de-tva-a-10\/71828\/#breadcrumb","itemListElement":[{"@type":"ListItem","position":1,"name":"Accueil","item":"https:\/\/batijournal.com\/"},{"@type":"ListItem","position":2,"name":"Actualit\u00e9s","item":"https:\/\/batijournal.com\/index.php\/category\/actualites\/"},{"@type":"ListItem","position":3,"name":"\u00c9conomie &amp; March\u00e9s","item":"https:\/\/batijournal.com\/index.php\/category\/actualites\/economie-marches\/"},{"@type":"ListItem","position":4,"name":"CAPEB et FFB vent debout contre le taux de TVA \u00e0 10 %"}]},{"@type":"WebSite","@id":"https:\/\/batijournal.com\/#website","url":"https:\/\/batijournal.com\/","name":"Batijournal","description":"L&#039;actualit\u00e9 du b\u00e2timent","potentialAction":[{"@type":"SearchAction","target":{"@type":"EntryPoint","urlTemplate":"https:\/\/batijournal.com\/?s={search_term_string}"},"query-input":{"@type":"PropertyValueSpecification","valueRequired":true,"valueName":"search_term_string"}}],"inLanguage":"fr-FR"},{"@type":"Person","@id":"https:\/\/batijournal.com\/#\/schema\/person\/6a657e8967569e1b299972574848aa76","name":"Bati-journal","image":{"@type":"ImageObject","inLanguage":"fr-FR","@id":"https:\/\/secure.gravatar.com\/avatar\/a64364ea26392f9b4dd47e017ddaec74ff03aefc073b49e492e847201258f777?s=96&d=mm&r=g","url":"https:\/\/secure.gravatar.com\/avatar\/a64364ea26392f9b4dd47e017ddaec74ff03aefc073b49e492e847201258f777?s=96&d=mm&r=g","contentUrl":"https:\/\/secure.gravatar.com\/avatar\/a64364ea26392f9b4dd47e017ddaec74ff03aefc073b49e492e847201258f777?s=96&d=mm&r=g","caption":"Bati-journal"},"url":"https:\/\/batijournal.com\/index.php\/author\/elodie\/"}]}},"_links":{"self":[{"href":"https:\/\/batijournal.com\/index.php\/wp-json\/wp\/v2\/posts\/71828","targetHints":{"allow":["GET"]}}],"collection":[{"href":"https:\/\/batijournal.com\/index.php\/wp-json\/wp\/v2\/posts"}],"about":[{"href":"https:\/\/batijournal.com\/index.php\/wp-json\/wp\/v2\/types\/post"}],"author":[{"embeddable":true,"href":"https:\/\/batijournal.com\/index.php\/wp-json\/wp\/v2\/users\/1"}],"replies":[{"embeddable":true,"href":"https:\/\/batijournal.com\/index.php\/wp-json\/wp\/v2\/comments?post=71828"}],"version-history":[{"count":0,"href":"https:\/\/batijournal.com\/index.php\/wp-json\/wp\/v2\/posts\/71828\/revisions"}],"wp:featuredmedia":[{"embeddable":true,"href":"https:\/\/batijournal.com\/index.php\/wp-json\/wp\/v2\/media\/71829"}],"wp:attachment":[{"href":"https:\/\/batijournal.com\/index.php\/wp-json\/wp\/v2\/media?parent=71828"}],"wp:term":[{"taxonomy":"category","embeddable":true,"href":"https:\/\/batijournal.com\/index.php\/wp-json\/wp\/v2\/categories?post=71828"},{"taxonomy":"post_tag","embeddable":true,"href":"https:\/\/batijournal.com\/index.php\/wp-json\/wp\/v2\/tags?post=71828"}],"curies":[{"name":"wp","href":"https:\/\/api.w.org\/{rel}","templated":true}]}}