{"id":71837,"date":"2012-12-20T00:00:00","date_gmt":"2012-12-19T23:00:00","guid":{"rendered":"http:\/\/b.bati-journal.com\/tva-a-7-un-an-de-plus-pour-la-construction-et-la-renovation-des-logements-du-parc-social\/71837"},"modified":"2019-07-15T12:05:21","modified_gmt":"2019-07-15T10:05:21","slug":"tva-a-7-un-an-de-plus-pour-la-construction-et-la-renovation-des-logements-du-parc-social","status":"publish","type":"post","link":"https:\/\/batijournal.com\/index.php\/tva-a-7-un-an-de-plus-pour-la-construction-et-la-renovation-des-logements-du-parc-social\/71837\/","title":{"rendered":"TVA \u00e0 7% : un an de plus pour la construction et la r\u00e9novation des logements du parc social"},"content":{"rendered":"<p>L&rsquo;Assembl\u00e9e nationale a d\u00e9finitivement adopt\u00e9 les dispositions du projet de loi de finances rectificative pour 2012 (PLFR). Le budget rectificatif 2012 instaure le cr\u00e9dit d&rsquo;imp\u00f4t comp\u00e9titivit\u00e9 mesure issue du rapport Gallois. Il r\u00e9forme les taux de TVA \u00e0 partir du 1er janvier 2014. Le taux r\u00e9duit est ramen\u00e9 de 5,5 % \u00e0 5 %, le taux interm\u00e9diaire est augment\u00e9 de 7 % \u00e0 10 % et taux normal port\u00e9 de 19,6 % \u00e0 20 %. Lors de cette derni\u00e8re lecture, le maintien, pour une ann\u00e9e suppl\u00e9mentaire, du taux de TVA de 7% applicable aux op\u00e9rations de construction et r\u00e9novation des logements du parc social a \u00e9t\u00e9 adopt\u00e9. Le nouveau taux de 10% s&rsquo;appliquera donc \u00e0 compter du 1er janvier 2015 pour ces travaux.<\/p>\n","protected":false},"excerpt":{"rendered":"<p>L&rsquo;Assembl\u00e9e nationale a d\u00e9finitivement adopt\u00e9 les dispositions du projet de loi de finances rectificative pour 2012 (PLFR). Le budget rectificatif 2012 instaure le cr\u00e9dit d&rsquo;imp\u00f4t comp\u00e9titivit\u00e9 mesure issue du rapport Gallois. Il r\u00e9forme les taux de TVA \u00e0 partir du 1er janvier 2014. Le taux r\u00e9duit est ramen\u00e9 de 5,5 % \u00e0 5 %, le [&hellip;]<\/p>\n","protected":false},"author":1,"featured_media":71838,"comment_status":"open","ping_status":"closed","sticky":false,"template":"","format":"standard","meta":{"_et_pb_use_builder":"","_et_pb_old_content":"","_et_gb_content_width":"","footnotes":""},"categories":[6345],"tags":[53,6015,1693],"class_list":["post-71837","post","type-post","status-publish","format-standard","has-post-thumbnail","hentry","category-economie-marches","tag-construction","tag-renovation","tag-tva"],"yoast_head":"<!-- This site is optimized with the Yoast SEO plugin v27.4 - https:\/\/yoast.com\/product\/yoast-seo-wordpress\/ -->\n<title>TVA \u00e0 7% : un an de plus pour la construction et la r\u00e9novation des logements du parc social<\/title>\n<meta name=\"robots\" content=\"index, follow, max-snippet:-1, max-image-preview:large, max-video-preview:-1\" \/>\n<link rel=\"canonical\" href=\"https:\/\/batijournal.com\/index.php\/tva-a-7-un-an-de-plus-pour-la-construction-et-la-renovation-des-logements-du-parc-social\/71837\/\" \/>\n<meta property=\"og:locale\" content=\"fr_FR\" \/>\n<meta property=\"og:type\" content=\"article\" \/>\n<meta property=\"og:title\" content=\"TVA \u00e0 7% : un an de plus pour la construction et la r\u00e9novation des logements du parc social\" \/>\n<meta property=\"og:description\" content=\"L&rsquo;Assembl\u00e9e nationale a d\u00e9finitivement adopt\u00e9 les dispositions du projet de loi de finances rectificative pour 2012 (PLFR). Le budget rectificatif 2012 instaure le cr\u00e9dit d&rsquo;imp\u00f4t comp\u00e9titivit\u00e9 mesure issue du rapport Gallois. Il r\u00e9forme les taux de TVA \u00e0 partir du 1er janvier 2014. Le taux r\u00e9duit est ramen\u00e9 de 5,5 % \u00e0 5 %, le [&hellip;]\" \/>\n<meta property=\"og:url\" content=\"https:\/\/batijournal.com\/index.php\/tva-a-7-un-an-de-plus-pour-la-construction-et-la-renovation-des-logements-du-parc-social\/71837\/\" \/>\n<meta property=\"og:site_name\" content=\"Batijournal\" \/>\n<meta property=\"article:published_time\" content=\"2012-12-19T23:00:00+00:00\" \/>\n<meta property=\"article:modified_time\" content=\"2019-07-15T10:05:21+00:00\" \/>\n<meta property=\"og:image\" content=\"https:\/\/batijournal.com\/wp-content\/uploads\/2015\/03\/56281895.jpg\" \/>\n\t<meta property=\"og:image:width\" content=\"600\" \/>\n\t<meta property=\"og:image:height\" content=\"409\" \/>\n\t<meta property=\"og:image:type\" content=\"image\/jpeg\" \/>\n<meta name=\"author\" content=\"Bati-journal\" \/>\n<meta name=\"twitter:card\" content=\"summary_large_image\" \/>\n<meta name=\"twitter:creator\" content=\"@bati_journal\" \/>\n<meta name=\"twitter:site\" content=\"@bati_journal\" \/>\n<meta name=\"twitter:label1\" content=\"\u00c9crit par\" \/>\n\t<meta name=\"twitter:data1\" content=\"Bati-journal\" \/>\n\t<meta name=\"twitter:label2\" content=\"Dur\u00e9e de lecture estim\u00e9e\" \/>\n\t<meta name=\"twitter:data2\" content=\"1 minute\" \/>\n<script type=\"application\/ld+json\" class=\"yoast-schema-graph\">{\"@context\":\"https:\\\/\\\/schema.org\",\"@graph\":[{\"@type\":\"Article\",\"@id\":\"https:\\\/\\\/batijournal.com\\\/index.php\\\/tva-a-7-un-an-de-plus-pour-la-construction-et-la-renovation-des-logements-du-parc-social\\\/71837\\\/#article\",\"isPartOf\":{\"@id\":\"https:\\\/\\\/batijournal.com\\\/index.php\\\/tva-a-7-un-an-de-plus-pour-la-construction-et-la-renovation-des-logements-du-parc-social\\\/71837\\\/\"},\"author\":{\"name\":\"Bati-journal\",\"@id\":\"https:\\\/\\\/batijournal.com\\\/#\\\/schema\\\/person\\\/6a657e8967569e1b299972574848aa76\"},\"headline\":\"TVA \u00e0 7% : un an de plus pour la construction et la r\u00e9novation des logements du parc social\",\"datePublished\":\"2012-12-19T23:00:00+00:00\",\"dateModified\":\"2019-07-15T10:05:21+00:00\",\"mainEntityOfPage\":{\"@id\":\"https:\\\/\\\/batijournal.com\\\/index.php\\\/tva-a-7-un-an-de-plus-pour-la-construction-et-la-renovation-des-logements-du-parc-social\\\/71837\\\/\"},\"wordCount\":133,\"commentCount\":0,\"image\":{\"@id\":\"https:\\\/\\\/batijournal.com\\\/index.php\\\/tva-a-7-un-an-de-plus-pour-la-construction-et-la-renovation-des-logements-du-parc-social\\\/71837\\\/#primaryimage\"},\"thumbnailUrl\":\"https:\\\/\\\/batijournal.com\\\/wp-content\\\/uploads\\\/2015\\\/03\\\/56281895.jpg\",\"keywords\":[\"construction\",\"r\u00e9novation\",\"tva\"],\"articleSection\":[\"\u00c9conomie &amp; March\u00e9s\"],\"inLanguage\":\"fr-FR\",\"potentialAction\":[{\"@type\":\"CommentAction\",\"name\":\"Comment\",\"target\":[\"https:\\\/\\\/batijournal.com\\\/index.php\\\/tva-a-7-un-an-de-plus-pour-la-construction-et-la-renovation-des-logements-du-parc-social\\\/71837\\\/#respond\"]}]},{\"@type\":\"WebPage\",\"@id\":\"https:\\\/\\\/batijournal.com\\\/index.php\\\/tva-a-7-un-an-de-plus-pour-la-construction-et-la-renovation-des-logements-du-parc-social\\\/71837\\\/\",\"url\":\"https:\\\/\\\/batijournal.com\\\/index.php\\\/tva-a-7-un-an-de-plus-pour-la-construction-et-la-renovation-des-logements-du-parc-social\\\/71837\\\/\",\"name\":\"TVA \u00e0 7% : un an de plus pour la construction et la r\u00e9novation des logements du parc social\",\"isPartOf\":{\"@id\":\"https:\\\/\\\/batijournal.com\\\/#website\"},\"primaryImageOfPage\":{\"@id\":\"https:\\\/\\\/batijournal.com\\\/index.php\\\/tva-a-7-un-an-de-plus-pour-la-construction-et-la-renovation-des-logements-du-parc-social\\\/71837\\\/#primaryimage\"},\"image\":{\"@id\":\"https:\\\/\\\/batijournal.com\\\/index.php\\\/tva-a-7-un-an-de-plus-pour-la-construction-et-la-renovation-des-logements-du-parc-social\\\/71837\\\/#primaryimage\"},\"thumbnailUrl\":\"https:\\\/\\\/batijournal.com\\\/wp-content\\\/uploads\\\/2015\\\/03\\\/56281895.jpg\",\"datePublished\":\"2012-12-19T23:00:00+00:00\",\"dateModified\":\"2019-07-15T10:05:21+00:00\",\"author\":{\"@id\":\"https:\\\/\\\/batijournal.com\\\/#\\\/schema\\\/person\\\/6a657e8967569e1b299972574848aa76\"},\"breadcrumb\":{\"@id\":\"https:\\\/\\\/batijournal.com\\\/index.php\\\/tva-a-7-un-an-de-plus-pour-la-construction-et-la-renovation-des-logements-du-parc-social\\\/71837\\\/#breadcrumb\"},\"inLanguage\":\"fr-FR\",\"potentialAction\":[{\"@type\":\"ReadAction\",\"target\":[\"https:\\\/\\\/batijournal.com\\\/index.php\\\/tva-a-7-un-an-de-plus-pour-la-construction-et-la-renovation-des-logements-du-parc-social\\\/71837\\\/\"]}]},{\"@type\":\"ImageObject\",\"inLanguage\":\"fr-FR\",\"@id\":\"https:\\\/\\\/batijournal.com\\\/index.php\\\/tva-a-7-un-an-de-plus-pour-la-construction-et-la-renovation-des-logements-du-parc-social\\\/71837\\\/#primaryimage\",\"url\":\"https:\\\/\\\/batijournal.com\\\/wp-content\\\/uploads\\\/2015\\\/03\\\/56281895.jpg\",\"contentUrl\":\"https:\\\/\\\/batijournal.com\\\/wp-content\\\/uploads\\\/2015\\\/03\\\/56281895.jpg\",\"width\":600,\"height\":409},{\"@type\":\"BreadcrumbList\",\"@id\":\"https:\\\/\\\/batijournal.com\\\/index.php\\\/tva-a-7-un-an-de-plus-pour-la-construction-et-la-renovation-des-logements-du-parc-social\\\/71837\\\/#breadcrumb\",\"itemListElement\":[{\"@type\":\"ListItem\",\"position\":1,\"name\":\"Accueil\",\"item\":\"https:\\\/\\\/batijournal.com\\\/\"},{\"@type\":\"ListItem\",\"position\":2,\"name\":\"Actualit\u00e9s\",\"item\":\"https:\\\/\\\/batijournal.com\\\/index.php\\\/category\\\/actualites\\\/\"},{\"@type\":\"ListItem\",\"position\":3,\"name\":\"\u00c9conomie &amp; March\u00e9s\",\"item\":\"https:\\\/\\\/batijournal.com\\\/index.php\\\/category\\\/actualites\\\/economie-marches\\\/\"},{\"@type\":\"ListItem\",\"position\":4,\"name\":\"TVA \u00e0 7% : un an de plus pour la construction et la r\u00e9novation des logements du parc social\"}]},{\"@type\":\"WebSite\",\"@id\":\"https:\\\/\\\/batijournal.com\\\/#website\",\"url\":\"https:\\\/\\\/batijournal.com\\\/\",\"name\":\"Batijournal\",\"description\":\"L&#039;actualit\u00e9 du b\u00e2timent\",\"potentialAction\":[{\"@type\":\"SearchAction\",\"target\":{\"@type\":\"EntryPoint\",\"urlTemplate\":\"https:\\\/\\\/batijournal.com\\\/?s={search_term_string}\"},\"query-input\":{\"@type\":\"PropertyValueSpecification\",\"valueRequired\":true,\"valueName\":\"search_term_string\"}}],\"inLanguage\":\"fr-FR\"},{\"@type\":\"Person\",\"@id\":\"https:\\\/\\\/batijournal.com\\\/#\\\/schema\\\/person\\\/6a657e8967569e1b299972574848aa76\",\"name\":\"Bati-journal\",\"image\":{\"@type\":\"ImageObject\",\"inLanguage\":\"fr-FR\",\"@id\":\"https:\\\/\\\/secure.gravatar.com\\\/avatar\\\/a64364ea26392f9b4dd47e017ddaec74ff03aefc073b49e492e847201258f777?s=96&d=mm&r=g\",\"url\":\"https:\\\/\\\/secure.gravatar.com\\\/avatar\\\/a64364ea26392f9b4dd47e017ddaec74ff03aefc073b49e492e847201258f777?s=96&d=mm&r=g\",\"contentUrl\":\"https:\\\/\\\/secure.gravatar.com\\\/avatar\\\/a64364ea26392f9b4dd47e017ddaec74ff03aefc073b49e492e847201258f777?s=96&d=mm&r=g\",\"caption\":\"Bati-journal\"},\"url\":\"https:\\\/\\\/batijournal.com\\\/index.php\\\/author\\\/elodie\\\/\"}]}<\/script>\n<!-- \/ Yoast SEO plugin. -->","yoast_head_json":{"title":"TVA \u00e0 7% : un an de plus pour la construction et la r\u00e9novation des logements du parc social","robots":{"index":"index","follow":"follow","max-snippet":"max-snippet:-1","max-image-preview":"max-image-preview:large","max-video-preview":"max-video-preview:-1"},"canonical":"https:\/\/batijournal.com\/index.php\/tva-a-7-un-an-de-plus-pour-la-construction-et-la-renovation-des-logements-du-parc-social\/71837\/","og_locale":"fr_FR","og_type":"article","og_title":"TVA \u00e0 7% : un an de plus pour la construction et la r\u00e9novation des logements du parc social","og_description":"L&rsquo;Assembl\u00e9e nationale a d\u00e9finitivement adopt\u00e9 les dispositions du projet de loi de finances rectificative pour 2012 (PLFR). Le budget rectificatif 2012 instaure le cr\u00e9dit d&rsquo;imp\u00f4t comp\u00e9titivit\u00e9 mesure issue du rapport Gallois. Il r\u00e9forme les taux de TVA \u00e0 partir du 1er janvier 2014. Le taux r\u00e9duit est ramen\u00e9 de 5,5 % \u00e0 5 %, le [&hellip;]","og_url":"https:\/\/batijournal.com\/index.php\/tva-a-7-un-an-de-plus-pour-la-construction-et-la-renovation-des-logements-du-parc-social\/71837\/","og_site_name":"Batijournal","article_published_time":"2012-12-19T23:00:00+00:00","article_modified_time":"2019-07-15T10:05:21+00:00","og_image":[{"width":600,"height":409,"url":"https:\/\/batijournal.com\/wp-content\/uploads\/2015\/03\/56281895.jpg","type":"image\/jpeg"}],"author":"Bati-journal","twitter_card":"summary_large_image","twitter_creator":"@bati_journal","twitter_site":"@bati_journal","twitter_misc":{"\u00c9crit par":"Bati-journal","Dur\u00e9e de lecture estim\u00e9e":"1 minute"},"schema":{"@context":"https:\/\/schema.org","@graph":[{"@type":"Article","@id":"https:\/\/batijournal.com\/index.php\/tva-a-7-un-an-de-plus-pour-la-construction-et-la-renovation-des-logements-du-parc-social\/71837\/#article","isPartOf":{"@id":"https:\/\/batijournal.com\/index.php\/tva-a-7-un-an-de-plus-pour-la-construction-et-la-renovation-des-logements-du-parc-social\/71837\/"},"author":{"name":"Bati-journal","@id":"https:\/\/batijournal.com\/#\/schema\/person\/6a657e8967569e1b299972574848aa76"},"headline":"TVA \u00e0 7% : un an de plus pour la construction et la r\u00e9novation des logements du parc social","datePublished":"2012-12-19T23:00:00+00:00","dateModified":"2019-07-15T10:05:21+00:00","mainEntityOfPage":{"@id":"https:\/\/batijournal.com\/index.php\/tva-a-7-un-an-de-plus-pour-la-construction-et-la-renovation-des-logements-du-parc-social\/71837\/"},"wordCount":133,"commentCount":0,"image":{"@id":"https:\/\/batijournal.com\/index.php\/tva-a-7-un-an-de-plus-pour-la-construction-et-la-renovation-des-logements-du-parc-social\/71837\/#primaryimage"},"thumbnailUrl":"https:\/\/batijournal.com\/wp-content\/uploads\/2015\/03\/56281895.jpg","keywords":["construction","r\u00e9novation","tva"],"articleSection":["\u00c9conomie &amp; March\u00e9s"],"inLanguage":"fr-FR","potentialAction":[{"@type":"CommentAction","name":"Comment","target":["https:\/\/batijournal.com\/index.php\/tva-a-7-un-an-de-plus-pour-la-construction-et-la-renovation-des-logements-du-parc-social\/71837\/#respond"]}]},{"@type":"WebPage","@id":"https:\/\/batijournal.com\/index.php\/tva-a-7-un-an-de-plus-pour-la-construction-et-la-renovation-des-logements-du-parc-social\/71837\/","url":"https:\/\/batijournal.com\/index.php\/tva-a-7-un-an-de-plus-pour-la-construction-et-la-renovation-des-logements-du-parc-social\/71837\/","name":"TVA \u00e0 7% : un an de plus pour la construction et la r\u00e9novation des logements du parc social","isPartOf":{"@id":"https:\/\/batijournal.com\/#website"},"primaryImageOfPage":{"@id":"https:\/\/batijournal.com\/index.php\/tva-a-7-un-an-de-plus-pour-la-construction-et-la-renovation-des-logements-du-parc-social\/71837\/#primaryimage"},"image":{"@id":"https:\/\/batijournal.com\/index.php\/tva-a-7-un-an-de-plus-pour-la-construction-et-la-renovation-des-logements-du-parc-social\/71837\/#primaryimage"},"thumbnailUrl":"https:\/\/batijournal.com\/wp-content\/uploads\/2015\/03\/56281895.jpg","datePublished":"2012-12-19T23:00:00+00:00","dateModified":"2019-07-15T10:05:21+00:00","author":{"@id":"https:\/\/batijournal.com\/#\/schema\/person\/6a657e8967569e1b299972574848aa76"},"breadcrumb":{"@id":"https:\/\/batijournal.com\/index.php\/tva-a-7-un-an-de-plus-pour-la-construction-et-la-renovation-des-logements-du-parc-social\/71837\/#breadcrumb"},"inLanguage":"fr-FR","potentialAction":[{"@type":"ReadAction","target":["https:\/\/batijournal.com\/index.php\/tva-a-7-un-an-de-plus-pour-la-construction-et-la-renovation-des-logements-du-parc-social\/71837\/"]}]},{"@type":"ImageObject","inLanguage":"fr-FR","@id":"https:\/\/batijournal.com\/index.php\/tva-a-7-un-an-de-plus-pour-la-construction-et-la-renovation-des-logements-du-parc-social\/71837\/#primaryimage","url":"https:\/\/batijournal.com\/wp-content\/uploads\/2015\/03\/56281895.jpg","contentUrl":"https:\/\/batijournal.com\/wp-content\/uploads\/2015\/03\/56281895.jpg","width":600,"height":409},{"@type":"BreadcrumbList","@id":"https:\/\/batijournal.com\/index.php\/tva-a-7-un-an-de-plus-pour-la-construction-et-la-renovation-des-logements-du-parc-social\/71837\/#breadcrumb","itemListElement":[{"@type":"ListItem","position":1,"name":"Accueil","item":"https:\/\/batijournal.com\/"},{"@type":"ListItem","position":2,"name":"Actualit\u00e9s","item":"https:\/\/batijournal.com\/index.php\/category\/actualites\/"},{"@type":"ListItem","position":3,"name":"\u00c9conomie &amp; March\u00e9s","item":"https:\/\/batijournal.com\/index.php\/category\/actualites\/economie-marches\/"},{"@type":"ListItem","position":4,"name":"TVA \u00e0 7% : un an de plus pour la construction et la r\u00e9novation des logements du parc social"}]},{"@type":"WebSite","@id":"https:\/\/batijournal.com\/#website","url":"https:\/\/batijournal.com\/","name":"Batijournal","description":"L&#039;actualit\u00e9 du b\u00e2timent","potentialAction":[{"@type":"SearchAction","target":{"@type":"EntryPoint","urlTemplate":"https:\/\/batijournal.com\/?s={search_term_string}"},"query-input":{"@type":"PropertyValueSpecification","valueRequired":true,"valueName":"search_term_string"}}],"inLanguage":"fr-FR"},{"@type":"Person","@id":"https:\/\/batijournal.com\/#\/schema\/person\/6a657e8967569e1b299972574848aa76","name":"Bati-journal","image":{"@type":"ImageObject","inLanguage":"fr-FR","@id":"https:\/\/secure.gravatar.com\/avatar\/a64364ea26392f9b4dd47e017ddaec74ff03aefc073b49e492e847201258f777?s=96&d=mm&r=g","url":"https:\/\/secure.gravatar.com\/avatar\/a64364ea26392f9b4dd47e017ddaec74ff03aefc073b49e492e847201258f777?s=96&d=mm&r=g","contentUrl":"https:\/\/secure.gravatar.com\/avatar\/a64364ea26392f9b4dd47e017ddaec74ff03aefc073b49e492e847201258f777?s=96&d=mm&r=g","caption":"Bati-journal"},"url":"https:\/\/batijournal.com\/index.php\/author\/elodie\/"}]}},"_links":{"self":[{"href":"https:\/\/batijournal.com\/index.php\/wp-json\/wp\/v2\/posts\/71837","targetHints":{"allow":["GET"]}}],"collection":[{"href":"https:\/\/batijournal.com\/index.php\/wp-json\/wp\/v2\/posts"}],"about":[{"href":"https:\/\/batijournal.com\/index.php\/wp-json\/wp\/v2\/types\/post"}],"author":[{"embeddable":true,"href":"https:\/\/batijournal.com\/index.php\/wp-json\/wp\/v2\/users\/1"}],"replies":[{"embeddable":true,"href":"https:\/\/batijournal.com\/index.php\/wp-json\/wp\/v2\/comments?post=71837"}],"version-history":[{"count":0,"href":"https:\/\/batijournal.com\/index.php\/wp-json\/wp\/v2\/posts\/71837\/revisions"}],"wp:featuredmedia":[{"embeddable":true,"href":"https:\/\/batijournal.com\/index.php\/wp-json\/wp\/v2\/media\/71838"}],"wp:attachment":[{"href":"https:\/\/batijournal.com\/index.php\/wp-json\/wp\/v2\/media?parent=71837"}],"wp:term":[{"taxonomy":"category","embeddable":true,"href":"https:\/\/batijournal.com\/index.php\/wp-json\/wp\/v2\/categories?post=71837"},{"taxonomy":"post_tag","embeddable":true,"href":"https:\/\/batijournal.com\/index.php\/wp-json\/wp\/v2\/tags?post=71837"}],"curies":[{"name":"wp","href":"https:\/\/api.w.org\/{rel}","templated":true}]}}