{"id":71947,"date":"2013-09-10T15:36:50","date_gmt":"2013-09-10T13:36:50","guid":{"rendered":"http:\/\/b.bati-journal.com\/cecile-duflot-a-recueilli-les-propositions-pour-le-developpement-de-la-filiere-bois\/71947"},"modified":"2019-07-15T12:05:11","modified_gmt":"2019-07-15T10:05:11","slug":"cecile-duflot-a-recueilli-les-propositions-pour-le-developpement-de-la-filiere-bois","status":"publish","type":"post","link":"https:\/\/batijournal.com\/index.php\/cecile-duflot-a-recueilli-les-propositions-pour-le-developpement-de-la-filiere-bois\/71947\/","title":{"rendered":"C\u00e9cile Duflot a recueilli les propositions pour le d\u00e9veloppement de la fili\u00e8re bois"},"content":{"rendered":"<div><b>C\u00e9cile Duflot a rencontr\u00e9 le d\u00e9put\u00e9 de l Yonne Jean-Yves Caullet, auteur du rapport \u00ab Bois et For\u00eats de France, nouveaux d\u00e9fis \u00bb, remis au Premier ministre en juin, ainsi que Luc Charmasson et Laurent Denormandie, pr\u00e9sidents respectifs de France Bois Industries Entreprises (FBIE) et France Bois Foret (FBF).\u00a0<\/b><\/div>\n<div>Le d\u00e9put\u00e9 et ces repr\u00e9sentants des professionnels ont pr\u00e9sent\u00e9 \u00e0 la ministre leurs propositions pour le d\u00e9veloppement de la fili\u00e8re bois. La loi d&rsquo;avenir agricole qui devrait \u00eatre pr\u00e9sent\u00e9e d\u00e9but 2014 sera l&rsquo;occasion de traduire l&rsquo;int\u00e9r\u00eat que doit porter la France \u00e0 sa fili\u00e8re bois. Le rapport de Jean-Yves Caullet comprend plusieurs propositions pour le d\u00e9veloppement de la fili\u00e8re. Parmi elles, la mobilisation du capital \u00ab multifonctionnel \u00bb de la for\u00eat, c&rsquo;est-\u00e0-dire l&rsquo;ensemble des ses usages. Celui-ci pourrait par exemple \u00eatre davantage utilis\u00e9 comme alternative aux ressources fossiles. Des strat\u00e9gies pour dynamiser la fili\u00e8re sont \u00e9galement propos\u00e9es, par le biais d&rsquo;actions sur la transparence du march\u00e9 du bois ou encore sur l&rsquo;attractivit\u00e9 des m\u00e9tiers de la for\u00eat.<\/div>\n<div>Le rapport liste les axes strat\u00e9giques \u00e0 d\u00e9velopper :<\/div>\n<div><b>Investir dans l&rsquo;industrie<\/b><\/div>\n<div>Seule une industrie forte et comp\u00e9titive peut reprendre des parts de march\u00e9s face \u00e0 l&rsquo;importation de produits finis en mobilisant les outils du redressement productif (BPI) sur les secteurs industriels utilisant le bois sous toutes ses formes et en Orientant une part significative du fonds strat\u00e9gique bois vers les industries de 2\u00e8me et de 1\u00e8re transformation.<\/div>\n<div><b>D\u00e9velopper les usages hi\u00e9rarchis\u00e9s du bois<\/b><\/div>\n<div>D\u00e9velopper un effort permanent de l&rsquo;innovation, favoriser l&rsquo;investissement et adapter la r\u00e9glementation des usages pour permettre les r\u00e9utilisations successives.<\/div>\n<div><b>Moderniser la mise en march\u00e9 des bois<\/b><\/div>\n<div>Il est paradoxal de constater que, sur un secteur \u00e9conomique aussi lourd, les mises en march\u00e9 soient finalement tr\u00e8s archa\u00efques. Il faut assurer la transparence des prix tout au long de la fili\u00e8re, favoriser les contrats pluriannuels et garantir un retour vers l&rsquo;amont.<\/div>\n<div><b>Mobiliser la ressource<\/b><\/div>\n<div>La ressource (stock, accroissement, essences, disponibilit\u00e9s, &#8230;) est bien connue mais la mobilisation reste difficile, d&rsquo;une part, \u00e0 cause du morcellement de la propri\u00e9t\u00e9 et, d&rsquo;autre part, \u00e0 cause des conflits entre fonctionnalit\u00e9s de la for\u00eat.<\/div>\n<div><b>Elaborer une v\u00e9ritable strat\u00e9gie du commerce ext\u00e9rieur<\/b><\/div>\n<div>Exporter des grumes prive d&rsquo;une partie des connexes, or dans un contexte d&rsquo;augmentation des usages on se prive ainsi d&rsquo;une partie de la ressource. Il faut D\u00e9-inciter l&rsquo;exportation par une contribution repr\u00e9sentative de la part de la valorisation des coproduits et s\u00e9curiser l&rsquo;approvisionnement des fili\u00e8res par une politique d&rsquo;importation judicieuse de mati\u00e8res premi\u00e8res voire d&rsquo;investissement forestier \u00e0 l&rsquo;\u00e9tranger. Quant aux produits finis dont ne maitrise pas la recyclabilit\u00e9, leur importation est un handicap car les collectes des produits en fin de vie sont \u00e0 la charge des collectivit\u00e9s.<\/div>\n<div><b>Saisir les opportunit\u00e9s de la for\u00eat et du bois pour l&#8217;emploi<\/b><\/div>\n<div>L&rsquo;exploitation durable et multifonctionnelle de la for\u00eat est par nature une source importante d&#8217;emplois qualifi\u00e9s, non d\u00e9localisables. Le d\u00e9veloppement des secteurs industriels de bois repr\u00e9sente un potentiel d&#8217;emplois qualifi\u00e9s. Le simple retour \u00e0 l&rsquo;\u00e9quilibre de la balance du commerce ext\u00e9rieur serait cr\u00e9ateur de plus de 60.000 emplois.<\/div>\n<div><b>Penser les territoires, optimiser la logistique<\/b><\/div>\n<div>Il faut rechercher en permanence l&rsquo;optimum de l&rsquo;utilisation de la ressource au plus pr\u00e8s des massifs tout en ayant une vision plus globale pour faire \u00e9merger des entreprises comp\u00e9titives \u00e0 l&rsquo;international.<\/div>\n","protected":false},"excerpt":{"rendered":"<p>C\u00e9cile Duflot a rencontr\u00e9 le d\u00e9put\u00e9 de l Yonne Jean-Yves Caullet, auteur du rapport \u00ab Bois et For\u00eats de France, nouveaux d\u00e9fis \u00bb, remis au Premier ministre en juin, ainsi que Luc Charmasson et Laurent Denormandie, pr\u00e9sidents respectifs de France Bois Industries Entreprises (FBIE) et France Bois Foret (FBF).\u00a0 Le d\u00e9put\u00e9 et ces repr\u00e9sentants des [&hellip;]<\/p>\n","protected":false},"author":1,"featured_media":71948,"comment_status":"open","ping_status":"closed","sticky":false,"template":"","format":"standard","meta":{"_et_pb_use_builder":"","_et_pb_old_content":"","_et_gb_content_width":"","footnotes":""},"categories":[6345],"tags":[1017],"class_list":["post-71947","post","type-post","status-publish","format-standard","has-post-thumbnail","hentry","category-economie-marches","tag-filiere-bois"],"yoast_head":"<!-- This site is optimized with the Yoast SEO plugin v27.4 - https:\/\/yoast.com\/product\/yoast-seo-wordpress\/ -->\n<title>C\u00e9cile Duflot a recueilli les propositions pour le d\u00e9veloppement de la fili\u00e8re bois<\/title>\n<meta name=\"robots\" content=\"index, follow, max-snippet:-1, max-image-preview:large, max-video-preview:-1\" \/>\n<link rel=\"canonical\" href=\"https:\/\/batijournal.com\/index.php\/cecile-duflot-a-recueilli-les-propositions-pour-le-developpement-de-la-filiere-bois\/71947\/\" \/>\n<meta property=\"og:locale\" content=\"fr_FR\" \/>\n<meta property=\"og:type\" content=\"article\" \/>\n<meta property=\"og:title\" content=\"C\u00e9cile Duflot a recueilli les propositions pour le d\u00e9veloppement de la fili\u00e8re bois\" \/>\n<meta property=\"og:description\" content=\"C\u00e9cile Duflot a rencontr\u00e9 le d\u00e9put\u00e9 de l Yonne Jean-Yves Caullet, auteur du rapport \u00ab Bois et For\u00eats de France, nouveaux d\u00e9fis \u00bb, remis au Premier ministre en juin, ainsi que Luc Charmasson et Laurent Denormandie, pr\u00e9sidents respectifs de France Bois Industries Entreprises (FBIE) et France Bois Foret (FBF).\u00a0 Le d\u00e9put\u00e9 et ces repr\u00e9sentants des [&hellip;]\" \/>\n<meta property=\"og:url\" content=\"https:\/\/batijournal.com\/index.php\/cecile-duflot-a-recueilli-les-propositions-pour-le-developpement-de-la-filiere-bois\/71947\/\" \/>\n<meta property=\"og:site_name\" content=\"Batijournal\" \/>\n<meta property=\"article:published_time\" content=\"2013-09-10T13:36:50+00:00\" \/>\n<meta property=\"article:modified_time\" content=\"2019-07-15T10:05:11+00:00\" \/>\n<meta property=\"og:image\" content=\"https:\/\/batijournal.com\/wp-content\/uploads\/2015\/03\/70881711.jpg\" \/>\n\t<meta property=\"og:image:width\" content=\"565\" \/>\n\t<meta property=\"og:image:height\" content=\"600\" \/>\n\t<meta property=\"og:image:type\" content=\"image\/jpeg\" \/>\n<meta name=\"author\" content=\"Bati-journal\" \/>\n<meta name=\"twitter:card\" content=\"summary_large_image\" \/>\n<meta name=\"twitter:creator\" content=\"@bati_journal\" \/>\n<meta name=\"twitter:site\" content=\"@bati_journal\" \/>\n<meta name=\"twitter:label1\" content=\"\u00c9crit par\" \/>\n\t<meta name=\"twitter:data1\" content=\"Bati-journal\" \/>\n\t<meta name=\"twitter:label2\" content=\"Dur\u00e9e de lecture estim\u00e9e\" \/>\n\t<meta name=\"twitter:data2\" content=\"3 minutes\" \/>\n<script type=\"application\/ld+json\" class=\"yoast-schema-graph\">{\"@context\":\"https:\\\/\\\/schema.org\",\"@graph\":[{\"@type\":\"Article\",\"@id\":\"https:\\\/\\\/batijournal.com\\\/index.php\\\/cecile-duflot-a-recueilli-les-propositions-pour-le-developpement-de-la-filiere-bois\\\/71947\\\/#article\",\"isPartOf\":{\"@id\":\"https:\\\/\\\/batijournal.com\\\/index.php\\\/cecile-duflot-a-recueilli-les-propositions-pour-le-developpement-de-la-filiere-bois\\\/71947\\\/\"},\"author\":{\"name\":\"Bati-journal\",\"@id\":\"https:\\\/\\\/batijournal.com\\\/#\\\/schema\\\/person\\\/6a657e8967569e1b299972574848aa76\"},\"headline\":\"C\u00e9cile Duflot a recueilli les propositions pour le d\u00e9veloppement de la fili\u00e8re bois\",\"datePublished\":\"2013-09-10T13:36:50+00:00\",\"dateModified\":\"2019-07-15T10:05:11+00:00\",\"mainEntityOfPage\":{\"@id\":\"https:\\\/\\\/batijournal.com\\\/index.php\\\/cecile-duflot-a-recueilli-les-propositions-pour-le-developpement-de-la-filiere-bois\\\/71947\\\/\"},\"wordCount\":631,\"commentCount\":0,\"image\":{\"@id\":\"https:\\\/\\\/batijournal.com\\\/index.php\\\/cecile-duflot-a-recueilli-les-propositions-pour-le-developpement-de-la-filiere-bois\\\/71947\\\/#primaryimage\"},\"thumbnailUrl\":\"https:\\\/\\\/batijournal.com\\\/wp-content\\\/uploads\\\/2015\\\/03\\\/70881711.jpg\",\"keywords\":[\"fili\u00e8re bois\"],\"articleSection\":[\"\u00c9conomie &amp; March\u00e9s\"],\"inLanguage\":\"fr-FR\",\"potentialAction\":[{\"@type\":\"CommentAction\",\"name\":\"Comment\",\"target\":[\"https:\\\/\\\/batijournal.com\\\/index.php\\\/cecile-duflot-a-recueilli-les-propositions-pour-le-developpement-de-la-filiere-bois\\\/71947\\\/#respond\"]}]},{\"@type\":\"WebPage\",\"@id\":\"https:\\\/\\\/batijournal.com\\\/index.php\\\/cecile-duflot-a-recueilli-les-propositions-pour-le-developpement-de-la-filiere-bois\\\/71947\\\/\",\"url\":\"https:\\\/\\\/batijournal.com\\\/index.php\\\/cecile-duflot-a-recueilli-les-propositions-pour-le-developpement-de-la-filiere-bois\\\/71947\\\/\",\"name\":\"C\u00e9cile Duflot a recueilli les propositions pour le d\u00e9veloppement de la fili\u00e8re bois\",\"isPartOf\":{\"@id\":\"https:\\\/\\\/batijournal.com\\\/#website\"},\"primaryImageOfPage\":{\"@id\":\"https:\\\/\\\/batijournal.com\\\/index.php\\\/cecile-duflot-a-recueilli-les-propositions-pour-le-developpement-de-la-filiere-bois\\\/71947\\\/#primaryimage\"},\"image\":{\"@id\":\"https:\\\/\\\/batijournal.com\\\/index.php\\\/cecile-duflot-a-recueilli-les-propositions-pour-le-developpement-de-la-filiere-bois\\\/71947\\\/#primaryimage\"},\"thumbnailUrl\":\"https:\\\/\\\/batijournal.com\\\/wp-content\\\/uploads\\\/2015\\\/03\\\/70881711.jpg\",\"datePublished\":\"2013-09-10T13:36:50+00:00\",\"dateModified\":\"2019-07-15T10:05:11+00:00\",\"author\":{\"@id\":\"https:\\\/\\\/batijournal.com\\\/#\\\/schema\\\/person\\\/6a657e8967569e1b299972574848aa76\"},\"breadcrumb\":{\"@id\":\"https:\\\/\\\/batijournal.com\\\/index.php\\\/cecile-duflot-a-recueilli-les-propositions-pour-le-developpement-de-la-filiere-bois\\\/71947\\\/#breadcrumb\"},\"inLanguage\":\"fr-FR\",\"potentialAction\":[{\"@type\":\"ReadAction\",\"target\":[\"https:\\\/\\\/batijournal.com\\\/index.php\\\/cecile-duflot-a-recueilli-les-propositions-pour-le-developpement-de-la-filiere-bois\\\/71947\\\/\"]}]},{\"@type\":\"ImageObject\",\"inLanguage\":\"fr-FR\",\"@id\":\"https:\\\/\\\/batijournal.com\\\/index.php\\\/cecile-duflot-a-recueilli-les-propositions-pour-le-developpement-de-la-filiere-bois\\\/71947\\\/#primaryimage\",\"url\":\"https:\\\/\\\/batijournal.com\\\/wp-content\\\/uploads\\\/2015\\\/03\\\/70881711.jpg\",\"contentUrl\":\"https:\\\/\\\/batijournal.com\\\/wp-content\\\/uploads\\\/2015\\\/03\\\/70881711.jpg\",\"width\":565,\"height\":600},{\"@type\":\"BreadcrumbList\",\"@id\":\"https:\\\/\\\/batijournal.com\\\/index.php\\\/cecile-duflot-a-recueilli-les-propositions-pour-le-developpement-de-la-filiere-bois\\\/71947\\\/#breadcrumb\",\"itemListElement\":[{\"@type\":\"ListItem\",\"position\":1,\"name\":\"Accueil\",\"item\":\"https:\\\/\\\/batijournal.com\\\/\"},{\"@type\":\"ListItem\",\"position\":2,\"name\":\"Actualit\u00e9s\",\"item\":\"https:\\\/\\\/batijournal.com\\\/index.php\\\/category\\\/actualites\\\/\"},{\"@type\":\"ListItem\",\"position\":3,\"name\":\"\u00c9conomie &amp; March\u00e9s\",\"item\":\"https:\\\/\\\/batijournal.com\\\/index.php\\\/category\\\/actualites\\\/economie-marches\\\/\"},{\"@type\":\"ListItem\",\"position\":4,\"name\":\"C\u00e9cile Duflot a recueilli les propositions pour le d\u00e9veloppement de la fili\u00e8re bois\"}]},{\"@type\":\"WebSite\",\"@id\":\"https:\\\/\\\/batijournal.com\\\/#website\",\"url\":\"https:\\\/\\\/batijournal.com\\\/\",\"name\":\"Batijournal\",\"description\":\"L&#039;actualit\u00e9 du b\u00e2timent\",\"potentialAction\":[{\"@type\":\"SearchAction\",\"target\":{\"@type\":\"EntryPoint\",\"urlTemplate\":\"https:\\\/\\\/batijournal.com\\\/?s={search_term_string}\"},\"query-input\":{\"@type\":\"PropertyValueSpecification\",\"valueRequired\":true,\"valueName\":\"search_term_string\"}}],\"inLanguage\":\"fr-FR\"},{\"@type\":\"Person\",\"@id\":\"https:\\\/\\\/batijournal.com\\\/#\\\/schema\\\/person\\\/6a657e8967569e1b299972574848aa76\",\"name\":\"Bati-journal\",\"image\":{\"@type\":\"ImageObject\",\"inLanguage\":\"fr-FR\",\"@id\":\"https:\\\/\\\/secure.gravatar.com\\\/avatar\\\/a64364ea26392f9b4dd47e017ddaec74ff03aefc073b49e492e847201258f777?s=96&d=mm&r=g\",\"url\":\"https:\\\/\\\/secure.gravatar.com\\\/avatar\\\/a64364ea26392f9b4dd47e017ddaec74ff03aefc073b49e492e847201258f777?s=96&d=mm&r=g\",\"contentUrl\":\"https:\\\/\\\/secure.gravatar.com\\\/avatar\\\/a64364ea26392f9b4dd47e017ddaec74ff03aefc073b49e492e847201258f777?s=96&d=mm&r=g\",\"caption\":\"Bati-journal\"},\"url\":\"https:\\\/\\\/batijournal.com\\\/index.php\\\/author\\\/elodie\\\/\"}]}<\/script>\n<!-- \/ Yoast SEO plugin. -->","yoast_head_json":{"title":"C\u00e9cile Duflot a recueilli les propositions pour le d\u00e9veloppement de la fili\u00e8re bois","robots":{"index":"index","follow":"follow","max-snippet":"max-snippet:-1","max-image-preview":"max-image-preview:large","max-video-preview":"max-video-preview:-1"},"canonical":"https:\/\/batijournal.com\/index.php\/cecile-duflot-a-recueilli-les-propositions-pour-le-developpement-de-la-filiere-bois\/71947\/","og_locale":"fr_FR","og_type":"article","og_title":"C\u00e9cile Duflot a recueilli les propositions pour le d\u00e9veloppement de la fili\u00e8re bois","og_description":"C\u00e9cile Duflot a rencontr\u00e9 le d\u00e9put\u00e9 de l Yonne Jean-Yves Caullet, auteur du rapport \u00ab Bois et For\u00eats de France, nouveaux d\u00e9fis \u00bb, remis au Premier ministre en juin, ainsi que Luc Charmasson et Laurent Denormandie, pr\u00e9sidents respectifs de France Bois Industries Entreprises (FBIE) et France Bois Foret (FBF).\u00a0 Le d\u00e9put\u00e9 et ces repr\u00e9sentants des [&hellip;]","og_url":"https:\/\/batijournal.com\/index.php\/cecile-duflot-a-recueilli-les-propositions-pour-le-developpement-de-la-filiere-bois\/71947\/","og_site_name":"Batijournal","article_published_time":"2013-09-10T13:36:50+00:00","article_modified_time":"2019-07-15T10:05:11+00:00","og_image":[{"width":565,"height":600,"url":"https:\/\/batijournal.com\/wp-content\/uploads\/2015\/03\/70881711.jpg","type":"image\/jpeg"}],"author":"Bati-journal","twitter_card":"summary_large_image","twitter_creator":"@bati_journal","twitter_site":"@bati_journal","twitter_misc":{"\u00c9crit par":"Bati-journal","Dur\u00e9e de lecture estim\u00e9e":"3 minutes"},"schema":{"@context":"https:\/\/schema.org","@graph":[{"@type":"Article","@id":"https:\/\/batijournal.com\/index.php\/cecile-duflot-a-recueilli-les-propositions-pour-le-developpement-de-la-filiere-bois\/71947\/#article","isPartOf":{"@id":"https:\/\/batijournal.com\/index.php\/cecile-duflot-a-recueilli-les-propositions-pour-le-developpement-de-la-filiere-bois\/71947\/"},"author":{"name":"Bati-journal","@id":"https:\/\/batijournal.com\/#\/schema\/person\/6a657e8967569e1b299972574848aa76"},"headline":"C\u00e9cile Duflot a recueilli les propositions pour le d\u00e9veloppement de la fili\u00e8re bois","datePublished":"2013-09-10T13:36:50+00:00","dateModified":"2019-07-15T10:05:11+00:00","mainEntityOfPage":{"@id":"https:\/\/batijournal.com\/index.php\/cecile-duflot-a-recueilli-les-propositions-pour-le-developpement-de-la-filiere-bois\/71947\/"},"wordCount":631,"commentCount":0,"image":{"@id":"https:\/\/batijournal.com\/index.php\/cecile-duflot-a-recueilli-les-propositions-pour-le-developpement-de-la-filiere-bois\/71947\/#primaryimage"},"thumbnailUrl":"https:\/\/batijournal.com\/wp-content\/uploads\/2015\/03\/70881711.jpg","keywords":["fili\u00e8re bois"],"articleSection":["\u00c9conomie &amp; March\u00e9s"],"inLanguage":"fr-FR","potentialAction":[{"@type":"CommentAction","name":"Comment","target":["https:\/\/batijournal.com\/index.php\/cecile-duflot-a-recueilli-les-propositions-pour-le-developpement-de-la-filiere-bois\/71947\/#respond"]}]},{"@type":"WebPage","@id":"https:\/\/batijournal.com\/index.php\/cecile-duflot-a-recueilli-les-propositions-pour-le-developpement-de-la-filiere-bois\/71947\/","url":"https:\/\/batijournal.com\/index.php\/cecile-duflot-a-recueilli-les-propositions-pour-le-developpement-de-la-filiere-bois\/71947\/","name":"C\u00e9cile Duflot a recueilli les propositions pour le d\u00e9veloppement de la fili\u00e8re bois","isPartOf":{"@id":"https:\/\/batijournal.com\/#website"},"primaryImageOfPage":{"@id":"https:\/\/batijournal.com\/index.php\/cecile-duflot-a-recueilli-les-propositions-pour-le-developpement-de-la-filiere-bois\/71947\/#primaryimage"},"image":{"@id":"https:\/\/batijournal.com\/index.php\/cecile-duflot-a-recueilli-les-propositions-pour-le-developpement-de-la-filiere-bois\/71947\/#primaryimage"},"thumbnailUrl":"https:\/\/batijournal.com\/wp-content\/uploads\/2015\/03\/70881711.jpg","datePublished":"2013-09-10T13:36:50+00:00","dateModified":"2019-07-15T10:05:11+00:00","author":{"@id":"https:\/\/batijournal.com\/#\/schema\/person\/6a657e8967569e1b299972574848aa76"},"breadcrumb":{"@id":"https:\/\/batijournal.com\/index.php\/cecile-duflot-a-recueilli-les-propositions-pour-le-developpement-de-la-filiere-bois\/71947\/#breadcrumb"},"inLanguage":"fr-FR","potentialAction":[{"@type":"ReadAction","target":["https:\/\/batijournal.com\/index.php\/cecile-duflot-a-recueilli-les-propositions-pour-le-developpement-de-la-filiere-bois\/71947\/"]}]},{"@type":"ImageObject","inLanguage":"fr-FR","@id":"https:\/\/batijournal.com\/index.php\/cecile-duflot-a-recueilli-les-propositions-pour-le-developpement-de-la-filiere-bois\/71947\/#primaryimage","url":"https:\/\/batijournal.com\/wp-content\/uploads\/2015\/03\/70881711.jpg","contentUrl":"https:\/\/batijournal.com\/wp-content\/uploads\/2015\/03\/70881711.jpg","width":565,"height":600},{"@type":"BreadcrumbList","@id":"https:\/\/batijournal.com\/index.php\/cecile-duflot-a-recueilli-les-propositions-pour-le-developpement-de-la-filiere-bois\/71947\/#breadcrumb","itemListElement":[{"@type":"ListItem","position":1,"name":"Accueil","item":"https:\/\/batijournal.com\/"},{"@type":"ListItem","position":2,"name":"Actualit\u00e9s","item":"https:\/\/batijournal.com\/index.php\/category\/actualites\/"},{"@type":"ListItem","position":3,"name":"\u00c9conomie &amp; March\u00e9s","item":"https:\/\/batijournal.com\/index.php\/category\/actualites\/economie-marches\/"},{"@type":"ListItem","position":4,"name":"C\u00e9cile Duflot a recueilli les propositions pour le d\u00e9veloppement de la fili\u00e8re bois"}]},{"@type":"WebSite","@id":"https:\/\/batijournal.com\/#website","url":"https:\/\/batijournal.com\/","name":"Batijournal","description":"L&#039;actualit\u00e9 du b\u00e2timent","potentialAction":[{"@type":"SearchAction","target":{"@type":"EntryPoint","urlTemplate":"https:\/\/batijournal.com\/?s={search_term_string}"},"query-input":{"@type":"PropertyValueSpecification","valueRequired":true,"valueName":"search_term_string"}}],"inLanguage":"fr-FR"},{"@type":"Person","@id":"https:\/\/batijournal.com\/#\/schema\/person\/6a657e8967569e1b299972574848aa76","name":"Bati-journal","image":{"@type":"ImageObject","inLanguage":"fr-FR","@id":"https:\/\/secure.gravatar.com\/avatar\/a64364ea26392f9b4dd47e017ddaec74ff03aefc073b49e492e847201258f777?s=96&d=mm&r=g","url":"https:\/\/secure.gravatar.com\/avatar\/a64364ea26392f9b4dd47e017ddaec74ff03aefc073b49e492e847201258f777?s=96&d=mm&r=g","contentUrl":"https:\/\/secure.gravatar.com\/avatar\/a64364ea26392f9b4dd47e017ddaec74ff03aefc073b49e492e847201258f777?s=96&d=mm&r=g","caption":"Bati-journal"},"url":"https:\/\/batijournal.com\/index.php\/author\/elodie\/"}]}},"_links":{"self":[{"href":"https:\/\/batijournal.com\/index.php\/wp-json\/wp\/v2\/posts\/71947","targetHints":{"allow":["GET"]}}],"collection":[{"href":"https:\/\/batijournal.com\/index.php\/wp-json\/wp\/v2\/posts"}],"about":[{"href":"https:\/\/batijournal.com\/index.php\/wp-json\/wp\/v2\/types\/post"}],"author":[{"embeddable":true,"href":"https:\/\/batijournal.com\/index.php\/wp-json\/wp\/v2\/users\/1"}],"replies":[{"embeddable":true,"href":"https:\/\/batijournal.com\/index.php\/wp-json\/wp\/v2\/comments?post=71947"}],"version-history":[{"count":0,"href":"https:\/\/batijournal.com\/index.php\/wp-json\/wp\/v2\/posts\/71947\/revisions"}],"wp:featuredmedia":[{"embeddable":true,"href":"https:\/\/batijournal.com\/index.php\/wp-json\/wp\/v2\/media\/71948"}],"wp:attachment":[{"href":"https:\/\/batijournal.com\/index.php\/wp-json\/wp\/v2\/media?parent=71947"}],"wp:term":[{"taxonomy":"category","embeddable":true,"href":"https:\/\/batijournal.com\/index.php\/wp-json\/wp\/v2\/categories?post=71947"},{"taxonomy":"post_tag","embeddable":true,"href":"https:\/\/batijournal.com\/index.php\/wp-json\/wp\/v2\/tags?post=71947"}],"curies":[{"name":"wp","href":"https:\/\/api.w.org\/{rel}","templated":true}]}}