{"id":71988,"date":"2014-03-06T18:13:41","date_gmt":"2014-03-06T17:13:41","guid":{"rendered":"http:\/\/b.bati-journal.com\/travailleurs-detaches-satisfecit-ministeriel-deception-syndicale\/71988"},"modified":"2019-07-15T12:05:08","modified_gmt":"2019-07-15T10:05:08","slug":"travailleurs-detaches-satisfecit-ministeriel-deception-syndicale","status":"publish","type":"post","link":"https:\/\/batijournal.com\/index.php\/travailleurs-detaches-satisfecit-ministeriel-deception-syndicale\/71988\/","title":{"rendered":"Travailleurs d\u00e9tach\u00e9s : satisfecit minist\u00e9riel, d\u00e9ception syndicale"},"content":{"rendered":"<div><b>Les Etats membres de l&rsquo;Union europ\u00e9enne ont approuv\u00e9, \u00e0 une tr\u00e8s large majorit\u00e9, le compromis n\u00e9goci\u00e9 entre le Parlement europ\u00e9en, le Conseil et la Commission europ\u00e9enne sur la directive d&rsquo;application concernant le d\u00e9tachement des travailleurs.<\/b><\/div>\n<div><\/div>\n<div>Elle permettra de renforcer les contr\u00f4les et de responsabiliser les entreprises donneuses d&rsquo;ordres vis-\u00e0-vis de leurs sous-traitants, dans le secteur du b\u00e2timent. Elle instaure un m\u00e9canisme obligatoire de responsabilit\u00e9 du donneur d&rsquo;ordres \u00e0 la place de son sous-traitant si celui-ci n&rsquo;a pas respect\u00e9 les r\u00e8gles pos\u00e9es, notamment en mati\u00e8re de paiement des salaires. Chaque Etat devra se doter de ce m\u00e9canisme ou, \u00e0 d\u00e9faut, d&rsquo;un m\u00e9canisme de sanctions \u00e9quivalent \u00e0 l&rsquo;\u00e9gard du donneur d&rsquo;ordres.<\/div>\n<div><\/div>\n<div>Le ministre du travail Michel Sapin et le ministre d\u00e9l\u00e9gu\u00e9 charg\u00e9 des affaires europ\u00e9ennes Thierry Repentin saluent ce nouveau progr\u00e8s pour l&rsquo;Europe sociale, apr\u00e8s l&rsquo;accord sur ce projet de directive obtenu de haute lutte par la France et ses alli\u00e9s lors du conseil des ministres du travail europ\u00e9ens du 9 d\u00e9cembre dernier. Selon les ministres, les nouvelles r\u00e8gles permettront une lutte plus efficace contre les fraudes et le dumping social.<\/div>\n<div><\/div>\n<div>Pour la Conf\u00e9d\u00e9ration europ\u00e9enne des syndicats (CES), le r\u00e9sultat est tr\u00e8s d\u00e9cevant. Le \u00a0projet de l\u00e9gislation ne fera gu\u00e8re progresser la protection des travailleurs d\u00e9tach\u00e9s et sera loin d&rsquo;arr\u00eater le dumping social actuel. La reconnaissance du fait que les gouvernements doivent combattre l&#8217;emploi ind\u00e9pendant fictif est positive mais elle est loin d&rsquo;\u00eatre suffisante pour r\u00e9pondre \u00e0 l&rsquo;ampleur du probl\u00e8me.<\/div>\n<div><\/div>\n<div>La Secr\u00e9taire g\u00e9n\u00e9rale de la CES, Bernadette S\u00e9gol, a d\u00e9clar\u00e9:\u00a0<i>&lsquo;Les mesures que doivent prendre les Etats membres en mati\u00e8re de lutte contre l&rsquo;exploitation et le sous-paiement des travailleurs d\u00e9tach\u00e9s ne doivent pas \u00eatre soumises aux r\u00e8gles du march\u00e9 libre. Le texte actuel ne le garantit pas. Les r\u00e8gles applicables aux travailleurs d\u00e9tach\u00e9s qui n&rsquo;entrent pas dans le champ d&rsquo;application de la directive ne sont d&rsquo;ailleurs pas claires.&rsquo; Quant \u00e0\u00a0<\/i>Veronica Nilsson, la Secr\u00e9taire conf\u00e9d\u00e9rale : &lsquo;La seule solution est une r\u00e9vision de la directive sur le d\u00e9tachement des travailleurs, conjointement \u00e0 l&rsquo;introduction d&rsquo;un Protocole de progr\u00e8s social visant \u00e0 garantir que les droits sociaux fondamentaux ne peuvent pas \u00eatre subordonn\u00e9s aux libert\u00e9s \u00e9conomiques.&rsquo;<\/div>\n","protected":false},"excerpt":{"rendered":"<p>Les Etats membres de l&rsquo;Union europ\u00e9enne ont approuv\u00e9, \u00e0 une tr\u00e8s large majorit\u00e9, le compromis n\u00e9goci\u00e9 entre le Parlement europ\u00e9en, le Conseil et la Commission europ\u00e9enne sur la directive d&rsquo;application concernant le d\u00e9tachement des travailleurs. Elle permettra de renforcer les contr\u00f4les et de responsabiliser les entreprises donneuses d&rsquo;ordres vis-\u00e0-vis de leurs sous-traitants, dans le secteur [&hellip;]<\/p>\n","protected":false},"author":1,"featured_media":71989,"comment_status":"open","ping_status":"closed","sticky":false,"template":"","format":"standard","meta":{"_et_pb_use_builder":"","_et_pb_old_content":"","_et_gb_content_width":"","footnotes":""},"categories":[6345],"tags":[6029],"class_list":["post-71988","post","type-post","status-publish","format-standard","has-post-thumbnail","hentry","category-economie-marches","tag-travailleurs-detaches"],"yoast_head":"<!-- This site is optimized with the Yoast SEO plugin v27.4 - https:\/\/yoast.com\/product\/yoast-seo-wordpress\/ -->\n<title>Travailleurs d\u00e9tach\u00e9s : satisfecit minist\u00e9riel, d\u00e9ception syndicale<\/title>\n<meta name=\"robots\" content=\"index, follow, max-snippet:-1, max-image-preview:large, max-video-preview:-1\" \/>\n<link rel=\"canonical\" href=\"https:\/\/batijournal.com\/index.php\/travailleurs-detaches-satisfecit-ministeriel-deception-syndicale\/71988\/\" \/>\n<meta property=\"og:locale\" content=\"fr_FR\" \/>\n<meta property=\"og:type\" content=\"article\" \/>\n<meta property=\"og:title\" content=\"Travailleurs d\u00e9tach\u00e9s : satisfecit minist\u00e9riel, d\u00e9ception syndicale\" \/>\n<meta property=\"og:description\" content=\"Les Etats membres de l&rsquo;Union europ\u00e9enne ont approuv\u00e9, \u00e0 une tr\u00e8s large majorit\u00e9, le compromis n\u00e9goci\u00e9 entre le Parlement europ\u00e9en, le Conseil et la Commission europ\u00e9enne sur la directive d&rsquo;application concernant le d\u00e9tachement des travailleurs. Elle permettra de renforcer les contr\u00f4les et de responsabiliser les entreprises donneuses d&rsquo;ordres vis-\u00e0-vis de leurs sous-traitants, dans le secteur [&hellip;]\" \/>\n<meta property=\"og:url\" content=\"https:\/\/batijournal.com\/index.php\/travailleurs-detaches-satisfecit-ministeriel-deception-syndicale\/71988\/\" \/>\n<meta property=\"og:site_name\" content=\"Batijournal\" \/>\n<meta property=\"article:published_time\" content=\"2014-03-06T17:13:41+00:00\" \/>\n<meta property=\"article:modified_time\" content=\"2019-07-15T10:05:08+00:00\" \/>\n<meta property=\"og:image\" content=\"https:\/\/batijournal.com\/wp-content\/uploads\/2015\/03\/79427360.jpg\" \/>\n\t<meta property=\"og:image:width\" content=\"599\" \/>\n\t<meta property=\"og:image:height\" content=\"397\" \/>\n\t<meta property=\"og:image:type\" content=\"image\/jpeg\" \/>\n<meta name=\"author\" content=\"Bati-journal\" \/>\n<meta name=\"twitter:card\" content=\"summary_large_image\" \/>\n<meta name=\"twitter:creator\" content=\"@bati_journal\" \/>\n<meta name=\"twitter:site\" content=\"@bati_journal\" \/>\n<meta name=\"twitter:label1\" content=\"\u00c9crit par\" \/>\n\t<meta name=\"twitter:data1\" content=\"Bati-journal\" \/>\n\t<meta name=\"twitter:label2\" content=\"Dur\u00e9e de lecture estim\u00e9e\" \/>\n\t<meta name=\"twitter:data2\" content=\"2 minutes\" \/>\n<script type=\"application\/ld+json\" class=\"yoast-schema-graph\">{\"@context\":\"https:\\\/\\\/schema.org\",\"@graph\":[{\"@type\":\"Article\",\"@id\":\"https:\\\/\\\/batijournal.com\\\/index.php\\\/travailleurs-detaches-satisfecit-ministeriel-deception-syndicale\\\/71988\\\/#article\",\"isPartOf\":{\"@id\":\"https:\\\/\\\/batijournal.com\\\/index.php\\\/travailleurs-detaches-satisfecit-ministeriel-deception-syndicale\\\/71988\\\/\"},\"author\":{\"name\":\"Bati-journal\",\"@id\":\"https:\\\/\\\/batijournal.com\\\/#\\\/schema\\\/person\\\/6a657e8967569e1b299972574848aa76\"},\"headline\":\"Travailleurs d\u00e9tach\u00e9s : satisfecit minist\u00e9riel, d\u00e9ception syndicale\",\"datePublished\":\"2014-03-06T17:13:41+00:00\",\"dateModified\":\"2019-07-15T10:05:08+00:00\",\"mainEntityOfPage\":{\"@id\":\"https:\\\/\\\/batijournal.com\\\/index.php\\\/travailleurs-detaches-satisfecit-ministeriel-deception-syndicale\\\/71988\\\/\"},\"wordCount\":431,\"commentCount\":0,\"image\":{\"@id\":\"https:\\\/\\\/batijournal.com\\\/index.php\\\/travailleurs-detaches-satisfecit-ministeriel-deception-syndicale\\\/71988\\\/#primaryimage\"},\"thumbnailUrl\":\"https:\\\/\\\/batijournal.com\\\/wp-content\\\/uploads\\\/2015\\\/03\\\/79427360.jpg\",\"keywords\":[\"travailleurs d\u00e9tach\u00e9s\"],\"articleSection\":[\"\u00c9conomie &amp; March\u00e9s\"],\"inLanguage\":\"fr-FR\",\"potentialAction\":[{\"@type\":\"CommentAction\",\"name\":\"Comment\",\"target\":[\"https:\\\/\\\/batijournal.com\\\/index.php\\\/travailleurs-detaches-satisfecit-ministeriel-deception-syndicale\\\/71988\\\/#respond\"]}]},{\"@type\":\"WebPage\",\"@id\":\"https:\\\/\\\/batijournal.com\\\/index.php\\\/travailleurs-detaches-satisfecit-ministeriel-deception-syndicale\\\/71988\\\/\",\"url\":\"https:\\\/\\\/batijournal.com\\\/index.php\\\/travailleurs-detaches-satisfecit-ministeriel-deception-syndicale\\\/71988\\\/\",\"name\":\"Travailleurs d\u00e9tach\u00e9s : satisfecit minist\u00e9riel, d\u00e9ception syndicale\",\"isPartOf\":{\"@id\":\"https:\\\/\\\/batijournal.com\\\/#website\"},\"primaryImageOfPage\":{\"@id\":\"https:\\\/\\\/batijournal.com\\\/index.php\\\/travailleurs-detaches-satisfecit-ministeriel-deception-syndicale\\\/71988\\\/#primaryimage\"},\"image\":{\"@id\":\"https:\\\/\\\/batijournal.com\\\/index.php\\\/travailleurs-detaches-satisfecit-ministeriel-deception-syndicale\\\/71988\\\/#primaryimage\"},\"thumbnailUrl\":\"https:\\\/\\\/batijournal.com\\\/wp-content\\\/uploads\\\/2015\\\/03\\\/79427360.jpg\",\"datePublished\":\"2014-03-06T17:13:41+00:00\",\"dateModified\":\"2019-07-15T10:05:08+00:00\",\"author\":{\"@id\":\"https:\\\/\\\/batijournal.com\\\/#\\\/schema\\\/person\\\/6a657e8967569e1b299972574848aa76\"},\"breadcrumb\":{\"@id\":\"https:\\\/\\\/batijournal.com\\\/index.php\\\/travailleurs-detaches-satisfecit-ministeriel-deception-syndicale\\\/71988\\\/#breadcrumb\"},\"inLanguage\":\"fr-FR\",\"potentialAction\":[{\"@type\":\"ReadAction\",\"target\":[\"https:\\\/\\\/batijournal.com\\\/index.php\\\/travailleurs-detaches-satisfecit-ministeriel-deception-syndicale\\\/71988\\\/\"]}]},{\"@type\":\"ImageObject\",\"inLanguage\":\"fr-FR\",\"@id\":\"https:\\\/\\\/batijournal.com\\\/index.php\\\/travailleurs-detaches-satisfecit-ministeriel-deception-syndicale\\\/71988\\\/#primaryimage\",\"url\":\"https:\\\/\\\/batijournal.com\\\/wp-content\\\/uploads\\\/2015\\\/03\\\/79427360.jpg\",\"contentUrl\":\"https:\\\/\\\/batijournal.com\\\/wp-content\\\/uploads\\\/2015\\\/03\\\/79427360.jpg\",\"width\":599,\"height\":397},{\"@type\":\"BreadcrumbList\",\"@id\":\"https:\\\/\\\/batijournal.com\\\/index.php\\\/travailleurs-detaches-satisfecit-ministeriel-deception-syndicale\\\/71988\\\/#breadcrumb\",\"itemListElement\":[{\"@type\":\"ListItem\",\"position\":1,\"name\":\"Accueil\",\"item\":\"https:\\\/\\\/batijournal.com\\\/\"},{\"@type\":\"ListItem\",\"position\":2,\"name\":\"Actualit\u00e9s\",\"item\":\"https:\\\/\\\/batijournal.com\\\/index.php\\\/category\\\/actualites\\\/\"},{\"@type\":\"ListItem\",\"position\":3,\"name\":\"\u00c9conomie &amp; March\u00e9s\",\"item\":\"https:\\\/\\\/batijournal.com\\\/index.php\\\/category\\\/actualites\\\/economie-marches\\\/\"},{\"@type\":\"ListItem\",\"position\":4,\"name\":\"Travailleurs d\u00e9tach\u00e9s : satisfecit minist\u00e9riel, d\u00e9ception syndicale\"}]},{\"@type\":\"WebSite\",\"@id\":\"https:\\\/\\\/batijournal.com\\\/#website\",\"url\":\"https:\\\/\\\/batijournal.com\\\/\",\"name\":\"Batijournal\",\"description\":\"L&#039;actualit\u00e9 du b\u00e2timent\",\"potentialAction\":[{\"@type\":\"SearchAction\",\"target\":{\"@type\":\"EntryPoint\",\"urlTemplate\":\"https:\\\/\\\/batijournal.com\\\/?s={search_term_string}\"},\"query-input\":{\"@type\":\"PropertyValueSpecification\",\"valueRequired\":true,\"valueName\":\"search_term_string\"}}],\"inLanguage\":\"fr-FR\"},{\"@type\":\"Person\",\"@id\":\"https:\\\/\\\/batijournal.com\\\/#\\\/schema\\\/person\\\/6a657e8967569e1b299972574848aa76\",\"name\":\"Bati-journal\",\"image\":{\"@type\":\"ImageObject\",\"inLanguage\":\"fr-FR\",\"@id\":\"https:\\\/\\\/secure.gravatar.com\\\/avatar\\\/a64364ea26392f9b4dd47e017ddaec74ff03aefc073b49e492e847201258f777?s=96&d=mm&r=g\",\"url\":\"https:\\\/\\\/secure.gravatar.com\\\/avatar\\\/a64364ea26392f9b4dd47e017ddaec74ff03aefc073b49e492e847201258f777?s=96&d=mm&r=g\",\"contentUrl\":\"https:\\\/\\\/secure.gravatar.com\\\/avatar\\\/a64364ea26392f9b4dd47e017ddaec74ff03aefc073b49e492e847201258f777?s=96&d=mm&r=g\",\"caption\":\"Bati-journal\"},\"url\":\"https:\\\/\\\/batijournal.com\\\/index.php\\\/author\\\/elodie\\\/\"}]}<\/script>\n<!-- \/ Yoast SEO plugin. -->","yoast_head_json":{"title":"Travailleurs d\u00e9tach\u00e9s : satisfecit minist\u00e9riel, d\u00e9ception syndicale","robots":{"index":"index","follow":"follow","max-snippet":"max-snippet:-1","max-image-preview":"max-image-preview:large","max-video-preview":"max-video-preview:-1"},"canonical":"https:\/\/batijournal.com\/index.php\/travailleurs-detaches-satisfecit-ministeriel-deception-syndicale\/71988\/","og_locale":"fr_FR","og_type":"article","og_title":"Travailleurs d\u00e9tach\u00e9s : satisfecit minist\u00e9riel, d\u00e9ception syndicale","og_description":"Les Etats membres de l&rsquo;Union europ\u00e9enne ont approuv\u00e9, \u00e0 une tr\u00e8s large majorit\u00e9, le compromis n\u00e9goci\u00e9 entre le Parlement europ\u00e9en, le Conseil et la Commission europ\u00e9enne sur la directive d&rsquo;application concernant le d\u00e9tachement des travailleurs. Elle permettra de renforcer les contr\u00f4les et de responsabiliser les entreprises donneuses d&rsquo;ordres vis-\u00e0-vis de leurs sous-traitants, dans le secteur [&hellip;]","og_url":"https:\/\/batijournal.com\/index.php\/travailleurs-detaches-satisfecit-ministeriel-deception-syndicale\/71988\/","og_site_name":"Batijournal","article_published_time":"2014-03-06T17:13:41+00:00","article_modified_time":"2019-07-15T10:05:08+00:00","og_image":[{"width":599,"height":397,"url":"https:\/\/batijournal.com\/wp-content\/uploads\/2015\/03\/79427360.jpg","type":"image\/jpeg"}],"author":"Bati-journal","twitter_card":"summary_large_image","twitter_creator":"@bati_journal","twitter_site":"@bati_journal","twitter_misc":{"\u00c9crit par":"Bati-journal","Dur\u00e9e de lecture estim\u00e9e":"2 minutes"},"schema":{"@context":"https:\/\/schema.org","@graph":[{"@type":"Article","@id":"https:\/\/batijournal.com\/index.php\/travailleurs-detaches-satisfecit-ministeriel-deception-syndicale\/71988\/#article","isPartOf":{"@id":"https:\/\/batijournal.com\/index.php\/travailleurs-detaches-satisfecit-ministeriel-deception-syndicale\/71988\/"},"author":{"name":"Bati-journal","@id":"https:\/\/batijournal.com\/#\/schema\/person\/6a657e8967569e1b299972574848aa76"},"headline":"Travailleurs d\u00e9tach\u00e9s : satisfecit minist\u00e9riel, d\u00e9ception syndicale","datePublished":"2014-03-06T17:13:41+00:00","dateModified":"2019-07-15T10:05:08+00:00","mainEntityOfPage":{"@id":"https:\/\/batijournal.com\/index.php\/travailleurs-detaches-satisfecit-ministeriel-deception-syndicale\/71988\/"},"wordCount":431,"commentCount":0,"image":{"@id":"https:\/\/batijournal.com\/index.php\/travailleurs-detaches-satisfecit-ministeriel-deception-syndicale\/71988\/#primaryimage"},"thumbnailUrl":"https:\/\/batijournal.com\/wp-content\/uploads\/2015\/03\/79427360.jpg","keywords":["travailleurs d\u00e9tach\u00e9s"],"articleSection":["\u00c9conomie &amp; March\u00e9s"],"inLanguage":"fr-FR","potentialAction":[{"@type":"CommentAction","name":"Comment","target":["https:\/\/batijournal.com\/index.php\/travailleurs-detaches-satisfecit-ministeriel-deception-syndicale\/71988\/#respond"]}]},{"@type":"WebPage","@id":"https:\/\/batijournal.com\/index.php\/travailleurs-detaches-satisfecit-ministeriel-deception-syndicale\/71988\/","url":"https:\/\/batijournal.com\/index.php\/travailleurs-detaches-satisfecit-ministeriel-deception-syndicale\/71988\/","name":"Travailleurs d\u00e9tach\u00e9s : satisfecit minist\u00e9riel, d\u00e9ception syndicale","isPartOf":{"@id":"https:\/\/batijournal.com\/#website"},"primaryImageOfPage":{"@id":"https:\/\/batijournal.com\/index.php\/travailleurs-detaches-satisfecit-ministeriel-deception-syndicale\/71988\/#primaryimage"},"image":{"@id":"https:\/\/batijournal.com\/index.php\/travailleurs-detaches-satisfecit-ministeriel-deception-syndicale\/71988\/#primaryimage"},"thumbnailUrl":"https:\/\/batijournal.com\/wp-content\/uploads\/2015\/03\/79427360.jpg","datePublished":"2014-03-06T17:13:41+00:00","dateModified":"2019-07-15T10:05:08+00:00","author":{"@id":"https:\/\/batijournal.com\/#\/schema\/person\/6a657e8967569e1b299972574848aa76"},"breadcrumb":{"@id":"https:\/\/batijournal.com\/index.php\/travailleurs-detaches-satisfecit-ministeriel-deception-syndicale\/71988\/#breadcrumb"},"inLanguage":"fr-FR","potentialAction":[{"@type":"ReadAction","target":["https:\/\/batijournal.com\/index.php\/travailleurs-detaches-satisfecit-ministeriel-deception-syndicale\/71988\/"]}]},{"@type":"ImageObject","inLanguage":"fr-FR","@id":"https:\/\/batijournal.com\/index.php\/travailleurs-detaches-satisfecit-ministeriel-deception-syndicale\/71988\/#primaryimage","url":"https:\/\/batijournal.com\/wp-content\/uploads\/2015\/03\/79427360.jpg","contentUrl":"https:\/\/batijournal.com\/wp-content\/uploads\/2015\/03\/79427360.jpg","width":599,"height":397},{"@type":"BreadcrumbList","@id":"https:\/\/batijournal.com\/index.php\/travailleurs-detaches-satisfecit-ministeriel-deception-syndicale\/71988\/#breadcrumb","itemListElement":[{"@type":"ListItem","position":1,"name":"Accueil","item":"https:\/\/batijournal.com\/"},{"@type":"ListItem","position":2,"name":"Actualit\u00e9s","item":"https:\/\/batijournal.com\/index.php\/category\/actualites\/"},{"@type":"ListItem","position":3,"name":"\u00c9conomie &amp; March\u00e9s","item":"https:\/\/batijournal.com\/index.php\/category\/actualites\/economie-marches\/"},{"@type":"ListItem","position":4,"name":"Travailleurs d\u00e9tach\u00e9s : satisfecit minist\u00e9riel, d\u00e9ception syndicale"}]},{"@type":"WebSite","@id":"https:\/\/batijournal.com\/#website","url":"https:\/\/batijournal.com\/","name":"Batijournal","description":"L&#039;actualit\u00e9 du b\u00e2timent","potentialAction":[{"@type":"SearchAction","target":{"@type":"EntryPoint","urlTemplate":"https:\/\/batijournal.com\/?s={search_term_string}"},"query-input":{"@type":"PropertyValueSpecification","valueRequired":true,"valueName":"search_term_string"}}],"inLanguage":"fr-FR"},{"@type":"Person","@id":"https:\/\/batijournal.com\/#\/schema\/person\/6a657e8967569e1b299972574848aa76","name":"Bati-journal","image":{"@type":"ImageObject","inLanguage":"fr-FR","@id":"https:\/\/secure.gravatar.com\/avatar\/a64364ea26392f9b4dd47e017ddaec74ff03aefc073b49e492e847201258f777?s=96&d=mm&r=g","url":"https:\/\/secure.gravatar.com\/avatar\/a64364ea26392f9b4dd47e017ddaec74ff03aefc073b49e492e847201258f777?s=96&d=mm&r=g","contentUrl":"https:\/\/secure.gravatar.com\/avatar\/a64364ea26392f9b4dd47e017ddaec74ff03aefc073b49e492e847201258f777?s=96&d=mm&r=g","caption":"Bati-journal"},"url":"https:\/\/batijournal.com\/index.php\/author\/elodie\/"}]}},"_links":{"self":[{"href":"https:\/\/batijournal.com\/index.php\/wp-json\/wp\/v2\/posts\/71988","targetHints":{"allow":["GET"]}}],"collection":[{"href":"https:\/\/batijournal.com\/index.php\/wp-json\/wp\/v2\/posts"}],"about":[{"href":"https:\/\/batijournal.com\/index.php\/wp-json\/wp\/v2\/types\/post"}],"author":[{"embeddable":true,"href":"https:\/\/batijournal.com\/index.php\/wp-json\/wp\/v2\/users\/1"}],"replies":[{"embeddable":true,"href":"https:\/\/batijournal.com\/index.php\/wp-json\/wp\/v2\/comments?post=71988"}],"version-history":[{"count":0,"href":"https:\/\/batijournal.com\/index.php\/wp-json\/wp\/v2\/posts\/71988\/revisions"}],"wp:featuredmedia":[{"embeddable":true,"href":"https:\/\/batijournal.com\/index.php\/wp-json\/wp\/v2\/media\/71989"}],"wp:attachment":[{"href":"https:\/\/batijournal.com\/index.php\/wp-json\/wp\/v2\/media?parent=71988"}],"wp:term":[{"taxonomy":"category","embeddable":true,"href":"https:\/\/batijournal.com\/index.php\/wp-json\/wp\/v2\/categories?post=71988"},{"taxonomy":"post_tag","embeddable":true,"href":"https:\/\/batijournal.com\/index.php\/wp-json\/wp\/v2\/tags?post=71988"}],"curies":[{"name":"wp","href":"https:\/\/api.w.org\/{rel}","templated":true}]}}