{"id":72209,"date":"2007-07-11T14:35:20","date_gmt":"2007-07-11T12:35:20","guid":{"rendered":"http:\/\/b.bati-journal.com\/teinter-et-proteger-le-parquet\/72209"},"modified":"2019-07-15T12:28:38","modified_gmt":"2019-07-15T10:28:38","slug":"teinter-et-proteger-le-parquet","status":"publish","type":"post","link":"https:\/\/batijournal.com\/index.php\/teinter-et-proteger-le-parquet\/72209\/","title":{"rendered":"Teinter et prot\u00e9ger le parquet"},"content":{"rendered":"<p>D\u00e9di\u00e9e aux parquets, la nouvelle gamme Int\u00e9rieur de Cecil professionnel s&rsquo;articule autour des \u00e9tapes de pr\u00e9paration du bois, de d\u00e9coration, de protection et d&rsquo;entretien. Chaque produit est identifi\u00e9 selon son \u00e9chelle de r\u00e9sistance qui correspond \u00e0 l&rsquo;intensit\u00e9 du trafic. Le primaire PX302 est \u00e0 la fois un fondur pour isoler en bouchant les pores du bois et une teinte (teintes classiques, modernes ou effets d\u00e9coratifs) pour d\u00e9corer et sublimer le parquet. Indispensable pour les bois taniques et difficiles (ch\u00eane, ch\u00e2taignier&#8230;), ce produit bloque les remont\u00e9es de tanins. Compatible avec toutes les finitions, vitrifi\u00e9es, huil\u00e9es, cir\u00e9es, il garantit l&rsquo;adh\u00e9rence, d\u00e9cuple les performances d&rsquo;imperm\u00e9abilit\u00e9 et de r\u00e9sistance aux taches.<\/p>\n","protected":false},"excerpt":{"rendered":"<p>D\u00e9di\u00e9e aux parquets, la nouvelle gamme Int\u00e9rieur de Cecil professionnel s&rsquo;articule autour des \u00e9tapes de pr\u00e9paration du bois, de d\u00e9coration, de protection et d&rsquo;entretien. Chaque produit est identifi\u00e9 selon son \u00e9chelle de r\u00e9sistance qui correspond \u00e0 l&rsquo;intensit\u00e9 du trafic. Le primaire PX302 est \u00e0 la fois un fondur pour isoler en bouchant les pores du [&hellip;]<\/p>\n","protected":false},"author":1,"featured_media":72210,"comment_status":"open","ping_status":"closed","sticky":false,"template":"","format":"standard","meta":{"_et_pb_use_builder":"","_et_pb_old_content":"","_et_gb_content_width":"","footnotes":""},"categories":[6356],"tags":[3950,430,1540],"class_list":["post-72209","post","type-post","status-publish","format-standard","has-post-thumbnail","hentry","category-produits-solutions-techniques","tag-cecil-professionnel","tag-parquets","tag-vernis-3"],"yoast_head":"<!-- This site is optimized with the Yoast SEO plugin v27.4 - https:\/\/yoast.com\/product\/yoast-seo-wordpress\/ -->\n<title>Teinter et prot\u00e9ger le parquet<\/title>\n<meta name=\"robots\" content=\"index, follow, max-snippet:-1, max-image-preview:large, max-video-preview:-1\" \/>\n<link rel=\"canonical\" href=\"https:\/\/batijournal.com\/index.php\/teinter-et-proteger-le-parquet\/72209\/\" \/>\n<meta property=\"og:locale\" content=\"fr_FR\" \/>\n<meta property=\"og:type\" content=\"article\" \/>\n<meta property=\"og:title\" content=\"Teinter et prot\u00e9ger le parquet\" \/>\n<meta property=\"og:description\" content=\"D\u00e9di\u00e9e aux parquets, la nouvelle gamme Int\u00e9rieur de Cecil professionnel s&rsquo;articule autour des \u00e9tapes de pr\u00e9paration du bois, de d\u00e9coration, de protection et d&rsquo;entretien. Chaque produit est identifi\u00e9 selon son \u00e9chelle de r\u00e9sistance qui correspond \u00e0 l&rsquo;intensit\u00e9 du trafic. Le primaire PX302 est \u00e0 la fois un fondur pour isoler en bouchant les pores du [&hellip;]\" \/>\n<meta property=\"og:url\" content=\"https:\/\/batijournal.com\/index.php\/teinter-et-proteger-le-parquet\/72209\/\" \/>\n<meta property=\"og:site_name\" content=\"Batijournal\" \/>\n<meta property=\"article:published_time\" content=\"2007-07-11T12:35:20+00:00\" \/>\n<meta property=\"article:modified_time\" content=\"2019-07-15T10:28:38+00:00\" \/>\n<meta property=\"og:image\" content=\"https:\/\/batijournal.com\/wp-content\/uploads\/2015\/03\/001673.jpg\" \/>\n\t<meta property=\"og:image:width\" content=\"450\" \/>\n\t<meta property=\"og:image:height\" content=\"600\" \/>\n\t<meta property=\"og:image:type\" content=\"image\/jpeg\" \/>\n<meta name=\"author\" content=\"Bati-journal\" \/>\n<meta name=\"twitter:card\" content=\"summary_large_image\" \/>\n<meta name=\"twitter:creator\" content=\"@bati_journal\" \/>\n<meta name=\"twitter:site\" content=\"@bati_journal\" \/>\n<meta name=\"twitter:label1\" content=\"\u00c9crit par\" \/>\n\t<meta name=\"twitter:data1\" content=\"Bati-journal\" \/>\n\t<meta name=\"twitter:label2\" content=\"Dur\u00e9e de lecture estim\u00e9e\" \/>\n\t<meta name=\"twitter:data2\" content=\"1 minute\" \/>\n<script type=\"application\/ld+json\" class=\"yoast-schema-graph\">{\"@context\":\"https:\\\/\\\/schema.org\",\"@graph\":[{\"@type\":\"Article\",\"@id\":\"https:\\\/\\\/batijournal.com\\\/index.php\\\/teinter-et-proteger-le-parquet\\\/72209\\\/#article\",\"isPartOf\":{\"@id\":\"https:\\\/\\\/batijournal.com\\\/index.php\\\/teinter-et-proteger-le-parquet\\\/72209\\\/\"},\"author\":{\"name\":\"Bati-journal\",\"@id\":\"https:\\\/\\\/batijournal.com\\\/#\\\/schema\\\/person\\\/6a657e8967569e1b299972574848aa76\"},\"headline\":\"Teinter et prot\u00e9ger le parquet\",\"datePublished\":\"2007-07-11T12:35:20+00:00\",\"dateModified\":\"2019-07-15T10:28:38+00:00\",\"mainEntityOfPage\":{\"@id\":\"https:\\\/\\\/batijournal.com\\\/index.php\\\/teinter-et-proteger-le-parquet\\\/72209\\\/\"},\"wordCount\":134,\"commentCount\":0,\"image\":{\"@id\":\"https:\\\/\\\/batijournal.com\\\/index.php\\\/teinter-et-proteger-le-parquet\\\/72209\\\/#primaryimage\"},\"thumbnailUrl\":\"https:\\\/\\\/batijournal.com\\\/wp-content\\\/uploads\\\/2015\\\/03\\\/001673.jpg\",\"keywords\":[\"Cecil Professionnel\",\"parquets\",\"vernis\"],\"articleSection\":[\"Produits &amp; Solutions techniques\"],\"inLanguage\":\"fr-FR\",\"potentialAction\":[{\"@type\":\"CommentAction\",\"name\":\"Comment\",\"target\":[\"https:\\\/\\\/batijournal.com\\\/index.php\\\/teinter-et-proteger-le-parquet\\\/72209\\\/#respond\"]}]},{\"@type\":\"WebPage\",\"@id\":\"https:\\\/\\\/batijournal.com\\\/index.php\\\/teinter-et-proteger-le-parquet\\\/72209\\\/\",\"url\":\"https:\\\/\\\/batijournal.com\\\/index.php\\\/teinter-et-proteger-le-parquet\\\/72209\\\/\",\"name\":\"Teinter et prot\u00e9ger le parquet\",\"isPartOf\":{\"@id\":\"https:\\\/\\\/batijournal.com\\\/#website\"},\"primaryImageOfPage\":{\"@id\":\"https:\\\/\\\/batijournal.com\\\/index.php\\\/teinter-et-proteger-le-parquet\\\/72209\\\/#primaryimage\"},\"image\":{\"@id\":\"https:\\\/\\\/batijournal.com\\\/index.php\\\/teinter-et-proteger-le-parquet\\\/72209\\\/#primaryimage\"},\"thumbnailUrl\":\"https:\\\/\\\/batijournal.com\\\/wp-content\\\/uploads\\\/2015\\\/03\\\/001673.jpg\",\"datePublished\":\"2007-07-11T12:35:20+00:00\",\"dateModified\":\"2019-07-15T10:28:38+00:00\",\"author\":{\"@id\":\"https:\\\/\\\/batijournal.com\\\/#\\\/schema\\\/person\\\/6a657e8967569e1b299972574848aa76\"},\"breadcrumb\":{\"@id\":\"https:\\\/\\\/batijournal.com\\\/index.php\\\/teinter-et-proteger-le-parquet\\\/72209\\\/#breadcrumb\"},\"inLanguage\":\"fr-FR\",\"potentialAction\":[{\"@type\":\"ReadAction\",\"target\":[\"https:\\\/\\\/batijournal.com\\\/index.php\\\/teinter-et-proteger-le-parquet\\\/72209\\\/\"]}]},{\"@type\":\"ImageObject\",\"inLanguage\":\"fr-FR\",\"@id\":\"https:\\\/\\\/batijournal.com\\\/index.php\\\/teinter-et-proteger-le-parquet\\\/72209\\\/#primaryimage\",\"url\":\"https:\\\/\\\/batijournal.com\\\/wp-content\\\/uploads\\\/2015\\\/03\\\/001673.jpg\",\"contentUrl\":\"https:\\\/\\\/batijournal.com\\\/wp-content\\\/uploads\\\/2015\\\/03\\\/001673.jpg\",\"width\":450,\"height\":600},{\"@type\":\"BreadcrumbList\",\"@id\":\"https:\\\/\\\/batijournal.com\\\/index.php\\\/teinter-et-proteger-le-parquet\\\/72209\\\/#breadcrumb\",\"itemListElement\":[{\"@type\":\"ListItem\",\"position\":1,\"name\":\"Accueil\",\"item\":\"https:\\\/\\\/batijournal.com\\\/\"},{\"@type\":\"ListItem\",\"position\":2,\"name\":\"Produits &amp; Solutions techniques\",\"item\":\"https:\\\/\\\/batijournal.com\\\/index.php\\\/category\\\/produits-solutions-techniques\\\/\"},{\"@type\":\"ListItem\",\"position\":3,\"name\":\"Teinter et prot\u00e9ger le parquet\"}]},{\"@type\":\"WebSite\",\"@id\":\"https:\\\/\\\/batijournal.com\\\/#website\",\"url\":\"https:\\\/\\\/batijournal.com\\\/\",\"name\":\"Batijournal\",\"description\":\"L&#039;actualit\u00e9 du b\u00e2timent\",\"potentialAction\":[{\"@type\":\"SearchAction\",\"target\":{\"@type\":\"EntryPoint\",\"urlTemplate\":\"https:\\\/\\\/batijournal.com\\\/?s={search_term_string}\"},\"query-input\":{\"@type\":\"PropertyValueSpecification\",\"valueRequired\":true,\"valueName\":\"search_term_string\"}}],\"inLanguage\":\"fr-FR\"},{\"@type\":\"Person\",\"@id\":\"https:\\\/\\\/batijournal.com\\\/#\\\/schema\\\/person\\\/6a657e8967569e1b299972574848aa76\",\"name\":\"Bati-journal\",\"image\":{\"@type\":\"ImageObject\",\"inLanguage\":\"fr-FR\",\"@id\":\"https:\\\/\\\/secure.gravatar.com\\\/avatar\\\/a64364ea26392f9b4dd47e017ddaec74ff03aefc073b49e492e847201258f777?s=96&d=mm&r=g\",\"url\":\"https:\\\/\\\/secure.gravatar.com\\\/avatar\\\/a64364ea26392f9b4dd47e017ddaec74ff03aefc073b49e492e847201258f777?s=96&d=mm&r=g\",\"contentUrl\":\"https:\\\/\\\/secure.gravatar.com\\\/avatar\\\/a64364ea26392f9b4dd47e017ddaec74ff03aefc073b49e492e847201258f777?s=96&d=mm&r=g\",\"caption\":\"Bati-journal\"},\"url\":\"https:\\\/\\\/batijournal.com\\\/index.php\\\/author\\\/elodie\\\/\"}]}<\/script>\n<!-- \/ Yoast SEO plugin. -->","yoast_head_json":{"title":"Teinter et prot\u00e9ger le parquet","robots":{"index":"index","follow":"follow","max-snippet":"max-snippet:-1","max-image-preview":"max-image-preview:large","max-video-preview":"max-video-preview:-1"},"canonical":"https:\/\/batijournal.com\/index.php\/teinter-et-proteger-le-parquet\/72209\/","og_locale":"fr_FR","og_type":"article","og_title":"Teinter et prot\u00e9ger le parquet","og_description":"D\u00e9di\u00e9e aux parquets, la nouvelle gamme Int\u00e9rieur de Cecil professionnel s&rsquo;articule autour des \u00e9tapes de pr\u00e9paration du bois, de d\u00e9coration, de protection et d&rsquo;entretien. Chaque produit est identifi\u00e9 selon son \u00e9chelle de r\u00e9sistance qui correspond \u00e0 l&rsquo;intensit\u00e9 du trafic. Le primaire PX302 est \u00e0 la fois un fondur pour isoler en bouchant les pores du [&hellip;]","og_url":"https:\/\/batijournal.com\/index.php\/teinter-et-proteger-le-parquet\/72209\/","og_site_name":"Batijournal","article_published_time":"2007-07-11T12:35:20+00:00","article_modified_time":"2019-07-15T10:28:38+00:00","og_image":[{"width":450,"height":600,"url":"https:\/\/batijournal.com\/wp-content\/uploads\/2015\/03\/001673.jpg","type":"image\/jpeg"}],"author":"Bati-journal","twitter_card":"summary_large_image","twitter_creator":"@bati_journal","twitter_site":"@bati_journal","twitter_misc":{"\u00c9crit par":"Bati-journal","Dur\u00e9e de lecture estim\u00e9e":"1 minute"},"schema":{"@context":"https:\/\/schema.org","@graph":[{"@type":"Article","@id":"https:\/\/batijournal.com\/index.php\/teinter-et-proteger-le-parquet\/72209\/#article","isPartOf":{"@id":"https:\/\/batijournal.com\/index.php\/teinter-et-proteger-le-parquet\/72209\/"},"author":{"name":"Bati-journal","@id":"https:\/\/batijournal.com\/#\/schema\/person\/6a657e8967569e1b299972574848aa76"},"headline":"Teinter et prot\u00e9ger le parquet","datePublished":"2007-07-11T12:35:20+00:00","dateModified":"2019-07-15T10:28:38+00:00","mainEntityOfPage":{"@id":"https:\/\/batijournal.com\/index.php\/teinter-et-proteger-le-parquet\/72209\/"},"wordCount":134,"commentCount":0,"image":{"@id":"https:\/\/batijournal.com\/index.php\/teinter-et-proteger-le-parquet\/72209\/#primaryimage"},"thumbnailUrl":"https:\/\/batijournal.com\/wp-content\/uploads\/2015\/03\/001673.jpg","keywords":["Cecil Professionnel","parquets","vernis"],"articleSection":["Produits &amp; Solutions techniques"],"inLanguage":"fr-FR","potentialAction":[{"@type":"CommentAction","name":"Comment","target":["https:\/\/batijournal.com\/index.php\/teinter-et-proteger-le-parquet\/72209\/#respond"]}]},{"@type":"WebPage","@id":"https:\/\/batijournal.com\/index.php\/teinter-et-proteger-le-parquet\/72209\/","url":"https:\/\/batijournal.com\/index.php\/teinter-et-proteger-le-parquet\/72209\/","name":"Teinter et prot\u00e9ger le parquet","isPartOf":{"@id":"https:\/\/batijournal.com\/#website"},"primaryImageOfPage":{"@id":"https:\/\/batijournal.com\/index.php\/teinter-et-proteger-le-parquet\/72209\/#primaryimage"},"image":{"@id":"https:\/\/batijournal.com\/index.php\/teinter-et-proteger-le-parquet\/72209\/#primaryimage"},"thumbnailUrl":"https:\/\/batijournal.com\/wp-content\/uploads\/2015\/03\/001673.jpg","datePublished":"2007-07-11T12:35:20+00:00","dateModified":"2019-07-15T10:28:38+00:00","author":{"@id":"https:\/\/batijournal.com\/#\/schema\/person\/6a657e8967569e1b299972574848aa76"},"breadcrumb":{"@id":"https:\/\/batijournal.com\/index.php\/teinter-et-proteger-le-parquet\/72209\/#breadcrumb"},"inLanguage":"fr-FR","potentialAction":[{"@type":"ReadAction","target":["https:\/\/batijournal.com\/index.php\/teinter-et-proteger-le-parquet\/72209\/"]}]},{"@type":"ImageObject","inLanguage":"fr-FR","@id":"https:\/\/batijournal.com\/index.php\/teinter-et-proteger-le-parquet\/72209\/#primaryimage","url":"https:\/\/batijournal.com\/wp-content\/uploads\/2015\/03\/001673.jpg","contentUrl":"https:\/\/batijournal.com\/wp-content\/uploads\/2015\/03\/001673.jpg","width":450,"height":600},{"@type":"BreadcrumbList","@id":"https:\/\/batijournal.com\/index.php\/teinter-et-proteger-le-parquet\/72209\/#breadcrumb","itemListElement":[{"@type":"ListItem","position":1,"name":"Accueil","item":"https:\/\/batijournal.com\/"},{"@type":"ListItem","position":2,"name":"Produits &amp; Solutions techniques","item":"https:\/\/batijournal.com\/index.php\/category\/produits-solutions-techniques\/"},{"@type":"ListItem","position":3,"name":"Teinter et prot\u00e9ger le parquet"}]},{"@type":"WebSite","@id":"https:\/\/batijournal.com\/#website","url":"https:\/\/batijournal.com\/","name":"Batijournal","description":"L&#039;actualit\u00e9 du b\u00e2timent","potentialAction":[{"@type":"SearchAction","target":{"@type":"EntryPoint","urlTemplate":"https:\/\/batijournal.com\/?s={search_term_string}"},"query-input":{"@type":"PropertyValueSpecification","valueRequired":true,"valueName":"search_term_string"}}],"inLanguage":"fr-FR"},{"@type":"Person","@id":"https:\/\/batijournal.com\/#\/schema\/person\/6a657e8967569e1b299972574848aa76","name":"Bati-journal","image":{"@type":"ImageObject","inLanguage":"fr-FR","@id":"https:\/\/secure.gravatar.com\/avatar\/a64364ea26392f9b4dd47e017ddaec74ff03aefc073b49e492e847201258f777?s=96&d=mm&r=g","url":"https:\/\/secure.gravatar.com\/avatar\/a64364ea26392f9b4dd47e017ddaec74ff03aefc073b49e492e847201258f777?s=96&d=mm&r=g","contentUrl":"https:\/\/secure.gravatar.com\/avatar\/a64364ea26392f9b4dd47e017ddaec74ff03aefc073b49e492e847201258f777?s=96&d=mm&r=g","caption":"Bati-journal"},"url":"https:\/\/batijournal.com\/index.php\/author\/elodie\/"}]}},"_links":{"self":[{"href":"https:\/\/batijournal.com\/index.php\/wp-json\/wp\/v2\/posts\/72209","targetHints":{"allow":["GET"]}}],"collection":[{"href":"https:\/\/batijournal.com\/index.php\/wp-json\/wp\/v2\/posts"}],"about":[{"href":"https:\/\/batijournal.com\/index.php\/wp-json\/wp\/v2\/types\/post"}],"author":[{"embeddable":true,"href":"https:\/\/batijournal.com\/index.php\/wp-json\/wp\/v2\/users\/1"}],"replies":[{"embeddable":true,"href":"https:\/\/batijournal.com\/index.php\/wp-json\/wp\/v2\/comments?post=72209"}],"version-history":[{"count":0,"href":"https:\/\/batijournal.com\/index.php\/wp-json\/wp\/v2\/posts\/72209\/revisions"}],"wp:featuredmedia":[{"embeddable":true,"href":"https:\/\/batijournal.com\/index.php\/wp-json\/wp\/v2\/media\/72210"}],"wp:attachment":[{"href":"https:\/\/batijournal.com\/index.php\/wp-json\/wp\/v2\/media?parent=72209"}],"wp:term":[{"taxonomy":"category","embeddable":true,"href":"https:\/\/batijournal.com\/index.php\/wp-json\/wp\/v2\/categories?post=72209"},{"taxonomy":"post_tag","embeddable":true,"href":"https:\/\/batijournal.com\/index.php\/wp-json\/wp\/v2\/tags?post=72209"}],"curies":[{"name":"wp","href":"https:\/\/api.w.org\/{rel}","templated":true}]}}