{"id":72730,"date":"2013-06-25T16:17:57","date_gmt":"2013-06-25T14:17:57","guid":{"rendered":"http:\/\/b.bati-journal.com\/revalorisation-des-minimas-conventionnels-dans-les-negoces-des-materiaux-de-construction\/72730"},"modified":"2019-07-15T10:44:22","modified_gmt":"2019-07-15T08:44:22","slug":"revalorisation-des-minimas-conventionnels-dans-les-negoces-des-materiaux-de-construction","status":"publish","type":"post","link":"https:\/\/batijournal.com\/index.php\/revalorisation-des-minimas-conventionnels-dans-les-negoces-des-materiaux-de-construction\/72730\/","title":{"rendered":"Revalorisation des minimas conventionnels dans les n\u00e9goces des mat\u00e9riaux de construction"},"content":{"rendered":"<p>A l&rsquo;issue des deux r\u00e9unions paritaires du 14 d\u00e9cembre 2011 et 4 janvier 2012, les partenaires sociaux de la branche du n\u00e9goce des mat\u00e9riaux de construction sont parvenus \u00e0 un consensus sur la revalorisation des minimas conventionnels. Deux avenants ont \u00e9t\u00e9 sign\u00e9s par la FNBM, la CFDT bois-construction et la F\u00e9d\u00e9ration G\u00e9n\u00e9rale Force Ouvri\u00e8re des travailleurs du b\u00e2timent, des travaux publics, du bois, des carri\u00e8res, des mat\u00e9riaux de construction, du papier carton, de la c\u00e9ramique, de l&rsquo;exploitation thermique. Ainsi, depuis le 1er janvier 2012, les minimas conventionnels de l&rsquo;ensemble des salari\u00e9s de la branche du n\u00e9goce des mat\u00e9riaux de construction ont b\u00e9n\u00e9fici\u00e9 d&rsquo;une augmentation de 2,4 %. Le bar\u00e8me de la prime d&rsquo;anciennet\u00e9 est revaloris\u00e9 \u00e0 1,2 %. Par ailleurs, La FNBM et la F\u00e9d\u00e9ration G\u00e9n\u00e9rale Force Ouvri\u00e8re des travailleurs du b\u00e2timent, des travaux publics, du bois, des carri\u00e8res, des mat\u00e9riaux de construction, du papier carton, de la c\u00e9ramique, de l&rsquo;exploitation thermique ont sign\u00e9 un nouvel avenant \u00e0 l&rsquo;accord de branche du 23 juin 1999. Ainsi, l&rsquo;avenant n\u00b0 4 du 23 novembre 2011 pr\u00e9voit la possibilit\u00e9 de recourir \u00e0 un contingent de 210 heures suppl\u00e9mentaires pour 2012, dans les entreprises de moins de 50 salari\u00e9s. En parall\u00e8le, les partenaires sociaux du n\u00e9goce de bois d&rsquo;oeuvre sont \u00e9galement parvenus \u00e0 un accord sur la revalorisation des minimas conventionnels dans leur branche le 6 janvier 2012. L&rsquo;avenant n\u00b0 15 \u00e0 l&rsquo;accord sur les salaires minimaux du personnel du n\u00e9goce de bois a \u00e9t\u00e9 sign\u00e9 par la FNBM et la CFDT bois-construction. Depuis le 1er janvier 2012, les minimas conventionnels du n\u00e9goce de bois sont revaloris\u00e9s de 1,63 % \u00e0 2,41 % selon les coefficients des salari\u00e9s. La valeur du point d&rsquo;anciennet\u00e9 est port\u00e9e \u00e0 5,97 euros. Aucune organisation syndicale ne s&rsquo;\u00e9tant oppos\u00e9e \u00e0 ces accords, ceux-ci s&rsquo;appliquent \u00e0 compter du 1er janvier 2012.<\/p>\n<p><span style=\"font-size: medium;\"><a href=\"http:\/\/www.fnbm.fr\" target=\"_blank\" rel=\"noopener noreferrer\">www.fnbm.fr<\/a><\/span><\/p>\n","protected":false},"excerpt":{"rendered":"<p>A l&rsquo;issue des deux r\u00e9unions paritaires du 14 d\u00e9cembre 2011 et 4 janvier 2012, les partenaires sociaux de la branche du n\u00e9goce des mat\u00e9riaux de construction sont parvenus \u00e0 un consensus sur la revalorisation des minimas conventionnels. Deux avenants ont \u00e9t\u00e9 sign\u00e9s par la FNBM, la CFDT bois-construction et la F\u00e9d\u00e9ration G\u00e9n\u00e9rale Force Ouvri\u00e8re des [&hellip;]<\/p>\n","protected":false},"author":1,"featured_media":0,"comment_status":"open","ping_status":"closed","sticky":false,"template":"","format":"standard","meta":{"_et_pb_use_builder":"","_et_pb_old_content":"","_et_gb_content_width":"","footnotes":""},"categories":[6345],"tags":[53,1422,11040],"class_list":["post-72730","post","type-post","status-publish","format-standard","hentry","category-economie-marches","tag-construction","tag-materiaux","tag-negoce"],"yoast_head":"<!-- This site is optimized with the Yoast SEO plugin v27.4 - https:\/\/yoast.com\/product\/yoast-seo-wordpress\/ -->\n<title>Revalorisation des minimas conventionnels dans les n\u00e9goces des mat\u00e9riaux de construction<\/title>\n<meta name=\"robots\" content=\"index, follow, max-snippet:-1, max-image-preview:large, max-video-preview:-1\" \/>\n<link rel=\"canonical\" href=\"https:\/\/batijournal.com\/index.php\/revalorisation-des-minimas-conventionnels-dans-les-negoces-des-materiaux-de-construction\/72730\/\" \/>\n<meta property=\"og:locale\" content=\"fr_FR\" \/>\n<meta property=\"og:type\" content=\"article\" \/>\n<meta property=\"og:title\" content=\"Revalorisation des minimas conventionnels dans les n\u00e9goces des mat\u00e9riaux de construction\" \/>\n<meta property=\"og:description\" content=\"A l&rsquo;issue des deux r\u00e9unions paritaires du 14 d\u00e9cembre 2011 et 4 janvier 2012, les partenaires sociaux de la branche du n\u00e9goce des mat\u00e9riaux de construction sont parvenus \u00e0 un consensus sur la revalorisation des minimas conventionnels. Deux avenants ont \u00e9t\u00e9 sign\u00e9s par la FNBM, la CFDT bois-construction et la F\u00e9d\u00e9ration G\u00e9n\u00e9rale Force Ouvri\u00e8re des [&hellip;]\" \/>\n<meta property=\"og:url\" content=\"https:\/\/batijournal.com\/index.php\/revalorisation-des-minimas-conventionnels-dans-les-negoces-des-materiaux-de-construction\/72730\/\" \/>\n<meta property=\"og:site_name\" content=\"Batijournal\" \/>\n<meta property=\"article:published_time\" content=\"2013-06-25T14:17:57+00:00\" \/>\n<meta property=\"article:modified_time\" content=\"2019-07-15T08:44:22+00:00\" \/>\n<meta name=\"author\" content=\"Bati-journal\" \/>\n<meta name=\"twitter:card\" content=\"summary_large_image\" \/>\n<meta name=\"twitter:creator\" content=\"@bati_journal\" \/>\n<meta name=\"twitter:site\" content=\"@bati_journal\" \/>\n<meta name=\"twitter:label1\" content=\"\u00c9crit par\" \/>\n\t<meta name=\"twitter:data1\" content=\"Bati-journal\" \/>\n\t<meta name=\"twitter:label2\" content=\"Dur\u00e9e de lecture estim\u00e9e\" \/>\n\t<meta name=\"twitter:data2\" content=\"2 minutes\" \/>\n<script type=\"application\/ld+json\" class=\"yoast-schema-graph\">{\"@context\":\"https:\\\/\\\/schema.org\",\"@graph\":[{\"@type\":\"Article\",\"@id\":\"https:\\\/\\\/batijournal.com\\\/index.php\\\/revalorisation-des-minimas-conventionnels-dans-les-negoces-des-materiaux-de-construction\\\/72730\\\/#article\",\"isPartOf\":{\"@id\":\"https:\\\/\\\/batijournal.com\\\/index.php\\\/revalorisation-des-minimas-conventionnels-dans-les-negoces-des-materiaux-de-construction\\\/72730\\\/\"},\"author\":{\"name\":\"Bati-journal\",\"@id\":\"https:\\\/\\\/batijournal.com\\\/#\\\/schema\\\/person\\\/6a657e8967569e1b299972574848aa76\"},\"headline\":\"Revalorisation des minimas conventionnels dans les n\u00e9goces des mat\u00e9riaux de construction\",\"datePublished\":\"2013-06-25T14:17:57+00:00\",\"dateModified\":\"2019-07-15T08:44:22+00:00\",\"mainEntityOfPage\":{\"@id\":\"https:\\\/\\\/batijournal.com\\\/index.php\\\/revalorisation-des-minimas-conventionnels-dans-les-negoces-des-materiaux-de-construction\\\/72730\\\/\"},\"wordCount\":334,\"commentCount\":0,\"keywords\":[\"construction\",\"mat\u00e9riaux\",\"n\u00e9goce\"],\"articleSection\":[\"\u00c9conomie &amp; March\u00e9s\"],\"inLanguage\":\"fr-FR\",\"potentialAction\":[{\"@type\":\"CommentAction\",\"name\":\"Comment\",\"target\":[\"https:\\\/\\\/batijournal.com\\\/index.php\\\/revalorisation-des-minimas-conventionnels-dans-les-negoces-des-materiaux-de-construction\\\/72730\\\/#respond\"]}]},{\"@type\":\"WebPage\",\"@id\":\"https:\\\/\\\/batijournal.com\\\/index.php\\\/revalorisation-des-minimas-conventionnels-dans-les-negoces-des-materiaux-de-construction\\\/72730\\\/\",\"url\":\"https:\\\/\\\/batijournal.com\\\/index.php\\\/revalorisation-des-minimas-conventionnels-dans-les-negoces-des-materiaux-de-construction\\\/72730\\\/\",\"name\":\"Revalorisation des minimas conventionnels dans les n\u00e9goces des mat\u00e9riaux de construction\",\"isPartOf\":{\"@id\":\"https:\\\/\\\/batijournal.com\\\/#website\"},\"datePublished\":\"2013-06-25T14:17:57+00:00\",\"dateModified\":\"2019-07-15T08:44:22+00:00\",\"author\":{\"@id\":\"https:\\\/\\\/batijournal.com\\\/#\\\/schema\\\/person\\\/6a657e8967569e1b299972574848aa76\"},\"breadcrumb\":{\"@id\":\"https:\\\/\\\/batijournal.com\\\/index.php\\\/revalorisation-des-minimas-conventionnels-dans-les-negoces-des-materiaux-de-construction\\\/72730\\\/#breadcrumb\"},\"inLanguage\":\"fr-FR\",\"potentialAction\":[{\"@type\":\"ReadAction\",\"target\":[\"https:\\\/\\\/batijournal.com\\\/index.php\\\/revalorisation-des-minimas-conventionnels-dans-les-negoces-des-materiaux-de-construction\\\/72730\\\/\"]}]},{\"@type\":\"BreadcrumbList\",\"@id\":\"https:\\\/\\\/batijournal.com\\\/index.php\\\/revalorisation-des-minimas-conventionnels-dans-les-negoces-des-materiaux-de-construction\\\/72730\\\/#breadcrumb\",\"itemListElement\":[{\"@type\":\"ListItem\",\"position\":1,\"name\":\"Accueil\",\"item\":\"https:\\\/\\\/batijournal.com\\\/\"},{\"@type\":\"ListItem\",\"position\":2,\"name\":\"Actualit\u00e9s\",\"item\":\"https:\\\/\\\/batijournal.com\\\/index.php\\\/category\\\/actualites\\\/\"},{\"@type\":\"ListItem\",\"position\":3,\"name\":\"\u00c9conomie &amp; March\u00e9s\",\"item\":\"https:\\\/\\\/batijournal.com\\\/index.php\\\/category\\\/actualites\\\/economie-marches\\\/\"},{\"@type\":\"ListItem\",\"position\":4,\"name\":\"Revalorisation des minimas conventionnels dans les n\u00e9goces des mat\u00e9riaux de construction\"}]},{\"@type\":\"WebSite\",\"@id\":\"https:\\\/\\\/batijournal.com\\\/#website\",\"url\":\"https:\\\/\\\/batijournal.com\\\/\",\"name\":\"Batijournal\",\"description\":\"L&#039;actualit\u00e9 du b\u00e2timent\",\"potentialAction\":[{\"@type\":\"SearchAction\",\"target\":{\"@type\":\"EntryPoint\",\"urlTemplate\":\"https:\\\/\\\/batijournal.com\\\/?s={search_term_string}\"},\"query-input\":{\"@type\":\"PropertyValueSpecification\",\"valueRequired\":true,\"valueName\":\"search_term_string\"}}],\"inLanguage\":\"fr-FR\"},{\"@type\":\"Person\",\"@id\":\"https:\\\/\\\/batijournal.com\\\/#\\\/schema\\\/person\\\/6a657e8967569e1b299972574848aa76\",\"name\":\"Bati-journal\",\"image\":{\"@type\":\"ImageObject\",\"inLanguage\":\"fr-FR\",\"@id\":\"https:\\\/\\\/secure.gravatar.com\\\/avatar\\\/a64364ea26392f9b4dd47e017ddaec74ff03aefc073b49e492e847201258f777?s=96&d=mm&r=g\",\"url\":\"https:\\\/\\\/secure.gravatar.com\\\/avatar\\\/a64364ea26392f9b4dd47e017ddaec74ff03aefc073b49e492e847201258f777?s=96&d=mm&r=g\",\"contentUrl\":\"https:\\\/\\\/secure.gravatar.com\\\/avatar\\\/a64364ea26392f9b4dd47e017ddaec74ff03aefc073b49e492e847201258f777?s=96&d=mm&r=g\",\"caption\":\"Bati-journal\"},\"url\":\"https:\\\/\\\/batijournal.com\\\/index.php\\\/author\\\/elodie\\\/\"}]}<\/script>\n<!-- \/ Yoast SEO plugin. -->","yoast_head_json":{"title":"Revalorisation des minimas conventionnels dans les n\u00e9goces des mat\u00e9riaux de construction","robots":{"index":"index","follow":"follow","max-snippet":"max-snippet:-1","max-image-preview":"max-image-preview:large","max-video-preview":"max-video-preview:-1"},"canonical":"https:\/\/batijournal.com\/index.php\/revalorisation-des-minimas-conventionnels-dans-les-negoces-des-materiaux-de-construction\/72730\/","og_locale":"fr_FR","og_type":"article","og_title":"Revalorisation des minimas conventionnels dans les n\u00e9goces des mat\u00e9riaux de construction","og_description":"A l&rsquo;issue des deux r\u00e9unions paritaires du 14 d\u00e9cembre 2011 et 4 janvier 2012, les partenaires sociaux de la branche du n\u00e9goce des mat\u00e9riaux de construction sont parvenus \u00e0 un consensus sur la revalorisation des minimas conventionnels. Deux avenants ont \u00e9t\u00e9 sign\u00e9s par la FNBM, la CFDT bois-construction et la F\u00e9d\u00e9ration G\u00e9n\u00e9rale Force Ouvri\u00e8re des [&hellip;]","og_url":"https:\/\/batijournal.com\/index.php\/revalorisation-des-minimas-conventionnels-dans-les-negoces-des-materiaux-de-construction\/72730\/","og_site_name":"Batijournal","article_published_time":"2013-06-25T14:17:57+00:00","article_modified_time":"2019-07-15T08:44:22+00:00","author":"Bati-journal","twitter_card":"summary_large_image","twitter_creator":"@bati_journal","twitter_site":"@bati_journal","twitter_misc":{"\u00c9crit par":"Bati-journal","Dur\u00e9e de lecture estim\u00e9e":"2 minutes"},"schema":{"@context":"https:\/\/schema.org","@graph":[{"@type":"Article","@id":"https:\/\/batijournal.com\/index.php\/revalorisation-des-minimas-conventionnels-dans-les-negoces-des-materiaux-de-construction\/72730\/#article","isPartOf":{"@id":"https:\/\/batijournal.com\/index.php\/revalorisation-des-minimas-conventionnels-dans-les-negoces-des-materiaux-de-construction\/72730\/"},"author":{"name":"Bati-journal","@id":"https:\/\/batijournal.com\/#\/schema\/person\/6a657e8967569e1b299972574848aa76"},"headline":"Revalorisation des minimas conventionnels dans les n\u00e9goces des mat\u00e9riaux de construction","datePublished":"2013-06-25T14:17:57+00:00","dateModified":"2019-07-15T08:44:22+00:00","mainEntityOfPage":{"@id":"https:\/\/batijournal.com\/index.php\/revalorisation-des-minimas-conventionnels-dans-les-negoces-des-materiaux-de-construction\/72730\/"},"wordCount":334,"commentCount":0,"keywords":["construction","mat\u00e9riaux","n\u00e9goce"],"articleSection":["\u00c9conomie &amp; March\u00e9s"],"inLanguage":"fr-FR","potentialAction":[{"@type":"CommentAction","name":"Comment","target":["https:\/\/batijournal.com\/index.php\/revalorisation-des-minimas-conventionnels-dans-les-negoces-des-materiaux-de-construction\/72730\/#respond"]}]},{"@type":"WebPage","@id":"https:\/\/batijournal.com\/index.php\/revalorisation-des-minimas-conventionnels-dans-les-negoces-des-materiaux-de-construction\/72730\/","url":"https:\/\/batijournal.com\/index.php\/revalorisation-des-minimas-conventionnels-dans-les-negoces-des-materiaux-de-construction\/72730\/","name":"Revalorisation des minimas conventionnels dans les n\u00e9goces des mat\u00e9riaux de construction","isPartOf":{"@id":"https:\/\/batijournal.com\/#website"},"datePublished":"2013-06-25T14:17:57+00:00","dateModified":"2019-07-15T08:44:22+00:00","author":{"@id":"https:\/\/batijournal.com\/#\/schema\/person\/6a657e8967569e1b299972574848aa76"},"breadcrumb":{"@id":"https:\/\/batijournal.com\/index.php\/revalorisation-des-minimas-conventionnels-dans-les-negoces-des-materiaux-de-construction\/72730\/#breadcrumb"},"inLanguage":"fr-FR","potentialAction":[{"@type":"ReadAction","target":["https:\/\/batijournal.com\/index.php\/revalorisation-des-minimas-conventionnels-dans-les-negoces-des-materiaux-de-construction\/72730\/"]}]},{"@type":"BreadcrumbList","@id":"https:\/\/batijournal.com\/index.php\/revalorisation-des-minimas-conventionnels-dans-les-negoces-des-materiaux-de-construction\/72730\/#breadcrumb","itemListElement":[{"@type":"ListItem","position":1,"name":"Accueil","item":"https:\/\/batijournal.com\/"},{"@type":"ListItem","position":2,"name":"Actualit\u00e9s","item":"https:\/\/batijournal.com\/index.php\/category\/actualites\/"},{"@type":"ListItem","position":3,"name":"\u00c9conomie &amp; March\u00e9s","item":"https:\/\/batijournal.com\/index.php\/category\/actualites\/economie-marches\/"},{"@type":"ListItem","position":4,"name":"Revalorisation des minimas conventionnels dans les n\u00e9goces des mat\u00e9riaux de construction"}]},{"@type":"WebSite","@id":"https:\/\/batijournal.com\/#website","url":"https:\/\/batijournal.com\/","name":"Batijournal","description":"L&#039;actualit\u00e9 du b\u00e2timent","potentialAction":[{"@type":"SearchAction","target":{"@type":"EntryPoint","urlTemplate":"https:\/\/batijournal.com\/?s={search_term_string}"},"query-input":{"@type":"PropertyValueSpecification","valueRequired":true,"valueName":"search_term_string"}}],"inLanguage":"fr-FR"},{"@type":"Person","@id":"https:\/\/batijournal.com\/#\/schema\/person\/6a657e8967569e1b299972574848aa76","name":"Bati-journal","image":{"@type":"ImageObject","inLanguage":"fr-FR","@id":"https:\/\/secure.gravatar.com\/avatar\/a64364ea26392f9b4dd47e017ddaec74ff03aefc073b49e492e847201258f777?s=96&d=mm&r=g","url":"https:\/\/secure.gravatar.com\/avatar\/a64364ea26392f9b4dd47e017ddaec74ff03aefc073b49e492e847201258f777?s=96&d=mm&r=g","contentUrl":"https:\/\/secure.gravatar.com\/avatar\/a64364ea26392f9b4dd47e017ddaec74ff03aefc073b49e492e847201258f777?s=96&d=mm&r=g","caption":"Bati-journal"},"url":"https:\/\/batijournal.com\/index.php\/author\/elodie\/"}]}},"_links":{"self":[{"href":"https:\/\/batijournal.com\/index.php\/wp-json\/wp\/v2\/posts\/72730","targetHints":{"allow":["GET"]}}],"collection":[{"href":"https:\/\/batijournal.com\/index.php\/wp-json\/wp\/v2\/posts"}],"about":[{"href":"https:\/\/batijournal.com\/index.php\/wp-json\/wp\/v2\/types\/post"}],"author":[{"embeddable":true,"href":"https:\/\/batijournal.com\/index.php\/wp-json\/wp\/v2\/users\/1"}],"replies":[{"embeddable":true,"href":"https:\/\/batijournal.com\/index.php\/wp-json\/wp\/v2\/comments?post=72730"}],"version-history":[{"count":0,"href":"https:\/\/batijournal.com\/index.php\/wp-json\/wp\/v2\/posts\/72730\/revisions"}],"wp:attachment":[{"href":"https:\/\/batijournal.com\/index.php\/wp-json\/wp\/v2\/media?parent=72730"}],"wp:term":[{"taxonomy":"category","embeddable":true,"href":"https:\/\/batijournal.com\/index.php\/wp-json\/wp\/v2\/categories?post=72730"},{"taxonomy":"post_tag","embeddable":true,"href":"https:\/\/batijournal.com\/index.php\/wp-json\/wp\/v2\/tags?post=72730"}],"curies":[{"name":"wp","href":"https:\/\/api.w.org\/{rel}","templated":true}]}}