{"id":72772,"date":"2007-10-01T00:00:00","date_gmt":"2007-09-30T22:00:00","guid":{"rendered":"http:\/\/b.bati-journal.com\/securite-des-edifices-et-des-oeuvres-christine-albanel-met-serieusement-en-garde-tous-les-proprietaires\/72772"},"modified":"2019-07-15T10:55:03","modified_gmt":"2019-07-15T08:55:03","slug":"securite-des-edifices-et-des-oeuvres-christine-albanel-met-serieusement-en-garde-tous-les-proprietaires","status":"publish","type":"post","link":"https:\/\/batijournal.com\/index.php\/securite-des-edifices-et-des-oeuvres-christine-albanel-met-serieusement-en-garde-tous-les-proprietaires\/72772\/","title":{"rendered":"\u00ab\u00a0S\u00e9curit\u00e9 des \u00e9difices et des oeuvres : Christine Albanel met s\u00e9rieusement en garde tous les propri\u00e9taires !\u00a0\u00bb"},"content":{"rendered":"<p>A la suite des diff\u00e9rents vols perp\u00e9tr\u00e9s r\u00e9cemment dans les \u00e9glises, Christine Albanel, ministre de la Culture et de la Communication, souhaite mobiliser l&rsquo;ensemble des propri\u00e9taires d&rsquo;\u00e9difices (communes, collectivit\u00e9s publiques, conservateurs et responsables d&rsquo;institutions mus\u00e9ales) sur la mise en s\u00fbret\u00e9 des objets d&rsquo;art pr\u00e9sent\u00e9s au public sur l&rsquo;ensemble du territoire national. L&rsquo;objectif principal est le maintien dans les lieux des objets d&rsquo;art et leur mise \u00e0 disposition aupr\u00e8s du grand public. Pour les cath\u00e9drales appartenant \u00e0 l&rsquo;Etat, des instructions seront donn\u00e9es aux architectes des b\u00e2timents de France, conservateurs des cath\u00e9drales, pour l&rsquo;application de mesures de s\u00fbret\u00e9 actives et passives. Christine Albanel a saisi la garde des Sceaux afin que la Chancellerie \u00e9tudie la possibilit\u00e9 d&rsquo;adapter les dispositions du Code p\u00e9nal relatives au vol, au recel et \u00e0 l&rsquo;intrusion \u00e0 la sp\u00e9cificit\u00e9 de la d\u00e9linquance touchant les monuments historiques et les biens culturels.<\/p>\n","protected":false},"excerpt":{"rendered":"<p>A la suite des diff\u00e9rents vols perp\u00e9tr\u00e9s r\u00e9cemment dans les \u00e9glises, Christine Albanel, ministre de la Culture et de la Communication, souhaite mobiliser l&rsquo;ensemble des propri\u00e9taires d&rsquo;\u00e9difices (communes, collectivit\u00e9s publiques, conservateurs et responsables d&rsquo;institutions mus\u00e9ales) sur la mise en s\u00fbret\u00e9 des objets d&rsquo;art pr\u00e9sent\u00e9s au public sur l&rsquo;ensemble du territoire national. L&rsquo;objectif principal est le [&hellip;]<\/p>\n","protected":false},"author":1,"featured_media":0,"comment_status":"open","ping_status":"closed","sticky":false,"template":"","format":"standard","meta":{"_et_pb_use_builder":"","_et_pb_old_content":"","_et_gb_content_width":"","footnotes":""},"categories":[6345],"tags":[1564],"class_list":["post-72772","post","type-post","status-publish","format-standard","hentry","category-economie-marches","tag-securite"],"yoast_head":"<!-- This site is optimized with the Yoast SEO plugin v27.4 - https:\/\/yoast.com\/product\/yoast-seo-wordpress\/ -->\n<title>&quot;S\u00e9curit\u00e9 des \u00e9difices et des oeuvres : Christine Albanel met s\u00e9rieusement en garde tous les propri\u00e9taires !&quot;<\/title>\n<meta name=\"robots\" content=\"index, follow, max-snippet:-1, max-image-preview:large, max-video-preview:-1\" \/>\n<link rel=\"canonical\" href=\"https:\/\/batijournal.com\/index.php\/securite-des-edifices-et-des-oeuvres-christine-albanel-met-serieusement-en-garde-tous-les-proprietaires\/72772\/\" \/>\n<meta property=\"og:locale\" content=\"fr_FR\" \/>\n<meta property=\"og:type\" content=\"article\" \/>\n<meta property=\"og:title\" content=\"&quot;S\u00e9curit\u00e9 des \u00e9difices et des oeuvres : Christine Albanel met s\u00e9rieusement en garde tous les propri\u00e9taires !&quot;\" \/>\n<meta property=\"og:description\" content=\"A la suite des diff\u00e9rents vols perp\u00e9tr\u00e9s r\u00e9cemment dans les \u00e9glises, Christine Albanel, ministre de la Culture et de la Communication, souhaite mobiliser l&rsquo;ensemble des propri\u00e9taires d&rsquo;\u00e9difices (communes, collectivit\u00e9s publiques, conservateurs et responsables d&rsquo;institutions mus\u00e9ales) sur la mise en s\u00fbret\u00e9 des objets d&rsquo;art pr\u00e9sent\u00e9s au public sur l&rsquo;ensemble du territoire national. L&rsquo;objectif principal est le [&hellip;]\" \/>\n<meta property=\"og:url\" content=\"https:\/\/batijournal.com\/index.php\/securite-des-edifices-et-des-oeuvres-christine-albanel-met-serieusement-en-garde-tous-les-proprietaires\/72772\/\" \/>\n<meta property=\"og:site_name\" content=\"Batijournal\" \/>\n<meta property=\"article:published_time\" content=\"2007-09-30T22:00:00+00:00\" \/>\n<meta property=\"article:modified_time\" content=\"2019-07-15T08:55:03+00:00\" \/>\n<meta name=\"author\" content=\"Bati-journal\" \/>\n<meta name=\"twitter:card\" content=\"summary_large_image\" \/>\n<meta name=\"twitter:creator\" content=\"@bati_journal\" \/>\n<meta name=\"twitter:site\" content=\"@bati_journal\" \/>\n<meta name=\"twitter:label1\" content=\"\u00c9crit par\" \/>\n\t<meta name=\"twitter:data1\" content=\"Bati-journal\" \/>\n\t<meta name=\"twitter:label2\" content=\"Dur\u00e9e de lecture estim\u00e9e\" \/>\n\t<meta name=\"twitter:data2\" content=\"1 minute\" \/>\n<script type=\"application\/ld+json\" class=\"yoast-schema-graph\">{\"@context\":\"https:\\\/\\\/schema.org\",\"@graph\":[{\"@type\":\"Article\",\"@id\":\"https:\\\/\\\/batijournal.com\\\/index.php\\\/securite-des-edifices-et-des-oeuvres-christine-albanel-met-serieusement-en-garde-tous-les-proprietaires\\\/72772\\\/#article\",\"isPartOf\":{\"@id\":\"https:\\\/\\\/batijournal.com\\\/index.php\\\/securite-des-edifices-et-des-oeuvres-christine-albanel-met-serieusement-en-garde-tous-les-proprietaires\\\/72772\\\/\"},\"author\":{\"name\":\"Bati-journal\",\"@id\":\"https:\\\/\\\/batijournal.com\\\/#\\\/schema\\\/person\\\/6a657e8967569e1b299972574848aa76\"},\"headline\":\"\u00ab\u00a0S\u00e9curit\u00e9 des \u00e9difices et des oeuvres : Christine Albanel met s\u00e9rieusement en garde tous les propri\u00e9taires !\u00a0\u00bb\",\"datePublished\":\"2007-09-30T22:00:00+00:00\",\"dateModified\":\"2019-07-15T08:55:03+00:00\",\"mainEntityOfPage\":{\"@id\":\"https:\\\/\\\/batijournal.com\\\/index.php\\\/securite-des-edifices-et-des-oeuvres-christine-albanel-met-serieusement-en-garde-tous-les-proprietaires\\\/72772\\\/\"},\"wordCount\":186,\"commentCount\":0,\"keywords\":[\"securite\"],\"articleSection\":[\"\u00c9conomie &amp; March\u00e9s\"],\"inLanguage\":\"fr-FR\",\"potentialAction\":[{\"@type\":\"CommentAction\",\"name\":\"Comment\",\"target\":[\"https:\\\/\\\/batijournal.com\\\/index.php\\\/securite-des-edifices-et-des-oeuvres-christine-albanel-met-serieusement-en-garde-tous-les-proprietaires\\\/72772\\\/#respond\"]}]},{\"@type\":\"WebPage\",\"@id\":\"https:\\\/\\\/batijournal.com\\\/index.php\\\/securite-des-edifices-et-des-oeuvres-christine-albanel-met-serieusement-en-garde-tous-les-proprietaires\\\/72772\\\/\",\"url\":\"https:\\\/\\\/batijournal.com\\\/index.php\\\/securite-des-edifices-et-des-oeuvres-christine-albanel-met-serieusement-en-garde-tous-les-proprietaires\\\/72772\\\/\",\"name\":\"\\\"S\u00e9curit\u00e9 des \u00e9difices et des oeuvres : Christine Albanel met s\u00e9rieusement en garde tous les propri\u00e9taires !\\\"\",\"isPartOf\":{\"@id\":\"https:\\\/\\\/batijournal.com\\\/#website\"},\"datePublished\":\"2007-09-30T22:00:00+00:00\",\"dateModified\":\"2019-07-15T08:55:03+00:00\",\"author\":{\"@id\":\"https:\\\/\\\/batijournal.com\\\/#\\\/schema\\\/person\\\/6a657e8967569e1b299972574848aa76\"},\"breadcrumb\":{\"@id\":\"https:\\\/\\\/batijournal.com\\\/index.php\\\/securite-des-edifices-et-des-oeuvres-christine-albanel-met-serieusement-en-garde-tous-les-proprietaires\\\/72772\\\/#breadcrumb\"},\"inLanguage\":\"fr-FR\",\"potentialAction\":[{\"@type\":\"ReadAction\",\"target\":[\"https:\\\/\\\/batijournal.com\\\/index.php\\\/securite-des-edifices-et-des-oeuvres-christine-albanel-met-serieusement-en-garde-tous-les-proprietaires\\\/72772\\\/\"]}]},{\"@type\":\"BreadcrumbList\",\"@id\":\"https:\\\/\\\/batijournal.com\\\/index.php\\\/securite-des-edifices-et-des-oeuvres-christine-albanel-met-serieusement-en-garde-tous-les-proprietaires\\\/72772\\\/#breadcrumb\",\"itemListElement\":[{\"@type\":\"ListItem\",\"position\":1,\"name\":\"Accueil\",\"item\":\"https:\\\/\\\/batijournal.com\\\/\"},{\"@type\":\"ListItem\",\"position\":2,\"name\":\"Actualit\u00e9s\",\"item\":\"https:\\\/\\\/batijournal.com\\\/index.php\\\/category\\\/actualites\\\/\"},{\"@type\":\"ListItem\",\"position\":3,\"name\":\"\u00c9conomie &amp; March\u00e9s\",\"item\":\"https:\\\/\\\/batijournal.com\\\/index.php\\\/category\\\/actualites\\\/economie-marches\\\/\"},{\"@type\":\"ListItem\",\"position\":4,\"name\":\"\u00ab\u00a0S\u00e9curit\u00e9 des \u00e9difices et des oeuvres : Christine Albanel met s\u00e9rieusement en garde tous les propri\u00e9taires !\u00a0\u00bb\"}]},{\"@type\":\"WebSite\",\"@id\":\"https:\\\/\\\/batijournal.com\\\/#website\",\"url\":\"https:\\\/\\\/batijournal.com\\\/\",\"name\":\"Batijournal\",\"description\":\"L&#039;actualit\u00e9 du b\u00e2timent\",\"potentialAction\":[{\"@type\":\"SearchAction\",\"target\":{\"@type\":\"EntryPoint\",\"urlTemplate\":\"https:\\\/\\\/batijournal.com\\\/?s={search_term_string}\"},\"query-input\":{\"@type\":\"PropertyValueSpecification\",\"valueRequired\":true,\"valueName\":\"search_term_string\"}}],\"inLanguage\":\"fr-FR\"},{\"@type\":\"Person\",\"@id\":\"https:\\\/\\\/batijournal.com\\\/#\\\/schema\\\/person\\\/6a657e8967569e1b299972574848aa76\",\"name\":\"Bati-journal\",\"image\":{\"@type\":\"ImageObject\",\"inLanguage\":\"fr-FR\",\"@id\":\"https:\\\/\\\/secure.gravatar.com\\\/avatar\\\/a64364ea26392f9b4dd47e017ddaec74ff03aefc073b49e492e847201258f777?s=96&d=mm&r=g\",\"url\":\"https:\\\/\\\/secure.gravatar.com\\\/avatar\\\/a64364ea26392f9b4dd47e017ddaec74ff03aefc073b49e492e847201258f777?s=96&d=mm&r=g\",\"contentUrl\":\"https:\\\/\\\/secure.gravatar.com\\\/avatar\\\/a64364ea26392f9b4dd47e017ddaec74ff03aefc073b49e492e847201258f777?s=96&d=mm&r=g\",\"caption\":\"Bati-journal\"},\"url\":\"https:\\\/\\\/batijournal.com\\\/index.php\\\/author\\\/elodie\\\/\"}]}<\/script>\n<!-- \/ Yoast SEO plugin. -->","yoast_head_json":{"title":"\"S\u00e9curit\u00e9 des \u00e9difices et des oeuvres : Christine Albanel met s\u00e9rieusement en garde tous les propri\u00e9taires !\"","robots":{"index":"index","follow":"follow","max-snippet":"max-snippet:-1","max-image-preview":"max-image-preview:large","max-video-preview":"max-video-preview:-1"},"canonical":"https:\/\/batijournal.com\/index.php\/securite-des-edifices-et-des-oeuvres-christine-albanel-met-serieusement-en-garde-tous-les-proprietaires\/72772\/","og_locale":"fr_FR","og_type":"article","og_title":"\"S\u00e9curit\u00e9 des \u00e9difices et des oeuvres : Christine Albanel met s\u00e9rieusement en garde tous les propri\u00e9taires !\"","og_description":"A la suite des diff\u00e9rents vols perp\u00e9tr\u00e9s r\u00e9cemment dans les \u00e9glises, Christine Albanel, ministre de la Culture et de la Communication, souhaite mobiliser l&rsquo;ensemble des propri\u00e9taires d&rsquo;\u00e9difices (communes, collectivit\u00e9s publiques, conservateurs et responsables d&rsquo;institutions mus\u00e9ales) sur la mise en s\u00fbret\u00e9 des objets d&rsquo;art pr\u00e9sent\u00e9s au public sur l&rsquo;ensemble du territoire national. L&rsquo;objectif principal est le [&hellip;]","og_url":"https:\/\/batijournal.com\/index.php\/securite-des-edifices-et-des-oeuvres-christine-albanel-met-serieusement-en-garde-tous-les-proprietaires\/72772\/","og_site_name":"Batijournal","article_published_time":"2007-09-30T22:00:00+00:00","article_modified_time":"2019-07-15T08:55:03+00:00","author":"Bati-journal","twitter_card":"summary_large_image","twitter_creator":"@bati_journal","twitter_site":"@bati_journal","twitter_misc":{"\u00c9crit par":"Bati-journal","Dur\u00e9e de lecture estim\u00e9e":"1 minute"},"schema":{"@context":"https:\/\/schema.org","@graph":[{"@type":"Article","@id":"https:\/\/batijournal.com\/index.php\/securite-des-edifices-et-des-oeuvres-christine-albanel-met-serieusement-en-garde-tous-les-proprietaires\/72772\/#article","isPartOf":{"@id":"https:\/\/batijournal.com\/index.php\/securite-des-edifices-et-des-oeuvres-christine-albanel-met-serieusement-en-garde-tous-les-proprietaires\/72772\/"},"author":{"name":"Bati-journal","@id":"https:\/\/batijournal.com\/#\/schema\/person\/6a657e8967569e1b299972574848aa76"},"headline":"\u00ab\u00a0S\u00e9curit\u00e9 des \u00e9difices et des oeuvres : Christine Albanel met s\u00e9rieusement en garde tous les propri\u00e9taires !\u00a0\u00bb","datePublished":"2007-09-30T22:00:00+00:00","dateModified":"2019-07-15T08:55:03+00:00","mainEntityOfPage":{"@id":"https:\/\/batijournal.com\/index.php\/securite-des-edifices-et-des-oeuvres-christine-albanel-met-serieusement-en-garde-tous-les-proprietaires\/72772\/"},"wordCount":186,"commentCount":0,"keywords":["securite"],"articleSection":["\u00c9conomie &amp; March\u00e9s"],"inLanguage":"fr-FR","potentialAction":[{"@type":"CommentAction","name":"Comment","target":["https:\/\/batijournal.com\/index.php\/securite-des-edifices-et-des-oeuvres-christine-albanel-met-serieusement-en-garde-tous-les-proprietaires\/72772\/#respond"]}]},{"@type":"WebPage","@id":"https:\/\/batijournal.com\/index.php\/securite-des-edifices-et-des-oeuvres-christine-albanel-met-serieusement-en-garde-tous-les-proprietaires\/72772\/","url":"https:\/\/batijournal.com\/index.php\/securite-des-edifices-et-des-oeuvres-christine-albanel-met-serieusement-en-garde-tous-les-proprietaires\/72772\/","name":"\"S\u00e9curit\u00e9 des \u00e9difices et des oeuvres : Christine Albanel met s\u00e9rieusement en garde tous les propri\u00e9taires !\"","isPartOf":{"@id":"https:\/\/batijournal.com\/#website"},"datePublished":"2007-09-30T22:00:00+00:00","dateModified":"2019-07-15T08:55:03+00:00","author":{"@id":"https:\/\/batijournal.com\/#\/schema\/person\/6a657e8967569e1b299972574848aa76"},"breadcrumb":{"@id":"https:\/\/batijournal.com\/index.php\/securite-des-edifices-et-des-oeuvres-christine-albanel-met-serieusement-en-garde-tous-les-proprietaires\/72772\/#breadcrumb"},"inLanguage":"fr-FR","potentialAction":[{"@type":"ReadAction","target":["https:\/\/batijournal.com\/index.php\/securite-des-edifices-et-des-oeuvres-christine-albanel-met-serieusement-en-garde-tous-les-proprietaires\/72772\/"]}]},{"@type":"BreadcrumbList","@id":"https:\/\/batijournal.com\/index.php\/securite-des-edifices-et-des-oeuvres-christine-albanel-met-serieusement-en-garde-tous-les-proprietaires\/72772\/#breadcrumb","itemListElement":[{"@type":"ListItem","position":1,"name":"Accueil","item":"https:\/\/batijournal.com\/"},{"@type":"ListItem","position":2,"name":"Actualit\u00e9s","item":"https:\/\/batijournal.com\/index.php\/category\/actualites\/"},{"@type":"ListItem","position":3,"name":"\u00c9conomie &amp; March\u00e9s","item":"https:\/\/batijournal.com\/index.php\/category\/actualites\/economie-marches\/"},{"@type":"ListItem","position":4,"name":"\u00ab\u00a0S\u00e9curit\u00e9 des \u00e9difices et des oeuvres : Christine Albanel met s\u00e9rieusement en garde tous les propri\u00e9taires !\u00a0\u00bb"}]},{"@type":"WebSite","@id":"https:\/\/batijournal.com\/#website","url":"https:\/\/batijournal.com\/","name":"Batijournal","description":"L&#039;actualit\u00e9 du b\u00e2timent","potentialAction":[{"@type":"SearchAction","target":{"@type":"EntryPoint","urlTemplate":"https:\/\/batijournal.com\/?s={search_term_string}"},"query-input":{"@type":"PropertyValueSpecification","valueRequired":true,"valueName":"search_term_string"}}],"inLanguage":"fr-FR"},{"@type":"Person","@id":"https:\/\/batijournal.com\/#\/schema\/person\/6a657e8967569e1b299972574848aa76","name":"Bati-journal","image":{"@type":"ImageObject","inLanguage":"fr-FR","@id":"https:\/\/secure.gravatar.com\/avatar\/a64364ea26392f9b4dd47e017ddaec74ff03aefc073b49e492e847201258f777?s=96&d=mm&r=g","url":"https:\/\/secure.gravatar.com\/avatar\/a64364ea26392f9b4dd47e017ddaec74ff03aefc073b49e492e847201258f777?s=96&d=mm&r=g","contentUrl":"https:\/\/secure.gravatar.com\/avatar\/a64364ea26392f9b4dd47e017ddaec74ff03aefc073b49e492e847201258f777?s=96&d=mm&r=g","caption":"Bati-journal"},"url":"https:\/\/batijournal.com\/index.php\/author\/elodie\/"}]}},"_links":{"self":[{"href":"https:\/\/batijournal.com\/index.php\/wp-json\/wp\/v2\/posts\/72772","targetHints":{"allow":["GET"]}}],"collection":[{"href":"https:\/\/batijournal.com\/index.php\/wp-json\/wp\/v2\/posts"}],"about":[{"href":"https:\/\/batijournal.com\/index.php\/wp-json\/wp\/v2\/types\/post"}],"author":[{"embeddable":true,"href":"https:\/\/batijournal.com\/index.php\/wp-json\/wp\/v2\/users\/1"}],"replies":[{"embeddable":true,"href":"https:\/\/batijournal.com\/index.php\/wp-json\/wp\/v2\/comments?post=72772"}],"version-history":[{"count":0,"href":"https:\/\/batijournal.com\/index.php\/wp-json\/wp\/v2\/posts\/72772\/revisions"}],"wp:attachment":[{"href":"https:\/\/batijournal.com\/index.php\/wp-json\/wp\/v2\/media?parent=72772"}],"wp:term":[{"taxonomy":"category","embeddable":true,"href":"https:\/\/batijournal.com\/index.php\/wp-json\/wp\/v2\/categories?post=72772"},{"taxonomy":"post_tag","embeddable":true,"href":"https:\/\/batijournal.com\/index.php\/wp-json\/wp\/v2\/tags?post=72772"}],"curies":[{"name":"wp","href":"https:\/\/api.w.org\/{rel}","templated":true}]}}