{"id":72953,"date":"2009-04-07T00:00:00","date_gmt":"2009-04-06T22:00:00","guid":{"rendered":"http:\/\/b.bati-journal.com\/toi-toi-mon-toit-regional\/72953"},"modified":"2019-07-15T16:37:04","modified_gmt":"2019-07-15T14:37:04","slug":"toi-toi-mon-toit-regional","status":"publish","type":"post","link":"https:\/\/batijournal.com\/index.php\/toi-toi-mon-toit-regional\/72953\/","title":{"rendered":"Toi, toi, mon toit r\u00e9gional !"},"content":{"rendered":"<p>La F\u00e9d\u00e9ration fran\u00e7aise des tuiles et briques (FFTB) a souhait\u00e9 encourager les particuliers non seulement \u00e0 entretenir et r\u00e9nover leurs toitures, mais aussi \u00e0 s&rsquo;int\u00e9resser \u00e0 l&rsquo;identit\u00e9 de leurs r\u00e9gions en la mati\u00e8re. \u00ab\u00a0Pour bien choisir une tuile, il faut prendre en consid\u00e9ration les sp\u00e9cificit\u00e9s de la r\u00e9gion, la pente de la toiture, le style de la maison ou du b\u00e2timent, le rendu souhait\u00e9 et, enfin, le budget\u00a0\u00bb, commente Marc Cherrier, pr\u00e9sident de la commission \u201cTuile Terre Cuite\u201d au sein de la FFTB. Cette derni\u00e8re a notamment d\u00e9velopp\u00e9 un site internet qui donne de nombreux conseils pratiques : <a href=\"http:\/\/www.latuileterrecuite.com\" target=\"_blank\" rel=\"noopener noreferrer\">www.latuileterrecuite.com<\/a>. Alors, plut\u00f4t tuile canal, tuile plate, tuile \u00e0 embo\u00eetement&#8230; ?<\/p>\n","protected":false},"excerpt":{"rendered":"<p>La F\u00e9d\u00e9ration fran\u00e7aise des tuiles et briques (FFTB) a souhait\u00e9 encourager les particuliers non seulement \u00e0 entretenir et r\u00e9nover leurs toitures, mais aussi \u00e0 s&rsquo;int\u00e9resser \u00e0 l&rsquo;identit\u00e9 de leurs r\u00e9gions en la mati\u00e8re. \u00ab\u00a0Pour bien choisir une tuile, il faut prendre en consid\u00e9ration les sp\u00e9cificit\u00e9s de la r\u00e9gion, la pente de la toiture, le style [&hellip;]<\/p>\n","protected":false},"author":1,"featured_media":72954,"comment_status":"open","ping_status":"closed","sticky":false,"template":"","format":"standard","meta":{"_et_pb_use_builder":"","_et_pb_old_content":"","_et_gb_content_width":"","footnotes":""},"categories":[6362],"tags":[4137,2195],"class_list":["post-72953","post","type-post","status-publish","format-standard","has-post-thumbnail","hentry","category-services-equipements","tag-fftb","tag-toit"],"yoast_head":"<!-- This site is optimized with the Yoast SEO plugin v27.4 - https:\/\/yoast.com\/product\/yoast-seo-wordpress\/ -->\n<title>Toi, toi, mon toit r\u00e9gional !<\/title>\n<meta name=\"robots\" content=\"index, follow, max-snippet:-1, max-image-preview:large, max-video-preview:-1\" \/>\n<link rel=\"canonical\" href=\"https:\/\/batijournal.com\/index.php\/toi-toi-mon-toit-regional\/72953\/\" \/>\n<meta property=\"og:locale\" content=\"fr_FR\" \/>\n<meta property=\"og:type\" content=\"article\" \/>\n<meta property=\"og:title\" content=\"Toi, toi, mon toit r\u00e9gional !\" \/>\n<meta property=\"og:description\" content=\"La F\u00e9d\u00e9ration fran\u00e7aise des tuiles et briques (FFTB) a souhait\u00e9 encourager les particuliers non seulement \u00e0 entretenir et r\u00e9nover leurs toitures, mais aussi \u00e0 s&rsquo;int\u00e9resser \u00e0 l&rsquo;identit\u00e9 de leurs r\u00e9gions en la mati\u00e8re. \u00ab\u00a0Pour bien choisir une tuile, il faut prendre en consid\u00e9ration les sp\u00e9cificit\u00e9s de la r\u00e9gion, la pente de la toiture, le style [&hellip;]\" \/>\n<meta property=\"og:url\" content=\"https:\/\/batijournal.com\/index.php\/toi-toi-mon-toit-regional\/72953\/\" \/>\n<meta property=\"og:site_name\" content=\"Batijournal\" \/>\n<meta property=\"article:published_time\" content=\"2009-04-06T22:00:00+00:00\" \/>\n<meta property=\"article:modified_time\" content=\"2019-07-15T14:37:04+00:00\" \/>\n<meta property=\"og:image\" content=\"https:\/\/batijournal.com\/wp-content\/uploads\/2015\/03\/03848155.jpg\" \/>\n\t<meta property=\"og:image:width\" content=\"600\" \/>\n\t<meta property=\"og:image:height\" content=\"428\" \/>\n\t<meta property=\"og:image:type\" content=\"image\/jpeg\" \/>\n<meta name=\"author\" content=\"Bati-journal\" \/>\n<meta name=\"twitter:card\" content=\"summary_large_image\" \/>\n<meta name=\"twitter:creator\" content=\"@bati_journal\" \/>\n<meta name=\"twitter:site\" content=\"@bati_journal\" \/>\n<meta name=\"twitter:label1\" content=\"\u00c9crit par\" \/>\n\t<meta name=\"twitter:data1\" content=\"Bati-journal\" \/>\n\t<meta name=\"twitter:label2\" content=\"Dur\u00e9e de lecture estim\u00e9e\" \/>\n\t<meta name=\"twitter:data2\" content=\"1 minute\" \/>\n<script type=\"application\/ld+json\" class=\"yoast-schema-graph\">{\"@context\":\"https:\\\/\\\/schema.org\",\"@graph\":[{\"@type\":\"Article\",\"@id\":\"https:\\\/\\\/batijournal.com\\\/index.php\\\/toi-toi-mon-toit-regional\\\/72953\\\/#article\",\"isPartOf\":{\"@id\":\"https:\\\/\\\/batijournal.com\\\/index.php\\\/toi-toi-mon-toit-regional\\\/72953\\\/\"},\"author\":{\"name\":\"Bati-journal\",\"@id\":\"https:\\\/\\\/batijournal.com\\\/#\\\/schema\\\/person\\\/6a657e8967569e1b299972574848aa76\"},\"headline\":\"Toi, toi, mon toit r\u00e9gional !\",\"datePublished\":\"2009-04-06T22:00:00+00:00\",\"dateModified\":\"2019-07-15T14:37:04+00:00\",\"mainEntityOfPage\":{\"@id\":\"https:\\\/\\\/batijournal.com\\\/index.php\\\/toi-toi-mon-toit-regional\\\/72953\\\/\"},\"wordCount\":130,\"commentCount\":0,\"image\":{\"@id\":\"https:\\\/\\\/batijournal.com\\\/index.php\\\/toi-toi-mon-toit-regional\\\/72953\\\/#primaryimage\"},\"thumbnailUrl\":\"https:\\\/\\\/batijournal.com\\\/wp-content\\\/uploads\\\/2015\\\/03\\\/03848155.jpg\",\"keywords\":[\"FFTB\",\"Toit\"],\"articleSection\":[\"Divers\"],\"inLanguage\":\"fr-FR\",\"potentialAction\":[{\"@type\":\"CommentAction\",\"name\":\"Comment\",\"target\":[\"https:\\\/\\\/batijournal.com\\\/index.php\\\/toi-toi-mon-toit-regional\\\/72953\\\/#respond\"]}]},{\"@type\":\"WebPage\",\"@id\":\"https:\\\/\\\/batijournal.com\\\/index.php\\\/toi-toi-mon-toit-regional\\\/72953\\\/\",\"url\":\"https:\\\/\\\/batijournal.com\\\/index.php\\\/toi-toi-mon-toit-regional\\\/72953\\\/\",\"name\":\"Toi, toi, mon toit r\u00e9gional !\",\"isPartOf\":{\"@id\":\"https:\\\/\\\/batijournal.com\\\/#website\"},\"primaryImageOfPage\":{\"@id\":\"https:\\\/\\\/batijournal.com\\\/index.php\\\/toi-toi-mon-toit-regional\\\/72953\\\/#primaryimage\"},\"image\":{\"@id\":\"https:\\\/\\\/batijournal.com\\\/index.php\\\/toi-toi-mon-toit-regional\\\/72953\\\/#primaryimage\"},\"thumbnailUrl\":\"https:\\\/\\\/batijournal.com\\\/wp-content\\\/uploads\\\/2015\\\/03\\\/03848155.jpg\",\"datePublished\":\"2009-04-06T22:00:00+00:00\",\"dateModified\":\"2019-07-15T14:37:04+00:00\",\"author\":{\"@id\":\"https:\\\/\\\/batijournal.com\\\/#\\\/schema\\\/person\\\/6a657e8967569e1b299972574848aa76\"},\"breadcrumb\":{\"@id\":\"https:\\\/\\\/batijournal.com\\\/index.php\\\/toi-toi-mon-toit-regional\\\/72953\\\/#breadcrumb\"},\"inLanguage\":\"fr-FR\",\"potentialAction\":[{\"@type\":\"ReadAction\",\"target\":[\"https:\\\/\\\/batijournal.com\\\/index.php\\\/toi-toi-mon-toit-regional\\\/72953\\\/\"]}]},{\"@type\":\"ImageObject\",\"inLanguage\":\"fr-FR\",\"@id\":\"https:\\\/\\\/batijournal.com\\\/index.php\\\/toi-toi-mon-toit-regional\\\/72953\\\/#primaryimage\",\"url\":\"https:\\\/\\\/batijournal.com\\\/wp-content\\\/uploads\\\/2015\\\/03\\\/03848155.jpg\",\"contentUrl\":\"https:\\\/\\\/batijournal.com\\\/wp-content\\\/uploads\\\/2015\\\/03\\\/03848155.jpg\",\"width\":600,\"height\":428},{\"@type\":\"BreadcrumbList\",\"@id\":\"https:\\\/\\\/batijournal.com\\\/index.php\\\/toi-toi-mon-toit-regional\\\/72953\\\/#breadcrumb\",\"itemListElement\":[{\"@type\":\"ListItem\",\"position\":1,\"name\":\"Accueil\",\"item\":\"https:\\\/\\\/batijournal.com\\\/\"},{\"@type\":\"ListItem\",\"position\":2,\"name\":\"Actualit\u00e9s\",\"item\":\"https:\\\/\\\/batijournal.com\\\/index.php\\\/category\\\/actualites\\\/\"},{\"@type\":\"ListItem\",\"position\":3,\"name\":\"Divers\",\"item\":\"https:\\\/\\\/batijournal.com\\\/index.php\\\/category\\\/actualites\\\/services-equipements\\\/\"},{\"@type\":\"ListItem\",\"position\":4,\"name\":\"Toi, toi, mon toit r\u00e9gional !\"}]},{\"@type\":\"WebSite\",\"@id\":\"https:\\\/\\\/batijournal.com\\\/#website\",\"url\":\"https:\\\/\\\/batijournal.com\\\/\",\"name\":\"Batijournal\",\"description\":\"L&#039;actualit\u00e9 du b\u00e2timent\",\"potentialAction\":[{\"@type\":\"SearchAction\",\"target\":{\"@type\":\"EntryPoint\",\"urlTemplate\":\"https:\\\/\\\/batijournal.com\\\/?s={search_term_string}\"},\"query-input\":{\"@type\":\"PropertyValueSpecification\",\"valueRequired\":true,\"valueName\":\"search_term_string\"}}],\"inLanguage\":\"fr-FR\"},{\"@type\":\"Person\",\"@id\":\"https:\\\/\\\/batijournal.com\\\/#\\\/schema\\\/person\\\/6a657e8967569e1b299972574848aa76\",\"name\":\"Bati-journal\",\"image\":{\"@type\":\"ImageObject\",\"inLanguage\":\"fr-FR\",\"@id\":\"https:\\\/\\\/secure.gravatar.com\\\/avatar\\\/a64364ea26392f9b4dd47e017ddaec74ff03aefc073b49e492e847201258f777?s=96&d=mm&r=g\",\"url\":\"https:\\\/\\\/secure.gravatar.com\\\/avatar\\\/a64364ea26392f9b4dd47e017ddaec74ff03aefc073b49e492e847201258f777?s=96&d=mm&r=g\",\"contentUrl\":\"https:\\\/\\\/secure.gravatar.com\\\/avatar\\\/a64364ea26392f9b4dd47e017ddaec74ff03aefc073b49e492e847201258f777?s=96&d=mm&r=g\",\"caption\":\"Bati-journal\"},\"url\":\"https:\\\/\\\/batijournal.com\\\/index.php\\\/author\\\/elodie\\\/\"}]}<\/script>\n<!-- \/ Yoast SEO plugin. -->","yoast_head_json":{"title":"Toi, toi, mon toit r\u00e9gional !","robots":{"index":"index","follow":"follow","max-snippet":"max-snippet:-1","max-image-preview":"max-image-preview:large","max-video-preview":"max-video-preview:-1"},"canonical":"https:\/\/batijournal.com\/index.php\/toi-toi-mon-toit-regional\/72953\/","og_locale":"fr_FR","og_type":"article","og_title":"Toi, toi, mon toit r\u00e9gional !","og_description":"La F\u00e9d\u00e9ration fran\u00e7aise des tuiles et briques (FFTB) a souhait\u00e9 encourager les particuliers non seulement \u00e0 entretenir et r\u00e9nover leurs toitures, mais aussi \u00e0 s&rsquo;int\u00e9resser \u00e0 l&rsquo;identit\u00e9 de leurs r\u00e9gions en la mati\u00e8re. \u00ab\u00a0Pour bien choisir une tuile, il faut prendre en consid\u00e9ration les sp\u00e9cificit\u00e9s de la r\u00e9gion, la pente de la toiture, le style [&hellip;]","og_url":"https:\/\/batijournal.com\/index.php\/toi-toi-mon-toit-regional\/72953\/","og_site_name":"Batijournal","article_published_time":"2009-04-06T22:00:00+00:00","article_modified_time":"2019-07-15T14:37:04+00:00","og_image":[{"width":600,"height":428,"url":"https:\/\/batijournal.com\/wp-content\/uploads\/2015\/03\/03848155.jpg","type":"image\/jpeg"}],"author":"Bati-journal","twitter_card":"summary_large_image","twitter_creator":"@bati_journal","twitter_site":"@bati_journal","twitter_misc":{"\u00c9crit par":"Bati-journal","Dur\u00e9e de lecture estim\u00e9e":"1 minute"},"schema":{"@context":"https:\/\/schema.org","@graph":[{"@type":"Article","@id":"https:\/\/batijournal.com\/index.php\/toi-toi-mon-toit-regional\/72953\/#article","isPartOf":{"@id":"https:\/\/batijournal.com\/index.php\/toi-toi-mon-toit-regional\/72953\/"},"author":{"name":"Bati-journal","@id":"https:\/\/batijournal.com\/#\/schema\/person\/6a657e8967569e1b299972574848aa76"},"headline":"Toi, toi, mon toit r\u00e9gional !","datePublished":"2009-04-06T22:00:00+00:00","dateModified":"2019-07-15T14:37:04+00:00","mainEntityOfPage":{"@id":"https:\/\/batijournal.com\/index.php\/toi-toi-mon-toit-regional\/72953\/"},"wordCount":130,"commentCount":0,"image":{"@id":"https:\/\/batijournal.com\/index.php\/toi-toi-mon-toit-regional\/72953\/#primaryimage"},"thumbnailUrl":"https:\/\/batijournal.com\/wp-content\/uploads\/2015\/03\/03848155.jpg","keywords":["FFTB","Toit"],"articleSection":["Divers"],"inLanguage":"fr-FR","potentialAction":[{"@type":"CommentAction","name":"Comment","target":["https:\/\/batijournal.com\/index.php\/toi-toi-mon-toit-regional\/72953\/#respond"]}]},{"@type":"WebPage","@id":"https:\/\/batijournal.com\/index.php\/toi-toi-mon-toit-regional\/72953\/","url":"https:\/\/batijournal.com\/index.php\/toi-toi-mon-toit-regional\/72953\/","name":"Toi, toi, mon toit r\u00e9gional !","isPartOf":{"@id":"https:\/\/batijournal.com\/#website"},"primaryImageOfPage":{"@id":"https:\/\/batijournal.com\/index.php\/toi-toi-mon-toit-regional\/72953\/#primaryimage"},"image":{"@id":"https:\/\/batijournal.com\/index.php\/toi-toi-mon-toit-regional\/72953\/#primaryimage"},"thumbnailUrl":"https:\/\/batijournal.com\/wp-content\/uploads\/2015\/03\/03848155.jpg","datePublished":"2009-04-06T22:00:00+00:00","dateModified":"2019-07-15T14:37:04+00:00","author":{"@id":"https:\/\/batijournal.com\/#\/schema\/person\/6a657e8967569e1b299972574848aa76"},"breadcrumb":{"@id":"https:\/\/batijournal.com\/index.php\/toi-toi-mon-toit-regional\/72953\/#breadcrumb"},"inLanguage":"fr-FR","potentialAction":[{"@type":"ReadAction","target":["https:\/\/batijournal.com\/index.php\/toi-toi-mon-toit-regional\/72953\/"]}]},{"@type":"ImageObject","inLanguage":"fr-FR","@id":"https:\/\/batijournal.com\/index.php\/toi-toi-mon-toit-regional\/72953\/#primaryimage","url":"https:\/\/batijournal.com\/wp-content\/uploads\/2015\/03\/03848155.jpg","contentUrl":"https:\/\/batijournal.com\/wp-content\/uploads\/2015\/03\/03848155.jpg","width":600,"height":428},{"@type":"BreadcrumbList","@id":"https:\/\/batijournal.com\/index.php\/toi-toi-mon-toit-regional\/72953\/#breadcrumb","itemListElement":[{"@type":"ListItem","position":1,"name":"Accueil","item":"https:\/\/batijournal.com\/"},{"@type":"ListItem","position":2,"name":"Actualit\u00e9s","item":"https:\/\/batijournal.com\/index.php\/category\/actualites\/"},{"@type":"ListItem","position":3,"name":"Divers","item":"https:\/\/batijournal.com\/index.php\/category\/actualites\/services-equipements\/"},{"@type":"ListItem","position":4,"name":"Toi, toi, mon toit r\u00e9gional !"}]},{"@type":"WebSite","@id":"https:\/\/batijournal.com\/#website","url":"https:\/\/batijournal.com\/","name":"Batijournal","description":"L&#039;actualit\u00e9 du b\u00e2timent","potentialAction":[{"@type":"SearchAction","target":{"@type":"EntryPoint","urlTemplate":"https:\/\/batijournal.com\/?s={search_term_string}"},"query-input":{"@type":"PropertyValueSpecification","valueRequired":true,"valueName":"search_term_string"}}],"inLanguage":"fr-FR"},{"@type":"Person","@id":"https:\/\/batijournal.com\/#\/schema\/person\/6a657e8967569e1b299972574848aa76","name":"Bati-journal","image":{"@type":"ImageObject","inLanguage":"fr-FR","@id":"https:\/\/secure.gravatar.com\/avatar\/a64364ea26392f9b4dd47e017ddaec74ff03aefc073b49e492e847201258f777?s=96&d=mm&r=g","url":"https:\/\/secure.gravatar.com\/avatar\/a64364ea26392f9b4dd47e017ddaec74ff03aefc073b49e492e847201258f777?s=96&d=mm&r=g","contentUrl":"https:\/\/secure.gravatar.com\/avatar\/a64364ea26392f9b4dd47e017ddaec74ff03aefc073b49e492e847201258f777?s=96&d=mm&r=g","caption":"Bati-journal"},"url":"https:\/\/batijournal.com\/index.php\/author\/elodie\/"}]}},"_links":{"self":[{"href":"https:\/\/batijournal.com\/index.php\/wp-json\/wp\/v2\/posts\/72953","targetHints":{"allow":["GET"]}}],"collection":[{"href":"https:\/\/batijournal.com\/index.php\/wp-json\/wp\/v2\/posts"}],"about":[{"href":"https:\/\/batijournal.com\/index.php\/wp-json\/wp\/v2\/types\/post"}],"author":[{"embeddable":true,"href":"https:\/\/batijournal.com\/index.php\/wp-json\/wp\/v2\/users\/1"}],"replies":[{"embeddable":true,"href":"https:\/\/batijournal.com\/index.php\/wp-json\/wp\/v2\/comments?post=72953"}],"version-history":[{"count":0,"href":"https:\/\/batijournal.com\/index.php\/wp-json\/wp\/v2\/posts\/72953\/revisions"}],"wp:featuredmedia":[{"embeddable":true,"href":"https:\/\/batijournal.com\/index.php\/wp-json\/wp\/v2\/media\/72954"}],"wp:attachment":[{"href":"https:\/\/batijournal.com\/index.php\/wp-json\/wp\/v2\/media?parent=72953"}],"wp:term":[{"taxonomy":"category","embeddable":true,"href":"https:\/\/batijournal.com\/index.php\/wp-json\/wp\/v2\/categories?post=72953"},{"taxonomy":"post_tag","embeddable":true,"href":"https:\/\/batijournal.com\/index.php\/wp-json\/wp\/v2\/tags?post=72953"}],"curies":[{"name":"wp","href":"https:\/\/api.w.org\/{rel}","templated":true}]}}