{"id":73140,"date":"2009-06-03T00:00:00","date_gmt":"2009-06-02T22:00:00","guid":{"rendered":"http:\/\/b.bati-journal.com\/la-comtesse-du-barry-s%c2%92est-assise-sur-un-tresor-national\/73140"},"modified":"2019-07-15T11:19:48","modified_gmt":"2019-07-15T09:19:48","slug":"la-comtesse-du-barry-s%c2%92est-assise-sur-un-tresor-national","status":"publish","type":"post","link":"https:\/\/batijournal.com\/index.php\/la-comtesse-du-barry-s%c2%92est-assise-sur-un-tresor-national\/73140\/","title":{"rendered":"La comtesse du Barry s\u0092&rsquo;est assise sur un tr\u00e9sor national"},"content":{"rendered":"<p>Christine Albanel annonce l&rsquo;\u0092acquisition par l&rsquo;\u0092Etat, pour l\u0092&rsquo;Etablissement public du mus\u00e9e et du domaine national de Versailles, de quatre chaises du salon de compagnie de la comtesse du Barry \u00e0 Versailles. Gr\u00e2ce au m\u00e9c\u00e9nat des entreprises Ponthieu Rabelais, Financi\u00e8re de Tournon et Financi\u00e8re du Bac, ces pi\u00e8ces historiques reconnues \u00ab Tr\u00e9sor national \u00bb, vont ainsi r\u00e9int\u00e9grer les collections du ch\u00e2teau de Versailles.Il s&rsquo;\u0092agit des premi\u00e8res chaises \u00e0 dossier \u00e0 m\u00e9daillon, forme qui connut un grand succ\u00e8s dans l&rsquo;\u0092histoire du mobilier fran\u00e7ais. Estampill\u00e9es Louis Delanois, elles appartiennent \u00e0 une s\u00e9rie de treize pi\u00e8ces, dont une, plus haute, con\u00e7ue pour le roi, fut livr\u00e9e \u00e0 la fin de l\u0092&rsquo;ann\u00e9e 1769. Le salon de compagnie de la comtesse du Barry re\u00e7ut \u00e9galement treize fauteuils, un grand canap\u00e9 et un \u00e9cran. L&rsquo;\u0092ensemble \u00e9tait recouvert de satin blanc, encadr\u00e9 de satin vert et brod\u00e9 en soie pour l\u0092&rsquo;\u00e9t\u00e9 et de velours pour l\u0092&rsquo;hiver.(Sources : minist\u00e8re de la Culture et de la Communication)<\/p>\n","protected":false},"excerpt":{"rendered":"<p>Christine Albanel annonce l&rsquo;\u0092acquisition par l&rsquo;\u0092Etat, pour l\u0092&rsquo;Etablissement public du mus\u00e9e et du domaine national de Versailles, de quatre chaises du salon de compagnie de la comtesse du Barry \u00e0 Versailles. Gr\u00e2ce au m\u00e9c\u00e9nat des entreprises Ponthieu Rabelais, Financi\u00e8re de Tournon et Financi\u00e8re du Bac, ces pi\u00e8ces historiques reconnues \u00ab Tr\u00e9sor national \u00bb, vont ainsi [&hellip;]<\/p>\n","protected":false},"author":1,"featured_media":0,"comment_status":"open","ping_status":"closed","sticky":false,"template":"","format":"standard","meta":{"_et_pb_use_builder":"","_et_pb_old_content":"","_et_gb_content_width":"","footnotes":""},"categories":[6340],"tags":[],"class_list":["post-73140","post","type-post","status-publish","format-standard","hentry","category-architecture-conception"],"yoast_head":"<!-- This site is optimized with the Yoast SEO plugin v27.4 - https:\/\/yoast.com\/product\/yoast-seo-wordpress\/ -->\n<title>La comtesse du Barry s\u0092&#039;est assise sur un tr\u00e9sor national<\/title>\n<meta name=\"robots\" content=\"index, follow, max-snippet:-1, max-image-preview:large, max-video-preview:-1\" \/>\n<link rel=\"canonical\" href=\"https:\/\/batijournal.com\/index.php\/la-comtesse-du-barry-s\u0092est-assise-sur-un-tresor-national\/73140\/\" \/>\n<meta property=\"og:locale\" content=\"fr_FR\" \/>\n<meta property=\"og:type\" content=\"article\" \/>\n<meta property=\"og:title\" content=\"La comtesse du Barry s\u0092&#039;est assise sur un tr\u00e9sor national\" \/>\n<meta property=\"og:description\" content=\"Christine Albanel annonce l&rsquo;\u0092acquisition par l&rsquo;\u0092Etat, pour l\u0092&rsquo;Etablissement public du mus\u00e9e et du domaine national de Versailles, de quatre chaises du salon de compagnie de la comtesse du Barry \u00e0 Versailles. Gr\u00e2ce au m\u00e9c\u00e9nat des entreprises Ponthieu Rabelais, Financi\u00e8re de Tournon et Financi\u00e8re du Bac, ces pi\u00e8ces historiques reconnues \u00ab Tr\u00e9sor national \u00bb, vont ainsi [&hellip;]\" \/>\n<meta property=\"og:url\" content=\"https:\/\/batijournal.com\/index.php\/la-comtesse-du-barry-s\u0092est-assise-sur-un-tresor-national\/73140\/\" \/>\n<meta property=\"og:site_name\" content=\"Batijournal\" \/>\n<meta property=\"article:published_time\" content=\"2009-06-02T22:00:00+00:00\" \/>\n<meta property=\"article:modified_time\" content=\"2019-07-15T09:19:48+00:00\" \/>\n<meta name=\"author\" content=\"Bati-journal\" \/>\n<meta name=\"twitter:card\" content=\"summary_large_image\" \/>\n<meta name=\"twitter:creator\" content=\"@bati_journal\" \/>\n<meta name=\"twitter:site\" content=\"@bati_journal\" \/>\n<meta name=\"twitter:label1\" content=\"\u00c9crit par\" \/>\n\t<meta name=\"twitter:data1\" content=\"Bati-journal\" \/>\n\t<meta name=\"twitter:label2\" content=\"Dur\u00e9e de lecture estim\u00e9e\" \/>\n\t<meta name=\"twitter:data2\" content=\"1 minute\" \/>\n<script type=\"application\/ld+json\" class=\"yoast-schema-graph\">{\"@context\":\"https:\\\/\\\/schema.org\",\"@graph\":[{\"@type\":\"Article\",\"@id\":\"https:\\\/\\\/batijournal.com\\\/index.php\\\/la-comtesse-du-barry-s%c2%92est-assise-sur-un-tresor-national\\\/73140\\\/#article\",\"isPartOf\":{\"@id\":\"https:\\\/\\\/batijournal.com\\\/index.php\\\/la-comtesse-du-barry-s%c2%92est-assise-sur-un-tresor-national\\\/73140\\\/\"},\"author\":{\"name\":\"Bati-journal\",\"@id\":\"https:\\\/\\\/batijournal.com\\\/#\\\/schema\\\/person\\\/6a657e8967569e1b299972574848aa76\"},\"headline\":\"La comtesse du Barry s\u0092&rsquo;est assise sur un tr\u00e9sor national\",\"datePublished\":\"2009-06-02T22:00:00+00:00\",\"dateModified\":\"2019-07-15T09:19:48+00:00\",\"mainEntityOfPage\":{\"@id\":\"https:\\\/\\\/batijournal.com\\\/index.php\\\/la-comtesse-du-barry-s%c2%92est-assise-sur-un-tresor-national\\\/73140\\\/\"},\"wordCount\":194,\"commentCount\":0,\"articleSection\":[\"Architecture &amp; Conception\"],\"inLanguage\":\"fr-FR\",\"potentialAction\":[{\"@type\":\"CommentAction\",\"name\":\"Comment\",\"target\":[\"https:\\\/\\\/batijournal.com\\\/index.php\\\/la-comtesse-du-barry-s%c2%92est-assise-sur-un-tresor-national\\\/73140\\\/#respond\"]}]},{\"@type\":\"WebPage\",\"@id\":\"https:\\\/\\\/batijournal.com\\\/index.php\\\/la-comtesse-du-barry-s%c2%92est-assise-sur-un-tresor-national\\\/73140\\\/\",\"url\":\"https:\\\/\\\/batijournal.com\\\/index.php\\\/la-comtesse-du-barry-s%c2%92est-assise-sur-un-tresor-national\\\/73140\\\/\",\"name\":\"La comtesse du Barry s\u0092'est assise sur un tr\u00e9sor national\",\"isPartOf\":{\"@id\":\"https:\\\/\\\/batijournal.com\\\/#website\"},\"datePublished\":\"2009-06-02T22:00:00+00:00\",\"dateModified\":\"2019-07-15T09:19:48+00:00\",\"author\":{\"@id\":\"https:\\\/\\\/batijournal.com\\\/#\\\/schema\\\/person\\\/6a657e8967569e1b299972574848aa76\"},\"breadcrumb\":{\"@id\":\"https:\\\/\\\/batijournal.com\\\/index.php\\\/la-comtesse-du-barry-s%c2%92est-assise-sur-un-tresor-national\\\/73140\\\/#breadcrumb\"},\"inLanguage\":\"fr-FR\",\"potentialAction\":[{\"@type\":\"ReadAction\",\"target\":[\"https:\\\/\\\/batijournal.com\\\/index.php\\\/la-comtesse-du-barry-s%c2%92est-assise-sur-un-tresor-national\\\/73140\\\/\"]}]},{\"@type\":\"BreadcrumbList\",\"@id\":\"https:\\\/\\\/batijournal.com\\\/index.php\\\/la-comtesse-du-barry-s%c2%92est-assise-sur-un-tresor-national\\\/73140\\\/#breadcrumb\",\"itemListElement\":[{\"@type\":\"ListItem\",\"position\":1,\"name\":\"Accueil\",\"item\":\"https:\\\/\\\/batijournal.com\\\/\"},{\"@type\":\"ListItem\",\"position\":2,\"name\":\"Actualit\u00e9s\",\"item\":\"https:\\\/\\\/batijournal.com\\\/index.php\\\/category\\\/actualites\\\/\"},{\"@type\":\"ListItem\",\"position\":3,\"name\":\"Architecture &amp; Conception\",\"item\":\"https:\\\/\\\/batijournal.com\\\/index.php\\\/category\\\/actualites\\\/architecture-conception\\\/\"},{\"@type\":\"ListItem\",\"position\":4,\"name\":\"La comtesse du Barry s\u0092&rsquo;est assise sur un tr\u00e9sor national\"}]},{\"@type\":\"WebSite\",\"@id\":\"https:\\\/\\\/batijournal.com\\\/#website\",\"url\":\"https:\\\/\\\/batijournal.com\\\/\",\"name\":\"Batijournal\",\"description\":\"L&#039;actualit\u00e9 du b\u00e2timent\",\"potentialAction\":[{\"@type\":\"SearchAction\",\"target\":{\"@type\":\"EntryPoint\",\"urlTemplate\":\"https:\\\/\\\/batijournal.com\\\/?s={search_term_string}\"},\"query-input\":{\"@type\":\"PropertyValueSpecification\",\"valueRequired\":true,\"valueName\":\"search_term_string\"}}],\"inLanguage\":\"fr-FR\"},{\"@type\":\"Person\",\"@id\":\"https:\\\/\\\/batijournal.com\\\/#\\\/schema\\\/person\\\/6a657e8967569e1b299972574848aa76\",\"name\":\"Bati-journal\",\"image\":{\"@type\":\"ImageObject\",\"inLanguage\":\"fr-FR\",\"@id\":\"https:\\\/\\\/secure.gravatar.com\\\/avatar\\\/a64364ea26392f9b4dd47e017ddaec74ff03aefc073b49e492e847201258f777?s=96&d=mm&r=g\",\"url\":\"https:\\\/\\\/secure.gravatar.com\\\/avatar\\\/a64364ea26392f9b4dd47e017ddaec74ff03aefc073b49e492e847201258f777?s=96&d=mm&r=g\",\"contentUrl\":\"https:\\\/\\\/secure.gravatar.com\\\/avatar\\\/a64364ea26392f9b4dd47e017ddaec74ff03aefc073b49e492e847201258f777?s=96&d=mm&r=g\",\"caption\":\"Bati-journal\"},\"url\":\"https:\\\/\\\/batijournal.com\\\/index.php\\\/author\\\/elodie\\\/\"}]}<\/script>\n<!-- \/ Yoast SEO plugin. -->","yoast_head_json":{"title":"La comtesse du Barry s\u0092'est assise sur un tr\u00e9sor national","robots":{"index":"index","follow":"follow","max-snippet":"max-snippet:-1","max-image-preview":"max-image-preview:large","max-video-preview":"max-video-preview:-1"},"canonical":"https:\/\/batijournal.com\/index.php\/la-comtesse-du-barry-s\u0092est-assise-sur-un-tresor-national\/73140\/","og_locale":"fr_FR","og_type":"article","og_title":"La comtesse du Barry s\u0092'est assise sur un tr\u00e9sor national","og_description":"Christine Albanel annonce l&rsquo;\u0092acquisition par l&rsquo;\u0092Etat, pour l\u0092&rsquo;Etablissement public du mus\u00e9e et du domaine national de Versailles, de quatre chaises du salon de compagnie de la comtesse du Barry \u00e0 Versailles. Gr\u00e2ce au m\u00e9c\u00e9nat des entreprises Ponthieu Rabelais, Financi\u00e8re de Tournon et Financi\u00e8re du Bac, ces pi\u00e8ces historiques reconnues \u00ab Tr\u00e9sor national \u00bb, vont ainsi [&hellip;]","og_url":"https:\/\/batijournal.com\/index.php\/la-comtesse-du-barry-s\u0092est-assise-sur-un-tresor-national\/73140\/","og_site_name":"Batijournal","article_published_time":"2009-06-02T22:00:00+00:00","article_modified_time":"2019-07-15T09:19:48+00:00","author":"Bati-journal","twitter_card":"summary_large_image","twitter_creator":"@bati_journal","twitter_site":"@bati_journal","twitter_misc":{"\u00c9crit par":"Bati-journal","Dur\u00e9e de lecture estim\u00e9e":"1 minute"},"schema":{"@context":"https:\/\/schema.org","@graph":[{"@type":"Article","@id":"https:\/\/batijournal.com\/index.php\/la-comtesse-du-barry-s%c2%92est-assise-sur-un-tresor-national\/73140\/#article","isPartOf":{"@id":"https:\/\/batijournal.com\/index.php\/la-comtesse-du-barry-s%c2%92est-assise-sur-un-tresor-national\/73140\/"},"author":{"name":"Bati-journal","@id":"https:\/\/batijournal.com\/#\/schema\/person\/6a657e8967569e1b299972574848aa76"},"headline":"La comtesse du Barry s\u0092&rsquo;est assise sur un tr\u00e9sor national","datePublished":"2009-06-02T22:00:00+00:00","dateModified":"2019-07-15T09:19:48+00:00","mainEntityOfPage":{"@id":"https:\/\/batijournal.com\/index.php\/la-comtesse-du-barry-s%c2%92est-assise-sur-un-tresor-national\/73140\/"},"wordCount":194,"commentCount":0,"articleSection":["Architecture &amp; Conception"],"inLanguage":"fr-FR","potentialAction":[{"@type":"CommentAction","name":"Comment","target":["https:\/\/batijournal.com\/index.php\/la-comtesse-du-barry-s%c2%92est-assise-sur-un-tresor-national\/73140\/#respond"]}]},{"@type":"WebPage","@id":"https:\/\/batijournal.com\/index.php\/la-comtesse-du-barry-s%c2%92est-assise-sur-un-tresor-national\/73140\/","url":"https:\/\/batijournal.com\/index.php\/la-comtesse-du-barry-s%c2%92est-assise-sur-un-tresor-national\/73140\/","name":"La comtesse du Barry s\u0092'est assise sur un tr\u00e9sor national","isPartOf":{"@id":"https:\/\/batijournal.com\/#website"},"datePublished":"2009-06-02T22:00:00+00:00","dateModified":"2019-07-15T09:19:48+00:00","author":{"@id":"https:\/\/batijournal.com\/#\/schema\/person\/6a657e8967569e1b299972574848aa76"},"breadcrumb":{"@id":"https:\/\/batijournal.com\/index.php\/la-comtesse-du-barry-s%c2%92est-assise-sur-un-tresor-national\/73140\/#breadcrumb"},"inLanguage":"fr-FR","potentialAction":[{"@type":"ReadAction","target":["https:\/\/batijournal.com\/index.php\/la-comtesse-du-barry-s%c2%92est-assise-sur-un-tresor-national\/73140\/"]}]},{"@type":"BreadcrumbList","@id":"https:\/\/batijournal.com\/index.php\/la-comtesse-du-barry-s%c2%92est-assise-sur-un-tresor-national\/73140\/#breadcrumb","itemListElement":[{"@type":"ListItem","position":1,"name":"Accueil","item":"https:\/\/batijournal.com\/"},{"@type":"ListItem","position":2,"name":"Actualit\u00e9s","item":"https:\/\/batijournal.com\/index.php\/category\/actualites\/"},{"@type":"ListItem","position":3,"name":"Architecture &amp; Conception","item":"https:\/\/batijournal.com\/index.php\/category\/actualites\/architecture-conception\/"},{"@type":"ListItem","position":4,"name":"La comtesse du Barry s\u0092&rsquo;est assise sur un tr\u00e9sor national"}]},{"@type":"WebSite","@id":"https:\/\/batijournal.com\/#website","url":"https:\/\/batijournal.com\/","name":"Batijournal","description":"L&#039;actualit\u00e9 du b\u00e2timent","potentialAction":[{"@type":"SearchAction","target":{"@type":"EntryPoint","urlTemplate":"https:\/\/batijournal.com\/?s={search_term_string}"},"query-input":{"@type":"PropertyValueSpecification","valueRequired":true,"valueName":"search_term_string"}}],"inLanguage":"fr-FR"},{"@type":"Person","@id":"https:\/\/batijournal.com\/#\/schema\/person\/6a657e8967569e1b299972574848aa76","name":"Bati-journal","image":{"@type":"ImageObject","inLanguage":"fr-FR","@id":"https:\/\/secure.gravatar.com\/avatar\/a64364ea26392f9b4dd47e017ddaec74ff03aefc073b49e492e847201258f777?s=96&d=mm&r=g","url":"https:\/\/secure.gravatar.com\/avatar\/a64364ea26392f9b4dd47e017ddaec74ff03aefc073b49e492e847201258f777?s=96&d=mm&r=g","contentUrl":"https:\/\/secure.gravatar.com\/avatar\/a64364ea26392f9b4dd47e017ddaec74ff03aefc073b49e492e847201258f777?s=96&d=mm&r=g","caption":"Bati-journal"},"url":"https:\/\/batijournal.com\/index.php\/author\/elodie\/"}]}},"_links":{"self":[{"href":"https:\/\/batijournal.com\/index.php\/wp-json\/wp\/v2\/posts\/73140","targetHints":{"allow":["GET"]}}],"collection":[{"href":"https:\/\/batijournal.com\/index.php\/wp-json\/wp\/v2\/posts"}],"about":[{"href":"https:\/\/batijournal.com\/index.php\/wp-json\/wp\/v2\/types\/post"}],"author":[{"embeddable":true,"href":"https:\/\/batijournal.com\/index.php\/wp-json\/wp\/v2\/users\/1"}],"replies":[{"embeddable":true,"href":"https:\/\/batijournal.com\/index.php\/wp-json\/wp\/v2\/comments?post=73140"}],"version-history":[{"count":0,"href":"https:\/\/batijournal.com\/index.php\/wp-json\/wp\/v2\/posts\/73140\/revisions"}],"wp:attachment":[{"href":"https:\/\/batijournal.com\/index.php\/wp-json\/wp\/v2\/media?parent=73140"}],"wp:term":[{"taxonomy":"category","embeddable":true,"href":"https:\/\/batijournal.com\/index.php\/wp-json\/wp\/v2\/categories?post=73140"},{"taxonomy":"post_tag","embeddable":true,"href":"https:\/\/batijournal.com\/index.php\/wp-json\/wp\/v2\/tags?post=73140"}],"curies":[{"name":"wp","href":"https:\/\/api.w.org\/{rel}","templated":true}]}}