{"id":73822,"date":"2008-05-26T00:00:00","date_gmt":"2008-05-25T22:00:00","guid":{"rendered":"http:\/\/b.bati-journal.com\/valorisation-de-la-sauvegarde-locale-de-la-faune-et-de-la-flore\/73822"},"modified":"2019-07-15T12:24:08","modified_gmt":"2019-07-15T10:24:08","slug":"valorisation-de-la-sauvegarde-locale-de-la-faune-et-de-la-flore","status":"publish","type":"post","link":"https:\/\/batijournal.com\/index.php\/valorisation-de-la-sauvegarde-locale-de-la-faune-et-de-la-flore\/73822\/","title":{"rendered":"Valorisation de la sauvegarde locale de la faune et de la flore"},"content":{"rendered":"<p>Les prix Micro-Environnement National Geographic Channel 2008 r\u00e9compensent des actions locales qui \u0153uvrent pour la protection de la biodiversit\u00e9 en France. Les cinq laur\u00e9ats de cette troisi\u00e8me \u00e9dition ont \u00e9t\u00e9 r\u00e9v\u00e9l\u00e9s le 21 mai dernier. Pour son projet de mise en place de microjardins dans le bassin de Colmar, l\u2019association Observatoire de la nature obtient le prix de l&rsquo;Ecologie urbaine. L&rsquo;id\u00e9e est de maintenir, voire de restaurer, la biodiversit\u00e9 en ville en utilisant les balcons et les cours des \u00e9tablissements scolaires. Le grand prix Coup de C\u0153ur est revenu \u00e0 l&rsquo;association Multi\u2019Colors pour le projet \u00ab\u00a0Refuges urbains\u00a0\u00bb. L\u2019objectif est de cr\u00e9er cinq jardins p\u00e9dagogiques sur un territoire prioritaire (p\u00e9rim\u00e8tre du CUCS du 20e arrondissement de Paris), valorisant la place de la nature en ville.<\/p>\n","protected":false},"excerpt":{"rendered":"<p>Les prix Micro-Environnement National Geographic Channel 2008 r\u00e9compensent des actions locales qui \u0153uvrent pour la protection de la biodiversit\u00e9 en France. Les cinq laur\u00e9ats de cette troisi\u00e8me \u00e9dition ont \u00e9t\u00e9 r\u00e9v\u00e9l\u00e9s le 21 mai dernier. Pour son projet de mise en place de microjardins dans le bassin de Colmar, l\u2019association Observatoire de la nature obtient [&hellip;]<\/p>\n","protected":false},"author":1,"featured_media":73823,"comment_status":"open","ping_status":"closed","sticky":false,"template":"","format":"standard","meta":{"_et_pb_use_builder":"","_et_pb_old_content":"","_et_gb_content_width":"","footnotes":""},"categories":[6351],"tags":[521],"class_list":["post-73822","post","type-post","status-publish","format-standard","has-post-thumbnail","hentry","category-energie-environnement","tag-sauvegarde"],"yoast_head":"<!-- This site is optimized with the Yoast SEO plugin v27.4 - https:\/\/yoast.com\/product\/yoast-seo-wordpress\/ -->\n<title>Valorisation de la sauvegarde locale de la faune et de la flore<\/title>\n<meta name=\"robots\" content=\"index, follow, max-snippet:-1, max-image-preview:large, max-video-preview:-1\" \/>\n<link rel=\"canonical\" href=\"https:\/\/batijournal.com\/index.php\/valorisation-de-la-sauvegarde-locale-de-la-faune-et-de-la-flore\/73822\/\" \/>\n<meta property=\"og:locale\" content=\"fr_FR\" \/>\n<meta property=\"og:type\" content=\"article\" \/>\n<meta property=\"og:title\" content=\"Valorisation de la sauvegarde locale de la faune et de la flore\" \/>\n<meta property=\"og:description\" content=\"Les prix Micro-Environnement National Geographic Channel 2008 r\u00e9compensent des actions locales qui \u0153uvrent pour la protection de la biodiversit\u00e9 en France. Les cinq laur\u00e9ats de cette troisi\u00e8me \u00e9dition ont \u00e9t\u00e9 r\u00e9v\u00e9l\u00e9s le 21 mai dernier. Pour son projet de mise en place de microjardins dans le bassin de Colmar, l\u2019association Observatoire de la nature obtient [&hellip;]\" \/>\n<meta property=\"og:url\" content=\"https:\/\/batijournal.com\/index.php\/valorisation-de-la-sauvegarde-locale-de-la-faune-et-de-la-flore\/73822\/\" \/>\n<meta property=\"og:site_name\" content=\"Batijournal\" \/>\n<meta property=\"article:published_time\" content=\"2008-05-25T22:00:00+00:00\" \/>\n<meta property=\"article:modified_time\" content=\"2019-07-15T10:24:08+00:00\" \/>\n<meta property=\"og:image\" content=\"https:\/\/batijournal.com\/wp-content\/uploads\/2015\/03\/003146.jpg\" \/>\n\t<meta property=\"og:image:width\" content=\"600\" \/>\n\t<meta property=\"og:image:height\" content=\"398\" \/>\n\t<meta property=\"og:image:type\" content=\"image\/jpeg\" \/>\n<meta name=\"author\" content=\"Bati-journal\" \/>\n<meta name=\"twitter:card\" content=\"summary_large_image\" \/>\n<meta name=\"twitter:creator\" content=\"@bati_journal\" \/>\n<meta name=\"twitter:site\" content=\"@bati_journal\" \/>\n<meta name=\"twitter:label1\" content=\"\u00c9crit par\" \/>\n\t<meta name=\"twitter:data1\" content=\"Bati-journal\" \/>\n\t<meta name=\"twitter:label2\" content=\"Dur\u00e9e de lecture estim\u00e9e\" \/>\n\t<meta name=\"twitter:data2\" content=\"1 minute\" \/>\n<script type=\"application\/ld+json\" class=\"yoast-schema-graph\">{\"@context\":\"https:\\\/\\\/schema.org\",\"@graph\":[{\"@type\":\"Article\",\"@id\":\"https:\\\/\\\/batijournal.com\\\/index.php\\\/valorisation-de-la-sauvegarde-locale-de-la-faune-et-de-la-flore\\\/73822\\\/#article\",\"isPartOf\":{\"@id\":\"https:\\\/\\\/batijournal.com\\\/index.php\\\/valorisation-de-la-sauvegarde-locale-de-la-faune-et-de-la-flore\\\/73822\\\/\"},\"author\":{\"name\":\"Bati-journal\",\"@id\":\"https:\\\/\\\/batijournal.com\\\/#\\\/schema\\\/person\\\/6a657e8967569e1b299972574848aa76\"},\"headline\":\"Valorisation de la sauvegarde locale de la faune et de la flore\",\"datePublished\":\"2008-05-25T22:00:00+00:00\",\"dateModified\":\"2019-07-15T10:24:08+00:00\",\"mainEntityOfPage\":{\"@id\":\"https:\\\/\\\/batijournal.com\\\/index.php\\\/valorisation-de-la-sauvegarde-locale-de-la-faune-et-de-la-flore\\\/73822\\\/\"},\"wordCount\":151,\"commentCount\":0,\"image\":{\"@id\":\"https:\\\/\\\/batijournal.com\\\/index.php\\\/valorisation-de-la-sauvegarde-locale-de-la-faune-et-de-la-flore\\\/73822\\\/#primaryimage\"},\"thumbnailUrl\":\"https:\\\/\\\/batijournal.com\\\/wp-content\\\/uploads\\\/2015\\\/03\\\/003146.jpg\",\"keywords\":[\"sauvegarde\"],\"articleSection\":[\"\u00c9nergie &amp; Environnement\"],\"inLanguage\":\"fr-FR\",\"potentialAction\":[{\"@type\":\"CommentAction\",\"name\":\"Comment\",\"target\":[\"https:\\\/\\\/batijournal.com\\\/index.php\\\/valorisation-de-la-sauvegarde-locale-de-la-faune-et-de-la-flore\\\/73822\\\/#respond\"]}]},{\"@type\":\"WebPage\",\"@id\":\"https:\\\/\\\/batijournal.com\\\/index.php\\\/valorisation-de-la-sauvegarde-locale-de-la-faune-et-de-la-flore\\\/73822\\\/\",\"url\":\"https:\\\/\\\/batijournal.com\\\/index.php\\\/valorisation-de-la-sauvegarde-locale-de-la-faune-et-de-la-flore\\\/73822\\\/\",\"name\":\"Valorisation de la sauvegarde locale de la faune et de la flore\",\"isPartOf\":{\"@id\":\"https:\\\/\\\/batijournal.com\\\/#website\"},\"primaryImageOfPage\":{\"@id\":\"https:\\\/\\\/batijournal.com\\\/index.php\\\/valorisation-de-la-sauvegarde-locale-de-la-faune-et-de-la-flore\\\/73822\\\/#primaryimage\"},\"image\":{\"@id\":\"https:\\\/\\\/batijournal.com\\\/index.php\\\/valorisation-de-la-sauvegarde-locale-de-la-faune-et-de-la-flore\\\/73822\\\/#primaryimage\"},\"thumbnailUrl\":\"https:\\\/\\\/batijournal.com\\\/wp-content\\\/uploads\\\/2015\\\/03\\\/003146.jpg\",\"datePublished\":\"2008-05-25T22:00:00+00:00\",\"dateModified\":\"2019-07-15T10:24:08+00:00\",\"author\":{\"@id\":\"https:\\\/\\\/batijournal.com\\\/#\\\/schema\\\/person\\\/6a657e8967569e1b299972574848aa76\"},\"breadcrumb\":{\"@id\":\"https:\\\/\\\/batijournal.com\\\/index.php\\\/valorisation-de-la-sauvegarde-locale-de-la-faune-et-de-la-flore\\\/73822\\\/#breadcrumb\"},\"inLanguage\":\"fr-FR\",\"potentialAction\":[{\"@type\":\"ReadAction\",\"target\":[\"https:\\\/\\\/batijournal.com\\\/index.php\\\/valorisation-de-la-sauvegarde-locale-de-la-faune-et-de-la-flore\\\/73822\\\/\"]}]},{\"@type\":\"ImageObject\",\"inLanguage\":\"fr-FR\",\"@id\":\"https:\\\/\\\/batijournal.com\\\/index.php\\\/valorisation-de-la-sauvegarde-locale-de-la-faune-et-de-la-flore\\\/73822\\\/#primaryimage\",\"url\":\"https:\\\/\\\/batijournal.com\\\/wp-content\\\/uploads\\\/2015\\\/03\\\/003146.jpg\",\"contentUrl\":\"https:\\\/\\\/batijournal.com\\\/wp-content\\\/uploads\\\/2015\\\/03\\\/003146.jpg\",\"width\":600,\"height\":398},{\"@type\":\"BreadcrumbList\",\"@id\":\"https:\\\/\\\/batijournal.com\\\/index.php\\\/valorisation-de-la-sauvegarde-locale-de-la-faune-et-de-la-flore\\\/73822\\\/#breadcrumb\",\"itemListElement\":[{\"@type\":\"ListItem\",\"position\":1,\"name\":\"Accueil\",\"item\":\"https:\\\/\\\/batijournal.com\\\/\"},{\"@type\":\"ListItem\",\"position\":2,\"name\":\"Actualit\u00e9s\",\"item\":\"https:\\\/\\\/batijournal.com\\\/index.php\\\/category\\\/actualites\\\/\"},{\"@type\":\"ListItem\",\"position\":3,\"name\":\"\u00c9nergie &amp; Environnement\",\"item\":\"https:\\\/\\\/batijournal.com\\\/index.php\\\/category\\\/actualites\\\/energie-environnement\\\/\"},{\"@type\":\"ListItem\",\"position\":4,\"name\":\"Valorisation de la sauvegarde locale de la faune et de la flore\"}]},{\"@type\":\"WebSite\",\"@id\":\"https:\\\/\\\/batijournal.com\\\/#website\",\"url\":\"https:\\\/\\\/batijournal.com\\\/\",\"name\":\"Batijournal\",\"description\":\"L&#039;actualit\u00e9 du b\u00e2timent\",\"potentialAction\":[{\"@type\":\"SearchAction\",\"target\":{\"@type\":\"EntryPoint\",\"urlTemplate\":\"https:\\\/\\\/batijournal.com\\\/?s={search_term_string}\"},\"query-input\":{\"@type\":\"PropertyValueSpecification\",\"valueRequired\":true,\"valueName\":\"search_term_string\"}}],\"inLanguage\":\"fr-FR\"},{\"@type\":\"Person\",\"@id\":\"https:\\\/\\\/batijournal.com\\\/#\\\/schema\\\/person\\\/6a657e8967569e1b299972574848aa76\",\"name\":\"Bati-journal\",\"image\":{\"@type\":\"ImageObject\",\"inLanguage\":\"fr-FR\",\"@id\":\"https:\\\/\\\/secure.gravatar.com\\\/avatar\\\/a64364ea26392f9b4dd47e017ddaec74ff03aefc073b49e492e847201258f777?s=96&d=mm&r=g\",\"url\":\"https:\\\/\\\/secure.gravatar.com\\\/avatar\\\/a64364ea26392f9b4dd47e017ddaec74ff03aefc073b49e492e847201258f777?s=96&d=mm&r=g\",\"contentUrl\":\"https:\\\/\\\/secure.gravatar.com\\\/avatar\\\/a64364ea26392f9b4dd47e017ddaec74ff03aefc073b49e492e847201258f777?s=96&d=mm&r=g\",\"caption\":\"Bati-journal\"},\"url\":\"https:\\\/\\\/batijournal.com\\\/index.php\\\/author\\\/elodie\\\/\"}]}<\/script>\n<!-- \/ Yoast SEO plugin. -->","yoast_head_json":{"title":"Valorisation de la sauvegarde locale de la faune et de la flore","robots":{"index":"index","follow":"follow","max-snippet":"max-snippet:-1","max-image-preview":"max-image-preview:large","max-video-preview":"max-video-preview:-1"},"canonical":"https:\/\/batijournal.com\/index.php\/valorisation-de-la-sauvegarde-locale-de-la-faune-et-de-la-flore\/73822\/","og_locale":"fr_FR","og_type":"article","og_title":"Valorisation de la sauvegarde locale de la faune et de la flore","og_description":"Les prix Micro-Environnement National Geographic Channel 2008 r\u00e9compensent des actions locales qui \u0153uvrent pour la protection de la biodiversit\u00e9 en France. Les cinq laur\u00e9ats de cette troisi\u00e8me \u00e9dition ont \u00e9t\u00e9 r\u00e9v\u00e9l\u00e9s le 21 mai dernier. Pour son projet de mise en place de microjardins dans le bassin de Colmar, l\u2019association Observatoire de la nature obtient [&hellip;]","og_url":"https:\/\/batijournal.com\/index.php\/valorisation-de-la-sauvegarde-locale-de-la-faune-et-de-la-flore\/73822\/","og_site_name":"Batijournal","article_published_time":"2008-05-25T22:00:00+00:00","article_modified_time":"2019-07-15T10:24:08+00:00","og_image":[{"width":600,"height":398,"url":"https:\/\/batijournal.com\/wp-content\/uploads\/2015\/03\/003146.jpg","type":"image\/jpeg"}],"author":"Bati-journal","twitter_card":"summary_large_image","twitter_creator":"@bati_journal","twitter_site":"@bati_journal","twitter_misc":{"\u00c9crit par":"Bati-journal","Dur\u00e9e de lecture estim\u00e9e":"1 minute"},"schema":{"@context":"https:\/\/schema.org","@graph":[{"@type":"Article","@id":"https:\/\/batijournal.com\/index.php\/valorisation-de-la-sauvegarde-locale-de-la-faune-et-de-la-flore\/73822\/#article","isPartOf":{"@id":"https:\/\/batijournal.com\/index.php\/valorisation-de-la-sauvegarde-locale-de-la-faune-et-de-la-flore\/73822\/"},"author":{"name":"Bati-journal","@id":"https:\/\/batijournal.com\/#\/schema\/person\/6a657e8967569e1b299972574848aa76"},"headline":"Valorisation de la sauvegarde locale de la faune et de la flore","datePublished":"2008-05-25T22:00:00+00:00","dateModified":"2019-07-15T10:24:08+00:00","mainEntityOfPage":{"@id":"https:\/\/batijournal.com\/index.php\/valorisation-de-la-sauvegarde-locale-de-la-faune-et-de-la-flore\/73822\/"},"wordCount":151,"commentCount":0,"image":{"@id":"https:\/\/batijournal.com\/index.php\/valorisation-de-la-sauvegarde-locale-de-la-faune-et-de-la-flore\/73822\/#primaryimage"},"thumbnailUrl":"https:\/\/batijournal.com\/wp-content\/uploads\/2015\/03\/003146.jpg","keywords":["sauvegarde"],"articleSection":["\u00c9nergie &amp; Environnement"],"inLanguage":"fr-FR","potentialAction":[{"@type":"CommentAction","name":"Comment","target":["https:\/\/batijournal.com\/index.php\/valorisation-de-la-sauvegarde-locale-de-la-faune-et-de-la-flore\/73822\/#respond"]}]},{"@type":"WebPage","@id":"https:\/\/batijournal.com\/index.php\/valorisation-de-la-sauvegarde-locale-de-la-faune-et-de-la-flore\/73822\/","url":"https:\/\/batijournal.com\/index.php\/valorisation-de-la-sauvegarde-locale-de-la-faune-et-de-la-flore\/73822\/","name":"Valorisation de la sauvegarde locale de la faune et de la flore","isPartOf":{"@id":"https:\/\/batijournal.com\/#website"},"primaryImageOfPage":{"@id":"https:\/\/batijournal.com\/index.php\/valorisation-de-la-sauvegarde-locale-de-la-faune-et-de-la-flore\/73822\/#primaryimage"},"image":{"@id":"https:\/\/batijournal.com\/index.php\/valorisation-de-la-sauvegarde-locale-de-la-faune-et-de-la-flore\/73822\/#primaryimage"},"thumbnailUrl":"https:\/\/batijournal.com\/wp-content\/uploads\/2015\/03\/003146.jpg","datePublished":"2008-05-25T22:00:00+00:00","dateModified":"2019-07-15T10:24:08+00:00","author":{"@id":"https:\/\/batijournal.com\/#\/schema\/person\/6a657e8967569e1b299972574848aa76"},"breadcrumb":{"@id":"https:\/\/batijournal.com\/index.php\/valorisation-de-la-sauvegarde-locale-de-la-faune-et-de-la-flore\/73822\/#breadcrumb"},"inLanguage":"fr-FR","potentialAction":[{"@type":"ReadAction","target":["https:\/\/batijournal.com\/index.php\/valorisation-de-la-sauvegarde-locale-de-la-faune-et-de-la-flore\/73822\/"]}]},{"@type":"ImageObject","inLanguage":"fr-FR","@id":"https:\/\/batijournal.com\/index.php\/valorisation-de-la-sauvegarde-locale-de-la-faune-et-de-la-flore\/73822\/#primaryimage","url":"https:\/\/batijournal.com\/wp-content\/uploads\/2015\/03\/003146.jpg","contentUrl":"https:\/\/batijournal.com\/wp-content\/uploads\/2015\/03\/003146.jpg","width":600,"height":398},{"@type":"BreadcrumbList","@id":"https:\/\/batijournal.com\/index.php\/valorisation-de-la-sauvegarde-locale-de-la-faune-et-de-la-flore\/73822\/#breadcrumb","itemListElement":[{"@type":"ListItem","position":1,"name":"Accueil","item":"https:\/\/batijournal.com\/"},{"@type":"ListItem","position":2,"name":"Actualit\u00e9s","item":"https:\/\/batijournal.com\/index.php\/category\/actualites\/"},{"@type":"ListItem","position":3,"name":"\u00c9nergie &amp; Environnement","item":"https:\/\/batijournal.com\/index.php\/category\/actualites\/energie-environnement\/"},{"@type":"ListItem","position":4,"name":"Valorisation de la sauvegarde locale de la faune et de la flore"}]},{"@type":"WebSite","@id":"https:\/\/batijournal.com\/#website","url":"https:\/\/batijournal.com\/","name":"Batijournal","description":"L&#039;actualit\u00e9 du b\u00e2timent","potentialAction":[{"@type":"SearchAction","target":{"@type":"EntryPoint","urlTemplate":"https:\/\/batijournal.com\/?s={search_term_string}"},"query-input":{"@type":"PropertyValueSpecification","valueRequired":true,"valueName":"search_term_string"}}],"inLanguage":"fr-FR"},{"@type":"Person","@id":"https:\/\/batijournal.com\/#\/schema\/person\/6a657e8967569e1b299972574848aa76","name":"Bati-journal","image":{"@type":"ImageObject","inLanguage":"fr-FR","@id":"https:\/\/secure.gravatar.com\/avatar\/a64364ea26392f9b4dd47e017ddaec74ff03aefc073b49e492e847201258f777?s=96&d=mm&r=g","url":"https:\/\/secure.gravatar.com\/avatar\/a64364ea26392f9b4dd47e017ddaec74ff03aefc073b49e492e847201258f777?s=96&d=mm&r=g","contentUrl":"https:\/\/secure.gravatar.com\/avatar\/a64364ea26392f9b4dd47e017ddaec74ff03aefc073b49e492e847201258f777?s=96&d=mm&r=g","caption":"Bati-journal"},"url":"https:\/\/batijournal.com\/index.php\/author\/elodie\/"}]}},"_links":{"self":[{"href":"https:\/\/batijournal.com\/index.php\/wp-json\/wp\/v2\/posts\/73822","targetHints":{"allow":["GET"]}}],"collection":[{"href":"https:\/\/batijournal.com\/index.php\/wp-json\/wp\/v2\/posts"}],"about":[{"href":"https:\/\/batijournal.com\/index.php\/wp-json\/wp\/v2\/types\/post"}],"author":[{"embeddable":true,"href":"https:\/\/batijournal.com\/index.php\/wp-json\/wp\/v2\/users\/1"}],"replies":[{"embeddable":true,"href":"https:\/\/batijournal.com\/index.php\/wp-json\/wp\/v2\/comments?post=73822"}],"version-history":[{"count":0,"href":"https:\/\/batijournal.com\/index.php\/wp-json\/wp\/v2\/posts\/73822\/revisions"}],"wp:featuredmedia":[{"embeddable":true,"href":"https:\/\/batijournal.com\/index.php\/wp-json\/wp\/v2\/media\/73823"}],"wp:attachment":[{"href":"https:\/\/batijournal.com\/index.php\/wp-json\/wp\/v2\/media?parent=73822"}],"wp:term":[{"taxonomy":"category","embeddable":true,"href":"https:\/\/batijournal.com\/index.php\/wp-json\/wp\/v2\/categories?post=73822"},{"taxonomy":"post_tag","embeddable":true,"href":"https:\/\/batijournal.com\/index.php\/wp-json\/wp\/v2\/tags?post=73822"}],"curies":[{"name":"wp","href":"https:\/\/api.w.org\/{rel}","templated":true}]}}