{"id":73914,"date":"2011-12-21T00:00:00","date_gmt":"2011-12-20T23:00:00","guid":{"rendered":"http:\/\/b.bati-journal.com\/qualite-de-lair-interieur-la-brique-affiche-ses-qualites\/73914"},"modified":"2019-07-15T12:23:59","modified_gmt":"2019-07-15T10:23:59","slug":"qualite-de-lair-interieur-la-brique-affiche-ses-qualites","status":"publish","type":"post","link":"https:\/\/batijournal.com\/index.php\/qualite-de-lair-interieur-la-brique-affiche-ses-qualites\/73914\/","title":{"rendered":"Qualit\u00e9 de l&rsquo;air int\u00e9rieur : la brique affiche ses qualit\u00e9s"},"content":{"rendered":"<p>La qualit\u00e9 de l&rsquo;air int\u00e9rieur est en effet devenue un sujet majeur de sant\u00e9 publique : 30 % de la population fran\u00e7aise souffre d&rsquo;allergie(s). Les fabricants et professionnels de la terre cuite ont choisi d&rsquo;aller plus loin dans l&rsquo;obligation d&rsquo;\u00e9tiquetage en indiquant que leurs produits ne d\u00e9veloppent ni champignons microscopiques ni moisissures. Ces allerg\u00e8nes contaminent 40 % des logements et multiplient par deux le risque de maladie pulmonaire. Les terres cuites, \u00e0 base d&rsquo;argile, n&rsquo;\u00e9mettent aucune substance volatile polluante. Leur \u00e9tiquette peut afficher un A+ rassurant. Mieux : leur r\u00f4le isolant, leur inertie et leur traitement des ponts thermiques \u00e9vitent les ph\u00e9nom\u00e8nes de condensation propice au d\u00e9veloppement des moisissures. Enfin, ne poss\u00e9dant aucune mati\u00e8re nutritive, la brique demeure saine, m\u00eame immerg\u00e9e accidentellement. La F\u00e9d\u00e9ration fran\u00e7aise des briques et des tuiles (FFTB) s&rsquo;est investie depuis dix ans dans l&rsquo;\u00e9tude du lien b\u00e2ti\/sant\u00e9. En 2011, elle a contribu\u00e9 au livre blanc L&rsquo;Air<\/p>\n","protected":false},"excerpt":{"rendered":"<p>La qualit\u00e9 de l&rsquo;air int\u00e9rieur est en effet devenue un sujet majeur de sant\u00e9 publique : 30 % de la population fran\u00e7aise souffre d&rsquo;allergie(s). Les fabricants et professionnels de la terre cuite ont choisi d&rsquo;aller plus loin dans l&rsquo;obligation d&rsquo;\u00e9tiquetage en indiquant que leurs produits ne d\u00e9veloppent ni champignons microscopiques ni moisissures. Ces allerg\u00e8nes contaminent [&hellip;]<\/p>\n","protected":false},"author":1,"featured_media":73915,"comment_status":"open","ping_status":"closed","sticky":false,"template":"","format":"standard","meta":{"_et_pb_use_builder":"","_et_pb_old_content":"","_et_gb_content_width":"","footnotes":""},"categories":[6351],"tags":[1594,562,4137,3575],"class_list":["post-73914","post","type-post","status-publish","format-standard","has-post-thumbnail","hentry","category-energie-environnement","tag-brique","tag-cov","tag-fftb","tag-qualite-de-lair"],"yoast_head":"<!-- This site is optimized with the Yoast SEO plugin v27.4 - https:\/\/yoast.com\/product\/yoast-seo-wordpress\/ -->\n<title>Qualit\u00e9 de l&#039;air int\u00e9rieur : la brique affiche ses qualit\u00e9s<\/title>\n<meta name=\"robots\" content=\"index, follow, max-snippet:-1, max-image-preview:large, max-video-preview:-1\" \/>\n<link rel=\"canonical\" href=\"https:\/\/batijournal.com\/index.php\/qualite-de-lair-interieur-la-brique-affiche-ses-qualites\/73914\/\" \/>\n<meta property=\"og:locale\" content=\"fr_FR\" \/>\n<meta property=\"og:type\" content=\"article\" \/>\n<meta property=\"og:title\" content=\"Qualit\u00e9 de l&#039;air int\u00e9rieur : la brique affiche ses qualit\u00e9s\" \/>\n<meta property=\"og:description\" content=\"La qualit\u00e9 de l&rsquo;air int\u00e9rieur est en effet devenue un sujet majeur de sant\u00e9 publique : 30 % de la population fran\u00e7aise souffre d&rsquo;allergie(s). Les fabricants et professionnels de la terre cuite ont choisi d&rsquo;aller plus loin dans l&rsquo;obligation d&rsquo;\u00e9tiquetage en indiquant que leurs produits ne d\u00e9veloppent ni champignons microscopiques ni moisissures. Ces allerg\u00e8nes contaminent [&hellip;]\" \/>\n<meta property=\"og:url\" content=\"https:\/\/batijournal.com\/index.php\/qualite-de-lair-interieur-la-brique-affiche-ses-qualites\/73914\/\" \/>\n<meta property=\"og:site_name\" content=\"Batijournal\" \/>\n<meta property=\"article:published_time\" content=\"2011-12-20T23:00:00+00:00\" \/>\n<meta property=\"article:modified_time\" content=\"2019-07-15T10:23:59+00:00\" \/>\n<meta property=\"og:image\" content=\"https:\/\/batijournal.com\/wp-content\/uploads\/2015\/03\/36223354.jpg\" \/>\n\t<meta property=\"og:image:width\" content=\"600\" \/>\n\t<meta property=\"og:image:height\" content=\"261\" \/>\n\t<meta property=\"og:image:type\" content=\"image\/jpeg\" \/>\n<meta name=\"author\" content=\"Bati-journal\" \/>\n<meta name=\"twitter:card\" content=\"summary_large_image\" \/>\n<meta name=\"twitter:creator\" content=\"@bati_journal\" \/>\n<meta name=\"twitter:site\" content=\"@bati_journal\" \/>\n<meta name=\"twitter:label1\" content=\"\u00c9crit par\" \/>\n\t<meta name=\"twitter:data1\" content=\"Bati-journal\" \/>\n\t<meta name=\"twitter:label2\" content=\"Dur\u00e9e de lecture estim\u00e9e\" \/>\n\t<meta name=\"twitter:data2\" content=\"1 minute\" \/>\n<script type=\"application\/ld+json\" class=\"yoast-schema-graph\">{\"@context\":\"https:\\\/\\\/schema.org\",\"@graph\":[{\"@type\":\"Article\",\"@id\":\"https:\\\/\\\/batijournal.com\\\/index.php\\\/qualite-de-lair-interieur-la-brique-affiche-ses-qualites\\\/73914\\\/#article\",\"isPartOf\":{\"@id\":\"https:\\\/\\\/batijournal.com\\\/index.php\\\/qualite-de-lair-interieur-la-brique-affiche-ses-qualites\\\/73914\\\/\"},\"author\":{\"name\":\"Bati-journal\",\"@id\":\"https:\\\/\\\/batijournal.com\\\/#\\\/schema\\\/person\\\/6a657e8967569e1b299972574848aa76\"},\"headline\":\"Qualit\u00e9 de l&rsquo;air int\u00e9rieur : la brique affiche ses qualit\u00e9s\",\"datePublished\":\"2011-12-20T23:00:00+00:00\",\"dateModified\":\"2019-07-15T10:23:59+00:00\",\"mainEntityOfPage\":{\"@id\":\"https:\\\/\\\/batijournal.com\\\/index.php\\\/qualite-de-lair-interieur-la-brique-affiche-ses-qualites\\\/73914\\\/\"},\"wordCount\":182,\"commentCount\":0,\"image\":{\"@id\":\"https:\\\/\\\/batijournal.com\\\/index.php\\\/qualite-de-lair-interieur-la-brique-affiche-ses-qualites\\\/73914\\\/#primaryimage\"},\"thumbnailUrl\":\"https:\\\/\\\/batijournal.com\\\/wp-content\\\/uploads\\\/2015\\\/03\\\/36223354.jpg\",\"keywords\":[\"brique\",\"COV\",\"FFTB\",\"qualit\u00e9 de l'air\"],\"articleSection\":[\"\u00c9nergie &amp; Environnement\"],\"inLanguage\":\"fr-FR\",\"potentialAction\":[{\"@type\":\"CommentAction\",\"name\":\"Comment\",\"target\":[\"https:\\\/\\\/batijournal.com\\\/index.php\\\/qualite-de-lair-interieur-la-brique-affiche-ses-qualites\\\/73914\\\/#respond\"]}]},{\"@type\":\"WebPage\",\"@id\":\"https:\\\/\\\/batijournal.com\\\/index.php\\\/qualite-de-lair-interieur-la-brique-affiche-ses-qualites\\\/73914\\\/\",\"url\":\"https:\\\/\\\/batijournal.com\\\/index.php\\\/qualite-de-lair-interieur-la-brique-affiche-ses-qualites\\\/73914\\\/\",\"name\":\"Qualit\u00e9 de l'air int\u00e9rieur : la brique affiche ses qualit\u00e9s\",\"isPartOf\":{\"@id\":\"https:\\\/\\\/batijournal.com\\\/#website\"},\"primaryImageOfPage\":{\"@id\":\"https:\\\/\\\/batijournal.com\\\/index.php\\\/qualite-de-lair-interieur-la-brique-affiche-ses-qualites\\\/73914\\\/#primaryimage\"},\"image\":{\"@id\":\"https:\\\/\\\/batijournal.com\\\/index.php\\\/qualite-de-lair-interieur-la-brique-affiche-ses-qualites\\\/73914\\\/#primaryimage\"},\"thumbnailUrl\":\"https:\\\/\\\/batijournal.com\\\/wp-content\\\/uploads\\\/2015\\\/03\\\/36223354.jpg\",\"datePublished\":\"2011-12-20T23:00:00+00:00\",\"dateModified\":\"2019-07-15T10:23:59+00:00\",\"author\":{\"@id\":\"https:\\\/\\\/batijournal.com\\\/#\\\/schema\\\/person\\\/6a657e8967569e1b299972574848aa76\"},\"breadcrumb\":{\"@id\":\"https:\\\/\\\/batijournal.com\\\/index.php\\\/qualite-de-lair-interieur-la-brique-affiche-ses-qualites\\\/73914\\\/#breadcrumb\"},\"inLanguage\":\"fr-FR\",\"potentialAction\":[{\"@type\":\"ReadAction\",\"target\":[\"https:\\\/\\\/batijournal.com\\\/index.php\\\/qualite-de-lair-interieur-la-brique-affiche-ses-qualites\\\/73914\\\/\"]}]},{\"@type\":\"ImageObject\",\"inLanguage\":\"fr-FR\",\"@id\":\"https:\\\/\\\/batijournal.com\\\/index.php\\\/qualite-de-lair-interieur-la-brique-affiche-ses-qualites\\\/73914\\\/#primaryimage\",\"url\":\"https:\\\/\\\/batijournal.com\\\/wp-content\\\/uploads\\\/2015\\\/03\\\/36223354.jpg\",\"contentUrl\":\"https:\\\/\\\/batijournal.com\\\/wp-content\\\/uploads\\\/2015\\\/03\\\/36223354.jpg\",\"width\":600,\"height\":261},{\"@type\":\"BreadcrumbList\",\"@id\":\"https:\\\/\\\/batijournal.com\\\/index.php\\\/qualite-de-lair-interieur-la-brique-affiche-ses-qualites\\\/73914\\\/#breadcrumb\",\"itemListElement\":[{\"@type\":\"ListItem\",\"position\":1,\"name\":\"Accueil\",\"item\":\"https:\\\/\\\/batijournal.com\\\/\"},{\"@type\":\"ListItem\",\"position\":2,\"name\":\"Actualit\u00e9s\",\"item\":\"https:\\\/\\\/batijournal.com\\\/index.php\\\/category\\\/actualites\\\/\"},{\"@type\":\"ListItem\",\"position\":3,\"name\":\"\u00c9nergie &amp; Environnement\",\"item\":\"https:\\\/\\\/batijournal.com\\\/index.php\\\/category\\\/actualites\\\/energie-environnement\\\/\"},{\"@type\":\"ListItem\",\"position\":4,\"name\":\"Qualit\u00e9 de l&rsquo;air int\u00e9rieur : la brique affiche ses qualit\u00e9s\"}]},{\"@type\":\"WebSite\",\"@id\":\"https:\\\/\\\/batijournal.com\\\/#website\",\"url\":\"https:\\\/\\\/batijournal.com\\\/\",\"name\":\"Batijournal\",\"description\":\"L&#039;actualit\u00e9 du b\u00e2timent\",\"potentialAction\":[{\"@type\":\"SearchAction\",\"target\":{\"@type\":\"EntryPoint\",\"urlTemplate\":\"https:\\\/\\\/batijournal.com\\\/?s={search_term_string}\"},\"query-input\":{\"@type\":\"PropertyValueSpecification\",\"valueRequired\":true,\"valueName\":\"search_term_string\"}}],\"inLanguage\":\"fr-FR\"},{\"@type\":\"Person\",\"@id\":\"https:\\\/\\\/batijournal.com\\\/#\\\/schema\\\/person\\\/6a657e8967569e1b299972574848aa76\",\"name\":\"Bati-journal\",\"image\":{\"@type\":\"ImageObject\",\"inLanguage\":\"fr-FR\",\"@id\":\"https:\\\/\\\/secure.gravatar.com\\\/avatar\\\/a64364ea26392f9b4dd47e017ddaec74ff03aefc073b49e492e847201258f777?s=96&d=mm&r=g\",\"url\":\"https:\\\/\\\/secure.gravatar.com\\\/avatar\\\/a64364ea26392f9b4dd47e017ddaec74ff03aefc073b49e492e847201258f777?s=96&d=mm&r=g\",\"contentUrl\":\"https:\\\/\\\/secure.gravatar.com\\\/avatar\\\/a64364ea26392f9b4dd47e017ddaec74ff03aefc073b49e492e847201258f777?s=96&d=mm&r=g\",\"caption\":\"Bati-journal\"},\"url\":\"https:\\\/\\\/batijournal.com\\\/index.php\\\/author\\\/elodie\\\/\"}]}<\/script>\n<!-- \/ Yoast SEO plugin. -->","yoast_head_json":{"title":"Qualit\u00e9 de l'air int\u00e9rieur : la brique affiche ses qualit\u00e9s","robots":{"index":"index","follow":"follow","max-snippet":"max-snippet:-1","max-image-preview":"max-image-preview:large","max-video-preview":"max-video-preview:-1"},"canonical":"https:\/\/batijournal.com\/index.php\/qualite-de-lair-interieur-la-brique-affiche-ses-qualites\/73914\/","og_locale":"fr_FR","og_type":"article","og_title":"Qualit\u00e9 de l'air int\u00e9rieur : la brique affiche ses qualit\u00e9s","og_description":"La qualit\u00e9 de l&rsquo;air int\u00e9rieur est en effet devenue un sujet majeur de sant\u00e9 publique : 30 % de la population fran\u00e7aise souffre d&rsquo;allergie(s). Les fabricants et professionnels de la terre cuite ont choisi d&rsquo;aller plus loin dans l&rsquo;obligation d&rsquo;\u00e9tiquetage en indiquant que leurs produits ne d\u00e9veloppent ni champignons microscopiques ni moisissures. Ces allerg\u00e8nes contaminent [&hellip;]","og_url":"https:\/\/batijournal.com\/index.php\/qualite-de-lair-interieur-la-brique-affiche-ses-qualites\/73914\/","og_site_name":"Batijournal","article_published_time":"2011-12-20T23:00:00+00:00","article_modified_time":"2019-07-15T10:23:59+00:00","og_image":[{"width":600,"height":261,"url":"https:\/\/batijournal.com\/wp-content\/uploads\/2015\/03\/36223354.jpg","type":"image\/jpeg"}],"author":"Bati-journal","twitter_card":"summary_large_image","twitter_creator":"@bati_journal","twitter_site":"@bati_journal","twitter_misc":{"\u00c9crit par":"Bati-journal","Dur\u00e9e de lecture estim\u00e9e":"1 minute"},"schema":{"@context":"https:\/\/schema.org","@graph":[{"@type":"Article","@id":"https:\/\/batijournal.com\/index.php\/qualite-de-lair-interieur-la-brique-affiche-ses-qualites\/73914\/#article","isPartOf":{"@id":"https:\/\/batijournal.com\/index.php\/qualite-de-lair-interieur-la-brique-affiche-ses-qualites\/73914\/"},"author":{"name":"Bati-journal","@id":"https:\/\/batijournal.com\/#\/schema\/person\/6a657e8967569e1b299972574848aa76"},"headline":"Qualit\u00e9 de l&rsquo;air int\u00e9rieur : la brique affiche ses qualit\u00e9s","datePublished":"2011-12-20T23:00:00+00:00","dateModified":"2019-07-15T10:23:59+00:00","mainEntityOfPage":{"@id":"https:\/\/batijournal.com\/index.php\/qualite-de-lair-interieur-la-brique-affiche-ses-qualites\/73914\/"},"wordCount":182,"commentCount":0,"image":{"@id":"https:\/\/batijournal.com\/index.php\/qualite-de-lair-interieur-la-brique-affiche-ses-qualites\/73914\/#primaryimage"},"thumbnailUrl":"https:\/\/batijournal.com\/wp-content\/uploads\/2015\/03\/36223354.jpg","keywords":["brique","COV","FFTB","qualit\u00e9 de l'air"],"articleSection":["\u00c9nergie &amp; Environnement"],"inLanguage":"fr-FR","potentialAction":[{"@type":"CommentAction","name":"Comment","target":["https:\/\/batijournal.com\/index.php\/qualite-de-lair-interieur-la-brique-affiche-ses-qualites\/73914\/#respond"]}]},{"@type":"WebPage","@id":"https:\/\/batijournal.com\/index.php\/qualite-de-lair-interieur-la-brique-affiche-ses-qualites\/73914\/","url":"https:\/\/batijournal.com\/index.php\/qualite-de-lair-interieur-la-brique-affiche-ses-qualites\/73914\/","name":"Qualit\u00e9 de l'air int\u00e9rieur : la brique affiche ses qualit\u00e9s","isPartOf":{"@id":"https:\/\/batijournal.com\/#website"},"primaryImageOfPage":{"@id":"https:\/\/batijournal.com\/index.php\/qualite-de-lair-interieur-la-brique-affiche-ses-qualites\/73914\/#primaryimage"},"image":{"@id":"https:\/\/batijournal.com\/index.php\/qualite-de-lair-interieur-la-brique-affiche-ses-qualites\/73914\/#primaryimage"},"thumbnailUrl":"https:\/\/batijournal.com\/wp-content\/uploads\/2015\/03\/36223354.jpg","datePublished":"2011-12-20T23:00:00+00:00","dateModified":"2019-07-15T10:23:59+00:00","author":{"@id":"https:\/\/batijournal.com\/#\/schema\/person\/6a657e8967569e1b299972574848aa76"},"breadcrumb":{"@id":"https:\/\/batijournal.com\/index.php\/qualite-de-lair-interieur-la-brique-affiche-ses-qualites\/73914\/#breadcrumb"},"inLanguage":"fr-FR","potentialAction":[{"@type":"ReadAction","target":["https:\/\/batijournal.com\/index.php\/qualite-de-lair-interieur-la-brique-affiche-ses-qualites\/73914\/"]}]},{"@type":"ImageObject","inLanguage":"fr-FR","@id":"https:\/\/batijournal.com\/index.php\/qualite-de-lair-interieur-la-brique-affiche-ses-qualites\/73914\/#primaryimage","url":"https:\/\/batijournal.com\/wp-content\/uploads\/2015\/03\/36223354.jpg","contentUrl":"https:\/\/batijournal.com\/wp-content\/uploads\/2015\/03\/36223354.jpg","width":600,"height":261},{"@type":"BreadcrumbList","@id":"https:\/\/batijournal.com\/index.php\/qualite-de-lair-interieur-la-brique-affiche-ses-qualites\/73914\/#breadcrumb","itemListElement":[{"@type":"ListItem","position":1,"name":"Accueil","item":"https:\/\/batijournal.com\/"},{"@type":"ListItem","position":2,"name":"Actualit\u00e9s","item":"https:\/\/batijournal.com\/index.php\/category\/actualites\/"},{"@type":"ListItem","position":3,"name":"\u00c9nergie &amp; Environnement","item":"https:\/\/batijournal.com\/index.php\/category\/actualites\/energie-environnement\/"},{"@type":"ListItem","position":4,"name":"Qualit\u00e9 de l&rsquo;air int\u00e9rieur : la brique affiche ses qualit\u00e9s"}]},{"@type":"WebSite","@id":"https:\/\/batijournal.com\/#website","url":"https:\/\/batijournal.com\/","name":"Batijournal","description":"L&#039;actualit\u00e9 du b\u00e2timent","potentialAction":[{"@type":"SearchAction","target":{"@type":"EntryPoint","urlTemplate":"https:\/\/batijournal.com\/?s={search_term_string}"},"query-input":{"@type":"PropertyValueSpecification","valueRequired":true,"valueName":"search_term_string"}}],"inLanguage":"fr-FR"},{"@type":"Person","@id":"https:\/\/batijournal.com\/#\/schema\/person\/6a657e8967569e1b299972574848aa76","name":"Bati-journal","image":{"@type":"ImageObject","inLanguage":"fr-FR","@id":"https:\/\/secure.gravatar.com\/avatar\/a64364ea26392f9b4dd47e017ddaec74ff03aefc073b49e492e847201258f777?s=96&d=mm&r=g","url":"https:\/\/secure.gravatar.com\/avatar\/a64364ea26392f9b4dd47e017ddaec74ff03aefc073b49e492e847201258f777?s=96&d=mm&r=g","contentUrl":"https:\/\/secure.gravatar.com\/avatar\/a64364ea26392f9b4dd47e017ddaec74ff03aefc073b49e492e847201258f777?s=96&d=mm&r=g","caption":"Bati-journal"},"url":"https:\/\/batijournal.com\/index.php\/author\/elodie\/"}]}},"_links":{"self":[{"href":"https:\/\/batijournal.com\/index.php\/wp-json\/wp\/v2\/posts\/73914","targetHints":{"allow":["GET"]}}],"collection":[{"href":"https:\/\/batijournal.com\/index.php\/wp-json\/wp\/v2\/posts"}],"about":[{"href":"https:\/\/batijournal.com\/index.php\/wp-json\/wp\/v2\/types\/post"}],"author":[{"embeddable":true,"href":"https:\/\/batijournal.com\/index.php\/wp-json\/wp\/v2\/users\/1"}],"replies":[{"embeddable":true,"href":"https:\/\/batijournal.com\/index.php\/wp-json\/wp\/v2\/comments?post=73914"}],"version-history":[{"count":0,"href":"https:\/\/batijournal.com\/index.php\/wp-json\/wp\/v2\/posts\/73914\/revisions"}],"wp:featuredmedia":[{"embeddable":true,"href":"https:\/\/batijournal.com\/index.php\/wp-json\/wp\/v2\/media\/73915"}],"wp:attachment":[{"href":"https:\/\/batijournal.com\/index.php\/wp-json\/wp\/v2\/media?parent=73914"}],"wp:term":[{"taxonomy":"category","embeddable":true,"href":"https:\/\/batijournal.com\/index.php\/wp-json\/wp\/v2\/categories?post=73914"},{"taxonomy":"post_tag","embeddable":true,"href":"https:\/\/batijournal.com\/index.php\/wp-json\/wp\/v2\/tags?post=73914"}],"curies":[{"name":"wp","href":"https:\/\/api.w.org\/{rel}","templated":true}]}}