{"id":73926,"date":"2012-04-13T00:00:00","date_gmt":"2012-04-12T22:00:00","guid":{"rendered":"http:\/\/b.bati-journal.com\/lancement-du-reseau-des-plates-formes-batiment-energie-grenelle\/73926"},"modified":"2019-07-15T12:23:58","modified_gmt":"2019-07-15T10:23:58","slug":"lancement-du-reseau-des-plates-formes-batiment-energie-grenelle","status":"publish","type":"post","link":"https:\/\/batijournal.com\/index.php\/lancement-du-reseau-des-plates-formes-batiment-energie-grenelle\/73926\/","title":{"rendered":"Lancement du r\u00e9seau des Plates-formes B\u00e2timent-Energie Grenelle"},"content":{"rendered":"<p>Le 12 avril, Philippe Pelletier, pr\u00e9sident du Plan B\u00e2timent Grenelle, entour\u00e9 de Fran\u00e7ois Loos, ancien ministre, pr\u00e9sident de l&rsquo;ADEME, Fran\u00e7ois Drouin, pr\u00e9sident directeur g\u00e9n\u00e9ral d&rsquo;Os\u00e9o et de Bertrand Delcambre, pr\u00e9sident du CSTB, a donn\u00e9 le coup d&rsquo;envoi d&rsquo;un nouveau r\u00e9seau : le r\u00e9seau des Plates-formes B\u00e2timent-Energie Grenelle. Ces Plates-formes sont des projets r\u00e9pondant \u00e0 un besoin de structuration de la fili\u00e8re b\u00e2timent dans les domaines de la d\u00e9monstration, la cr\u00e9ation et le d\u00e9veloppement d&rsquo;entreprises, la formation et le transfert de travaux de R&amp;D. Elles ont vocation \u00e0 faciliter l&rsquo;acc\u00e8s des TPE et PME \u00e0 l&rsquo;ensemble des structures existantes de soutien et d&rsquo;accompagnement des entreprises de la fili\u00e8re b\u00e2timent, en les coordonnant et leur donnant une meilleure lisibilit\u00e9, et ainsi devenir des guichets uniques sur leur territoire. L&rsquo;objectif est de concr\u00e9tiser sur le terrain le potentiel de d\u00e9veloppement \u00e9conomique, en termes de cr\u00e9ation d&#8217;emplois et d&rsquo;entreprises, issu de la dynamique du Plan B\u00e2timent Grenelle.<\/p>\n","protected":false},"excerpt":{"rendered":"<p>Le 12 avril, Philippe Pelletier, pr\u00e9sident du Plan B\u00e2timent Grenelle, entour\u00e9 de Fran\u00e7ois Loos, ancien ministre, pr\u00e9sident de l&rsquo;ADEME, Fran\u00e7ois Drouin, pr\u00e9sident directeur g\u00e9n\u00e9ral d&rsquo;Os\u00e9o et de Bertrand Delcambre, pr\u00e9sident du CSTB, a donn\u00e9 le coup d&rsquo;envoi d&rsquo;un nouveau r\u00e9seau : le r\u00e9seau des Plates-formes B\u00e2timent-Energie Grenelle. Ces Plates-formes sont des projets r\u00e9pondant \u00e0 un [&hellip;]<\/p>\n","protected":false},"author":1,"featured_media":73927,"comment_status":"open","ping_status":"closed","sticky":false,"template":"","format":"standard","meta":{"_et_pb_use_builder":"","_et_pb_old_content":"","_et_gb_content_width":"","footnotes":""},"categories":[6351],"tags":[1850],"class_list":["post-73926","post","type-post","status-publish","format-standard","has-post-thumbnail","hentry","category-energie-environnement","tag-grenelle-de-lenvironnement"],"yoast_head":"<!-- This site is optimized with the Yoast SEO plugin v27.4 - https:\/\/yoast.com\/product\/yoast-seo-wordpress\/ -->\n<title>Lancement du r\u00e9seau des Plates-formes B\u00e2timent-Energie Grenelle<\/title>\n<meta name=\"robots\" content=\"index, follow, max-snippet:-1, max-image-preview:large, max-video-preview:-1\" \/>\n<link rel=\"canonical\" href=\"https:\/\/batijournal.com\/index.php\/lancement-du-reseau-des-plates-formes-batiment-energie-grenelle\/73926\/\" \/>\n<meta property=\"og:locale\" content=\"fr_FR\" \/>\n<meta property=\"og:type\" content=\"article\" \/>\n<meta property=\"og:title\" content=\"Lancement du r\u00e9seau des Plates-formes B\u00e2timent-Energie Grenelle\" \/>\n<meta property=\"og:description\" content=\"Le 12 avril, Philippe Pelletier, pr\u00e9sident du Plan B\u00e2timent Grenelle, entour\u00e9 de Fran\u00e7ois Loos, ancien ministre, pr\u00e9sident de l&rsquo;ADEME, Fran\u00e7ois Drouin, pr\u00e9sident directeur g\u00e9n\u00e9ral d&rsquo;Os\u00e9o et de Bertrand Delcambre, pr\u00e9sident du CSTB, a donn\u00e9 le coup d&rsquo;envoi d&rsquo;un nouveau r\u00e9seau : le r\u00e9seau des Plates-formes B\u00e2timent-Energie Grenelle. Ces Plates-formes sont des projets r\u00e9pondant \u00e0 un [&hellip;]\" \/>\n<meta property=\"og:url\" content=\"https:\/\/batijournal.com\/index.php\/lancement-du-reseau-des-plates-formes-batiment-energie-grenelle\/73926\/\" \/>\n<meta property=\"og:site_name\" content=\"Batijournal\" \/>\n<meta property=\"article:published_time\" content=\"2012-04-12T22:00:00+00:00\" \/>\n<meta property=\"article:modified_time\" content=\"2019-07-15T10:23:58+00:00\" \/>\n<meta property=\"og:image\" content=\"https:\/\/batijournal.com\/wp-content\/uploads\/2015\/03\/43168020.jpg\" \/>\n\t<meta property=\"og:image:width\" content=\"599\" \/>\n\t<meta property=\"og:image:height\" content=\"458\" \/>\n\t<meta property=\"og:image:type\" content=\"image\/jpeg\" \/>\n<meta name=\"author\" content=\"Bati-journal\" \/>\n<meta name=\"twitter:card\" content=\"summary_large_image\" \/>\n<meta name=\"twitter:creator\" content=\"@bati_journal\" \/>\n<meta name=\"twitter:site\" content=\"@bati_journal\" \/>\n<meta name=\"twitter:label1\" content=\"\u00c9crit par\" \/>\n\t<meta name=\"twitter:data1\" content=\"Bati-journal\" \/>\n\t<meta name=\"twitter:label2\" content=\"Dur\u00e9e de lecture estim\u00e9e\" \/>\n\t<meta name=\"twitter:data2\" content=\"1 minute\" \/>\n<script type=\"application\/ld+json\" class=\"yoast-schema-graph\">{\"@context\":\"https:\\\/\\\/schema.org\",\"@graph\":[{\"@type\":\"Article\",\"@id\":\"https:\\\/\\\/batijournal.com\\\/index.php\\\/lancement-du-reseau-des-plates-formes-batiment-energie-grenelle\\\/73926\\\/#article\",\"isPartOf\":{\"@id\":\"https:\\\/\\\/batijournal.com\\\/index.php\\\/lancement-du-reseau-des-plates-formes-batiment-energie-grenelle\\\/73926\\\/\"},\"author\":{\"name\":\"Bati-journal\",\"@id\":\"https:\\\/\\\/batijournal.com\\\/#\\\/schema\\\/person\\\/6a657e8967569e1b299972574848aa76\"},\"headline\":\"Lancement du r\u00e9seau des Plates-formes B\u00e2timent-Energie Grenelle\",\"datePublished\":\"2012-04-12T22:00:00+00:00\",\"dateModified\":\"2019-07-15T10:23:58+00:00\",\"mainEntityOfPage\":{\"@id\":\"https:\\\/\\\/batijournal.com\\\/index.php\\\/lancement-du-reseau-des-plates-formes-batiment-energie-grenelle\\\/73926\\\/\"},\"wordCount\":196,\"commentCount\":0,\"image\":{\"@id\":\"https:\\\/\\\/batijournal.com\\\/index.php\\\/lancement-du-reseau-des-plates-formes-batiment-energie-grenelle\\\/73926\\\/#primaryimage\"},\"thumbnailUrl\":\"https:\\\/\\\/batijournal.com\\\/wp-content\\\/uploads\\\/2015\\\/03\\\/43168020.jpg\",\"keywords\":[\"grenelle de l'environnement\"],\"articleSection\":[\"\u00c9nergie &amp; Environnement\"],\"inLanguage\":\"fr-FR\",\"potentialAction\":[{\"@type\":\"CommentAction\",\"name\":\"Comment\",\"target\":[\"https:\\\/\\\/batijournal.com\\\/index.php\\\/lancement-du-reseau-des-plates-formes-batiment-energie-grenelle\\\/73926\\\/#respond\"]}]},{\"@type\":\"WebPage\",\"@id\":\"https:\\\/\\\/batijournal.com\\\/index.php\\\/lancement-du-reseau-des-plates-formes-batiment-energie-grenelle\\\/73926\\\/\",\"url\":\"https:\\\/\\\/batijournal.com\\\/index.php\\\/lancement-du-reseau-des-plates-formes-batiment-energie-grenelle\\\/73926\\\/\",\"name\":\"Lancement du r\u00e9seau des Plates-formes B\u00e2timent-Energie Grenelle\",\"isPartOf\":{\"@id\":\"https:\\\/\\\/batijournal.com\\\/#website\"},\"primaryImageOfPage\":{\"@id\":\"https:\\\/\\\/batijournal.com\\\/index.php\\\/lancement-du-reseau-des-plates-formes-batiment-energie-grenelle\\\/73926\\\/#primaryimage\"},\"image\":{\"@id\":\"https:\\\/\\\/batijournal.com\\\/index.php\\\/lancement-du-reseau-des-plates-formes-batiment-energie-grenelle\\\/73926\\\/#primaryimage\"},\"thumbnailUrl\":\"https:\\\/\\\/batijournal.com\\\/wp-content\\\/uploads\\\/2015\\\/03\\\/43168020.jpg\",\"datePublished\":\"2012-04-12T22:00:00+00:00\",\"dateModified\":\"2019-07-15T10:23:58+00:00\",\"author\":{\"@id\":\"https:\\\/\\\/batijournal.com\\\/#\\\/schema\\\/person\\\/6a657e8967569e1b299972574848aa76\"},\"breadcrumb\":{\"@id\":\"https:\\\/\\\/batijournal.com\\\/index.php\\\/lancement-du-reseau-des-plates-formes-batiment-energie-grenelle\\\/73926\\\/#breadcrumb\"},\"inLanguage\":\"fr-FR\",\"potentialAction\":[{\"@type\":\"ReadAction\",\"target\":[\"https:\\\/\\\/batijournal.com\\\/index.php\\\/lancement-du-reseau-des-plates-formes-batiment-energie-grenelle\\\/73926\\\/\"]}]},{\"@type\":\"ImageObject\",\"inLanguage\":\"fr-FR\",\"@id\":\"https:\\\/\\\/batijournal.com\\\/index.php\\\/lancement-du-reseau-des-plates-formes-batiment-energie-grenelle\\\/73926\\\/#primaryimage\",\"url\":\"https:\\\/\\\/batijournal.com\\\/wp-content\\\/uploads\\\/2015\\\/03\\\/43168020.jpg\",\"contentUrl\":\"https:\\\/\\\/batijournal.com\\\/wp-content\\\/uploads\\\/2015\\\/03\\\/43168020.jpg\",\"width\":599,\"height\":458},{\"@type\":\"BreadcrumbList\",\"@id\":\"https:\\\/\\\/batijournal.com\\\/index.php\\\/lancement-du-reseau-des-plates-formes-batiment-energie-grenelle\\\/73926\\\/#breadcrumb\",\"itemListElement\":[{\"@type\":\"ListItem\",\"position\":1,\"name\":\"Accueil\",\"item\":\"https:\\\/\\\/batijournal.com\\\/\"},{\"@type\":\"ListItem\",\"position\":2,\"name\":\"Actualit\u00e9s\",\"item\":\"https:\\\/\\\/batijournal.com\\\/index.php\\\/category\\\/actualites\\\/\"},{\"@type\":\"ListItem\",\"position\":3,\"name\":\"\u00c9nergie &amp; Environnement\",\"item\":\"https:\\\/\\\/batijournal.com\\\/index.php\\\/category\\\/actualites\\\/energie-environnement\\\/\"},{\"@type\":\"ListItem\",\"position\":4,\"name\":\"Lancement du r\u00e9seau des Plates-formes B\u00e2timent-Energie Grenelle\"}]},{\"@type\":\"WebSite\",\"@id\":\"https:\\\/\\\/batijournal.com\\\/#website\",\"url\":\"https:\\\/\\\/batijournal.com\\\/\",\"name\":\"Batijournal\",\"description\":\"L&#039;actualit\u00e9 du b\u00e2timent\",\"potentialAction\":[{\"@type\":\"SearchAction\",\"target\":{\"@type\":\"EntryPoint\",\"urlTemplate\":\"https:\\\/\\\/batijournal.com\\\/?s={search_term_string}\"},\"query-input\":{\"@type\":\"PropertyValueSpecification\",\"valueRequired\":true,\"valueName\":\"search_term_string\"}}],\"inLanguage\":\"fr-FR\"},{\"@type\":\"Person\",\"@id\":\"https:\\\/\\\/batijournal.com\\\/#\\\/schema\\\/person\\\/6a657e8967569e1b299972574848aa76\",\"name\":\"Bati-journal\",\"image\":{\"@type\":\"ImageObject\",\"inLanguage\":\"fr-FR\",\"@id\":\"https:\\\/\\\/secure.gravatar.com\\\/avatar\\\/a64364ea26392f9b4dd47e017ddaec74ff03aefc073b49e492e847201258f777?s=96&d=mm&r=g\",\"url\":\"https:\\\/\\\/secure.gravatar.com\\\/avatar\\\/a64364ea26392f9b4dd47e017ddaec74ff03aefc073b49e492e847201258f777?s=96&d=mm&r=g\",\"contentUrl\":\"https:\\\/\\\/secure.gravatar.com\\\/avatar\\\/a64364ea26392f9b4dd47e017ddaec74ff03aefc073b49e492e847201258f777?s=96&d=mm&r=g\",\"caption\":\"Bati-journal\"},\"url\":\"https:\\\/\\\/batijournal.com\\\/index.php\\\/author\\\/elodie\\\/\"}]}<\/script>\n<!-- \/ Yoast SEO plugin. -->","yoast_head_json":{"title":"Lancement du r\u00e9seau des Plates-formes B\u00e2timent-Energie Grenelle","robots":{"index":"index","follow":"follow","max-snippet":"max-snippet:-1","max-image-preview":"max-image-preview:large","max-video-preview":"max-video-preview:-1"},"canonical":"https:\/\/batijournal.com\/index.php\/lancement-du-reseau-des-plates-formes-batiment-energie-grenelle\/73926\/","og_locale":"fr_FR","og_type":"article","og_title":"Lancement du r\u00e9seau des Plates-formes B\u00e2timent-Energie Grenelle","og_description":"Le 12 avril, Philippe Pelletier, pr\u00e9sident du Plan B\u00e2timent Grenelle, entour\u00e9 de Fran\u00e7ois Loos, ancien ministre, pr\u00e9sident de l&rsquo;ADEME, Fran\u00e7ois Drouin, pr\u00e9sident directeur g\u00e9n\u00e9ral d&rsquo;Os\u00e9o et de Bertrand Delcambre, pr\u00e9sident du CSTB, a donn\u00e9 le coup d&rsquo;envoi d&rsquo;un nouveau r\u00e9seau : le r\u00e9seau des Plates-formes B\u00e2timent-Energie Grenelle. Ces Plates-formes sont des projets r\u00e9pondant \u00e0 un [&hellip;]","og_url":"https:\/\/batijournal.com\/index.php\/lancement-du-reseau-des-plates-formes-batiment-energie-grenelle\/73926\/","og_site_name":"Batijournal","article_published_time":"2012-04-12T22:00:00+00:00","article_modified_time":"2019-07-15T10:23:58+00:00","og_image":[{"width":599,"height":458,"url":"https:\/\/batijournal.com\/wp-content\/uploads\/2015\/03\/43168020.jpg","type":"image\/jpeg"}],"author":"Bati-journal","twitter_card":"summary_large_image","twitter_creator":"@bati_journal","twitter_site":"@bati_journal","twitter_misc":{"\u00c9crit par":"Bati-journal","Dur\u00e9e de lecture estim\u00e9e":"1 minute"},"schema":{"@context":"https:\/\/schema.org","@graph":[{"@type":"Article","@id":"https:\/\/batijournal.com\/index.php\/lancement-du-reseau-des-plates-formes-batiment-energie-grenelle\/73926\/#article","isPartOf":{"@id":"https:\/\/batijournal.com\/index.php\/lancement-du-reseau-des-plates-formes-batiment-energie-grenelle\/73926\/"},"author":{"name":"Bati-journal","@id":"https:\/\/batijournal.com\/#\/schema\/person\/6a657e8967569e1b299972574848aa76"},"headline":"Lancement du r\u00e9seau des Plates-formes B\u00e2timent-Energie Grenelle","datePublished":"2012-04-12T22:00:00+00:00","dateModified":"2019-07-15T10:23:58+00:00","mainEntityOfPage":{"@id":"https:\/\/batijournal.com\/index.php\/lancement-du-reseau-des-plates-formes-batiment-energie-grenelle\/73926\/"},"wordCount":196,"commentCount":0,"image":{"@id":"https:\/\/batijournal.com\/index.php\/lancement-du-reseau-des-plates-formes-batiment-energie-grenelle\/73926\/#primaryimage"},"thumbnailUrl":"https:\/\/batijournal.com\/wp-content\/uploads\/2015\/03\/43168020.jpg","keywords":["grenelle de l'environnement"],"articleSection":["\u00c9nergie &amp; Environnement"],"inLanguage":"fr-FR","potentialAction":[{"@type":"CommentAction","name":"Comment","target":["https:\/\/batijournal.com\/index.php\/lancement-du-reseau-des-plates-formes-batiment-energie-grenelle\/73926\/#respond"]}]},{"@type":"WebPage","@id":"https:\/\/batijournal.com\/index.php\/lancement-du-reseau-des-plates-formes-batiment-energie-grenelle\/73926\/","url":"https:\/\/batijournal.com\/index.php\/lancement-du-reseau-des-plates-formes-batiment-energie-grenelle\/73926\/","name":"Lancement du r\u00e9seau des Plates-formes B\u00e2timent-Energie Grenelle","isPartOf":{"@id":"https:\/\/batijournal.com\/#website"},"primaryImageOfPage":{"@id":"https:\/\/batijournal.com\/index.php\/lancement-du-reseau-des-plates-formes-batiment-energie-grenelle\/73926\/#primaryimage"},"image":{"@id":"https:\/\/batijournal.com\/index.php\/lancement-du-reseau-des-plates-formes-batiment-energie-grenelle\/73926\/#primaryimage"},"thumbnailUrl":"https:\/\/batijournal.com\/wp-content\/uploads\/2015\/03\/43168020.jpg","datePublished":"2012-04-12T22:00:00+00:00","dateModified":"2019-07-15T10:23:58+00:00","author":{"@id":"https:\/\/batijournal.com\/#\/schema\/person\/6a657e8967569e1b299972574848aa76"},"breadcrumb":{"@id":"https:\/\/batijournal.com\/index.php\/lancement-du-reseau-des-plates-formes-batiment-energie-grenelle\/73926\/#breadcrumb"},"inLanguage":"fr-FR","potentialAction":[{"@type":"ReadAction","target":["https:\/\/batijournal.com\/index.php\/lancement-du-reseau-des-plates-formes-batiment-energie-grenelle\/73926\/"]}]},{"@type":"ImageObject","inLanguage":"fr-FR","@id":"https:\/\/batijournal.com\/index.php\/lancement-du-reseau-des-plates-formes-batiment-energie-grenelle\/73926\/#primaryimage","url":"https:\/\/batijournal.com\/wp-content\/uploads\/2015\/03\/43168020.jpg","contentUrl":"https:\/\/batijournal.com\/wp-content\/uploads\/2015\/03\/43168020.jpg","width":599,"height":458},{"@type":"BreadcrumbList","@id":"https:\/\/batijournal.com\/index.php\/lancement-du-reseau-des-plates-formes-batiment-energie-grenelle\/73926\/#breadcrumb","itemListElement":[{"@type":"ListItem","position":1,"name":"Accueil","item":"https:\/\/batijournal.com\/"},{"@type":"ListItem","position":2,"name":"Actualit\u00e9s","item":"https:\/\/batijournal.com\/index.php\/category\/actualites\/"},{"@type":"ListItem","position":3,"name":"\u00c9nergie &amp; Environnement","item":"https:\/\/batijournal.com\/index.php\/category\/actualites\/energie-environnement\/"},{"@type":"ListItem","position":4,"name":"Lancement du r\u00e9seau des Plates-formes B\u00e2timent-Energie Grenelle"}]},{"@type":"WebSite","@id":"https:\/\/batijournal.com\/#website","url":"https:\/\/batijournal.com\/","name":"Batijournal","description":"L&#039;actualit\u00e9 du b\u00e2timent","potentialAction":[{"@type":"SearchAction","target":{"@type":"EntryPoint","urlTemplate":"https:\/\/batijournal.com\/?s={search_term_string}"},"query-input":{"@type":"PropertyValueSpecification","valueRequired":true,"valueName":"search_term_string"}}],"inLanguage":"fr-FR"},{"@type":"Person","@id":"https:\/\/batijournal.com\/#\/schema\/person\/6a657e8967569e1b299972574848aa76","name":"Bati-journal","image":{"@type":"ImageObject","inLanguage":"fr-FR","@id":"https:\/\/secure.gravatar.com\/avatar\/a64364ea26392f9b4dd47e017ddaec74ff03aefc073b49e492e847201258f777?s=96&d=mm&r=g","url":"https:\/\/secure.gravatar.com\/avatar\/a64364ea26392f9b4dd47e017ddaec74ff03aefc073b49e492e847201258f777?s=96&d=mm&r=g","contentUrl":"https:\/\/secure.gravatar.com\/avatar\/a64364ea26392f9b4dd47e017ddaec74ff03aefc073b49e492e847201258f777?s=96&d=mm&r=g","caption":"Bati-journal"},"url":"https:\/\/batijournal.com\/index.php\/author\/elodie\/"}]}},"_links":{"self":[{"href":"https:\/\/batijournal.com\/index.php\/wp-json\/wp\/v2\/posts\/73926","targetHints":{"allow":["GET"]}}],"collection":[{"href":"https:\/\/batijournal.com\/index.php\/wp-json\/wp\/v2\/posts"}],"about":[{"href":"https:\/\/batijournal.com\/index.php\/wp-json\/wp\/v2\/types\/post"}],"author":[{"embeddable":true,"href":"https:\/\/batijournal.com\/index.php\/wp-json\/wp\/v2\/users\/1"}],"replies":[{"embeddable":true,"href":"https:\/\/batijournal.com\/index.php\/wp-json\/wp\/v2\/comments?post=73926"}],"version-history":[{"count":0,"href":"https:\/\/batijournal.com\/index.php\/wp-json\/wp\/v2\/posts\/73926\/revisions"}],"wp:featuredmedia":[{"embeddable":true,"href":"https:\/\/batijournal.com\/index.php\/wp-json\/wp\/v2\/media\/73927"}],"wp:attachment":[{"href":"https:\/\/batijournal.com\/index.php\/wp-json\/wp\/v2\/media?parent=73926"}],"wp:term":[{"taxonomy":"category","embeddable":true,"href":"https:\/\/batijournal.com\/index.php\/wp-json\/wp\/v2\/categories?post=73926"},{"taxonomy":"post_tag","embeddable":true,"href":"https:\/\/batijournal.com\/index.php\/wp-json\/wp\/v2\/tags?post=73926"}],"curies":[{"name":"wp","href":"https:\/\/api.w.org\/{rel}","templated":true}]}}