{"id":74049,"date":"2008-09-08T11:46:01","date_gmt":"2008-09-08T09:46:01","guid":{"rendered":"http:\/\/b.bati-journal.com\/la-construction-bois-en-haute-normandie\/74049"},"modified":"2019-07-15T12:21:13","modified_gmt":"2019-07-15T10:21:13","slug":"la-construction-bois-en-haute-normandie","status":"publish","type":"post","link":"https:\/\/batijournal.com\/index.php\/la-construction-bois-en-haute-normandie\/74049\/","title":{"rendered":"La construction bois en Haute-Normandie"},"content":{"rendered":"<p>A Rouen, le 8e salon du bois et de l&rsquo;habitat \u00e9cologique oriente sa programmation autour de la maison passive en bois et du bois d&rsquo;\u00e9nergie. Tout au long de l&rsquo;\u00e9v\u00e9nement se succ\u00e8deront ainsi des expositions de maquettes, des conf\u00e9rences grand public et des animations en for\u00eat. Cette ann\u00e9e, un palmar\u00e8s de la construction bois r\u00e9compensant les architectes r\u00e9gionaux permettra au public et aux professionnels d&rsquo;\u00e9lire la plus belle r\u00e9alisation pr\u00e9sent\u00e9e. Du 10 au 13 octobre, Parc Expo de l&rsquo;Agglo, Rouen<\/p>\n","protected":false},"excerpt":{"rendered":"<p>A Rouen, le 8e salon du bois et de l&rsquo;habitat \u00e9cologique oriente sa programmation autour de la maison passive en bois et du bois d&rsquo;\u00e9nergie. Tout au long de l&rsquo;\u00e9v\u00e9nement se succ\u00e8deront ainsi des expositions de maquettes, des conf\u00e9rences grand public et des animations en for\u00eat. Cette ann\u00e9e, un palmar\u00e8s de la construction bois r\u00e9compensant [&hellip;]<\/p>\n","protected":false},"author":1,"featured_media":0,"comment_status":"open","ping_status":"closed","sticky":false,"template":"","format":"standard","meta":{"_et_pb_use_builder":"","_et_pb_old_content":"","_et_gb_content_width":"","footnotes":""},"categories":[6351],"tags":[4083,6609,763],"class_list":["post-74049","post","type-post","status-publish","format-standard","hentry","category-energie-environnement","tag-bois-energie","tag-habitat-ecologique","tag-maison-passive"],"yoast_head":"<!-- This site is optimized with the Yoast SEO plugin v27.4 - https:\/\/yoast.com\/product\/yoast-seo-wordpress\/ -->\n<title>La construction bois en Haute-Normandie<\/title>\n<meta name=\"robots\" content=\"index, follow, max-snippet:-1, max-image-preview:large, max-video-preview:-1\" \/>\n<link rel=\"canonical\" href=\"https:\/\/batijournal.com\/index.php\/la-construction-bois-en-haute-normandie\/74049\/\" \/>\n<meta property=\"og:locale\" content=\"fr_FR\" \/>\n<meta property=\"og:type\" content=\"article\" \/>\n<meta property=\"og:title\" content=\"La construction bois en Haute-Normandie\" \/>\n<meta property=\"og:description\" content=\"A Rouen, le 8e salon du bois et de l&rsquo;habitat \u00e9cologique oriente sa programmation autour de la maison passive en bois et du bois d&rsquo;\u00e9nergie. Tout au long de l&rsquo;\u00e9v\u00e9nement se succ\u00e8deront ainsi des expositions de maquettes, des conf\u00e9rences grand public et des animations en for\u00eat. Cette ann\u00e9e, un palmar\u00e8s de la construction bois r\u00e9compensant [&hellip;]\" \/>\n<meta property=\"og:url\" content=\"https:\/\/batijournal.com\/index.php\/la-construction-bois-en-haute-normandie\/74049\/\" \/>\n<meta property=\"og:site_name\" content=\"Batijournal\" \/>\n<meta property=\"article:published_time\" content=\"2008-09-08T09:46:01+00:00\" \/>\n<meta property=\"article:modified_time\" content=\"2019-07-15T10:21:13+00:00\" \/>\n<meta name=\"author\" content=\"Bati-journal\" \/>\n<meta name=\"twitter:card\" content=\"summary_large_image\" \/>\n<meta name=\"twitter:creator\" content=\"@bati_journal\" \/>\n<meta name=\"twitter:site\" content=\"@bati_journal\" \/>\n<meta name=\"twitter:label1\" content=\"\u00c9crit par\" \/>\n\t<meta name=\"twitter:data1\" content=\"Bati-journal\" \/>\n<script type=\"application\/ld+json\" class=\"yoast-schema-graph\">{\"@context\":\"https:\\\/\\\/schema.org\",\"@graph\":[{\"@type\":\"Article\",\"@id\":\"https:\\\/\\\/batijournal.com\\\/index.php\\\/la-construction-bois-en-haute-normandie\\\/74049\\\/#article\",\"isPartOf\":{\"@id\":\"https:\\\/\\\/batijournal.com\\\/index.php\\\/la-construction-bois-en-haute-normandie\\\/74049\\\/\"},\"author\":{\"name\":\"Bati-journal\",\"@id\":\"https:\\\/\\\/batijournal.com\\\/#\\\/schema\\\/person\\\/6a657e8967569e1b299972574848aa76\"},\"headline\":\"La construction bois en Haute-Normandie\",\"datePublished\":\"2008-09-08T09:46:01+00:00\",\"dateModified\":\"2019-07-15T10:21:13+00:00\",\"mainEntityOfPage\":{\"@id\":\"https:\\\/\\\/batijournal.com\\\/index.php\\\/la-construction-bois-en-haute-normandie\\\/74049\\\/\"},\"wordCount\":99,\"commentCount\":0,\"keywords\":[\"bois \u00e9nergie\",\"habitat ecologique\",\"maison passive\"],\"articleSection\":[\"\u00c9nergie &amp; Environnement\"],\"inLanguage\":\"fr-FR\",\"potentialAction\":[{\"@type\":\"CommentAction\",\"name\":\"Comment\",\"target\":[\"https:\\\/\\\/batijournal.com\\\/index.php\\\/la-construction-bois-en-haute-normandie\\\/74049\\\/#respond\"]}]},{\"@type\":\"WebPage\",\"@id\":\"https:\\\/\\\/batijournal.com\\\/index.php\\\/la-construction-bois-en-haute-normandie\\\/74049\\\/\",\"url\":\"https:\\\/\\\/batijournal.com\\\/index.php\\\/la-construction-bois-en-haute-normandie\\\/74049\\\/\",\"name\":\"La construction bois en Haute-Normandie\",\"isPartOf\":{\"@id\":\"https:\\\/\\\/batijournal.com\\\/#website\"},\"datePublished\":\"2008-09-08T09:46:01+00:00\",\"dateModified\":\"2019-07-15T10:21:13+00:00\",\"author\":{\"@id\":\"https:\\\/\\\/batijournal.com\\\/#\\\/schema\\\/person\\\/6a657e8967569e1b299972574848aa76\"},\"breadcrumb\":{\"@id\":\"https:\\\/\\\/batijournal.com\\\/index.php\\\/la-construction-bois-en-haute-normandie\\\/74049\\\/#breadcrumb\"},\"inLanguage\":\"fr-FR\",\"potentialAction\":[{\"@type\":\"ReadAction\",\"target\":[\"https:\\\/\\\/batijournal.com\\\/index.php\\\/la-construction-bois-en-haute-normandie\\\/74049\\\/\"]}]},{\"@type\":\"BreadcrumbList\",\"@id\":\"https:\\\/\\\/batijournal.com\\\/index.php\\\/la-construction-bois-en-haute-normandie\\\/74049\\\/#breadcrumb\",\"itemListElement\":[{\"@type\":\"ListItem\",\"position\":1,\"name\":\"Accueil\",\"item\":\"https:\\\/\\\/batijournal.com\\\/\"},{\"@type\":\"ListItem\",\"position\":2,\"name\":\"Actualit\u00e9s\",\"item\":\"https:\\\/\\\/batijournal.com\\\/index.php\\\/category\\\/actualites\\\/\"},{\"@type\":\"ListItem\",\"position\":3,\"name\":\"\u00c9nergie &amp; Environnement\",\"item\":\"https:\\\/\\\/batijournal.com\\\/index.php\\\/category\\\/actualites\\\/energie-environnement\\\/\"},{\"@type\":\"ListItem\",\"position\":4,\"name\":\"La construction bois en Haute-Normandie\"}]},{\"@type\":\"WebSite\",\"@id\":\"https:\\\/\\\/batijournal.com\\\/#website\",\"url\":\"https:\\\/\\\/batijournal.com\\\/\",\"name\":\"Batijournal\",\"description\":\"L&#039;actualit\u00e9 du b\u00e2timent\",\"potentialAction\":[{\"@type\":\"SearchAction\",\"target\":{\"@type\":\"EntryPoint\",\"urlTemplate\":\"https:\\\/\\\/batijournal.com\\\/?s={search_term_string}\"},\"query-input\":{\"@type\":\"PropertyValueSpecification\",\"valueRequired\":true,\"valueName\":\"search_term_string\"}}],\"inLanguage\":\"fr-FR\"},{\"@type\":\"Person\",\"@id\":\"https:\\\/\\\/batijournal.com\\\/#\\\/schema\\\/person\\\/6a657e8967569e1b299972574848aa76\",\"name\":\"Bati-journal\",\"image\":{\"@type\":\"ImageObject\",\"inLanguage\":\"fr-FR\",\"@id\":\"https:\\\/\\\/secure.gravatar.com\\\/avatar\\\/a64364ea26392f9b4dd47e017ddaec74ff03aefc073b49e492e847201258f777?s=96&d=mm&r=g\",\"url\":\"https:\\\/\\\/secure.gravatar.com\\\/avatar\\\/a64364ea26392f9b4dd47e017ddaec74ff03aefc073b49e492e847201258f777?s=96&d=mm&r=g\",\"contentUrl\":\"https:\\\/\\\/secure.gravatar.com\\\/avatar\\\/a64364ea26392f9b4dd47e017ddaec74ff03aefc073b49e492e847201258f777?s=96&d=mm&r=g\",\"caption\":\"Bati-journal\"},\"url\":\"https:\\\/\\\/batijournal.com\\\/index.php\\\/author\\\/elodie\\\/\"}]}<\/script>\n<!-- \/ Yoast SEO plugin. -->","yoast_head_json":{"title":"La construction bois en Haute-Normandie","robots":{"index":"index","follow":"follow","max-snippet":"max-snippet:-1","max-image-preview":"max-image-preview:large","max-video-preview":"max-video-preview:-1"},"canonical":"https:\/\/batijournal.com\/index.php\/la-construction-bois-en-haute-normandie\/74049\/","og_locale":"fr_FR","og_type":"article","og_title":"La construction bois en Haute-Normandie","og_description":"A Rouen, le 8e salon du bois et de l&rsquo;habitat \u00e9cologique oriente sa programmation autour de la maison passive en bois et du bois d&rsquo;\u00e9nergie. Tout au long de l&rsquo;\u00e9v\u00e9nement se succ\u00e8deront ainsi des expositions de maquettes, des conf\u00e9rences grand public et des animations en for\u00eat. Cette ann\u00e9e, un palmar\u00e8s de la construction bois r\u00e9compensant [&hellip;]","og_url":"https:\/\/batijournal.com\/index.php\/la-construction-bois-en-haute-normandie\/74049\/","og_site_name":"Batijournal","article_published_time":"2008-09-08T09:46:01+00:00","article_modified_time":"2019-07-15T10:21:13+00:00","author":"Bati-journal","twitter_card":"summary_large_image","twitter_creator":"@bati_journal","twitter_site":"@bati_journal","twitter_misc":{"\u00c9crit par":"Bati-journal"},"schema":{"@context":"https:\/\/schema.org","@graph":[{"@type":"Article","@id":"https:\/\/batijournal.com\/index.php\/la-construction-bois-en-haute-normandie\/74049\/#article","isPartOf":{"@id":"https:\/\/batijournal.com\/index.php\/la-construction-bois-en-haute-normandie\/74049\/"},"author":{"name":"Bati-journal","@id":"https:\/\/batijournal.com\/#\/schema\/person\/6a657e8967569e1b299972574848aa76"},"headline":"La construction bois en Haute-Normandie","datePublished":"2008-09-08T09:46:01+00:00","dateModified":"2019-07-15T10:21:13+00:00","mainEntityOfPage":{"@id":"https:\/\/batijournal.com\/index.php\/la-construction-bois-en-haute-normandie\/74049\/"},"wordCount":99,"commentCount":0,"keywords":["bois \u00e9nergie","habitat ecologique","maison passive"],"articleSection":["\u00c9nergie &amp; Environnement"],"inLanguage":"fr-FR","potentialAction":[{"@type":"CommentAction","name":"Comment","target":["https:\/\/batijournal.com\/index.php\/la-construction-bois-en-haute-normandie\/74049\/#respond"]}]},{"@type":"WebPage","@id":"https:\/\/batijournal.com\/index.php\/la-construction-bois-en-haute-normandie\/74049\/","url":"https:\/\/batijournal.com\/index.php\/la-construction-bois-en-haute-normandie\/74049\/","name":"La construction bois en Haute-Normandie","isPartOf":{"@id":"https:\/\/batijournal.com\/#website"},"datePublished":"2008-09-08T09:46:01+00:00","dateModified":"2019-07-15T10:21:13+00:00","author":{"@id":"https:\/\/batijournal.com\/#\/schema\/person\/6a657e8967569e1b299972574848aa76"},"breadcrumb":{"@id":"https:\/\/batijournal.com\/index.php\/la-construction-bois-en-haute-normandie\/74049\/#breadcrumb"},"inLanguage":"fr-FR","potentialAction":[{"@type":"ReadAction","target":["https:\/\/batijournal.com\/index.php\/la-construction-bois-en-haute-normandie\/74049\/"]}]},{"@type":"BreadcrumbList","@id":"https:\/\/batijournal.com\/index.php\/la-construction-bois-en-haute-normandie\/74049\/#breadcrumb","itemListElement":[{"@type":"ListItem","position":1,"name":"Accueil","item":"https:\/\/batijournal.com\/"},{"@type":"ListItem","position":2,"name":"Actualit\u00e9s","item":"https:\/\/batijournal.com\/index.php\/category\/actualites\/"},{"@type":"ListItem","position":3,"name":"\u00c9nergie &amp; Environnement","item":"https:\/\/batijournal.com\/index.php\/category\/actualites\/energie-environnement\/"},{"@type":"ListItem","position":4,"name":"La construction bois en Haute-Normandie"}]},{"@type":"WebSite","@id":"https:\/\/batijournal.com\/#website","url":"https:\/\/batijournal.com\/","name":"Batijournal","description":"L&#039;actualit\u00e9 du b\u00e2timent","potentialAction":[{"@type":"SearchAction","target":{"@type":"EntryPoint","urlTemplate":"https:\/\/batijournal.com\/?s={search_term_string}"},"query-input":{"@type":"PropertyValueSpecification","valueRequired":true,"valueName":"search_term_string"}}],"inLanguage":"fr-FR"},{"@type":"Person","@id":"https:\/\/batijournal.com\/#\/schema\/person\/6a657e8967569e1b299972574848aa76","name":"Bati-journal","image":{"@type":"ImageObject","inLanguage":"fr-FR","@id":"https:\/\/secure.gravatar.com\/avatar\/a64364ea26392f9b4dd47e017ddaec74ff03aefc073b49e492e847201258f777?s=96&d=mm&r=g","url":"https:\/\/secure.gravatar.com\/avatar\/a64364ea26392f9b4dd47e017ddaec74ff03aefc073b49e492e847201258f777?s=96&d=mm&r=g","contentUrl":"https:\/\/secure.gravatar.com\/avatar\/a64364ea26392f9b4dd47e017ddaec74ff03aefc073b49e492e847201258f777?s=96&d=mm&r=g","caption":"Bati-journal"},"url":"https:\/\/batijournal.com\/index.php\/author\/elodie\/"}]}},"_links":{"self":[{"href":"https:\/\/batijournal.com\/index.php\/wp-json\/wp\/v2\/posts\/74049","targetHints":{"allow":["GET"]}}],"collection":[{"href":"https:\/\/batijournal.com\/index.php\/wp-json\/wp\/v2\/posts"}],"about":[{"href":"https:\/\/batijournal.com\/index.php\/wp-json\/wp\/v2\/types\/post"}],"author":[{"embeddable":true,"href":"https:\/\/batijournal.com\/index.php\/wp-json\/wp\/v2\/users\/1"}],"replies":[{"embeddable":true,"href":"https:\/\/batijournal.com\/index.php\/wp-json\/wp\/v2\/comments?post=74049"}],"version-history":[{"count":0,"href":"https:\/\/batijournal.com\/index.php\/wp-json\/wp\/v2\/posts\/74049\/revisions"}],"wp:attachment":[{"href":"https:\/\/batijournal.com\/index.php\/wp-json\/wp\/v2\/media?parent=74049"}],"wp:term":[{"taxonomy":"category","embeddable":true,"href":"https:\/\/batijournal.com\/index.php\/wp-json\/wp\/v2\/categories?post=74049"},{"taxonomy":"post_tag","embeddable":true,"href":"https:\/\/batijournal.com\/index.php\/wp-json\/wp\/v2\/tags?post=74049"}],"curies":[{"name":"wp","href":"https:\/\/api.w.org\/{rel}","templated":true}]}}