{"id":74060,"date":"2009-05-22T14:14:30","date_gmt":"2009-05-22T12:14:30","guid":{"rendered":"http:\/\/b.bati-journal.com\/formations-construction-bois-et-maison-passive\/74060"},"modified":"2019-07-15T12:21:12","modified_gmt":"2019-07-15T10:21:12","slug":"formations-construction-bois-et-maison-passive","status":"publish","type":"post","link":"https:\/\/batijournal.com\/index.php\/formations-construction-bois-et-maison-passive\/74060\/","title":{"rendered":"Formations \u00ab\u00a0Construction bois et maison passive\u00a0\u00bb"},"content":{"rendered":"<p>Destin\u00e9es \u00e0 un public de professionnels, une formation \u00ab\u00a0Construction bois et thermique\u00a0\u00bb et une sp\u00e9cialisation \u00ab\u00a0Conception thermique PHPP\u00a0\u00bb sont propos\u00e9es par hhconseil en partenariat avec la chambre r\u00e9gionale des m\u00e9tiers et de l&rsquo;artisanat du Centre, celle du Loiret, pro clima, Drexel &amp; Weiss, La Maison Passive de France. Ces deux formations \u00ab\u00a0Construction bois et maison passive\u00a0\u00bb ont lieu les 1, 2 et 3 juillet 2009 \u00e0 Orl\u00e9ans. Organisation et inscriptions : hhconseil, 11 rue Maurice Roy, 18000 Bourges ; t\u00e9l. : 02 48 67 99 43<\/p>\n","protected":false},"excerpt":{"rendered":"<p>Destin\u00e9es \u00e0 un public de professionnels, une formation \u00ab\u00a0Construction bois et thermique\u00a0\u00bb et une sp\u00e9cialisation \u00ab\u00a0Conception thermique PHPP\u00a0\u00bb sont propos\u00e9es par hhconseil en partenariat avec la chambre r\u00e9gionale des m\u00e9tiers et de l&rsquo;artisanat du Centre, celle du Loiret, pro clima, Drexel &amp; Weiss, La Maison Passive de France. Ces deux formations \u00ab\u00a0Construction bois et maison [&hellip;]<\/p>\n","protected":false},"author":1,"featured_media":74061,"comment_status":"open","ping_status":"closed","sticky":false,"template":"","format":"standard","meta":{"_et_pb_use_builder":"","_et_pb_old_content":"","_et_gb_content_width":"","footnotes":""},"categories":[6351],"tags":[374,763],"class_list":["post-74060","post","type-post","status-publish","format-standard","has-post-thumbnail","hentry","category-energie-environnement","tag-construction-bois-2","tag-maison-passive"],"yoast_head":"<!-- This site is optimized with the Yoast SEO plugin v27.4 - https:\/\/yoast.com\/product\/yoast-seo-wordpress\/ -->\n<title>Formations &quot;Construction bois et maison passive&quot;<\/title>\n<meta name=\"robots\" content=\"index, follow, max-snippet:-1, max-image-preview:large, max-video-preview:-1\" \/>\n<link rel=\"canonical\" href=\"https:\/\/batijournal.com\/index.php\/formations-construction-bois-et-maison-passive\/74060\/\" \/>\n<meta property=\"og:locale\" content=\"fr_FR\" \/>\n<meta property=\"og:type\" content=\"article\" \/>\n<meta property=\"og:title\" content=\"Formations &quot;Construction bois et maison passive&quot;\" \/>\n<meta property=\"og:description\" content=\"Destin\u00e9es \u00e0 un public de professionnels, une formation \u00ab\u00a0Construction bois et thermique\u00a0\u00bb et une sp\u00e9cialisation \u00ab\u00a0Conception thermique PHPP\u00a0\u00bb sont propos\u00e9es par hhconseil en partenariat avec la chambre r\u00e9gionale des m\u00e9tiers et de l&rsquo;artisanat du Centre, celle du Loiret, pro clima, Drexel &amp; Weiss, La Maison Passive de France. Ces deux formations \u00ab\u00a0Construction bois et maison [&hellip;]\" \/>\n<meta property=\"og:url\" content=\"https:\/\/batijournal.com\/index.php\/formations-construction-bois-et-maison-passive\/74060\/\" \/>\n<meta property=\"og:site_name\" content=\"Batijournal\" \/>\n<meta property=\"article:published_time\" content=\"2009-05-22T12:14:30+00:00\" \/>\n<meta property=\"article:modified_time\" content=\"2019-07-15T10:21:12+00:00\" \/>\n<meta property=\"og:image\" content=\"https:\/\/batijournal.com\/wp-content\/uploads\/2015\/03\/04679004.jpg\" \/>\n\t<meta property=\"og:image:width\" content=\"404\" \/>\n\t<meta property=\"og:image:height\" content=\"599\" \/>\n\t<meta property=\"og:image:type\" content=\"image\/jpeg\" \/>\n<meta name=\"author\" content=\"Bati-journal\" \/>\n<meta name=\"twitter:card\" content=\"summary_large_image\" \/>\n<meta name=\"twitter:creator\" content=\"@bati_journal\" \/>\n<meta name=\"twitter:site\" content=\"@bati_journal\" \/>\n<meta name=\"twitter:label1\" content=\"\u00c9crit par\" \/>\n\t<meta name=\"twitter:data1\" content=\"Bati-journal\" \/>\n<script type=\"application\/ld+json\" class=\"yoast-schema-graph\">{\"@context\":\"https:\\\/\\\/schema.org\",\"@graph\":[{\"@type\":\"Article\",\"@id\":\"https:\\\/\\\/batijournal.com\\\/index.php\\\/formations-construction-bois-et-maison-passive\\\/74060\\\/#article\",\"isPartOf\":{\"@id\":\"https:\\\/\\\/batijournal.com\\\/index.php\\\/formations-construction-bois-et-maison-passive\\\/74060\\\/\"},\"author\":{\"name\":\"Bati-journal\",\"@id\":\"https:\\\/\\\/batijournal.com\\\/#\\\/schema\\\/person\\\/6a657e8967569e1b299972574848aa76\"},\"headline\":\"Formations \u00ab\u00a0Construction bois et maison passive\u00a0\u00bb\",\"datePublished\":\"2009-05-22T12:14:30+00:00\",\"dateModified\":\"2019-07-15T10:21:12+00:00\",\"mainEntityOfPage\":{\"@id\":\"https:\\\/\\\/batijournal.com\\\/index.php\\\/formations-construction-bois-et-maison-passive\\\/74060\\\/\"},\"wordCount\":84,\"commentCount\":0,\"image\":{\"@id\":\"https:\\\/\\\/batijournal.com\\\/index.php\\\/formations-construction-bois-et-maison-passive\\\/74060\\\/#primaryimage\"},\"thumbnailUrl\":\"https:\\\/\\\/batijournal.com\\\/wp-content\\\/uploads\\\/2015\\\/03\\\/04679004.jpg\",\"keywords\":[\"construction bois\",\"maison passive\"],\"articleSection\":[\"\u00c9nergie &amp; Environnement\"],\"inLanguage\":\"fr-FR\",\"potentialAction\":[{\"@type\":\"CommentAction\",\"name\":\"Comment\",\"target\":[\"https:\\\/\\\/batijournal.com\\\/index.php\\\/formations-construction-bois-et-maison-passive\\\/74060\\\/#respond\"]}]},{\"@type\":\"WebPage\",\"@id\":\"https:\\\/\\\/batijournal.com\\\/index.php\\\/formations-construction-bois-et-maison-passive\\\/74060\\\/\",\"url\":\"https:\\\/\\\/batijournal.com\\\/index.php\\\/formations-construction-bois-et-maison-passive\\\/74060\\\/\",\"name\":\"Formations \\\"Construction bois et maison passive\\\"\",\"isPartOf\":{\"@id\":\"https:\\\/\\\/batijournal.com\\\/#website\"},\"primaryImageOfPage\":{\"@id\":\"https:\\\/\\\/batijournal.com\\\/index.php\\\/formations-construction-bois-et-maison-passive\\\/74060\\\/#primaryimage\"},\"image\":{\"@id\":\"https:\\\/\\\/batijournal.com\\\/index.php\\\/formations-construction-bois-et-maison-passive\\\/74060\\\/#primaryimage\"},\"thumbnailUrl\":\"https:\\\/\\\/batijournal.com\\\/wp-content\\\/uploads\\\/2015\\\/03\\\/04679004.jpg\",\"datePublished\":\"2009-05-22T12:14:30+00:00\",\"dateModified\":\"2019-07-15T10:21:12+00:00\",\"author\":{\"@id\":\"https:\\\/\\\/batijournal.com\\\/#\\\/schema\\\/person\\\/6a657e8967569e1b299972574848aa76\"},\"breadcrumb\":{\"@id\":\"https:\\\/\\\/batijournal.com\\\/index.php\\\/formations-construction-bois-et-maison-passive\\\/74060\\\/#breadcrumb\"},\"inLanguage\":\"fr-FR\",\"potentialAction\":[{\"@type\":\"ReadAction\",\"target\":[\"https:\\\/\\\/batijournal.com\\\/index.php\\\/formations-construction-bois-et-maison-passive\\\/74060\\\/\"]}]},{\"@type\":\"ImageObject\",\"inLanguage\":\"fr-FR\",\"@id\":\"https:\\\/\\\/batijournal.com\\\/index.php\\\/formations-construction-bois-et-maison-passive\\\/74060\\\/#primaryimage\",\"url\":\"https:\\\/\\\/batijournal.com\\\/wp-content\\\/uploads\\\/2015\\\/03\\\/04679004.jpg\",\"contentUrl\":\"https:\\\/\\\/batijournal.com\\\/wp-content\\\/uploads\\\/2015\\\/03\\\/04679004.jpg\",\"width\":404,\"height\":599},{\"@type\":\"BreadcrumbList\",\"@id\":\"https:\\\/\\\/batijournal.com\\\/index.php\\\/formations-construction-bois-et-maison-passive\\\/74060\\\/#breadcrumb\",\"itemListElement\":[{\"@type\":\"ListItem\",\"position\":1,\"name\":\"Accueil\",\"item\":\"https:\\\/\\\/batijournal.com\\\/\"},{\"@type\":\"ListItem\",\"position\":2,\"name\":\"Actualit\u00e9s\",\"item\":\"https:\\\/\\\/batijournal.com\\\/index.php\\\/category\\\/actualites\\\/\"},{\"@type\":\"ListItem\",\"position\":3,\"name\":\"\u00c9nergie &amp; Environnement\",\"item\":\"https:\\\/\\\/batijournal.com\\\/index.php\\\/category\\\/actualites\\\/energie-environnement\\\/\"},{\"@type\":\"ListItem\",\"position\":4,\"name\":\"Formations \u00ab\u00a0Construction bois et maison passive\u00a0\u00bb\"}]},{\"@type\":\"WebSite\",\"@id\":\"https:\\\/\\\/batijournal.com\\\/#website\",\"url\":\"https:\\\/\\\/batijournal.com\\\/\",\"name\":\"Batijournal\",\"description\":\"L&#039;actualit\u00e9 du b\u00e2timent\",\"potentialAction\":[{\"@type\":\"SearchAction\",\"target\":{\"@type\":\"EntryPoint\",\"urlTemplate\":\"https:\\\/\\\/batijournal.com\\\/?s={search_term_string}\"},\"query-input\":{\"@type\":\"PropertyValueSpecification\",\"valueRequired\":true,\"valueName\":\"search_term_string\"}}],\"inLanguage\":\"fr-FR\"},{\"@type\":\"Person\",\"@id\":\"https:\\\/\\\/batijournal.com\\\/#\\\/schema\\\/person\\\/6a657e8967569e1b299972574848aa76\",\"name\":\"Bati-journal\",\"image\":{\"@type\":\"ImageObject\",\"inLanguage\":\"fr-FR\",\"@id\":\"https:\\\/\\\/secure.gravatar.com\\\/avatar\\\/a64364ea26392f9b4dd47e017ddaec74ff03aefc073b49e492e847201258f777?s=96&d=mm&r=g\",\"url\":\"https:\\\/\\\/secure.gravatar.com\\\/avatar\\\/a64364ea26392f9b4dd47e017ddaec74ff03aefc073b49e492e847201258f777?s=96&d=mm&r=g\",\"contentUrl\":\"https:\\\/\\\/secure.gravatar.com\\\/avatar\\\/a64364ea26392f9b4dd47e017ddaec74ff03aefc073b49e492e847201258f777?s=96&d=mm&r=g\",\"caption\":\"Bati-journal\"},\"url\":\"https:\\\/\\\/batijournal.com\\\/index.php\\\/author\\\/elodie\\\/\"}]}<\/script>\n<!-- \/ Yoast SEO plugin. -->","yoast_head_json":{"title":"Formations \"Construction bois et maison passive\"","robots":{"index":"index","follow":"follow","max-snippet":"max-snippet:-1","max-image-preview":"max-image-preview:large","max-video-preview":"max-video-preview:-1"},"canonical":"https:\/\/batijournal.com\/index.php\/formations-construction-bois-et-maison-passive\/74060\/","og_locale":"fr_FR","og_type":"article","og_title":"Formations \"Construction bois et maison passive\"","og_description":"Destin\u00e9es \u00e0 un public de professionnels, une formation \u00ab\u00a0Construction bois et thermique\u00a0\u00bb et une sp\u00e9cialisation \u00ab\u00a0Conception thermique PHPP\u00a0\u00bb sont propos\u00e9es par hhconseil en partenariat avec la chambre r\u00e9gionale des m\u00e9tiers et de l&rsquo;artisanat du Centre, celle du Loiret, pro clima, Drexel &amp; Weiss, La Maison Passive de France. Ces deux formations \u00ab\u00a0Construction bois et maison [&hellip;]","og_url":"https:\/\/batijournal.com\/index.php\/formations-construction-bois-et-maison-passive\/74060\/","og_site_name":"Batijournal","article_published_time":"2009-05-22T12:14:30+00:00","article_modified_time":"2019-07-15T10:21:12+00:00","og_image":[{"width":404,"height":599,"url":"https:\/\/batijournal.com\/wp-content\/uploads\/2015\/03\/04679004.jpg","type":"image\/jpeg"}],"author":"Bati-journal","twitter_card":"summary_large_image","twitter_creator":"@bati_journal","twitter_site":"@bati_journal","twitter_misc":{"\u00c9crit par":"Bati-journal"},"schema":{"@context":"https:\/\/schema.org","@graph":[{"@type":"Article","@id":"https:\/\/batijournal.com\/index.php\/formations-construction-bois-et-maison-passive\/74060\/#article","isPartOf":{"@id":"https:\/\/batijournal.com\/index.php\/formations-construction-bois-et-maison-passive\/74060\/"},"author":{"name":"Bati-journal","@id":"https:\/\/batijournal.com\/#\/schema\/person\/6a657e8967569e1b299972574848aa76"},"headline":"Formations \u00ab\u00a0Construction bois et maison passive\u00a0\u00bb","datePublished":"2009-05-22T12:14:30+00:00","dateModified":"2019-07-15T10:21:12+00:00","mainEntityOfPage":{"@id":"https:\/\/batijournal.com\/index.php\/formations-construction-bois-et-maison-passive\/74060\/"},"wordCount":84,"commentCount":0,"image":{"@id":"https:\/\/batijournal.com\/index.php\/formations-construction-bois-et-maison-passive\/74060\/#primaryimage"},"thumbnailUrl":"https:\/\/batijournal.com\/wp-content\/uploads\/2015\/03\/04679004.jpg","keywords":["construction bois","maison passive"],"articleSection":["\u00c9nergie &amp; Environnement"],"inLanguage":"fr-FR","potentialAction":[{"@type":"CommentAction","name":"Comment","target":["https:\/\/batijournal.com\/index.php\/formations-construction-bois-et-maison-passive\/74060\/#respond"]}]},{"@type":"WebPage","@id":"https:\/\/batijournal.com\/index.php\/formations-construction-bois-et-maison-passive\/74060\/","url":"https:\/\/batijournal.com\/index.php\/formations-construction-bois-et-maison-passive\/74060\/","name":"Formations \"Construction bois et maison passive\"","isPartOf":{"@id":"https:\/\/batijournal.com\/#website"},"primaryImageOfPage":{"@id":"https:\/\/batijournal.com\/index.php\/formations-construction-bois-et-maison-passive\/74060\/#primaryimage"},"image":{"@id":"https:\/\/batijournal.com\/index.php\/formations-construction-bois-et-maison-passive\/74060\/#primaryimage"},"thumbnailUrl":"https:\/\/batijournal.com\/wp-content\/uploads\/2015\/03\/04679004.jpg","datePublished":"2009-05-22T12:14:30+00:00","dateModified":"2019-07-15T10:21:12+00:00","author":{"@id":"https:\/\/batijournal.com\/#\/schema\/person\/6a657e8967569e1b299972574848aa76"},"breadcrumb":{"@id":"https:\/\/batijournal.com\/index.php\/formations-construction-bois-et-maison-passive\/74060\/#breadcrumb"},"inLanguage":"fr-FR","potentialAction":[{"@type":"ReadAction","target":["https:\/\/batijournal.com\/index.php\/formations-construction-bois-et-maison-passive\/74060\/"]}]},{"@type":"ImageObject","inLanguage":"fr-FR","@id":"https:\/\/batijournal.com\/index.php\/formations-construction-bois-et-maison-passive\/74060\/#primaryimage","url":"https:\/\/batijournal.com\/wp-content\/uploads\/2015\/03\/04679004.jpg","contentUrl":"https:\/\/batijournal.com\/wp-content\/uploads\/2015\/03\/04679004.jpg","width":404,"height":599},{"@type":"BreadcrumbList","@id":"https:\/\/batijournal.com\/index.php\/formations-construction-bois-et-maison-passive\/74060\/#breadcrumb","itemListElement":[{"@type":"ListItem","position":1,"name":"Accueil","item":"https:\/\/batijournal.com\/"},{"@type":"ListItem","position":2,"name":"Actualit\u00e9s","item":"https:\/\/batijournal.com\/index.php\/category\/actualites\/"},{"@type":"ListItem","position":3,"name":"\u00c9nergie &amp; Environnement","item":"https:\/\/batijournal.com\/index.php\/category\/actualites\/energie-environnement\/"},{"@type":"ListItem","position":4,"name":"Formations \u00ab\u00a0Construction bois et maison passive\u00a0\u00bb"}]},{"@type":"WebSite","@id":"https:\/\/batijournal.com\/#website","url":"https:\/\/batijournal.com\/","name":"Batijournal","description":"L&#039;actualit\u00e9 du b\u00e2timent","potentialAction":[{"@type":"SearchAction","target":{"@type":"EntryPoint","urlTemplate":"https:\/\/batijournal.com\/?s={search_term_string}"},"query-input":{"@type":"PropertyValueSpecification","valueRequired":true,"valueName":"search_term_string"}}],"inLanguage":"fr-FR"},{"@type":"Person","@id":"https:\/\/batijournal.com\/#\/schema\/person\/6a657e8967569e1b299972574848aa76","name":"Bati-journal","image":{"@type":"ImageObject","inLanguage":"fr-FR","@id":"https:\/\/secure.gravatar.com\/avatar\/a64364ea26392f9b4dd47e017ddaec74ff03aefc073b49e492e847201258f777?s=96&d=mm&r=g","url":"https:\/\/secure.gravatar.com\/avatar\/a64364ea26392f9b4dd47e017ddaec74ff03aefc073b49e492e847201258f777?s=96&d=mm&r=g","contentUrl":"https:\/\/secure.gravatar.com\/avatar\/a64364ea26392f9b4dd47e017ddaec74ff03aefc073b49e492e847201258f777?s=96&d=mm&r=g","caption":"Bati-journal"},"url":"https:\/\/batijournal.com\/index.php\/author\/elodie\/"}]}},"_links":{"self":[{"href":"https:\/\/batijournal.com\/index.php\/wp-json\/wp\/v2\/posts\/74060","targetHints":{"allow":["GET"]}}],"collection":[{"href":"https:\/\/batijournal.com\/index.php\/wp-json\/wp\/v2\/posts"}],"about":[{"href":"https:\/\/batijournal.com\/index.php\/wp-json\/wp\/v2\/types\/post"}],"author":[{"embeddable":true,"href":"https:\/\/batijournal.com\/index.php\/wp-json\/wp\/v2\/users\/1"}],"replies":[{"embeddable":true,"href":"https:\/\/batijournal.com\/index.php\/wp-json\/wp\/v2\/comments?post=74060"}],"version-history":[{"count":0,"href":"https:\/\/batijournal.com\/index.php\/wp-json\/wp\/v2\/posts\/74060\/revisions"}],"wp:featuredmedia":[{"embeddable":true,"href":"https:\/\/batijournal.com\/index.php\/wp-json\/wp\/v2\/media\/74061"}],"wp:attachment":[{"href":"https:\/\/batijournal.com\/index.php\/wp-json\/wp\/v2\/media?parent=74060"}],"wp:term":[{"taxonomy":"category","embeddable":true,"href":"https:\/\/batijournal.com\/index.php\/wp-json\/wp\/v2\/categories?post=74060"},{"taxonomy":"post_tag","embeddable":true,"href":"https:\/\/batijournal.com\/index.php\/wp-json\/wp\/v2\/tags?post=74060"}],"curies":[{"name":"wp","href":"https:\/\/api.w.org\/{rel}","templated":true}]}}