{"id":74077,"date":"2009-12-18T00:00:00","date_gmt":"2009-12-17T23:00:00","guid":{"rendered":"http:\/\/b.bati-journal.com\/le-concours-lesquisse-verte-est-lance\/74077"},"modified":"2019-07-15T12:21:11","modified_gmt":"2019-07-15T10:21:11","slug":"le-concours-lesquisse-verte-est-lance","status":"publish","type":"post","link":"https:\/\/batijournal.com\/index.php\/le-concours-lesquisse-verte-est-lance\/74077\/","title":{"rendered":"Le concours l&rsquo;Esquisse verte est lanc\u00e9 !"},"content":{"rendered":"<p>Ce concours, organis\u00e9 par l&rsquo;Arene et l&rsquo;Ademe, est \u00e0 destination des \u00e9tudiants du niveau minimal Licence 3, inscrits dans l&rsquo;une des sept \u00e9coles d&rsquo;architectures d&rsquo;Ile-de-France. Pour toujours contribuer \u00e0 l&rsquo;int\u00e9gration du d\u00e9veloppement durable \u00e0 la cr\u00e9ation architecturale, cette cinqui\u00e8me \u00e9dition a pour th\u00e8me \u00ab\u00a0Climat &#8211; ressources et architecture\u00a0\u00bb. Cette th\u00e9matique privil\u00e9gie une approche territoriale, climatique et de pr\u00e9servation des ressources, dans une dynamique de d\u00e9veloppement de conditions et de modes de vie qualitatifs et durables. Le concours s&rsquo;adresse aussi bien \u00e0 des projets de b\u00e2timents que des projets concernant des quartiers, en r\u00e9habilitation ou en neuf. Le candidat peut participer au concours librement ou dans le cadre de l&rsquo;enseignement, individuellement ou en groupe. Seront r\u00e9compens\u00e9s les trois meilleurs projets (6\u00a0000 euros, 4\u00a0500 euros et 2\u00a0500 euros) int\u00e9grant les pr\u00e9occupations du d\u00e9veloppement durable sous l&rsquo;angle de la th\u00e9matique d\u00e9finie. Date de d\u00e9p\u00f4t des projets : juin-d\u00e9but juillet 2010. Pour se pr\u00e9-enregistrer au concours de l\u2019Esquisse verte ou poser ses questions, il suffit d&rsquo;envoyer un mail \u00e0 esquisseverte@alambretcommunication.com<\/p>\n","protected":false},"excerpt":{"rendered":"<p>Ce concours, organis\u00e9 par l&rsquo;Arene et l&rsquo;Ademe, est \u00e0 destination des \u00e9tudiants du niveau minimal Licence 3, inscrits dans l&rsquo;une des sept \u00e9coles d&rsquo;architectures d&rsquo;Ile-de-France. Pour toujours contribuer \u00e0 l&rsquo;int\u00e9gration du d\u00e9veloppement durable \u00e0 la cr\u00e9ation architecturale, cette cinqui\u00e8me \u00e9dition a pour th\u00e8me \u00ab\u00a0Climat &#8211; ressources et architecture\u00a0\u00bb. Cette th\u00e9matique privil\u00e9gie une approche territoriale, climatique [&hellip;]<\/p>\n","protected":false},"author":1,"featured_media":0,"comment_status":"open","ping_status":"closed","sticky":false,"template":"","format":"standard","meta":{"_et_pb_use_builder":"","_et_pb_old_content":"","_et_gb_content_width":"","footnotes":""},"categories":[6351],"tags":[],"class_list":["post-74077","post","type-post","status-publish","format-standard","hentry","category-energie-environnement"],"yoast_head":"<!-- This site is optimized with the Yoast SEO plugin v27.4 - https:\/\/yoast.com\/product\/yoast-seo-wordpress\/ -->\n<title>Le concours l&#039;Esquisse verte est lanc\u00e9 !<\/title>\n<meta name=\"robots\" content=\"index, follow, max-snippet:-1, max-image-preview:large, max-video-preview:-1\" \/>\n<link rel=\"canonical\" href=\"https:\/\/batijournal.com\/index.php\/le-concours-lesquisse-verte-est-lance\/74077\/\" \/>\n<meta property=\"og:locale\" content=\"fr_FR\" \/>\n<meta property=\"og:type\" content=\"article\" \/>\n<meta property=\"og:title\" content=\"Le concours l&#039;Esquisse verte est lanc\u00e9 !\" \/>\n<meta property=\"og:description\" content=\"Ce concours, organis\u00e9 par l&rsquo;Arene et l&rsquo;Ademe, est \u00e0 destination des \u00e9tudiants du niveau minimal Licence 3, inscrits dans l&rsquo;une des sept \u00e9coles d&rsquo;architectures d&rsquo;Ile-de-France. Pour toujours contribuer \u00e0 l&rsquo;int\u00e9gration du d\u00e9veloppement durable \u00e0 la cr\u00e9ation architecturale, cette cinqui\u00e8me \u00e9dition a pour th\u00e8me \u00ab\u00a0Climat &#8211; ressources et architecture\u00a0\u00bb. Cette th\u00e9matique privil\u00e9gie une approche territoriale, climatique [&hellip;]\" \/>\n<meta property=\"og:url\" content=\"https:\/\/batijournal.com\/index.php\/le-concours-lesquisse-verte-est-lance\/74077\/\" \/>\n<meta property=\"og:site_name\" content=\"Batijournal\" \/>\n<meta property=\"article:published_time\" content=\"2009-12-17T23:00:00+00:00\" \/>\n<meta property=\"article:modified_time\" content=\"2019-07-15T10:21:11+00:00\" \/>\n<meta name=\"author\" content=\"Bati-journal\" \/>\n<meta name=\"twitter:card\" content=\"summary_large_image\" \/>\n<meta name=\"twitter:creator\" content=\"@bati_journal\" \/>\n<meta name=\"twitter:site\" content=\"@bati_journal\" \/>\n<meta name=\"twitter:label1\" content=\"\u00c9crit par\" \/>\n\t<meta name=\"twitter:data1\" content=\"Bati-journal\" \/>\n\t<meta name=\"twitter:label2\" content=\"Dur\u00e9e de lecture estim\u00e9e\" \/>\n\t<meta name=\"twitter:data2\" content=\"1 minute\" \/>\n<script type=\"application\/ld+json\" class=\"yoast-schema-graph\">{\"@context\":\"https:\\\/\\\/schema.org\",\"@graph\":[{\"@type\":\"Article\",\"@id\":\"https:\\\/\\\/batijournal.com\\\/index.php\\\/le-concours-lesquisse-verte-est-lance\\\/74077\\\/#article\",\"isPartOf\":{\"@id\":\"https:\\\/\\\/batijournal.com\\\/index.php\\\/le-concours-lesquisse-verte-est-lance\\\/74077\\\/\"},\"author\":{\"name\":\"Bati-journal\",\"@id\":\"https:\\\/\\\/batijournal.com\\\/#\\\/schema\\\/person\\\/6a657e8967569e1b299972574848aa76\"},\"headline\":\"Le concours l&rsquo;Esquisse verte est lanc\u00e9 !\",\"datePublished\":\"2009-12-17T23:00:00+00:00\",\"dateModified\":\"2019-07-15T10:21:11+00:00\",\"mainEntityOfPage\":{\"@id\":\"https:\\\/\\\/batijournal.com\\\/index.php\\\/le-concours-lesquisse-verte-est-lance\\\/74077\\\/\"},\"wordCount\":197,\"commentCount\":0,\"articleSection\":[\"\u00c9nergie &amp; Environnement\"],\"inLanguage\":\"fr-FR\",\"potentialAction\":[{\"@type\":\"CommentAction\",\"name\":\"Comment\",\"target\":[\"https:\\\/\\\/batijournal.com\\\/index.php\\\/le-concours-lesquisse-verte-est-lance\\\/74077\\\/#respond\"]}]},{\"@type\":\"WebPage\",\"@id\":\"https:\\\/\\\/batijournal.com\\\/index.php\\\/le-concours-lesquisse-verte-est-lance\\\/74077\\\/\",\"url\":\"https:\\\/\\\/batijournal.com\\\/index.php\\\/le-concours-lesquisse-verte-est-lance\\\/74077\\\/\",\"name\":\"Le concours l'Esquisse verte est lanc\u00e9 !\",\"isPartOf\":{\"@id\":\"https:\\\/\\\/batijournal.com\\\/#website\"},\"datePublished\":\"2009-12-17T23:00:00+00:00\",\"dateModified\":\"2019-07-15T10:21:11+00:00\",\"author\":{\"@id\":\"https:\\\/\\\/batijournal.com\\\/#\\\/schema\\\/person\\\/6a657e8967569e1b299972574848aa76\"},\"breadcrumb\":{\"@id\":\"https:\\\/\\\/batijournal.com\\\/index.php\\\/le-concours-lesquisse-verte-est-lance\\\/74077\\\/#breadcrumb\"},\"inLanguage\":\"fr-FR\",\"potentialAction\":[{\"@type\":\"ReadAction\",\"target\":[\"https:\\\/\\\/batijournal.com\\\/index.php\\\/le-concours-lesquisse-verte-est-lance\\\/74077\\\/\"]}]},{\"@type\":\"BreadcrumbList\",\"@id\":\"https:\\\/\\\/batijournal.com\\\/index.php\\\/le-concours-lesquisse-verte-est-lance\\\/74077\\\/#breadcrumb\",\"itemListElement\":[{\"@type\":\"ListItem\",\"position\":1,\"name\":\"Accueil\",\"item\":\"https:\\\/\\\/batijournal.com\\\/\"},{\"@type\":\"ListItem\",\"position\":2,\"name\":\"Actualit\u00e9s\",\"item\":\"https:\\\/\\\/batijournal.com\\\/index.php\\\/category\\\/actualites\\\/\"},{\"@type\":\"ListItem\",\"position\":3,\"name\":\"\u00c9nergie &amp; Environnement\",\"item\":\"https:\\\/\\\/batijournal.com\\\/index.php\\\/category\\\/actualites\\\/energie-environnement\\\/\"},{\"@type\":\"ListItem\",\"position\":4,\"name\":\"Le concours l&rsquo;Esquisse verte est lanc\u00e9 !\"}]},{\"@type\":\"WebSite\",\"@id\":\"https:\\\/\\\/batijournal.com\\\/#website\",\"url\":\"https:\\\/\\\/batijournal.com\\\/\",\"name\":\"Batijournal\",\"description\":\"L&#039;actualit\u00e9 du b\u00e2timent\",\"potentialAction\":[{\"@type\":\"SearchAction\",\"target\":{\"@type\":\"EntryPoint\",\"urlTemplate\":\"https:\\\/\\\/batijournal.com\\\/?s={search_term_string}\"},\"query-input\":{\"@type\":\"PropertyValueSpecification\",\"valueRequired\":true,\"valueName\":\"search_term_string\"}}],\"inLanguage\":\"fr-FR\"},{\"@type\":\"Person\",\"@id\":\"https:\\\/\\\/batijournal.com\\\/#\\\/schema\\\/person\\\/6a657e8967569e1b299972574848aa76\",\"name\":\"Bati-journal\",\"image\":{\"@type\":\"ImageObject\",\"inLanguage\":\"fr-FR\",\"@id\":\"https:\\\/\\\/secure.gravatar.com\\\/avatar\\\/a64364ea26392f9b4dd47e017ddaec74ff03aefc073b49e492e847201258f777?s=96&d=mm&r=g\",\"url\":\"https:\\\/\\\/secure.gravatar.com\\\/avatar\\\/a64364ea26392f9b4dd47e017ddaec74ff03aefc073b49e492e847201258f777?s=96&d=mm&r=g\",\"contentUrl\":\"https:\\\/\\\/secure.gravatar.com\\\/avatar\\\/a64364ea26392f9b4dd47e017ddaec74ff03aefc073b49e492e847201258f777?s=96&d=mm&r=g\",\"caption\":\"Bati-journal\"},\"url\":\"https:\\\/\\\/batijournal.com\\\/index.php\\\/author\\\/elodie\\\/\"}]}<\/script>\n<!-- \/ Yoast SEO plugin. -->","yoast_head_json":{"title":"Le concours l'Esquisse verte est lanc\u00e9 !","robots":{"index":"index","follow":"follow","max-snippet":"max-snippet:-1","max-image-preview":"max-image-preview:large","max-video-preview":"max-video-preview:-1"},"canonical":"https:\/\/batijournal.com\/index.php\/le-concours-lesquisse-verte-est-lance\/74077\/","og_locale":"fr_FR","og_type":"article","og_title":"Le concours l'Esquisse verte est lanc\u00e9 !","og_description":"Ce concours, organis\u00e9 par l&rsquo;Arene et l&rsquo;Ademe, est \u00e0 destination des \u00e9tudiants du niveau minimal Licence 3, inscrits dans l&rsquo;une des sept \u00e9coles d&rsquo;architectures d&rsquo;Ile-de-France. Pour toujours contribuer \u00e0 l&rsquo;int\u00e9gration du d\u00e9veloppement durable \u00e0 la cr\u00e9ation architecturale, cette cinqui\u00e8me \u00e9dition a pour th\u00e8me \u00ab\u00a0Climat &#8211; ressources et architecture\u00a0\u00bb. Cette th\u00e9matique privil\u00e9gie une approche territoriale, climatique [&hellip;]","og_url":"https:\/\/batijournal.com\/index.php\/le-concours-lesquisse-verte-est-lance\/74077\/","og_site_name":"Batijournal","article_published_time":"2009-12-17T23:00:00+00:00","article_modified_time":"2019-07-15T10:21:11+00:00","author":"Bati-journal","twitter_card":"summary_large_image","twitter_creator":"@bati_journal","twitter_site":"@bati_journal","twitter_misc":{"\u00c9crit par":"Bati-journal","Dur\u00e9e de lecture estim\u00e9e":"1 minute"},"schema":{"@context":"https:\/\/schema.org","@graph":[{"@type":"Article","@id":"https:\/\/batijournal.com\/index.php\/le-concours-lesquisse-verte-est-lance\/74077\/#article","isPartOf":{"@id":"https:\/\/batijournal.com\/index.php\/le-concours-lesquisse-verte-est-lance\/74077\/"},"author":{"name":"Bati-journal","@id":"https:\/\/batijournal.com\/#\/schema\/person\/6a657e8967569e1b299972574848aa76"},"headline":"Le concours l&rsquo;Esquisse verte est lanc\u00e9 !","datePublished":"2009-12-17T23:00:00+00:00","dateModified":"2019-07-15T10:21:11+00:00","mainEntityOfPage":{"@id":"https:\/\/batijournal.com\/index.php\/le-concours-lesquisse-verte-est-lance\/74077\/"},"wordCount":197,"commentCount":0,"articleSection":["\u00c9nergie &amp; Environnement"],"inLanguage":"fr-FR","potentialAction":[{"@type":"CommentAction","name":"Comment","target":["https:\/\/batijournal.com\/index.php\/le-concours-lesquisse-verte-est-lance\/74077\/#respond"]}]},{"@type":"WebPage","@id":"https:\/\/batijournal.com\/index.php\/le-concours-lesquisse-verte-est-lance\/74077\/","url":"https:\/\/batijournal.com\/index.php\/le-concours-lesquisse-verte-est-lance\/74077\/","name":"Le concours l'Esquisse verte est lanc\u00e9 !","isPartOf":{"@id":"https:\/\/batijournal.com\/#website"},"datePublished":"2009-12-17T23:00:00+00:00","dateModified":"2019-07-15T10:21:11+00:00","author":{"@id":"https:\/\/batijournal.com\/#\/schema\/person\/6a657e8967569e1b299972574848aa76"},"breadcrumb":{"@id":"https:\/\/batijournal.com\/index.php\/le-concours-lesquisse-verte-est-lance\/74077\/#breadcrumb"},"inLanguage":"fr-FR","potentialAction":[{"@type":"ReadAction","target":["https:\/\/batijournal.com\/index.php\/le-concours-lesquisse-verte-est-lance\/74077\/"]}]},{"@type":"BreadcrumbList","@id":"https:\/\/batijournal.com\/index.php\/le-concours-lesquisse-verte-est-lance\/74077\/#breadcrumb","itemListElement":[{"@type":"ListItem","position":1,"name":"Accueil","item":"https:\/\/batijournal.com\/"},{"@type":"ListItem","position":2,"name":"Actualit\u00e9s","item":"https:\/\/batijournal.com\/index.php\/category\/actualites\/"},{"@type":"ListItem","position":3,"name":"\u00c9nergie &amp; Environnement","item":"https:\/\/batijournal.com\/index.php\/category\/actualites\/energie-environnement\/"},{"@type":"ListItem","position":4,"name":"Le concours l&rsquo;Esquisse verte est lanc\u00e9 !"}]},{"@type":"WebSite","@id":"https:\/\/batijournal.com\/#website","url":"https:\/\/batijournal.com\/","name":"Batijournal","description":"L&#039;actualit\u00e9 du b\u00e2timent","potentialAction":[{"@type":"SearchAction","target":{"@type":"EntryPoint","urlTemplate":"https:\/\/batijournal.com\/?s={search_term_string}"},"query-input":{"@type":"PropertyValueSpecification","valueRequired":true,"valueName":"search_term_string"}}],"inLanguage":"fr-FR"},{"@type":"Person","@id":"https:\/\/batijournal.com\/#\/schema\/person\/6a657e8967569e1b299972574848aa76","name":"Bati-journal","image":{"@type":"ImageObject","inLanguage":"fr-FR","@id":"https:\/\/secure.gravatar.com\/avatar\/a64364ea26392f9b4dd47e017ddaec74ff03aefc073b49e492e847201258f777?s=96&d=mm&r=g","url":"https:\/\/secure.gravatar.com\/avatar\/a64364ea26392f9b4dd47e017ddaec74ff03aefc073b49e492e847201258f777?s=96&d=mm&r=g","contentUrl":"https:\/\/secure.gravatar.com\/avatar\/a64364ea26392f9b4dd47e017ddaec74ff03aefc073b49e492e847201258f777?s=96&d=mm&r=g","caption":"Bati-journal"},"url":"https:\/\/batijournal.com\/index.php\/author\/elodie\/"}]}},"_links":{"self":[{"href":"https:\/\/batijournal.com\/index.php\/wp-json\/wp\/v2\/posts\/74077","targetHints":{"allow":["GET"]}}],"collection":[{"href":"https:\/\/batijournal.com\/index.php\/wp-json\/wp\/v2\/posts"}],"about":[{"href":"https:\/\/batijournal.com\/index.php\/wp-json\/wp\/v2\/types\/post"}],"author":[{"embeddable":true,"href":"https:\/\/batijournal.com\/index.php\/wp-json\/wp\/v2\/users\/1"}],"replies":[{"embeddable":true,"href":"https:\/\/batijournal.com\/index.php\/wp-json\/wp\/v2\/comments?post=74077"}],"version-history":[{"count":0,"href":"https:\/\/batijournal.com\/index.php\/wp-json\/wp\/v2\/posts\/74077\/revisions"}],"wp:attachment":[{"href":"https:\/\/batijournal.com\/index.php\/wp-json\/wp\/v2\/media?parent=74077"}],"wp:term":[{"taxonomy":"category","embeddable":true,"href":"https:\/\/batijournal.com\/index.php\/wp-json\/wp\/v2\/categories?post=74077"},{"taxonomy":"post_tag","embeddable":true,"href":"https:\/\/batijournal.com\/index.php\/wp-json\/wp\/v2\/tags?post=74077"}],"curies":[{"name":"wp","href":"https:\/\/api.w.org\/{rel}","templated":true}]}}