{"id":74153,"date":"2011-06-06T00:00:00","date_gmt":"2011-06-05T22:00:00","guid":{"rendered":"http:\/\/b.bati-journal.com\/une-table-ronde-pour-l%c2%92efficacite-energetique\/74153"},"modified":"2019-07-15T12:21:04","modified_gmt":"2019-07-15T10:21:04","slug":"une-table-ronde-pour-l%c2%92efficacite-energetique","status":"publish","type":"post","link":"https:\/\/batijournal.com\/index.php\/une-table-ronde-pour-l%c2%92efficacite-energetique\/74153\/","title":{"rendered":"Une table ronde pour l\u0092&rsquo;efficacit\u00e9 \u00e9nerg\u00e9tique"},"content":{"rendered":"<p>A la demande du pr\u00e9sident de la R\u00e9publique, Nathalie Kosciusko-Morizet, ministre de l&rsquo;\u0092\u00c9cologie, du D\u00e9veloppement durable, des Transports et du Logement, a ouvert le 31 mai dernier le chantier de l&rsquo;\u0092efficacit\u00e9 \u00e9nerg\u00e9tique. Il s&rsquo;agit d\u0092&rsquo;approfondir les mesures d\u00e9j\u00e0 pr\u00e9vues par le Grenelle de l&rsquo;\u0092Environnement et d&rsquo;\u0092explorer de nouveaux gisements d&rsquo;\u00e9conomies d&rsquo;\u0092\u00e9nergie. En effet, le Grenelle a d\u00e9j\u00e0 mis en place un ensemble d\u0092&rsquo;outils pour r\u00e9duire les consommations, mais il est possible et n\u00e9cessaire d&rsquo;\u0092aller encore plus loin. Ainsi, dans le b\u00e2timent, les r\u00e9novations thermiques doivent \u00eatre dynamis\u00e9es en renfor\u00e7ant les m\u00e9canismes de garantie ou de financement tels que l\u0092&rsquo;\u00e9co-PTZ, le cr\u00e9dit imp\u00f4t d\u00e9veloppement durable, ou encore le contrat de performance \u00e9nerg\u00e9tique. Par ailleurs, en encourageant plus encore la performance \u00e9nerg\u00e9tique dans les transports et l&rsquo;\u0092industrie, il serait possible de doubler les \u00e9conomies d\u0092&rsquo;\u00e9nergie de ces secteurs \u00e0 l&rsquo;\u0092horizon 2020. Au total, par rapport au Grenelle, le surplus potentiel d&rsquo;\u0092\u00e9conomies pour les m\u00e9nages et les entreprises est de 6 milliards d&rsquo;euros. Dans l\u0092&rsquo;esprit du Grenelle, les travaux de la table ronde nationale seront organis\u00e9s autour de trois axes : la r\u00e9duction de la facture \u00e9nerg\u00e9tique des m\u00e9nages, l&rsquo;\u0092am\u00e9lioration de la comp\u00e9titivit\u00e9 des entreprises, le r\u00f4le moteur et l\u0092&rsquo;exemplarit\u00e9 de l\u0092&rsquo;\u00c9tat en mati\u00e8re d\u0092&rsquo;efficacit\u00e9 \u00e9nerg\u00e9tique. Trois groupes de travail seront charg\u00e9s de formuler des propositions qui devront d\u00e9boucher d&rsquo;\u0092ici mi-d\u00e9cembre sur des mesures concr\u00e8tes, applicables d\u00e8s d\u00e9but 2012. Le coup d\u0092&rsquo;envoi officiel de la table ronde sera donn\u00e9 le 15 juin prochain.<\/p>\n","protected":false},"excerpt":{"rendered":"<p>A la demande du pr\u00e9sident de la R\u00e9publique, Nathalie Kosciusko-Morizet, ministre de l&rsquo;\u0092\u00c9cologie, du D\u00e9veloppement durable, des Transports et du Logement, a ouvert le 31 mai dernier le chantier de l&rsquo;\u0092efficacit\u00e9 \u00e9nerg\u00e9tique. Il s&rsquo;agit d\u0092&rsquo;approfondir les mesures d\u00e9j\u00e0 pr\u00e9vues par le Grenelle de l&rsquo;\u0092Environnement et d&rsquo;\u0092explorer de nouveaux gisements d&rsquo;\u00e9conomies d&rsquo;\u0092\u00e9nergie. En effet, le Grenelle [&hellip;]<\/p>\n","protected":false},"author":1,"featured_media":74154,"comment_status":"open","ping_status":"closed","sticky":false,"template":"","format":"standard","meta":{"_et_pb_use_builder":"","_et_pb_old_content":"","_et_gb_content_width":"","footnotes":""},"categories":[6351],"tags":[531],"class_list":["post-74153","post","type-post","status-publish","format-standard","has-post-thumbnail","hentry","category-energie-environnement","tag-efficacite-energetique"],"yoast_head":"<!-- This site is optimized with the Yoast SEO plugin v27.4 - https:\/\/yoast.com\/product\/yoast-seo-wordpress\/ -->\n<title>Une table ronde pour l\u0092&#039;efficacit\u00e9 \u00e9nerg\u00e9tique<\/title>\n<meta name=\"robots\" content=\"index, follow, max-snippet:-1, max-image-preview:large, max-video-preview:-1\" \/>\n<link rel=\"canonical\" href=\"https:\/\/batijournal.com\/index.php\/une-table-ronde-pour-l\u0092efficacite-energetique\/74153\/\" \/>\n<meta property=\"og:locale\" content=\"fr_FR\" \/>\n<meta property=\"og:type\" content=\"article\" \/>\n<meta property=\"og:title\" content=\"Une table ronde pour l\u0092&#039;efficacit\u00e9 \u00e9nerg\u00e9tique\" \/>\n<meta property=\"og:description\" content=\"A la demande du pr\u00e9sident de la R\u00e9publique, Nathalie Kosciusko-Morizet, ministre de l&rsquo;\u0092\u00c9cologie, du D\u00e9veloppement durable, des Transports et du Logement, a ouvert le 31 mai dernier le chantier de l&rsquo;\u0092efficacit\u00e9 \u00e9nerg\u00e9tique. Il s&rsquo;agit d\u0092&rsquo;approfondir les mesures d\u00e9j\u00e0 pr\u00e9vues par le Grenelle de l&rsquo;\u0092Environnement et d&rsquo;\u0092explorer de nouveaux gisements d&rsquo;\u00e9conomies d&rsquo;\u0092\u00e9nergie. En effet, le Grenelle [&hellip;]\" \/>\n<meta property=\"og:url\" content=\"https:\/\/batijournal.com\/index.php\/une-table-ronde-pour-l\u0092efficacite-energetique\/74153\/\" \/>\n<meta property=\"og:site_name\" content=\"Batijournal\" \/>\n<meta property=\"article:published_time\" content=\"2011-06-05T22:00:00+00:00\" \/>\n<meta property=\"article:modified_time\" content=\"2019-07-15T10:21:04+00:00\" \/>\n<meta property=\"og:image\" content=\"https:\/\/batijournal.com\/wp-content\/uploads\/2015\/03\/26113462.jpg\" \/>\n\t<meta property=\"og:image:width\" content=\"599\" \/>\n\t<meta property=\"og:image:height\" content=\"122\" \/>\n\t<meta property=\"og:image:type\" content=\"image\/jpeg\" \/>\n<meta name=\"author\" content=\"Bati-journal\" \/>\n<meta name=\"twitter:card\" content=\"summary_large_image\" \/>\n<meta name=\"twitter:creator\" content=\"@bati_journal\" \/>\n<meta name=\"twitter:site\" content=\"@bati_journal\" \/>\n<meta name=\"twitter:label1\" content=\"\u00c9crit par\" \/>\n\t<meta name=\"twitter:data1\" content=\"Bati-journal\" \/>\n\t<meta name=\"twitter:label2\" content=\"Dur\u00e9e de lecture estim\u00e9e\" \/>\n\t<meta name=\"twitter:data2\" content=\"1 minute\" \/>\n<script type=\"application\/ld+json\" class=\"yoast-schema-graph\">{\"@context\":\"https:\\\/\\\/schema.org\",\"@graph\":[{\"@type\":\"Article\",\"@id\":\"https:\\\/\\\/batijournal.com\\\/index.php\\\/une-table-ronde-pour-l%c2%92efficacite-energetique\\\/74153\\\/#article\",\"isPartOf\":{\"@id\":\"https:\\\/\\\/batijournal.com\\\/index.php\\\/une-table-ronde-pour-l%c2%92efficacite-energetique\\\/74153\\\/\"},\"author\":{\"name\":\"Bati-journal\",\"@id\":\"https:\\\/\\\/batijournal.com\\\/#\\\/schema\\\/person\\\/6a657e8967569e1b299972574848aa76\"},\"headline\":\"Une table ronde pour l\u0092&rsquo;efficacit\u00e9 \u00e9nerg\u00e9tique\",\"datePublished\":\"2011-06-05T22:00:00+00:00\",\"dateModified\":\"2019-07-15T10:21:04+00:00\",\"mainEntityOfPage\":{\"@id\":\"https:\\\/\\\/batijournal.com\\\/index.php\\\/une-table-ronde-pour-l%c2%92efficacite-energetique\\\/74153\\\/\"},\"wordCount\":299,\"commentCount\":0,\"image\":{\"@id\":\"https:\\\/\\\/batijournal.com\\\/index.php\\\/une-table-ronde-pour-l%c2%92efficacite-energetique\\\/74153\\\/#primaryimage\"},\"thumbnailUrl\":\"https:\\\/\\\/batijournal.com\\\/wp-content\\\/uploads\\\/2015\\\/03\\\/26113462.jpg\",\"keywords\":[\"efficacit\u00e9 \u00e9nerg\u00e9tique\"],\"articleSection\":[\"\u00c9nergie &amp; Environnement\"],\"inLanguage\":\"fr-FR\",\"potentialAction\":[{\"@type\":\"CommentAction\",\"name\":\"Comment\",\"target\":[\"https:\\\/\\\/batijournal.com\\\/index.php\\\/une-table-ronde-pour-l%c2%92efficacite-energetique\\\/74153\\\/#respond\"]}]},{\"@type\":\"WebPage\",\"@id\":\"https:\\\/\\\/batijournal.com\\\/index.php\\\/une-table-ronde-pour-l%c2%92efficacite-energetique\\\/74153\\\/\",\"url\":\"https:\\\/\\\/batijournal.com\\\/index.php\\\/une-table-ronde-pour-l%c2%92efficacite-energetique\\\/74153\\\/\",\"name\":\"Une table ronde pour l\u0092'efficacit\u00e9 \u00e9nerg\u00e9tique\",\"isPartOf\":{\"@id\":\"https:\\\/\\\/batijournal.com\\\/#website\"},\"primaryImageOfPage\":{\"@id\":\"https:\\\/\\\/batijournal.com\\\/index.php\\\/une-table-ronde-pour-l%c2%92efficacite-energetique\\\/74153\\\/#primaryimage\"},\"image\":{\"@id\":\"https:\\\/\\\/batijournal.com\\\/index.php\\\/une-table-ronde-pour-l%c2%92efficacite-energetique\\\/74153\\\/#primaryimage\"},\"thumbnailUrl\":\"https:\\\/\\\/batijournal.com\\\/wp-content\\\/uploads\\\/2015\\\/03\\\/26113462.jpg\",\"datePublished\":\"2011-06-05T22:00:00+00:00\",\"dateModified\":\"2019-07-15T10:21:04+00:00\",\"author\":{\"@id\":\"https:\\\/\\\/batijournal.com\\\/#\\\/schema\\\/person\\\/6a657e8967569e1b299972574848aa76\"},\"breadcrumb\":{\"@id\":\"https:\\\/\\\/batijournal.com\\\/index.php\\\/une-table-ronde-pour-l%c2%92efficacite-energetique\\\/74153\\\/#breadcrumb\"},\"inLanguage\":\"fr-FR\",\"potentialAction\":[{\"@type\":\"ReadAction\",\"target\":[\"https:\\\/\\\/batijournal.com\\\/index.php\\\/une-table-ronde-pour-l%c2%92efficacite-energetique\\\/74153\\\/\"]}]},{\"@type\":\"ImageObject\",\"inLanguage\":\"fr-FR\",\"@id\":\"https:\\\/\\\/batijournal.com\\\/index.php\\\/une-table-ronde-pour-l%c2%92efficacite-energetique\\\/74153\\\/#primaryimage\",\"url\":\"https:\\\/\\\/batijournal.com\\\/wp-content\\\/uploads\\\/2015\\\/03\\\/26113462.jpg\",\"contentUrl\":\"https:\\\/\\\/batijournal.com\\\/wp-content\\\/uploads\\\/2015\\\/03\\\/26113462.jpg\",\"width\":599,\"height\":122},{\"@type\":\"BreadcrumbList\",\"@id\":\"https:\\\/\\\/batijournal.com\\\/index.php\\\/une-table-ronde-pour-l%c2%92efficacite-energetique\\\/74153\\\/#breadcrumb\",\"itemListElement\":[{\"@type\":\"ListItem\",\"position\":1,\"name\":\"Accueil\",\"item\":\"https:\\\/\\\/batijournal.com\\\/\"},{\"@type\":\"ListItem\",\"position\":2,\"name\":\"Actualit\u00e9s\",\"item\":\"https:\\\/\\\/batijournal.com\\\/index.php\\\/category\\\/actualites\\\/\"},{\"@type\":\"ListItem\",\"position\":3,\"name\":\"\u00c9nergie &amp; Environnement\",\"item\":\"https:\\\/\\\/batijournal.com\\\/index.php\\\/category\\\/actualites\\\/energie-environnement\\\/\"},{\"@type\":\"ListItem\",\"position\":4,\"name\":\"Une table ronde pour l\u0092&rsquo;efficacit\u00e9 \u00e9nerg\u00e9tique\"}]},{\"@type\":\"WebSite\",\"@id\":\"https:\\\/\\\/batijournal.com\\\/#website\",\"url\":\"https:\\\/\\\/batijournal.com\\\/\",\"name\":\"Batijournal\",\"description\":\"L&#039;actualit\u00e9 du b\u00e2timent\",\"potentialAction\":[{\"@type\":\"SearchAction\",\"target\":{\"@type\":\"EntryPoint\",\"urlTemplate\":\"https:\\\/\\\/batijournal.com\\\/?s={search_term_string}\"},\"query-input\":{\"@type\":\"PropertyValueSpecification\",\"valueRequired\":true,\"valueName\":\"search_term_string\"}}],\"inLanguage\":\"fr-FR\"},{\"@type\":\"Person\",\"@id\":\"https:\\\/\\\/batijournal.com\\\/#\\\/schema\\\/person\\\/6a657e8967569e1b299972574848aa76\",\"name\":\"Bati-journal\",\"image\":{\"@type\":\"ImageObject\",\"inLanguage\":\"fr-FR\",\"@id\":\"https:\\\/\\\/secure.gravatar.com\\\/avatar\\\/a64364ea26392f9b4dd47e017ddaec74ff03aefc073b49e492e847201258f777?s=96&d=mm&r=g\",\"url\":\"https:\\\/\\\/secure.gravatar.com\\\/avatar\\\/a64364ea26392f9b4dd47e017ddaec74ff03aefc073b49e492e847201258f777?s=96&d=mm&r=g\",\"contentUrl\":\"https:\\\/\\\/secure.gravatar.com\\\/avatar\\\/a64364ea26392f9b4dd47e017ddaec74ff03aefc073b49e492e847201258f777?s=96&d=mm&r=g\",\"caption\":\"Bati-journal\"},\"url\":\"https:\\\/\\\/batijournal.com\\\/index.php\\\/author\\\/elodie\\\/\"}]}<\/script>\n<!-- \/ Yoast SEO plugin. -->","yoast_head_json":{"title":"Une table ronde pour l\u0092'efficacit\u00e9 \u00e9nerg\u00e9tique","robots":{"index":"index","follow":"follow","max-snippet":"max-snippet:-1","max-image-preview":"max-image-preview:large","max-video-preview":"max-video-preview:-1"},"canonical":"https:\/\/batijournal.com\/index.php\/une-table-ronde-pour-l\u0092efficacite-energetique\/74153\/","og_locale":"fr_FR","og_type":"article","og_title":"Une table ronde pour l\u0092'efficacit\u00e9 \u00e9nerg\u00e9tique","og_description":"A la demande du pr\u00e9sident de la R\u00e9publique, Nathalie Kosciusko-Morizet, ministre de l&rsquo;\u0092\u00c9cologie, du D\u00e9veloppement durable, des Transports et du Logement, a ouvert le 31 mai dernier le chantier de l&rsquo;\u0092efficacit\u00e9 \u00e9nerg\u00e9tique. Il s&rsquo;agit d\u0092&rsquo;approfondir les mesures d\u00e9j\u00e0 pr\u00e9vues par le Grenelle de l&rsquo;\u0092Environnement et d&rsquo;\u0092explorer de nouveaux gisements d&rsquo;\u00e9conomies d&rsquo;\u0092\u00e9nergie. En effet, le Grenelle [&hellip;]","og_url":"https:\/\/batijournal.com\/index.php\/une-table-ronde-pour-l\u0092efficacite-energetique\/74153\/","og_site_name":"Batijournal","article_published_time":"2011-06-05T22:00:00+00:00","article_modified_time":"2019-07-15T10:21:04+00:00","og_image":[{"width":599,"height":122,"url":"https:\/\/batijournal.com\/wp-content\/uploads\/2015\/03\/26113462.jpg","type":"image\/jpeg"}],"author":"Bati-journal","twitter_card":"summary_large_image","twitter_creator":"@bati_journal","twitter_site":"@bati_journal","twitter_misc":{"\u00c9crit par":"Bati-journal","Dur\u00e9e de lecture estim\u00e9e":"1 minute"},"schema":{"@context":"https:\/\/schema.org","@graph":[{"@type":"Article","@id":"https:\/\/batijournal.com\/index.php\/une-table-ronde-pour-l%c2%92efficacite-energetique\/74153\/#article","isPartOf":{"@id":"https:\/\/batijournal.com\/index.php\/une-table-ronde-pour-l%c2%92efficacite-energetique\/74153\/"},"author":{"name":"Bati-journal","@id":"https:\/\/batijournal.com\/#\/schema\/person\/6a657e8967569e1b299972574848aa76"},"headline":"Une table ronde pour l\u0092&rsquo;efficacit\u00e9 \u00e9nerg\u00e9tique","datePublished":"2011-06-05T22:00:00+00:00","dateModified":"2019-07-15T10:21:04+00:00","mainEntityOfPage":{"@id":"https:\/\/batijournal.com\/index.php\/une-table-ronde-pour-l%c2%92efficacite-energetique\/74153\/"},"wordCount":299,"commentCount":0,"image":{"@id":"https:\/\/batijournal.com\/index.php\/une-table-ronde-pour-l%c2%92efficacite-energetique\/74153\/#primaryimage"},"thumbnailUrl":"https:\/\/batijournal.com\/wp-content\/uploads\/2015\/03\/26113462.jpg","keywords":["efficacit\u00e9 \u00e9nerg\u00e9tique"],"articleSection":["\u00c9nergie &amp; Environnement"],"inLanguage":"fr-FR","potentialAction":[{"@type":"CommentAction","name":"Comment","target":["https:\/\/batijournal.com\/index.php\/une-table-ronde-pour-l%c2%92efficacite-energetique\/74153\/#respond"]}]},{"@type":"WebPage","@id":"https:\/\/batijournal.com\/index.php\/une-table-ronde-pour-l%c2%92efficacite-energetique\/74153\/","url":"https:\/\/batijournal.com\/index.php\/une-table-ronde-pour-l%c2%92efficacite-energetique\/74153\/","name":"Une table ronde pour l\u0092'efficacit\u00e9 \u00e9nerg\u00e9tique","isPartOf":{"@id":"https:\/\/batijournal.com\/#website"},"primaryImageOfPage":{"@id":"https:\/\/batijournal.com\/index.php\/une-table-ronde-pour-l%c2%92efficacite-energetique\/74153\/#primaryimage"},"image":{"@id":"https:\/\/batijournal.com\/index.php\/une-table-ronde-pour-l%c2%92efficacite-energetique\/74153\/#primaryimage"},"thumbnailUrl":"https:\/\/batijournal.com\/wp-content\/uploads\/2015\/03\/26113462.jpg","datePublished":"2011-06-05T22:00:00+00:00","dateModified":"2019-07-15T10:21:04+00:00","author":{"@id":"https:\/\/batijournal.com\/#\/schema\/person\/6a657e8967569e1b299972574848aa76"},"breadcrumb":{"@id":"https:\/\/batijournal.com\/index.php\/une-table-ronde-pour-l%c2%92efficacite-energetique\/74153\/#breadcrumb"},"inLanguage":"fr-FR","potentialAction":[{"@type":"ReadAction","target":["https:\/\/batijournal.com\/index.php\/une-table-ronde-pour-l%c2%92efficacite-energetique\/74153\/"]}]},{"@type":"ImageObject","inLanguage":"fr-FR","@id":"https:\/\/batijournal.com\/index.php\/une-table-ronde-pour-l%c2%92efficacite-energetique\/74153\/#primaryimage","url":"https:\/\/batijournal.com\/wp-content\/uploads\/2015\/03\/26113462.jpg","contentUrl":"https:\/\/batijournal.com\/wp-content\/uploads\/2015\/03\/26113462.jpg","width":599,"height":122},{"@type":"BreadcrumbList","@id":"https:\/\/batijournal.com\/index.php\/une-table-ronde-pour-l%c2%92efficacite-energetique\/74153\/#breadcrumb","itemListElement":[{"@type":"ListItem","position":1,"name":"Accueil","item":"https:\/\/batijournal.com\/"},{"@type":"ListItem","position":2,"name":"Actualit\u00e9s","item":"https:\/\/batijournal.com\/index.php\/category\/actualites\/"},{"@type":"ListItem","position":3,"name":"\u00c9nergie &amp; Environnement","item":"https:\/\/batijournal.com\/index.php\/category\/actualites\/energie-environnement\/"},{"@type":"ListItem","position":4,"name":"Une table ronde pour l\u0092&rsquo;efficacit\u00e9 \u00e9nerg\u00e9tique"}]},{"@type":"WebSite","@id":"https:\/\/batijournal.com\/#website","url":"https:\/\/batijournal.com\/","name":"Batijournal","description":"L&#039;actualit\u00e9 du b\u00e2timent","potentialAction":[{"@type":"SearchAction","target":{"@type":"EntryPoint","urlTemplate":"https:\/\/batijournal.com\/?s={search_term_string}"},"query-input":{"@type":"PropertyValueSpecification","valueRequired":true,"valueName":"search_term_string"}}],"inLanguage":"fr-FR"},{"@type":"Person","@id":"https:\/\/batijournal.com\/#\/schema\/person\/6a657e8967569e1b299972574848aa76","name":"Bati-journal","image":{"@type":"ImageObject","inLanguage":"fr-FR","@id":"https:\/\/secure.gravatar.com\/avatar\/a64364ea26392f9b4dd47e017ddaec74ff03aefc073b49e492e847201258f777?s=96&d=mm&r=g","url":"https:\/\/secure.gravatar.com\/avatar\/a64364ea26392f9b4dd47e017ddaec74ff03aefc073b49e492e847201258f777?s=96&d=mm&r=g","contentUrl":"https:\/\/secure.gravatar.com\/avatar\/a64364ea26392f9b4dd47e017ddaec74ff03aefc073b49e492e847201258f777?s=96&d=mm&r=g","caption":"Bati-journal"},"url":"https:\/\/batijournal.com\/index.php\/author\/elodie\/"}]}},"_links":{"self":[{"href":"https:\/\/batijournal.com\/index.php\/wp-json\/wp\/v2\/posts\/74153","targetHints":{"allow":["GET"]}}],"collection":[{"href":"https:\/\/batijournal.com\/index.php\/wp-json\/wp\/v2\/posts"}],"about":[{"href":"https:\/\/batijournal.com\/index.php\/wp-json\/wp\/v2\/types\/post"}],"author":[{"embeddable":true,"href":"https:\/\/batijournal.com\/index.php\/wp-json\/wp\/v2\/users\/1"}],"replies":[{"embeddable":true,"href":"https:\/\/batijournal.com\/index.php\/wp-json\/wp\/v2\/comments?post=74153"}],"version-history":[{"count":0,"href":"https:\/\/batijournal.com\/index.php\/wp-json\/wp\/v2\/posts\/74153\/revisions"}],"wp:featuredmedia":[{"embeddable":true,"href":"https:\/\/batijournal.com\/index.php\/wp-json\/wp\/v2\/media\/74154"}],"wp:attachment":[{"href":"https:\/\/batijournal.com\/index.php\/wp-json\/wp\/v2\/media?parent=74153"}],"wp:term":[{"taxonomy":"category","embeddable":true,"href":"https:\/\/batijournal.com\/index.php\/wp-json\/wp\/v2\/categories?post=74153"},{"taxonomy":"post_tag","embeddable":true,"href":"https:\/\/batijournal.com\/index.php\/wp-json\/wp\/v2\/tags?post=74153"}],"curies":[{"name":"wp","href":"https:\/\/api.w.org\/{rel}","templated":true}]}}