{"id":74171,"date":"2011-11-04T16:03:06","date_gmt":"2011-11-04T15:03:06","guid":{"rendered":"http:\/\/b.bati-journal.com\/velux-inaugure-sa-maison-bbc\/74171"},"modified":"2019-07-15T12:21:02","modified_gmt":"2019-07-15T10:21:02","slug":"velux-inaugure-sa-maison-bbc","status":"publish","type":"post","link":"https:\/\/batijournal.com\/index.php\/velux-inaugure-sa-maison-bbc\/74171\/","title":{"rendered":"Velux inaugure sa maison BBC"},"content":{"rendered":"<p>Le 20 octobre dernier, le groupe Velux a inaugur\u00e9 la maison Air et Lumi\u00e8re, une construction de 135 m\u00ac\u00a8&amp;#8804; situ\u00e9e dans un \u00e9co-quartier, \u00e0 Verri\u00e8res-le-Buisson (91). Pour le groupe danois, c&rsquo;est la concr\u00e9tisation fran\u00e7aise d&rsquo;un projet europ\u00e9en nomm\u00e9 Velux Model Home 2020, dont l&rsquo;objectif est de pr\u00e9senter une vision durable de l&rsquo;habitat du futur alliant confort de vie, performances \u00e9nerg\u00e9tiques et impact environnemental neutre. Pens\u00e9e par le cabinet Nomade Architectes, la maison de Verri\u00e8res optimise les bienfaits de la ventilation et de la lumi\u00e8re naturelle, cr\u00e9ant un environnement b\u00e9n\u00e9fique pour la sant\u00e9. La toiture en pente est au c\u0153ur du concept architectural modulaire de cette construction en ossature bois recouverte de bardage bois et zinc. Source d&rsquo;apports solaires et lumineux, le toit joue un r\u00f4le actif et contribue \u00e0 la performance \u00e9nerg\u00e9tique et \u00e0 la variation des espaces int\u00e9rieurs. Avec 33 % de surface vitr\u00e9e, soit le double de ce qu&rsquo;exige la RT 2012, les baies contribuent pleinement au confort de la maison. D\u00e9sormais habitable, la maison Air et Lumi\u00e8re sera ouverte aux visites pendant une p\u00e9riode de six mois, avant d&rsquo;accueillir ses habitants qui, pendant un an, testeront les performances dans des conditions de vie r\u00e9elle.<\/p>\n","protected":false},"excerpt":{"rendered":"<p>Le 20 octobre dernier, le groupe Velux a inaugur\u00e9 la maison Air et Lumi\u00e8re, une construction de 135 m\u00ac\u00a8&amp;#8804; situ\u00e9e dans un \u00e9co-quartier, \u00e0 Verri\u00e8res-le-Buisson (91). Pour le groupe danois, c&rsquo;est la concr\u00e9tisation fran\u00e7aise d&rsquo;un projet europ\u00e9en nomm\u00e9 Velux Model Home 2020, dont l&rsquo;objectif est de pr\u00e9senter une vision durable de l&rsquo;habitat du futur alliant [&hellip;]<\/p>\n","protected":false},"author":1,"featured_media":74172,"comment_status":"open","ping_status":"closed","sticky":false,"template":"","format":"standard","meta":{"_et_pb_use_builder":"","_et_pb_old_content":"","_et_gb_content_width":"","footnotes":""},"categories":[6351],"tags":[11038,526,455],"class_list":["post-74171","post","type-post","status-publish","format-standard","has-post-thumbnail","hentry","category-energie-environnement","tag-bbc","tag-maison","tag-velux"],"yoast_head":"<!-- This site is optimized with the Yoast SEO plugin v27.4 - https:\/\/yoast.com\/product\/yoast-seo-wordpress\/ -->\n<title>Velux inaugure sa maison BBC<\/title>\n<meta name=\"robots\" content=\"index, follow, max-snippet:-1, max-image-preview:large, max-video-preview:-1\" \/>\n<link rel=\"canonical\" href=\"https:\/\/batijournal.com\/index.php\/velux-inaugure-sa-maison-bbc\/74171\/\" \/>\n<meta property=\"og:locale\" content=\"fr_FR\" \/>\n<meta property=\"og:type\" content=\"article\" \/>\n<meta property=\"og:title\" content=\"Velux inaugure sa maison BBC\" \/>\n<meta property=\"og:description\" content=\"Le 20 octobre dernier, le groupe Velux a inaugur\u00e9 la maison Air et Lumi\u00e8re, une construction de 135 m\u00ac\u00a8&amp;#8804; situ\u00e9e dans un \u00e9co-quartier, \u00e0 Verri\u00e8res-le-Buisson (91). Pour le groupe danois, c&rsquo;est la concr\u00e9tisation fran\u00e7aise d&rsquo;un projet europ\u00e9en nomm\u00e9 Velux Model Home 2020, dont l&rsquo;objectif est de pr\u00e9senter une vision durable de l&rsquo;habitat du futur alliant [&hellip;]\" \/>\n<meta property=\"og:url\" content=\"https:\/\/batijournal.com\/index.php\/velux-inaugure-sa-maison-bbc\/74171\/\" \/>\n<meta property=\"og:site_name\" content=\"Batijournal\" \/>\n<meta property=\"article:published_time\" content=\"2011-11-04T15:03:06+00:00\" \/>\n<meta property=\"article:modified_time\" content=\"2019-07-15T10:21:02+00:00\" \/>\n<meta property=\"og:image\" content=\"https:\/\/batijournal.com\/wp-content\/uploads\/2015\/03\/32810265.jpg\" \/>\n\t<meta property=\"og:image:width\" content=\"599\" \/>\n\t<meta property=\"og:image:height\" content=\"582\" \/>\n\t<meta property=\"og:image:type\" content=\"image\/jpeg\" \/>\n<meta name=\"author\" content=\"Bati-journal\" \/>\n<meta name=\"twitter:card\" content=\"summary_large_image\" \/>\n<meta name=\"twitter:creator\" content=\"@bati_journal\" \/>\n<meta name=\"twitter:site\" content=\"@bati_journal\" \/>\n<meta name=\"twitter:label1\" content=\"\u00c9crit par\" \/>\n\t<meta name=\"twitter:data1\" content=\"Bati-journal\" \/>\n\t<meta name=\"twitter:label2\" content=\"Dur\u00e9e de lecture estim\u00e9e\" \/>\n\t<meta name=\"twitter:data2\" content=\"1 minute\" \/>\n<script type=\"application\/ld+json\" class=\"yoast-schema-graph\">{\"@context\":\"https:\\\/\\\/schema.org\",\"@graph\":[{\"@type\":\"Article\",\"@id\":\"https:\\\/\\\/batijournal.com\\\/index.php\\\/velux-inaugure-sa-maison-bbc\\\/74171\\\/#article\",\"isPartOf\":{\"@id\":\"https:\\\/\\\/batijournal.com\\\/index.php\\\/velux-inaugure-sa-maison-bbc\\\/74171\\\/\"},\"author\":{\"name\":\"Bati-journal\",\"@id\":\"https:\\\/\\\/batijournal.com\\\/#\\\/schema\\\/person\\\/6a657e8967569e1b299972574848aa76\"},\"headline\":\"Velux inaugure sa maison BBC\",\"datePublished\":\"2011-11-04T15:03:06+00:00\",\"dateModified\":\"2019-07-15T10:21:02+00:00\",\"mainEntityOfPage\":{\"@id\":\"https:\\\/\\\/batijournal.com\\\/index.php\\\/velux-inaugure-sa-maison-bbc\\\/74171\\\/\"},\"wordCount\":223,\"commentCount\":0,\"image\":{\"@id\":\"https:\\\/\\\/batijournal.com\\\/index.php\\\/velux-inaugure-sa-maison-bbc\\\/74171\\\/#primaryimage\"},\"thumbnailUrl\":\"https:\\\/\\\/batijournal.com\\\/wp-content\\\/uploads\\\/2015\\\/03\\\/32810265.jpg\",\"keywords\":[\"BBC\",\"maison\",\"Velux\"],\"articleSection\":[\"\u00c9nergie &amp; Environnement\"],\"inLanguage\":\"fr-FR\",\"potentialAction\":[{\"@type\":\"CommentAction\",\"name\":\"Comment\",\"target\":[\"https:\\\/\\\/batijournal.com\\\/index.php\\\/velux-inaugure-sa-maison-bbc\\\/74171\\\/#respond\"]}]},{\"@type\":\"WebPage\",\"@id\":\"https:\\\/\\\/batijournal.com\\\/index.php\\\/velux-inaugure-sa-maison-bbc\\\/74171\\\/\",\"url\":\"https:\\\/\\\/batijournal.com\\\/index.php\\\/velux-inaugure-sa-maison-bbc\\\/74171\\\/\",\"name\":\"Velux inaugure sa maison BBC\",\"isPartOf\":{\"@id\":\"https:\\\/\\\/batijournal.com\\\/#website\"},\"primaryImageOfPage\":{\"@id\":\"https:\\\/\\\/batijournal.com\\\/index.php\\\/velux-inaugure-sa-maison-bbc\\\/74171\\\/#primaryimage\"},\"image\":{\"@id\":\"https:\\\/\\\/batijournal.com\\\/index.php\\\/velux-inaugure-sa-maison-bbc\\\/74171\\\/#primaryimage\"},\"thumbnailUrl\":\"https:\\\/\\\/batijournal.com\\\/wp-content\\\/uploads\\\/2015\\\/03\\\/32810265.jpg\",\"datePublished\":\"2011-11-04T15:03:06+00:00\",\"dateModified\":\"2019-07-15T10:21:02+00:00\",\"author\":{\"@id\":\"https:\\\/\\\/batijournal.com\\\/#\\\/schema\\\/person\\\/6a657e8967569e1b299972574848aa76\"},\"breadcrumb\":{\"@id\":\"https:\\\/\\\/batijournal.com\\\/index.php\\\/velux-inaugure-sa-maison-bbc\\\/74171\\\/#breadcrumb\"},\"inLanguage\":\"fr-FR\",\"potentialAction\":[{\"@type\":\"ReadAction\",\"target\":[\"https:\\\/\\\/batijournal.com\\\/index.php\\\/velux-inaugure-sa-maison-bbc\\\/74171\\\/\"]}]},{\"@type\":\"ImageObject\",\"inLanguage\":\"fr-FR\",\"@id\":\"https:\\\/\\\/batijournal.com\\\/index.php\\\/velux-inaugure-sa-maison-bbc\\\/74171\\\/#primaryimage\",\"url\":\"https:\\\/\\\/batijournal.com\\\/wp-content\\\/uploads\\\/2015\\\/03\\\/32810265.jpg\",\"contentUrl\":\"https:\\\/\\\/batijournal.com\\\/wp-content\\\/uploads\\\/2015\\\/03\\\/32810265.jpg\",\"width\":599,\"height\":582},{\"@type\":\"BreadcrumbList\",\"@id\":\"https:\\\/\\\/batijournal.com\\\/index.php\\\/velux-inaugure-sa-maison-bbc\\\/74171\\\/#breadcrumb\",\"itemListElement\":[{\"@type\":\"ListItem\",\"position\":1,\"name\":\"Accueil\",\"item\":\"https:\\\/\\\/batijournal.com\\\/\"},{\"@type\":\"ListItem\",\"position\":2,\"name\":\"Actualit\u00e9s\",\"item\":\"https:\\\/\\\/batijournal.com\\\/index.php\\\/category\\\/actualites\\\/\"},{\"@type\":\"ListItem\",\"position\":3,\"name\":\"\u00c9nergie &amp; Environnement\",\"item\":\"https:\\\/\\\/batijournal.com\\\/index.php\\\/category\\\/actualites\\\/energie-environnement\\\/\"},{\"@type\":\"ListItem\",\"position\":4,\"name\":\"Velux inaugure sa maison BBC\"}]},{\"@type\":\"WebSite\",\"@id\":\"https:\\\/\\\/batijournal.com\\\/#website\",\"url\":\"https:\\\/\\\/batijournal.com\\\/\",\"name\":\"Batijournal\",\"description\":\"L&#039;actualit\u00e9 du b\u00e2timent\",\"potentialAction\":[{\"@type\":\"SearchAction\",\"target\":{\"@type\":\"EntryPoint\",\"urlTemplate\":\"https:\\\/\\\/batijournal.com\\\/?s={search_term_string}\"},\"query-input\":{\"@type\":\"PropertyValueSpecification\",\"valueRequired\":true,\"valueName\":\"search_term_string\"}}],\"inLanguage\":\"fr-FR\"},{\"@type\":\"Person\",\"@id\":\"https:\\\/\\\/batijournal.com\\\/#\\\/schema\\\/person\\\/6a657e8967569e1b299972574848aa76\",\"name\":\"Bati-journal\",\"image\":{\"@type\":\"ImageObject\",\"inLanguage\":\"fr-FR\",\"@id\":\"https:\\\/\\\/secure.gravatar.com\\\/avatar\\\/a64364ea26392f9b4dd47e017ddaec74ff03aefc073b49e492e847201258f777?s=96&d=mm&r=g\",\"url\":\"https:\\\/\\\/secure.gravatar.com\\\/avatar\\\/a64364ea26392f9b4dd47e017ddaec74ff03aefc073b49e492e847201258f777?s=96&d=mm&r=g\",\"contentUrl\":\"https:\\\/\\\/secure.gravatar.com\\\/avatar\\\/a64364ea26392f9b4dd47e017ddaec74ff03aefc073b49e492e847201258f777?s=96&d=mm&r=g\",\"caption\":\"Bati-journal\"},\"url\":\"https:\\\/\\\/batijournal.com\\\/index.php\\\/author\\\/elodie\\\/\"}]}<\/script>\n<!-- \/ Yoast SEO plugin. -->","yoast_head_json":{"title":"Velux inaugure sa maison BBC","robots":{"index":"index","follow":"follow","max-snippet":"max-snippet:-1","max-image-preview":"max-image-preview:large","max-video-preview":"max-video-preview:-1"},"canonical":"https:\/\/batijournal.com\/index.php\/velux-inaugure-sa-maison-bbc\/74171\/","og_locale":"fr_FR","og_type":"article","og_title":"Velux inaugure sa maison BBC","og_description":"Le 20 octobre dernier, le groupe Velux a inaugur\u00e9 la maison Air et Lumi\u00e8re, une construction de 135 m\u00ac\u00a8&amp;#8804; situ\u00e9e dans un \u00e9co-quartier, \u00e0 Verri\u00e8res-le-Buisson (91). Pour le groupe danois, c&rsquo;est la concr\u00e9tisation fran\u00e7aise d&rsquo;un projet europ\u00e9en nomm\u00e9 Velux Model Home 2020, dont l&rsquo;objectif est de pr\u00e9senter une vision durable de l&rsquo;habitat du futur alliant [&hellip;]","og_url":"https:\/\/batijournal.com\/index.php\/velux-inaugure-sa-maison-bbc\/74171\/","og_site_name":"Batijournal","article_published_time":"2011-11-04T15:03:06+00:00","article_modified_time":"2019-07-15T10:21:02+00:00","og_image":[{"width":599,"height":582,"url":"https:\/\/batijournal.com\/wp-content\/uploads\/2015\/03\/32810265.jpg","type":"image\/jpeg"}],"author":"Bati-journal","twitter_card":"summary_large_image","twitter_creator":"@bati_journal","twitter_site":"@bati_journal","twitter_misc":{"\u00c9crit par":"Bati-journal","Dur\u00e9e de lecture estim\u00e9e":"1 minute"},"schema":{"@context":"https:\/\/schema.org","@graph":[{"@type":"Article","@id":"https:\/\/batijournal.com\/index.php\/velux-inaugure-sa-maison-bbc\/74171\/#article","isPartOf":{"@id":"https:\/\/batijournal.com\/index.php\/velux-inaugure-sa-maison-bbc\/74171\/"},"author":{"name":"Bati-journal","@id":"https:\/\/batijournal.com\/#\/schema\/person\/6a657e8967569e1b299972574848aa76"},"headline":"Velux inaugure sa maison BBC","datePublished":"2011-11-04T15:03:06+00:00","dateModified":"2019-07-15T10:21:02+00:00","mainEntityOfPage":{"@id":"https:\/\/batijournal.com\/index.php\/velux-inaugure-sa-maison-bbc\/74171\/"},"wordCount":223,"commentCount":0,"image":{"@id":"https:\/\/batijournal.com\/index.php\/velux-inaugure-sa-maison-bbc\/74171\/#primaryimage"},"thumbnailUrl":"https:\/\/batijournal.com\/wp-content\/uploads\/2015\/03\/32810265.jpg","keywords":["BBC","maison","Velux"],"articleSection":["\u00c9nergie &amp; Environnement"],"inLanguage":"fr-FR","potentialAction":[{"@type":"CommentAction","name":"Comment","target":["https:\/\/batijournal.com\/index.php\/velux-inaugure-sa-maison-bbc\/74171\/#respond"]}]},{"@type":"WebPage","@id":"https:\/\/batijournal.com\/index.php\/velux-inaugure-sa-maison-bbc\/74171\/","url":"https:\/\/batijournal.com\/index.php\/velux-inaugure-sa-maison-bbc\/74171\/","name":"Velux inaugure sa maison BBC","isPartOf":{"@id":"https:\/\/batijournal.com\/#website"},"primaryImageOfPage":{"@id":"https:\/\/batijournal.com\/index.php\/velux-inaugure-sa-maison-bbc\/74171\/#primaryimage"},"image":{"@id":"https:\/\/batijournal.com\/index.php\/velux-inaugure-sa-maison-bbc\/74171\/#primaryimage"},"thumbnailUrl":"https:\/\/batijournal.com\/wp-content\/uploads\/2015\/03\/32810265.jpg","datePublished":"2011-11-04T15:03:06+00:00","dateModified":"2019-07-15T10:21:02+00:00","author":{"@id":"https:\/\/batijournal.com\/#\/schema\/person\/6a657e8967569e1b299972574848aa76"},"breadcrumb":{"@id":"https:\/\/batijournal.com\/index.php\/velux-inaugure-sa-maison-bbc\/74171\/#breadcrumb"},"inLanguage":"fr-FR","potentialAction":[{"@type":"ReadAction","target":["https:\/\/batijournal.com\/index.php\/velux-inaugure-sa-maison-bbc\/74171\/"]}]},{"@type":"ImageObject","inLanguage":"fr-FR","@id":"https:\/\/batijournal.com\/index.php\/velux-inaugure-sa-maison-bbc\/74171\/#primaryimage","url":"https:\/\/batijournal.com\/wp-content\/uploads\/2015\/03\/32810265.jpg","contentUrl":"https:\/\/batijournal.com\/wp-content\/uploads\/2015\/03\/32810265.jpg","width":599,"height":582},{"@type":"BreadcrumbList","@id":"https:\/\/batijournal.com\/index.php\/velux-inaugure-sa-maison-bbc\/74171\/#breadcrumb","itemListElement":[{"@type":"ListItem","position":1,"name":"Accueil","item":"https:\/\/batijournal.com\/"},{"@type":"ListItem","position":2,"name":"Actualit\u00e9s","item":"https:\/\/batijournal.com\/index.php\/category\/actualites\/"},{"@type":"ListItem","position":3,"name":"\u00c9nergie &amp; Environnement","item":"https:\/\/batijournal.com\/index.php\/category\/actualites\/energie-environnement\/"},{"@type":"ListItem","position":4,"name":"Velux inaugure sa maison BBC"}]},{"@type":"WebSite","@id":"https:\/\/batijournal.com\/#website","url":"https:\/\/batijournal.com\/","name":"Batijournal","description":"L&#039;actualit\u00e9 du b\u00e2timent","potentialAction":[{"@type":"SearchAction","target":{"@type":"EntryPoint","urlTemplate":"https:\/\/batijournal.com\/?s={search_term_string}"},"query-input":{"@type":"PropertyValueSpecification","valueRequired":true,"valueName":"search_term_string"}}],"inLanguage":"fr-FR"},{"@type":"Person","@id":"https:\/\/batijournal.com\/#\/schema\/person\/6a657e8967569e1b299972574848aa76","name":"Bati-journal","image":{"@type":"ImageObject","inLanguage":"fr-FR","@id":"https:\/\/secure.gravatar.com\/avatar\/a64364ea26392f9b4dd47e017ddaec74ff03aefc073b49e492e847201258f777?s=96&d=mm&r=g","url":"https:\/\/secure.gravatar.com\/avatar\/a64364ea26392f9b4dd47e017ddaec74ff03aefc073b49e492e847201258f777?s=96&d=mm&r=g","contentUrl":"https:\/\/secure.gravatar.com\/avatar\/a64364ea26392f9b4dd47e017ddaec74ff03aefc073b49e492e847201258f777?s=96&d=mm&r=g","caption":"Bati-journal"},"url":"https:\/\/batijournal.com\/index.php\/author\/elodie\/"}]}},"_links":{"self":[{"href":"https:\/\/batijournal.com\/index.php\/wp-json\/wp\/v2\/posts\/74171","targetHints":{"allow":["GET"]}}],"collection":[{"href":"https:\/\/batijournal.com\/index.php\/wp-json\/wp\/v2\/posts"}],"about":[{"href":"https:\/\/batijournal.com\/index.php\/wp-json\/wp\/v2\/types\/post"}],"author":[{"embeddable":true,"href":"https:\/\/batijournal.com\/index.php\/wp-json\/wp\/v2\/users\/1"}],"replies":[{"embeddable":true,"href":"https:\/\/batijournal.com\/index.php\/wp-json\/wp\/v2\/comments?post=74171"}],"version-history":[{"count":0,"href":"https:\/\/batijournal.com\/index.php\/wp-json\/wp\/v2\/posts\/74171\/revisions"}],"wp:featuredmedia":[{"embeddable":true,"href":"https:\/\/batijournal.com\/index.php\/wp-json\/wp\/v2\/media\/74172"}],"wp:attachment":[{"href":"https:\/\/batijournal.com\/index.php\/wp-json\/wp\/v2\/media?parent=74171"}],"wp:term":[{"taxonomy":"category","embeddable":true,"href":"https:\/\/batijournal.com\/index.php\/wp-json\/wp\/v2\/categories?post=74171"},{"taxonomy":"post_tag","embeddable":true,"href":"https:\/\/batijournal.com\/index.php\/wp-json\/wp\/v2\/tags?post=74171"}],"curies":[{"name":"wp","href":"https:\/\/api.w.org\/{rel}","templated":true}]}}