{"id":74442,"date":"2011-07-18T00:00:00","date_gmt":"2011-07-17T22:00:00","guid":{"rendered":"http:\/\/b.bati-journal.com\/dominique-tarrin-rejoint-qualibat-et-sa-filiale-certibat\/74442"},"modified":"2019-07-15T11:35:43","modified_gmt":"2019-07-15T09:35:43","slug":"dominique-tarrin-rejoint-qualibat-et-sa-filiale-certibat","status":"publish","type":"post","link":"https:\/\/batijournal.com\/index.php\/dominique-tarrin-rejoint-qualibat-et-sa-filiale-certibat\/74442\/","title":{"rendered":"Dominique Tarrin rejoint Qualibat et sa filiale Certibat"},"content":{"rendered":"<p>Dominique Tarrin a \u00e9t\u00e9 nomm\u00e9 le 1er juillet dernier directeur g\u00e9n\u00e9ral adjoint de Qualibat, organisme de qualification et de certification des entreprises de construction. Il dirige \u00e9galement depuis cette date la filiale Certibat en tant que directeur ex\u00e9cutif. \u00c2g\u00e9 de 57 ans, ing\u00e9nieur des travaux publics de l&rsquo;Etat, Dominique Tarrin a d\u00e9but\u00e9 sa carri\u00e8re au minist\u00e8re de l&rsquo;Equipement, en tant qu\u0092ing\u00e9nieur au service technique de la Direction de la construction, avant d\u0092int\u00e9grer l\u0092Agence Qualit\u00e9 Construction o\u00f9 il occupa successivement les postes de conseiller technique de 1985 \u00e0 1996, puis de directeur g\u00e9n\u00e9ral adjoint. En 2001, Dominique Tarrin rejoint la division Construction du groupe Reed Expositions France, o\u00f9 il dirige les salons professionnels \u00e9quipbaie, m\u00e9talexpo et TP Tech jusqu\u0092en 2004, date \u00e0 laquelle il devient directeur de la division Construction et prend en charge le salon Batimat.<\/p>\n","protected":false},"excerpt":{"rendered":"<p>Dominique Tarrin a \u00e9t\u00e9 nomm\u00e9 le 1er juillet dernier directeur g\u00e9n\u00e9ral adjoint de Qualibat, organisme de qualification et de certification des entreprises de construction. Il dirige \u00e9galement depuis cette date la filiale Certibat en tant que directeur ex\u00e9cutif. \u00c2g\u00e9 de 57 ans, ing\u00e9nieur des travaux publics de l&rsquo;Etat, Dominique Tarrin a d\u00e9but\u00e9 sa carri\u00e8re au [&hellip;]<\/p>\n","protected":false},"author":1,"featured_media":74443,"comment_status":"open","ping_status":"closed","sticky":false,"template":"","format":"standard","meta":{"_et_pb_use_builder":"","_et_pb_old_content":"","_et_gb_content_width":"","footnotes":""},"categories":[6340],"tags":[5156,1917],"class_list":["post-74442","post","type-post","status-publish","format-standard","has-post-thumbnail","hentry","category-architecture-conception","tag-certibat","tag-qualibat"],"yoast_head":"<!-- This site is optimized with the Yoast SEO plugin v27.4 - https:\/\/yoast.com\/product\/yoast-seo-wordpress\/ -->\n<title>Dominique Tarrin rejoint Qualibat et sa filiale Certibat<\/title>\n<meta name=\"robots\" content=\"index, follow, max-snippet:-1, max-image-preview:large, max-video-preview:-1\" \/>\n<link rel=\"canonical\" href=\"https:\/\/batijournal.com\/index.php\/dominique-tarrin-rejoint-qualibat-et-sa-filiale-certibat\/74442\/\" \/>\n<meta property=\"og:locale\" content=\"fr_FR\" \/>\n<meta property=\"og:type\" content=\"article\" \/>\n<meta property=\"og:title\" content=\"Dominique Tarrin rejoint Qualibat et sa filiale Certibat\" \/>\n<meta property=\"og:description\" content=\"Dominique Tarrin a \u00e9t\u00e9 nomm\u00e9 le 1er juillet dernier directeur g\u00e9n\u00e9ral adjoint de Qualibat, organisme de qualification et de certification des entreprises de construction. Il dirige \u00e9galement depuis cette date la filiale Certibat en tant que directeur ex\u00e9cutif. \u00c2g\u00e9 de 57 ans, ing\u00e9nieur des travaux publics de l&rsquo;Etat, Dominique Tarrin a d\u00e9but\u00e9 sa carri\u00e8re au [&hellip;]\" \/>\n<meta property=\"og:url\" content=\"https:\/\/batijournal.com\/index.php\/dominique-tarrin-rejoint-qualibat-et-sa-filiale-certibat\/74442\/\" \/>\n<meta property=\"og:site_name\" content=\"Batijournal\" \/>\n<meta property=\"article:published_time\" content=\"2011-07-17T22:00:00+00:00\" \/>\n<meta property=\"article:modified_time\" content=\"2019-07-15T09:35:43+00:00\" \/>\n<meta property=\"og:image\" content=\"https:\/\/batijournal.com\/wp-content\/uploads\/2015\/03\/27384760.jpg\" \/>\n\t<meta property=\"og:image:width\" content=\"434\" \/>\n\t<meta property=\"og:image:height\" content=\"600\" \/>\n\t<meta property=\"og:image:type\" content=\"image\/jpeg\" \/>\n<meta name=\"author\" content=\"Bati-journal\" \/>\n<meta name=\"twitter:card\" content=\"summary_large_image\" \/>\n<meta name=\"twitter:creator\" content=\"@bati_journal\" \/>\n<meta name=\"twitter:site\" content=\"@bati_journal\" \/>\n<meta name=\"twitter:label1\" content=\"\u00c9crit par\" \/>\n\t<meta name=\"twitter:data1\" content=\"Bati-journal\" \/>\n\t<meta name=\"twitter:label2\" content=\"Dur\u00e9e de lecture estim\u00e9e\" \/>\n\t<meta name=\"twitter:data2\" content=\"1 minute\" \/>\n<script type=\"application\/ld+json\" class=\"yoast-schema-graph\">{\"@context\":\"https:\\\/\\\/schema.org\",\"@graph\":[{\"@type\":\"Article\",\"@id\":\"https:\\\/\\\/batijournal.com\\\/index.php\\\/dominique-tarrin-rejoint-qualibat-et-sa-filiale-certibat\\\/74442\\\/#article\",\"isPartOf\":{\"@id\":\"https:\\\/\\\/batijournal.com\\\/index.php\\\/dominique-tarrin-rejoint-qualibat-et-sa-filiale-certibat\\\/74442\\\/\"},\"author\":{\"name\":\"Bati-journal\",\"@id\":\"https:\\\/\\\/batijournal.com\\\/#\\\/schema\\\/person\\\/6a657e8967569e1b299972574848aa76\"},\"headline\":\"Dominique Tarrin rejoint Qualibat et sa filiale Certibat\",\"datePublished\":\"2011-07-17T22:00:00+00:00\",\"dateModified\":\"2019-07-15T09:35:43+00:00\",\"mainEntityOfPage\":{\"@id\":\"https:\\\/\\\/batijournal.com\\\/index.php\\\/dominique-tarrin-rejoint-qualibat-et-sa-filiale-certibat\\\/74442\\\/\"},\"wordCount\":155,\"commentCount\":0,\"image\":{\"@id\":\"https:\\\/\\\/batijournal.com\\\/index.php\\\/dominique-tarrin-rejoint-qualibat-et-sa-filiale-certibat\\\/74442\\\/#primaryimage\"},\"thumbnailUrl\":\"https:\\\/\\\/batijournal.com\\\/wp-content\\\/uploads\\\/2015\\\/03\\\/27384760.jpg\",\"keywords\":[\"Certibat\",\"Qualibat\"],\"articleSection\":[\"Architecture &amp; Conception\"],\"inLanguage\":\"fr-FR\",\"potentialAction\":[{\"@type\":\"CommentAction\",\"name\":\"Comment\",\"target\":[\"https:\\\/\\\/batijournal.com\\\/index.php\\\/dominique-tarrin-rejoint-qualibat-et-sa-filiale-certibat\\\/74442\\\/#respond\"]}]},{\"@type\":\"WebPage\",\"@id\":\"https:\\\/\\\/batijournal.com\\\/index.php\\\/dominique-tarrin-rejoint-qualibat-et-sa-filiale-certibat\\\/74442\\\/\",\"url\":\"https:\\\/\\\/batijournal.com\\\/index.php\\\/dominique-tarrin-rejoint-qualibat-et-sa-filiale-certibat\\\/74442\\\/\",\"name\":\"Dominique Tarrin rejoint Qualibat et sa filiale Certibat\",\"isPartOf\":{\"@id\":\"https:\\\/\\\/batijournal.com\\\/#website\"},\"primaryImageOfPage\":{\"@id\":\"https:\\\/\\\/batijournal.com\\\/index.php\\\/dominique-tarrin-rejoint-qualibat-et-sa-filiale-certibat\\\/74442\\\/#primaryimage\"},\"image\":{\"@id\":\"https:\\\/\\\/batijournal.com\\\/index.php\\\/dominique-tarrin-rejoint-qualibat-et-sa-filiale-certibat\\\/74442\\\/#primaryimage\"},\"thumbnailUrl\":\"https:\\\/\\\/batijournal.com\\\/wp-content\\\/uploads\\\/2015\\\/03\\\/27384760.jpg\",\"datePublished\":\"2011-07-17T22:00:00+00:00\",\"dateModified\":\"2019-07-15T09:35:43+00:00\",\"author\":{\"@id\":\"https:\\\/\\\/batijournal.com\\\/#\\\/schema\\\/person\\\/6a657e8967569e1b299972574848aa76\"},\"breadcrumb\":{\"@id\":\"https:\\\/\\\/batijournal.com\\\/index.php\\\/dominique-tarrin-rejoint-qualibat-et-sa-filiale-certibat\\\/74442\\\/#breadcrumb\"},\"inLanguage\":\"fr-FR\",\"potentialAction\":[{\"@type\":\"ReadAction\",\"target\":[\"https:\\\/\\\/batijournal.com\\\/index.php\\\/dominique-tarrin-rejoint-qualibat-et-sa-filiale-certibat\\\/74442\\\/\"]}]},{\"@type\":\"ImageObject\",\"inLanguage\":\"fr-FR\",\"@id\":\"https:\\\/\\\/batijournal.com\\\/index.php\\\/dominique-tarrin-rejoint-qualibat-et-sa-filiale-certibat\\\/74442\\\/#primaryimage\",\"url\":\"https:\\\/\\\/batijournal.com\\\/wp-content\\\/uploads\\\/2015\\\/03\\\/27384760.jpg\",\"contentUrl\":\"https:\\\/\\\/batijournal.com\\\/wp-content\\\/uploads\\\/2015\\\/03\\\/27384760.jpg\",\"width\":434,\"height\":600},{\"@type\":\"BreadcrumbList\",\"@id\":\"https:\\\/\\\/batijournal.com\\\/index.php\\\/dominique-tarrin-rejoint-qualibat-et-sa-filiale-certibat\\\/74442\\\/#breadcrumb\",\"itemListElement\":[{\"@type\":\"ListItem\",\"position\":1,\"name\":\"Accueil\",\"item\":\"https:\\\/\\\/batijournal.com\\\/\"},{\"@type\":\"ListItem\",\"position\":2,\"name\":\"Actualit\u00e9s\",\"item\":\"https:\\\/\\\/batijournal.com\\\/index.php\\\/category\\\/actualites\\\/\"},{\"@type\":\"ListItem\",\"position\":3,\"name\":\"Architecture &amp; Conception\",\"item\":\"https:\\\/\\\/batijournal.com\\\/index.php\\\/category\\\/actualites\\\/architecture-conception\\\/\"},{\"@type\":\"ListItem\",\"position\":4,\"name\":\"Dominique Tarrin rejoint Qualibat et sa filiale Certibat\"}]},{\"@type\":\"WebSite\",\"@id\":\"https:\\\/\\\/batijournal.com\\\/#website\",\"url\":\"https:\\\/\\\/batijournal.com\\\/\",\"name\":\"Batijournal\",\"description\":\"L&#039;actualit\u00e9 du b\u00e2timent\",\"potentialAction\":[{\"@type\":\"SearchAction\",\"target\":{\"@type\":\"EntryPoint\",\"urlTemplate\":\"https:\\\/\\\/batijournal.com\\\/?s={search_term_string}\"},\"query-input\":{\"@type\":\"PropertyValueSpecification\",\"valueRequired\":true,\"valueName\":\"search_term_string\"}}],\"inLanguage\":\"fr-FR\"},{\"@type\":\"Person\",\"@id\":\"https:\\\/\\\/batijournal.com\\\/#\\\/schema\\\/person\\\/6a657e8967569e1b299972574848aa76\",\"name\":\"Bati-journal\",\"image\":{\"@type\":\"ImageObject\",\"inLanguage\":\"fr-FR\",\"@id\":\"https:\\\/\\\/secure.gravatar.com\\\/avatar\\\/a64364ea26392f9b4dd47e017ddaec74ff03aefc073b49e492e847201258f777?s=96&d=mm&r=g\",\"url\":\"https:\\\/\\\/secure.gravatar.com\\\/avatar\\\/a64364ea26392f9b4dd47e017ddaec74ff03aefc073b49e492e847201258f777?s=96&d=mm&r=g\",\"contentUrl\":\"https:\\\/\\\/secure.gravatar.com\\\/avatar\\\/a64364ea26392f9b4dd47e017ddaec74ff03aefc073b49e492e847201258f777?s=96&d=mm&r=g\",\"caption\":\"Bati-journal\"},\"url\":\"https:\\\/\\\/batijournal.com\\\/index.php\\\/author\\\/elodie\\\/\"}]}<\/script>\n<!-- \/ Yoast SEO plugin. -->","yoast_head_json":{"title":"Dominique Tarrin rejoint Qualibat et sa filiale Certibat","robots":{"index":"index","follow":"follow","max-snippet":"max-snippet:-1","max-image-preview":"max-image-preview:large","max-video-preview":"max-video-preview:-1"},"canonical":"https:\/\/batijournal.com\/index.php\/dominique-tarrin-rejoint-qualibat-et-sa-filiale-certibat\/74442\/","og_locale":"fr_FR","og_type":"article","og_title":"Dominique Tarrin rejoint Qualibat et sa filiale Certibat","og_description":"Dominique Tarrin a \u00e9t\u00e9 nomm\u00e9 le 1er juillet dernier directeur g\u00e9n\u00e9ral adjoint de Qualibat, organisme de qualification et de certification des entreprises de construction. Il dirige \u00e9galement depuis cette date la filiale Certibat en tant que directeur ex\u00e9cutif. \u00c2g\u00e9 de 57 ans, ing\u00e9nieur des travaux publics de l&rsquo;Etat, Dominique Tarrin a d\u00e9but\u00e9 sa carri\u00e8re au [&hellip;]","og_url":"https:\/\/batijournal.com\/index.php\/dominique-tarrin-rejoint-qualibat-et-sa-filiale-certibat\/74442\/","og_site_name":"Batijournal","article_published_time":"2011-07-17T22:00:00+00:00","article_modified_time":"2019-07-15T09:35:43+00:00","og_image":[{"width":434,"height":600,"url":"https:\/\/batijournal.com\/wp-content\/uploads\/2015\/03\/27384760.jpg","type":"image\/jpeg"}],"author":"Bati-journal","twitter_card":"summary_large_image","twitter_creator":"@bati_journal","twitter_site":"@bati_journal","twitter_misc":{"\u00c9crit par":"Bati-journal","Dur\u00e9e de lecture estim\u00e9e":"1 minute"},"schema":{"@context":"https:\/\/schema.org","@graph":[{"@type":"Article","@id":"https:\/\/batijournal.com\/index.php\/dominique-tarrin-rejoint-qualibat-et-sa-filiale-certibat\/74442\/#article","isPartOf":{"@id":"https:\/\/batijournal.com\/index.php\/dominique-tarrin-rejoint-qualibat-et-sa-filiale-certibat\/74442\/"},"author":{"name":"Bati-journal","@id":"https:\/\/batijournal.com\/#\/schema\/person\/6a657e8967569e1b299972574848aa76"},"headline":"Dominique Tarrin rejoint Qualibat et sa filiale Certibat","datePublished":"2011-07-17T22:00:00+00:00","dateModified":"2019-07-15T09:35:43+00:00","mainEntityOfPage":{"@id":"https:\/\/batijournal.com\/index.php\/dominique-tarrin-rejoint-qualibat-et-sa-filiale-certibat\/74442\/"},"wordCount":155,"commentCount":0,"image":{"@id":"https:\/\/batijournal.com\/index.php\/dominique-tarrin-rejoint-qualibat-et-sa-filiale-certibat\/74442\/#primaryimage"},"thumbnailUrl":"https:\/\/batijournal.com\/wp-content\/uploads\/2015\/03\/27384760.jpg","keywords":["Certibat","Qualibat"],"articleSection":["Architecture &amp; Conception"],"inLanguage":"fr-FR","potentialAction":[{"@type":"CommentAction","name":"Comment","target":["https:\/\/batijournal.com\/index.php\/dominique-tarrin-rejoint-qualibat-et-sa-filiale-certibat\/74442\/#respond"]}]},{"@type":"WebPage","@id":"https:\/\/batijournal.com\/index.php\/dominique-tarrin-rejoint-qualibat-et-sa-filiale-certibat\/74442\/","url":"https:\/\/batijournal.com\/index.php\/dominique-tarrin-rejoint-qualibat-et-sa-filiale-certibat\/74442\/","name":"Dominique Tarrin rejoint Qualibat et sa filiale Certibat","isPartOf":{"@id":"https:\/\/batijournal.com\/#website"},"primaryImageOfPage":{"@id":"https:\/\/batijournal.com\/index.php\/dominique-tarrin-rejoint-qualibat-et-sa-filiale-certibat\/74442\/#primaryimage"},"image":{"@id":"https:\/\/batijournal.com\/index.php\/dominique-tarrin-rejoint-qualibat-et-sa-filiale-certibat\/74442\/#primaryimage"},"thumbnailUrl":"https:\/\/batijournal.com\/wp-content\/uploads\/2015\/03\/27384760.jpg","datePublished":"2011-07-17T22:00:00+00:00","dateModified":"2019-07-15T09:35:43+00:00","author":{"@id":"https:\/\/batijournal.com\/#\/schema\/person\/6a657e8967569e1b299972574848aa76"},"breadcrumb":{"@id":"https:\/\/batijournal.com\/index.php\/dominique-tarrin-rejoint-qualibat-et-sa-filiale-certibat\/74442\/#breadcrumb"},"inLanguage":"fr-FR","potentialAction":[{"@type":"ReadAction","target":["https:\/\/batijournal.com\/index.php\/dominique-tarrin-rejoint-qualibat-et-sa-filiale-certibat\/74442\/"]}]},{"@type":"ImageObject","inLanguage":"fr-FR","@id":"https:\/\/batijournal.com\/index.php\/dominique-tarrin-rejoint-qualibat-et-sa-filiale-certibat\/74442\/#primaryimage","url":"https:\/\/batijournal.com\/wp-content\/uploads\/2015\/03\/27384760.jpg","contentUrl":"https:\/\/batijournal.com\/wp-content\/uploads\/2015\/03\/27384760.jpg","width":434,"height":600},{"@type":"BreadcrumbList","@id":"https:\/\/batijournal.com\/index.php\/dominique-tarrin-rejoint-qualibat-et-sa-filiale-certibat\/74442\/#breadcrumb","itemListElement":[{"@type":"ListItem","position":1,"name":"Accueil","item":"https:\/\/batijournal.com\/"},{"@type":"ListItem","position":2,"name":"Actualit\u00e9s","item":"https:\/\/batijournal.com\/index.php\/category\/actualites\/"},{"@type":"ListItem","position":3,"name":"Architecture &amp; Conception","item":"https:\/\/batijournal.com\/index.php\/category\/actualites\/architecture-conception\/"},{"@type":"ListItem","position":4,"name":"Dominique Tarrin rejoint Qualibat et sa filiale Certibat"}]},{"@type":"WebSite","@id":"https:\/\/batijournal.com\/#website","url":"https:\/\/batijournal.com\/","name":"Batijournal","description":"L&#039;actualit\u00e9 du b\u00e2timent","potentialAction":[{"@type":"SearchAction","target":{"@type":"EntryPoint","urlTemplate":"https:\/\/batijournal.com\/?s={search_term_string}"},"query-input":{"@type":"PropertyValueSpecification","valueRequired":true,"valueName":"search_term_string"}}],"inLanguage":"fr-FR"},{"@type":"Person","@id":"https:\/\/batijournal.com\/#\/schema\/person\/6a657e8967569e1b299972574848aa76","name":"Bati-journal","image":{"@type":"ImageObject","inLanguage":"fr-FR","@id":"https:\/\/secure.gravatar.com\/avatar\/a64364ea26392f9b4dd47e017ddaec74ff03aefc073b49e492e847201258f777?s=96&d=mm&r=g","url":"https:\/\/secure.gravatar.com\/avatar\/a64364ea26392f9b4dd47e017ddaec74ff03aefc073b49e492e847201258f777?s=96&d=mm&r=g","contentUrl":"https:\/\/secure.gravatar.com\/avatar\/a64364ea26392f9b4dd47e017ddaec74ff03aefc073b49e492e847201258f777?s=96&d=mm&r=g","caption":"Bati-journal"},"url":"https:\/\/batijournal.com\/index.php\/author\/elodie\/"}]}},"_links":{"self":[{"href":"https:\/\/batijournal.com\/index.php\/wp-json\/wp\/v2\/posts\/74442","targetHints":{"allow":["GET"]}}],"collection":[{"href":"https:\/\/batijournal.com\/index.php\/wp-json\/wp\/v2\/posts"}],"about":[{"href":"https:\/\/batijournal.com\/index.php\/wp-json\/wp\/v2\/types\/post"}],"author":[{"embeddable":true,"href":"https:\/\/batijournal.com\/index.php\/wp-json\/wp\/v2\/users\/1"}],"replies":[{"embeddable":true,"href":"https:\/\/batijournal.com\/index.php\/wp-json\/wp\/v2\/comments?post=74442"}],"version-history":[{"count":0,"href":"https:\/\/batijournal.com\/index.php\/wp-json\/wp\/v2\/posts\/74442\/revisions"}],"wp:featuredmedia":[{"embeddable":true,"href":"https:\/\/batijournal.com\/index.php\/wp-json\/wp\/v2\/media\/74443"}],"wp:attachment":[{"href":"https:\/\/batijournal.com\/index.php\/wp-json\/wp\/v2\/media?parent=74442"}],"wp:term":[{"taxonomy":"category","embeddable":true,"href":"https:\/\/batijournal.com\/index.php\/wp-json\/wp\/v2\/categories?post=74442"},{"taxonomy":"post_tag","embeddable":true,"href":"https:\/\/batijournal.com\/index.php\/wp-json\/wp\/v2\/tags?post=74442"}],"curies":[{"name":"wp","href":"https:\/\/api.w.org\/{rel}","templated":true}]}}