{"id":74444,"date":"2011-07-19T00:00:00","date_gmt":"2011-07-18T22:00:00","guid":{"rendered":"http:\/\/b.bati-journal.com\/philippe-rabut-est-nomme-directeur-general-adjoint-d%c2%92afnor-certification\/74444"},"modified":"2019-07-15T11:35:42","modified_gmt":"2019-07-15T09:35:42","slug":"philippe-rabut-est-nomme-directeur-general-adjoint-d%c2%92afnor-certification","status":"publish","type":"post","link":"https:\/\/batijournal.com\/index.php\/philippe-rabut-est-nomme-directeur-general-adjoint-d%c2%92afnor-certification\/74444\/","title":{"rendered":"Philippe Rabut est nomm\u00e9 directeur g\u00e9n\u00e9ral adjoint d&rsquo;\u0092Afnor Certification"},"content":{"rendered":"<p>Le 1er juillet dernier, Philippe Rabut a pris ses fonctions en tant que directeur g\u00e9n\u00e9ral adjoint d\u0092&rsquo;Afnor Certification, aupr\u00e8s de la directrice g\u00e9n\u00e9rale, Florence M\u00e9aux. Il succ\u00e8de ainsi \u00e0 Jacques Beslin, lequel a fait valoir ses droits \u00e0 la retraite. N\u00e9 en 1966, Philippe Rabut, dipl\u00f4m\u00e9 de l&rsquo;Ecole sup\u00e9rieure de commerce de Toulouse, a d\u00e9but\u00e9 sa carri\u00e8re dans le groupe PSA en 1990. Il y occupe diff\u00e9rentes responsabilit\u00e9s au sein de la direction des activit\u00e9s de financement et de la direction des achats. Il int\u00e8gre, en 1997, Dekra Industrial (ex-Norisko), une des principales soci\u00e9t\u00e9s d&rsquo;\u0092inspection industrielle et de b\u00e2timents en France. Il y prend successivement les fonctions de directeur grands comptes (1997) et directeur commercial et marketing (2000). En 2002, il prend la direction g\u00e9n\u00e9rale de la filiale d\u00e9di\u00e9e au diagnostic immobilier et est nomm\u00e9 au directoire du groupe. Depuis 2006, il est plus particuli\u00e8rement en charge du d\u00e9veloppement et de la strat\u00e9gie. Par ailleurs, de 2004 \u00e0 2009, il pr\u00e9side la F\u00e9d\u00e9ration professionnelle du diagnostic immobilier (FIDI).<\/p>\n","protected":false},"excerpt":{"rendered":"<p>Le 1er juillet dernier, Philippe Rabut a pris ses fonctions en tant que directeur g\u00e9n\u00e9ral adjoint d\u0092&rsquo;Afnor Certification, aupr\u00e8s de la directrice g\u00e9n\u00e9rale, Florence M\u00e9aux. Il succ\u00e8de ainsi \u00e0 Jacques Beslin, lequel a fait valoir ses droits \u00e0 la retraite. N\u00e9 en 1966, Philippe Rabut, dipl\u00f4m\u00e9 de l&rsquo;Ecole sup\u00e9rieure de commerce de Toulouse, a d\u00e9but\u00e9 [&hellip;]<\/p>\n","protected":false},"author":1,"featured_media":74445,"comment_status":"open","ping_status":"closed","sticky":false,"template":"","format":"standard","meta":{"_et_pb_use_builder":"","_et_pb_old_content":"","_et_gb_content_width":"","footnotes":""},"categories":[6340],"tags":[],"class_list":["post-74444","post","type-post","status-publish","format-standard","has-post-thumbnail","hentry","category-architecture-conception"],"yoast_head":"<!-- This site is optimized with the Yoast SEO plugin v27.4 - https:\/\/yoast.com\/product\/yoast-seo-wordpress\/ -->\n<title>Philippe Rabut est nomm\u00e9 directeur g\u00e9n\u00e9ral adjoint d&#039;\u0092Afnor Certification<\/title>\n<meta name=\"robots\" content=\"index, follow, max-snippet:-1, max-image-preview:large, max-video-preview:-1\" \/>\n<link rel=\"canonical\" href=\"https:\/\/batijournal.com\/index.php\/philippe-rabut-est-nomme-directeur-general-adjoint-d\u0092afnor-certification\/74444\/\" \/>\n<meta property=\"og:locale\" content=\"fr_FR\" \/>\n<meta property=\"og:type\" content=\"article\" \/>\n<meta property=\"og:title\" content=\"Philippe Rabut est nomm\u00e9 directeur g\u00e9n\u00e9ral adjoint d&#039;\u0092Afnor Certification\" \/>\n<meta property=\"og:description\" content=\"Le 1er juillet dernier, Philippe Rabut a pris ses fonctions en tant que directeur g\u00e9n\u00e9ral adjoint d\u0092&rsquo;Afnor Certification, aupr\u00e8s de la directrice g\u00e9n\u00e9rale, Florence M\u00e9aux. Il succ\u00e8de ainsi \u00e0 Jacques Beslin, lequel a fait valoir ses droits \u00e0 la retraite. N\u00e9 en 1966, Philippe Rabut, dipl\u00f4m\u00e9 de l&rsquo;Ecole sup\u00e9rieure de commerce de Toulouse, a d\u00e9but\u00e9 [&hellip;]\" \/>\n<meta property=\"og:url\" content=\"https:\/\/batijournal.com\/index.php\/philippe-rabut-est-nomme-directeur-general-adjoint-d\u0092afnor-certification\/74444\/\" \/>\n<meta property=\"og:site_name\" content=\"Batijournal\" \/>\n<meta property=\"article:published_time\" content=\"2011-07-18T22:00:00+00:00\" \/>\n<meta property=\"article:modified_time\" content=\"2019-07-15T09:35:42+00:00\" \/>\n<meta property=\"og:image\" content=\"https:\/\/batijournal.com\/wp-content\/uploads\/2015\/03\/27540543.jpg\" \/>\n\t<meta property=\"og:image:width\" content=\"386\" \/>\n\t<meta property=\"og:image:height\" content=\"600\" \/>\n\t<meta property=\"og:image:type\" content=\"image\/jpeg\" \/>\n<meta name=\"author\" content=\"Bati-journal\" \/>\n<meta name=\"twitter:card\" content=\"summary_large_image\" \/>\n<meta name=\"twitter:creator\" content=\"@bati_journal\" \/>\n<meta name=\"twitter:site\" content=\"@bati_journal\" \/>\n<meta name=\"twitter:label1\" content=\"\u00c9crit par\" \/>\n\t<meta name=\"twitter:data1\" content=\"Bati-journal\" \/>\n\t<meta name=\"twitter:label2\" content=\"Dur\u00e9e de lecture estim\u00e9e\" \/>\n\t<meta name=\"twitter:data2\" content=\"1 minute\" \/>\n<script type=\"application\/ld+json\" class=\"yoast-schema-graph\">{\"@context\":\"https:\\\/\\\/schema.org\",\"@graph\":[{\"@type\":\"Article\",\"@id\":\"https:\\\/\\\/batijournal.com\\\/index.php\\\/philippe-rabut-est-nomme-directeur-general-adjoint-d%c2%92afnor-certification\\\/74444\\\/#article\",\"isPartOf\":{\"@id\":\"https:\\\/\\\/batijournal.com\\\/index.php\\\/philippe-rabut-est-nomme-directeur-general-adjoint-d%c2%92afnor-certification\\\/74444\\\/\"},\"author\":{\"name\":\"Bati-journal\",\"@id\":\"https:\\\/\\\/batijournal.com\\\/#\\\/schema\\\/person\\\/6a657e8967569e1b299972574848aa76\"},\"headline\":\"Philippe Rabut est nomm\u00e9 directeur g\u00e9n\u00e9ral adjoint d&rsquo;\u0092Afnor Certification\",\"datePublished\":\"2011-07-18T22:00:00+00:00\",\"dateModified\":\"2019-07-15T09:35:42+00:00\",\"mainEntityOfPage\":{\"@id\":\"https:\\\/\\\/batijournal.com\\\/index.php\\\/philippe-rabut-est-nomme-directeur-general-adjoint-d%c2%92afnor-certification\\\/74444\\\/\"},\"wordCount\":199,\"commentCount\":0,\"image\":{\"@id\":\"https:\\\/\\\/batijournal.com\\\/index.php\\\/philippe-rabut-est-nomme-directeur-general-adjoint-d%c2%92afnor-certification\\\/74444\\\/#primaryimage\"},\"thumbnailUrl\":\"https:\\\/\\\/batijournal.com\\\/wp-content\\\/uploads\\\/2015\\\/03\\\/27540543.jpg\",\"articleSection\":[\"Architecture &amp; Conception\"],\"inLanguage\":\"fr-FR\",\"potentialAction\":[{\"@type\":\"CommentAction\",\"name\":\"Comment\",\"target\":[\"https:\\\/\\\/batijournal.com\\\/index.php\\\/philippe-rabut-est-nomme-directeur-general-adjoint-d%c2%92afnor-certification\\\/74444\\\/#respond\"]}]},{\"@type\":\"WebPage\",\"@id\":\"https:\\\/\\\/batijournal.com\\\/index.php\\\/philippe-rabut-est-nomme-directeur-general-adjoint-d%c2%92afnor-certification\\\/74444\\\/\",\"url\":\"https:\\\/\\\/batijournal.com\\\/index.php\\\/philippe-rabut-est-nomme-directeur-general-adjoint-d%c2%92afnor-certification\\\/74444\\\/\",\"name\":\"Philippe Rabut est nomm\u00e9 directeur g\u00e9n\u00e9ral adjoint d'\u0092Afnor Certification\",\"isPartOf\":{\"@id\":\"https:\\\/\\\/batijournal.com\\\/#website\"},\"primaryImageOfPage\":{\"@id\":\"https:\\\/\\\/batijournal.com\\\/index.php\\\/philippe-rabut-est-nomme-directeur-general-adjoint-d%c2%92afnor-certification\\\/74444\\\/#primaryimage\"},\"image\":{\"@id\":\"https:\\\/\\\/batijournal.com\\\/index.php\\\/philippe-rabut-est-nomme-directeur-general-adjoint-d%c2%92afnor-certification\\\/74444\\\/#primaryimage\"},\"thumbnailUrl\":\"https:\\\/\\\/batijournal.com\\\/wp-content\\\/uploads\\\/2015\\\/03\\\/27540543.jpg\",\"datePublished\":\"2011-07-18T22:00:00+00:00\",\"dateModified\":\"2019-07-15T09:35:42+00:00\",\"author\":{\"@id\":\"https:\\\/\\\/batijournal.com\\\/#\\\/schema\\\/person\\\/6a657e8967569e1b299972574848aa76\"},\"breadcrumb\":{\"@id\":\"https:\\\/\\\/batijournal.com\\\/index.php\\\/philippe-rabut-est-nomme-directeur-general-adjoint-d%c2%92afnor-certification\\\/74444\\\/#breadcrumb\"},\"inLanguage\":\"fr-FR\",\"potentialAction\":[{\"@type\":\"ReadAction\",\"target\":[\"https:\\\/\\\/batijournal.com\\\/index.php\\\/philippe-rabut-est-nomme-directeur-general-adjoint-d%c2%92afnor-certification\\\/74444\\\/\"]}]},{\"@type\":\"ImageObject\",\"inLanguage\":\"fr-FR\",\"@id\":\"https:\\\/\\\/batijournal.com\\\/index.php\\\/philippe-rabut-est-nomme-directeur-general-adjoint-d%c2%92afnor-certification\\\/74444\\\/#primaryimage\",\"url\":\"https:\\\/\\\/batijournal.com\\\/wp-content\\\/uploads\\\/2015\\\/03\\\/27540543.jpg\",\"contentUrl\":\"https:\\\/\\\/batijournal.com\\\/wp-content\\\/uploads\\\/2015\\\/03\\\/27540543.jpg\",\"width\":386,\"height\":600},{\"@type\":\"BreadcrumbList\",\"@id\":\"https:\\\/\\\/batijournal.com\\\/index.php\\\/philippe-rabut-est-nomme-directeur-general-adjoint-d%c2%92afnor-certification\\\/74444\\\/#breadcrumb\",\"itemListElement\":[{\"@type\":\"ListItem\",\"position\":1,\"name\":\"Accueil\",\"item\":\"https:\\\/\\\/batijournal.com\\\/\"},{\"@type\":\"ListItem\",\"position\":2,\"name\":\"Actualit\u00e9s\",\"item\":\"https:\\\/\\\/batijournal.com\\\/index.php\\\/category\\\/actualites\\\/\"},{\"@type\":\"ListItem\",\"position\":3,\"name\":\"Architecture &amp; Conception\",\"item\":\"https:\\\/\\\/batijournal.com\\\/index.php\\\/category\\\/actualites\\\/architecture-conception\\\/\"},{\"@type\":\"ListItem\",\"position\":4,\"name\":\"Philippe Rabut est nomm\u00e9 directeur g\u00e9n\u00e9ral adjoint d&rsquo;\u0092Afnor Certification\"}]},{\"@type\":\"WebSite\",\"@id\":\"https:\\\/\\\/batijournal.com\\\/#website\",\"url\":\"https:\\\/\\\/batijournal.com\\\/\",\"name\":\"Batijournal\",\"description\":\"L&#039;actualit\u00e9 du b\u00e2timent\",\"potentialAction\":[{\"@type\":\"SearchAction\",\"target\":{\"@type\":\"EntryPoint\",\"urlTemplate\":\"https:\\\/\\\/batijournal.com\\\/?s={search_term_string}\"},\"query-input\":{\"@type\":\"PropertyValueSpecification\",\"valueRequired\":true,\"valueName\":\"search_term_string\"}}],\"inLanguage\":\"fr-FR\"},{\"@type\":\"Person\",\"@id\":\"https:\\\/\\\/batijournal.com\\\/#\\\/schema\\\/person\\\/6a657e8967569e1b299972574848aa76\",\"name\":\"Bati-journal\",\"image\":{\"@type\":\"ImageObject\",\"inLanguage\":\"fr-FR\",\"@id\":\"https:\\\/\\\/secure.gravatar.com\\\/avatar\\\/a64364ea26392f9b4dd47e017ddaec74ff03aefc073b49e492e847201258f777?s=96&d=mm&r=g\",\"url\":\"https:\\\/\\\/secure.gravatar.com\\\/avatar\\\/a64364ea26392f9b4dd47e017ddaec74ff03aefc073b49e492e847201258f777?s=96&d=mm&r=g\",\"contentUrl\":\"https:\\\/\\\/secure.gravatar.com\\\/avatar\\\/a64364ea26392f9b4dd47e017ddaec74ff03aefc073b49e492e847201258f777?s=96&d=mm&r=g\",\"caption\":\"Bati-journal\"},\"url\":\"https:\\\/\\\/batijournal.com\\\/index.php\\\/author\\\/elodie\\\/\"}]}<\/script>\n<!-- \/ Yoast SEO plugin. -->","yoast_head_json":{"title":"Philippe Rabut est nomm\u00e9 directeur g\u00e9n\u00e9ral adjoint d'\u0092Afnor Certification","robots":{"index":"index","follow":"follow","max-snippet":"max-snippet:-1","max-image-preview":"max-image-preview:large","max-video-preview":"max-video-preview:-1"},"canonical":"https:\/\/batijournal.com\/index.php\/philippe-rabut-est-nomme-directeur-general-adjoint-d\u0092afnor-certification\/74444\/","og_locale":"fr_FR","og_type":"article","og_title":"Philippe Rabut est nomm\u00e9 directeur g\u00e9n\u00e9ral adjoint d'\u0092Afnor Certification","og_description":"Le 1er juillet dernier, Philippe Rabut a pris ses fonctions en tant que directeur g\u00e9n\u00e9ral adjoint d\u0092&rsquo;Afnor Certification, aupr\u00e8s de la directrice g\u00e9n\u00e9rale, Florence M\u00e9aux. Il succ\u00e8de ainsi \u00e0 Jacques Beslin, lequel a fait valoir ses droits \u00e0 la retraite. N\u00e9 en 1966, Philippe Rabut, dipl\u00f4m\u00e9 de l&rsquo;Ecole sup\u00e9rieure de commerce de Toulouse, a d\u00e9but\u00e9 [&hellip;]","og_url":"https:\/\/batijournal.com\/index.php\/philippe-rabut-est-nomme-directeur-general-adjoint-d\u0092afnor-certification\/74444\/","og_site_name":"Batijournal","article_published_time":"2011-07-18T22:00:00+00:00","article_modified_time":"2019-07-15T09:35:42+00:00","og_image":[{"width":386,"height":600,"url":"https:\/\/batijournal.com\/wp-content\/uploads\/2015\/03\/27540543.jpg","type":"image\/jpeg"}],"author":"Bati-journal","twitter_card":"summary_large_image","twitter_creator":"@bati_journal","twitter_site":"@bati_journal","twitter_misc":{"\u00c9crit par":"Bati-journal","Dur\u00e9e de lecture estim\u00e9e":"1 minute"},"schema":{"@context":"https:\/\/schema.org","@graph":[{"@type":"Article","@id":"https:\/\/batijournal.com\/index.php\/philippe-rabut-est-nomme-directeur-general-adjoint-d%c2%92afnor-certification\/74444\/#article","isPartOf":{"@id":"https:\/\/batijournal.com\/index.php\/philippe-rabut-est-nomme-directeur-general-adjoint-d%c2%92afnor-certification\/74444\/"},"author":{"name":"Bati-journal","@id":"https:\/\/batijournal.com\/#\/schema\/person\/6a657e8967569e1b299972574848aa76"},"headline":"Philippe Rabut est nomm\u00e9 directeur g\u00e9n\u00e9ral adjoint d&rsquo;\u0092Afnor Certification","datePublished":"2011-07-18T22:00:00+00:00","dateModified":"2019-07-15T09:35:42+00:00","mainEntityOfPage":{"@id":"https:\/\/batijournal.com\/index.php\/philippe-rabut-est-nomme-directeur-general-adjoint-d%c2%92afnor-certification\/74444\/"},"wordCount":199,"commentCount":0,"image":{"@id":"https:\/\/batijournal.com\/index.php\/philippe-rabut-est-nomme-directeur-general-adjoint-d%c2%92afnor-certification\/74444\/#primaryimage"},"thumbnailUrl":"https:\/\/batijournal.com\/wp-content\/uploads\/2015\/03\/27540543.jpg","articleSection":["Architecture &amp; Conception"],"inLanguage":"fr-FR","potentialAction":[{"@type":"CommentAction","name":"Comment","target":["https:\/\/batijournal.com\/index.php\/philippe-rabut-est-nomme-directeur-general-adjoint-d%c2%92afnor-certification\/74444\/#respond"]}]},{"@type":"WebPage","@id":"https:\/\/batijournal.com\/index.php\/philippe-rabut-est-nomme-directeur-general-adjoint-d%c2%92afnor-certification\/74444\/","url":"https:\/\/batijournal.com\/index.php\/philippe-rabut-est-nomme-directeur-general-adjoint-d%c2%92afnor-certification\/74444\/","name":"Philippe Rabut est nomm\u00e9 directeur g\u00e9n\u00e9ral adjoint d'\u0092Afnor Certification","isPartOf":{"@id":"https:\/\/batijournal.com\/#website"},"primaryImageOfPage":{"@id":"https:\/\/batijournal.com\/index.php\/philippe-rabut-est-nomme-directeur-general-adjoint-d%c2%92afnor-certification\/74444\/#primaryimage"},"image":{"@id":"https:\/\/batijournal.com\/index.php\/philippe-rabut-est-nomme-directeur-general-adjoint-d%c2%92afnor-certification\/74444\/#primaryimage"},"thumbnailUrl":"https:\/\/batijournal.com\/wp-content\/uploads\/2015\/03\/27540543.jpg","datePublished":"2011-07-18T22:00:00+00:00","dateModified":"2019-07-15T09:35:42+00:00","author":{"@id":"https:\/\/batijournal.com\/#\/schema\/person\/6a657e8967569e1b299972574848aa76"},"breadcrumb":{"@id":"https:\/\/batijournal.com\/index.php\/philippe-rabut-est-nomme-directeur-general-adjoint-d%c2%92afnor-certification\/74444\/#breadcrumb"},"inLanguage":"fr-FR","potentialAction":[{"@type":"ReadAction","target":["https:\/\/batijournal.com\/index.php\/philippe-rabut-est-nomme-directeur-general-adjoint-d%c2%92afnor-certification\/74444\/"]}]},{"@type":"ImageObject","inLanguage":"fr-FR","@id":"https:\/\/batijournal.com\/index.php\/philippe-rabut-est-nomme-directeur-general-adjoint-d%c2%92afnor-certification\/74444\/#primaryimage","url":"https:\/\/batijournal.com\/wp-content\/uploads\/2015\/03\/27540543.jpg","contentUrl":"https:\/\/batijournal.com\/wp-content\/uploads\/2015\/03\/27540543.jpg","width":386,"height":600},{"@type":"BreadcrumbList","@id":"https:\/\/batijournal.com\/index.php\/philippe-rabut-est-nomme-directeur-general-adjoint-d%c2%92afnor-certification\/74444\/#breadcrumb","itemListElement":[{"@type":"ListItem","position":1,"name":"Accueil","item":"https:\/\/batijournal.com\/"},{"@type":"ListItem","position":2,"name":"Actualit\u00e9s","item":"https:\/\/batijournal.com\/index.php\/category\/actualites\/"},{"@type":"ListItem","position":3,"name":"Architecture &amp; Conception","item":"https:\/\/batijournal.com\/index.php\/category\/actualites\/architecture-conception\/"},{"@type":"ListItem","position":4,"name":"Philippe Rabut est nomm\u00e9 directeur g\u00e9n\u00e9ral adjoint d&rsquo;\u0092Afnor Certification"}]},{"@type":"WebSite","@id":"https:\/\/batijournal.com\/#website","url":"https:\/\/batijournal.com\/","name":"Batijournal","description":"L&#039;actualit\u00e9 du b\u00e2timent","potentialAction":[{"@type":"SearchAction","target":{"@type":"EntryPoint","urlTemplate":"https:\/\/batijournal.com\/?s={search_term_string}"},"query-input":{"@type":"PropertyValueSpecification","valueRequired":true,"valueName":"search_term_string"}}],"inLanguage":"fr-FR"},{"@type":"Person","@id":"https:\/\/batijournal.com\/#\/schema\/person\/6a657e8967569e1b299972574848aa76","name":"Bati-journal","image":{"@type":"ImageObject","inLanguage":"fr-FR","@id":"https:\/\/secure.gravatar.com\/avatar\/a64364ea26392f9b4dd47e017ddaec74ff03aefc073b49e492e847201258f777?s=96&d=mm&r=g","url":"https:\/\/secure.gravatar.com\/avatar\/a64364ea26392f9b4dd47e017ddaec74ff03aefc073b49e492e847201258f777?s=96&d=mm&r=g","contentUrl":"https:\/\/secure.gravatar.com\/avatar\/a64364ea26392f9b4dd47e017ddaec74ff03aefc073b49e492e847201258f777?s=96&d=mm&r=g","caption":"Bati-journal"},"url":"https:\/\/batijournal.com\/index.php\/author\/elodie\/"}]}},"_links":{"self":[{"href":"https:\/\/batijournal.com\/index.php\/wp-json\/wp\/v2\/posts\/74444","targetHints":{"allow":["GET"]}}],"collection":[{"href":"https:\/\/batijournal.com\/index.php\/wp-json\/wp\/v2\/posts"}],"about":[{"href":"https:\/\/batijournal.com\/index.php\/wp-json\/wp\/v2\/types\/post"}],"author":[{"embeddable":true,"href":"https:\/\/batijournal.com\/index.php\/wp-json\/wp\/v2\/users\/1"}],"replies":[{"embeddable":true,"href":"https:\/\/batijournal.com\/index.php\/wp-json\/wp\/v2\/comments?post=74444"}],"version-history":[{"count":0,"href":"https:\/\/batijournal.com\/index.php\/wp-json\/wp\/v2\/posts\/74444\/revisions"}],"wp:featuredmedia":[{"embeddable":true,"href":"https:\/\/batijournal.com\/index.php\/wp-json\/wp\/v2\/media\/74445"}],"wp:attachment":[{"href":"https:\/\/batijournal.com\/index.php\/wp-json\/wp\/v2\/media?parent=74444"}],"wp:term":[{"taxonomy":"category","embeddable":true,"href":"https:\/\/batijournal.com\/index.php\/wp-json\/wp\/v2\/categories?post=74444"},{"taxonomy":"post_tag","embeddable":true,"href":"https:\/\/batijournal.com\/index.php\/wp-json\/wp\/v2\/tags?post=74444"}],"curies":[{"name":"wp","href":"https:\/\/api.w.org\/{rel}","templated":true}]}}