{"id":74454,"date":"2011-09-01T00:00:00","date_gmt":"2011-08-31T22:00:00","guid":{"rendered":"http:\/\/b.bati-journal.com\/catherine-pegard-va-remplacer-jean-jacques-aillagon-a-versailles\/74454"},"modified":"2019-07-15T11:35:42","modified_gmt":"2019-07-15T09:35:42","slug":"catherine-pegard-va-remplacer-jean-jacques-aillagon-a-versailles","status":"publish","type":"post","link":"https:\/\/batijournal.com\/index.php\/catherine-pegard-va-remplacer-jean-jacques-aillagon-a-versailles\/74454\/","title":{"rendered":"Catherine P\u00e9gard va remplacer Jean-Jacques Aillagon \u00e0 Versailles"},"content":{"rendered":"<p>Sur proposition de Fr\u00e9d\u00e9ric Mitterrand, le Pr\u00e9sident de la R\u00e9publique a nomm\u00e9 Catherine P\u00e9gard \u00e0 la pr\u00e9sidence de l&rsquo;\u00c9tablissement Public du ch\u00e2teau, du mus\u00e9e et du domaine national de Versailles. Ancienne r\u00e9dactrice en chef du magazine Le Point, Catherine P\u00e9gard \u00e9tait depuis 2007 conseill\u00e8re du Pr\u00e9sident de la R\u00e9publique. Elle succ\u00e8dera le 2 octobre 2011, pour une dur\u00e9e de 5 ans, \u00e0 Jean-Jacques Aillagon, en poste depuis 2007. Le ministre tient \u00e0 rendre hommage \u00e0 l\u0092action exemplaire men\u00e9e par Jean-Jacques Aillagon \u00e0 la t\u00eate cet \u00e9tablissement. Poursuivant avec \u00e9nergie les travaux de r\u00e9novation du ch\u00e2teau, du mus\u00e9e et du domaine national, le pr\u00e9sident Jean-Jacques Aillagon a engag\u00e9 une politique d\u0092acc\u00e8s pour de nouveaux publics qui s\u0092est traduite par une augmentation substantielle de la fr\u00e9quentation du domaine. Jean-Jacques Aillagon a \u009cuvr\u00e9 au renforcement de l\u0092attractivit\u00e9 et au d\u00e9veloppement du rayonnement international du domaine, valorisant son patrimoine et cr\u00e9ant de nouvelles dynamiques artistiques. Il a ainsi organis\u00e9 une s\u00e9rie d\u0092expositions qui ont connu un grand succ\u00e8s telle que le parcours consacr\u00e9 \u00e0 \u00ab Sciences et curiosit\u00e9s \u00e0 la cour de Versailles \u00bb. Jean-Jacques Aillagon a profond\u00e9ment r\u00e9nov\u00e9 le regard que le grand public et les visiteurs \u00e9trangers portent sur le Domaine en associant aux visites des \u009cuvres d\u0092artistes modernes parfois controvers\u00e9s tels que Jeff Koons, Xavier Veilhan, Takashi Murakami et Bernar Venet. Le ministre forme les v\u009cux les plus chaleureux pour la nouvelle pr\u00e9sidente dont la grande culture, les qualit\u00e9s d\u0092organisation et le talent av\u00e9r\u00e9 en mati\u00e8re de communication permettront de mener \u00e0 bien les ambitieux chantiers du domaine de Versailles qui demeure l\u0092un de nos grands lieux de m\u00e9moire.<\/p>\n","protected":false},"excerpt":{"rendered":"<p>Sur proposition de Fr\u00e9d\u00e9ric Mitterrand, le Pr\u00e9sident de la R\u00e9publique a nomm\u00e9 Catherine P\u00e9gard \u00e0 la pr\u00e9sidence de l&rsquo;\u00c9tablissement Public du ch\u00e2teau, du mus\u00e9e et du domaine national de Versailles. Ancienne r\u00e9dactrice en chef du magazine Le Point, Catherine P\u00e9gard \u00e9tait depuis 2007 conseill\u00e8re du Pr\u00e9sident de la R\u00e9publique. Elle succ\u00e8dera le 2 octobre 2011, [&hellip;]<\/p>\n","protected":false},"author":1,"featured_media":0,"comment_status":"open","ping_status":"closed","sticky":false,"template":"","format":"standard","meta":{"_et_pb_use_builder":"","_et_pb_old_content":"","_et_gb_content_width":"","footnotes":""},"categories":[6340],"tags":[3499],"class_list":["post-74454","post","type-post","status-publish","format-standard","hentry","category-architecture-conception","tag-versailles"],"yoast_head":"<!-- This site is optimized with the Yoast SEO plugin v27.4 - https:\/\/yoast.com\/product\/yoast-seo-wordpress\/ -->\n<title>Catherine P\u00e9gard va remplacer Jean-Jacques Aillagon \u00e0 Versailles<\/title>\n<meta name=\"robots\" content=\"index, follow, max-snippet:-1, max-image-preview:large, max-video-preview:-1\" \/>\n<link rel=\"canonical\" href=\"https:\/\/batijournal.com\/index.php\/catherine-pegard-va-remplacer-jean-jacques-aillagon-a-versailles\/74454\/\" \/>\n<meta property=\"og:locale\" content=\"fr_FR\" \/>\n<meta property=\"og:type\" content=\"article\" \/>\n<meta property=\"og:title\" content=\"Catherine P\u00e9gard va remplacer Jean-Jacques Aillagon \u00e0 Versailles\" \/>\n<meta property=\"og:description\" content=\"Sur proposition de Fr\u00e9d\u00e9ric Mitterrand, le Pr\u00e9sident de la R\u00e9publique a nomm\u00e9 Catherine P\u00e9gard \u00e0 la pr\u00e9sidence de l&rsquo;\u00c9tablissement Public du ch\u00e2teau, du mus\u00e9e et du domaine national de Versailles. Ancienne r\u00e9dactrice en chef du magazine Le Point, Catherine P\u00e9gard \u00e9tait depuis 2007 conseill\u00e8re du Pr\u00e9sident de la R\u00e9publique. Elle succ\u00e8dera le 2 octobre 2011, [&hellip;]\" \/>\n<meta property=\"og:url\" content=\"https:\/\/batijournal.com\/index.php\/catherine-pegard-va-remplacer-jean-jacques-aillagon-a-versailles\/74454\/\" \/>\n<meta property=\"og:site_name\" content=\"Batijournal\" \/>\n<meta property=\"article:published_time\" content=\"2011-08-31T22:00:00+00:00\" \/>\n<meta property=\"article:modified_time\" content=\"2019-07-15T09:35:42+00:00\" \/>\n<meta name=\"author\" content=\"Bati-journal\" \/>\n<meta name=\"twitter:card\" content=\"summary_large_image\" \/>\n<meta name=\"twitter:creator\" content=\"@bati_journal\" \/>\n<meta name=\"twitter:site\" content=\"@bati_journal\" \/>\n<meta name=\"twitter:label1\" content=\"\u00c9crit par\" \/>\n\t<meta name=\"twitter:data1\" content=\"Bati-journal\" \/>\n\t<meta name=\"twitter:label2\" content=\"Dur\u00e9e de lecture estim\u00e9e\" \/>\n\t<meta name=\"twitter:data2\" content=\"1 minute\" \/>\n<script type=\"application\/ld+json\" class=\"yoast-schema-graph\">{\"@context\":\"https:\\\/\\\/schema.org\",\"@graph\":[{\"@type\":\"Article\",\"@id\":\"https:\\\/\\\/batijournal.com\\\/index.php\\\/catherine-pegard-va-remplacer-jean-jacques-aillagon-a-versailles\\\/74454\\\/#article\",\"isPartOf\":{\"@id\":\"https:\\\/\\\/batijournal.com\\\/index.php\\\/catherine-pegard-va-remplacer-jean-jacques-aillagon-a-versailles\\\/74454\\\/\"},\"author\":{\"name\":\"Bati-journal\",\"@id\":\"https:\\\/\\\/batijournal.com\\\/#\\\/schema\\\/person\\\/6a657e8967569e1b299972574848aa76\"},\"headline\":\"Catherine P\u00e9gard va remplacer Jean-Jacques Aillagon \u00e0 Versailles\",\"datePublished\":\"2011-08-31T22:00:00+00:00\",\"dateModified\":\"2019-07-15T09:35:42+00:00\",\"mainEntityOfPage\":{\"@id\":\"https:\\\/\\\/batijournal.com\\\/index.php\\\/catherine-pegard-va-remplacer-jean-jacques-aillagon-a-versailles\\\/74454\\\/\"},\"wordCount\":307,\"commentCount\":0,\"keywords\":[\"Versailles\"],\"articleSection\":[\"Architecture &amp; Conception\"],\"inLanguage\":\"fr-FR\",\"potentialAction\":[{\"@type\":\"CommentAction\",\"name\":\"Comment\",\"target\":[\"https:\\\/\\\/batijournal.com\\\/index.php\\\/catherine-pegard-va-remplacer-jean-jacques-aillagon-a-versailles\\\/74454\\\/#respond\"]}]},{\"@type\":\"WebPage\",\"@id\":\"https:\\\/\\\/batijournal.com\\\/index.php\\\/catherine-pegard-va-remplacer-jean-jacques-aillagon-a-versailles\\\/74454\\\/\",\"url\":\"https:\\\/\\\/batijournal.com\\\/index.php\\\/catherine-pegard-va-remplacer-jean-jacques-aillagon-a-versailles\\\/74454\\\/\",\"name\":\"Catherine P\u00e9gard va remplacer Jean-Jacques Aillagon \u00e0 Versailles\",\"isPartOf\":{\"@id\":\"https:\\\/\\\/batijournal.com\\\/#website\"},\"datePublished\":\"2011-08-31T22:00:00+00:00\",\"dateModified\":\"2019-07-15T09:35:42+00:00\",\"author\":{\"@id\":\"https:\\\/\\\/batijournal.com\\\/#\\\/schema\\\/person\\\/6a657e8967569e1b299972574848aa76\"},\"breadcrumb\":{\"@id\":\"https:\\\/\\\/batijournal.com\\\/index.php\\\/catherine-pegard-va-remplacer-jean-jacques-aillagon-a-versailles\\\/74454\\\/#breadcrumb\"},\"inLanguage\":\"fr-FR\",\"potentialAction\":[{\"@type\":\"ReadAction\",\"target\":[\"https:\\\/\\\/batijournal.com\\\/index.php\\\/catherine-pegard-va-remplacer-jean-jacques-aillagon-a-versailles\\\/74454\\\/\"]}]},{\"@type\":\"BreadcrumbList\",\"@id\":\"https:\\\/\\\/batijournal.com\\\/index.php\\\/catherine-pegard-va-remplacer-jean-jacques-aillagon-a-versailles\\\/74454\\\/#breadcrumb\",\"itemListElement\":[{\"@type\":\"ListItem\",\"position\":1,\"name\":\"Accueil\",\"item\":\"https:\\\/\\\/batijournal.com\\\/\"},{\"@type\":\"ListItem\",\"position\":2,\"name\":\"Actualit\u00e9s\",\"item\":\"https:\\\/\\\/batijournal.com\\\/index.php\\\/category\\\/actualites\\\/\"},{\"@type\":\"ListItem\",\"position\":3,\"name\":\"Architecture &amp; Conception\",\"item\":\"https:\\\/\\\/batijournal.com\\\/index.php\\\/category\\\/actualites\\\/architecture-conception\\\/\"},{\"@type\":\"ListItem\",\"position\":4,\"name\":\"Catherine P\u00e9gard va remplacer Jean-Jacques Aillagon \u00e0 Versailles\"}]},{\"@type\":\"WebSite\",\"@id\":\"https:\\\/\\\/batijournal.com\\\/#website\",\"url\":\"https:\\\/\\\/batijournal.com\\\/\",\"name\":\"Batijournal\",\"description\":\"L&#039;actualit\u00e9 du b\u00e2timent\",\"potentialAction\":[{\"@type\":\"SearchAction\",\"target\":{\"@type\":\"EntryPoint\",\"urlTemplate\":\"https:\\\/\\\/batijournal.com\\\/?s={search_term_string}\"},\"query-input\":{\"@type\":\"PropertyValueSpecification\",\"valueRequired\":true,\"valueName\":\"search_term_string\"}}],\"inLanguage\":\"fr-FR\"},{\"@type\":\"Person\",\"@id\":\"https:\\\/\\\/batijournal.com\\\/#\\\/schema\\\/person\\\/6a657e8967569e1b299972574848aa76\",\"name\":\"Bati-journal\",\"image\":{\"@type\":\"ImageObject\",\"inLanguage\":\"fr-FR\",\"@id\":\"https:\\\/\\\/secure.gravatar.com\\\/avatar\\\/a64364ea26392f9b4dd47e017ddaec74ff03aefc073b49e492e847201258f777?s=96&d=mm&r=g\",\"url\":\"https:\\\/\\\/secure.gravatar.com\\\/avatar\\\/a64364ea26392f9b4dd47e017ddaec74ff03aefc073b49e492e847201258f777?s=96&d=mm&r=g\",\"contentUrl\":\"https:\\\/\\\/secure.gravatar.com\\\/avatar\\\/a64364ea26392f9b4dd47e017ddaec74ff03aefc073b49e492e847201258f777?s=96&d=mm&r=g\",\"caption\":\"Bati-journal\"},\"url\":\"https:\\\/\\\/batijournal.com\\\/index.php\\\/author\\\/elodie\\\/\"}]}<\/script>\n<!-- \/ Yoast SEO plugin. -->","yoast_head_json":{"title":"Catherine P\u00e9gard va remplacer Jean-Jacques Aillagon \u00e0 Versailles","robots":{"index":"index","follow":"follow","max-snippet":"max-snippet:-1","max-image-preview":"max-image-preview:large","max-video-preview":"max-video-preview:-1"},"canonical":"https:\/\/batijournal.com\/index.php\/catherine-pegard-va-remplacer-jean-jacques-aillagon-a-versailles\/74454\/","og_locale":"fr_FR","og_type":"article","og_title":"Catherine P\u00e9gard va remplacer Jean-Jacques Aillagon \u00e0 Versailles","og_description":"Sur proposition de Fr\u00e9d\u00e9ric Mitterrand, le Pr\u00e9sident de la R\u00e9publique a nomm\u00e9 Catherine P\u00e9gard \u00e0 la pr\u00e9sidence de l&rsquo;\u00c9tablissement Public du ch\u00e2teau, du mus\u00e9e et du domaine national de Versailles. Ancienne r\u00e9dactrice en chef du magazine Le Point, Catherine P\u00e9gard \u00e9tait depuis 2007 conseill\u00e8re du Pr\u00e9sident de la R\u00e9publique. Elle succ\u00e8dera le 2 octobre 2011, [&hellip;]","og_url":"https:\/\/batijournal.com\/index.php\/catherine-pegard-va-remplacer-jean-jacques-aillagon-a-versailles\/74454\/","og_site_name":"Batijournal","article_published_time":"2011-08-31T22:00:00+00:00","article_modified_time":"2019-07-15T09:35:42+00:00","author":"Bati-journal","twitter_card":"summary_large_image","twitter_creator":"@bati_journal","twitter_site":"@bati_journal","twitter_misc":{"\u00c9crit par":"Bati-journal","Dur\u00e9e de lecture estim\u00e9e":"1 minute"},"schema":{"@context":"https:\/\/schema.org","@graph":[{"@type":"Article","@id":"https:\/\/batijournal.com\/index.php\/catherine-pegard-va-remplacer-jean-jacques-aillagon-a-versailles\/74454\/#article","isPartOf":{"@id":"https:\/\/batijournal.com\/index.php\/catherine-pegard-va-remplacer-jean-jacques-aillagon-a-versailles\/74454\/"},"author":{"name":"Bati-journal","@id":"https:\/\/batijournal.com\/#\/schema\/person\/6a657e8967569e1b299972574848aa76"},"headline":"Catherine P\u00e9gard va remplacer Jean-Jacques Aillagon \u00e0 Versailles","datePublished":"2011-08-31T22:00:00+00:00","dateModified":"2019-07-15T09:35:42+00:00","mainEntityOfPage":{"@id":"https:\/\/batijournal.com\/index.php\/catherine-pegard-va-remplacer-jean-jacques-aillagon-a-versailles\/74454\/"},"wordCount":307,"commentCount":0,"keywords":["Versailles"],"articleSection":["Architecture &amp; Conception"],"inLanguage":"fr-FR","potentialAction":[{"@type":"CommentAction","name":"Comment","target":["https:\/\/batijournal.com\/index.php\/catherine-pegard-va-remplacer-jean-jacques-aillagon-a-versailles\/74454\/#respond"]}]},{"@type":"WebPage","@id":"https:\/\/batijournal.com\/index.php\/catherine-pegard-va-remplacer-jean-jacques-aillagon-a-versailles\/74454\/","url":"https:\/\/batijournal.com\/index.php\/catherine-pegard-va-remplacer-jean-jacques-aillagon-a-versailles\/74454\/","name":"Catherine P\u00e9gard va remplacer Jean-Jacques Aillagon \u00e0 Versailles","isPartOf":{"@id":"https:\/\/batijournal.com\/#website"},"datePublished":"2011-08-31T22:00:00+00:00","dateModified":"2019-07-15T09:35:42+00:00","author":{"@id":"https:\/\/batijournal.com\/#\/schema\/person\/6a657e8967569e1b299972574848aa76"},"breadcrumb":{"@id":"https:\/\/batijournal.com\/index.php\/catherine-pegard-va-remplacer-jean-jacques-aillagon-a-versailles\/74454\/#breadcrumb"},"inLanguage":"fr-FR","potentialAction":[{"@type":"ReadAction","target":["https:\/\/batijournal.com\/index.php\/catherine-pegard-va-remplacer-jean-jacques-aillagon-a-versailles\/74454\/"]}]},{"@type":"BreadcrumbList","@id":"https:\/\/batijournal.com\/index.php\/catherine-pegard-va-remplacer-jean-jacques-aillagon-a-versailles\/74454\/#breadcrumb","itemListElement":[{"@type":"ListItem","position":1,"name":"Accueil","item":"https:\/\/batijournal.com\/"},{"@type":"ListItem","position":2,"name":"Actualit\u00e9s","item":"https:\/\/batijournal.com\/index.php\/category\/actualites\/"},{"@type":"ListItem","position":3,"name":"Architecture &amp; Conception","item":"https:\/\/batijournal.com\/index.php\/category\/actualites\/architecture-conception\/"},{"@type":"ListItem","position":4,"name":"Catherine P\u00e9gard va remplacer Jean-Jacques Aillagon \u00e0 Versailles"}]},{"@type":"WebSite","@id":"https:\/\/batijournal.com\/#website","url":"https:\/\/batijournal.com\/","name":"Batijournal","description":"L&#039;actualit\u00e9 du b\u00e2timent","potentialAction":[{"@type":"SearchAction","target":{"@type":"EntryPoint","urlTemplate":"https:\/\/batijournal.com\/?s={search_term_string}"},"query-input":{"@type":"PropertyValueSpecification","valueRequired":true,"valueName":"search_term_string"}}],"inLanguage":"fr-FR"},{"@type":"Person","@id":"https:\/\/batijournal.com\/#\/schema\/person\/6a657e8967569e1b299972574848aa76","name":"Bati-journal","image":{"@type":"ImageObject","inLanguage":"fr-FR","@id":"https:\/\/secure.gravatar.com\/avatar\/a64364ea26392f9b4dd47e017ddaec74ff03aefc073b49e492e847201258f777?s=96&d=mm&r=g","url":"https:\/\/secure.gravatar.com\/avatar\/a64364ea26392f9b4dd47e017ddaec74ff03aefc073b49e492e847201258f777?s=96&d=mm&r=g","contentUrl":"https:\/\/secure.gravatar.com\/avatar\/a64364ea26392f9b4dd47e017ddaec74ff03aefc073b49e492e847201258f777?s=96&d=mm&r=g","caption":"Bati-journal"},"url":"https:\/\/batijournal.com\/index.php\/author\/elodie\/"}]}},"_links":{"self":[{"href":"https:\/\/batijournal.com\/index.php\/wp-json\/wp\/v2\/posts\/74454","targetHints":{"allow":["GET"]}}],"collection":[{"href":"https:\/\/batijournal.com\/index.php\/wp-json\/wp\/v2\/posts"}],"about":[{"href":"https:\/\/batijournal.com\/index.php\/wp-json\/wp\/v2\/types\/post"}],"author":[{"embeddable":true,"href":"https:\/\/batijournal.com\/index.php\/wp-json\/wp\/v2\/users\/1"}],"replies":[{"embeddable":true,"href":"https:\/\/batijournal.com\/index.php\/wp-json\/wp\/v2\/comments?post=74454"}],"version-history":[{"count":0,"href":"https:\/\/batijournal.com\/index.php\/wp-json\/wp\/v2\/posts\/74454\/revisions"}],"wp:attachment":[{"href":"https:\/\/batijournal.com\/index.php\/wp-json\/wp\/v2\/media?parent=74454"}],"wp:term":[{"taxonomy":"category","embeddable":true,"href":"https:\/\/batijournal.com\/index.php\/wp-json\/wp\/v2\/categories?post=74454"},{"taxonomy":"post_tag","embeddable":true,"href":"https:\/\/batijournal.com\/index.php\/wp-json\/wp\/v2\/tags?post=74454"}],"curies":[{"name":"wp","href":"https:\/\/api.w.org\/{rel}","templated":true}]}}