{"id":74460,"date":"2011-09-13T16:56:06","date_gmt":"2011-09-13T14:56:06","guid":{"rendered":"http:\/\/b.bati-journal.com\/journee-technique-le-bois-modifie-thermiquement-une-piste-pour-valoriser-durablement-vos-bois\/74460"},"modified":"2019-07-15T11:35:41","modified_gmt":"2019-07-15T09:35:41","slug":"journee-technique-le-bois-modifie-thermiquement-une-piste-pour-valoriser-durablement-vos-bois","status":"publish","type":"post","link":"https:\/\/batijournal.com\/index.php\/journee-technique-le-bois-modifie-thermiquement-une-piste-pour-valoriser-durablement-vos-bois\/74460\/","title":{"rendered":"Journ\u00e9e technique \u00ab Le bois modifi\u00e9 thermiquement : une piste pour valoriser durablement vos bois \u00bb"},"content":{"rendered":"<p>Le Centre des Techniques et Innovations de la Fili\u00e8re Artisanale Bois (CeTIFAB) organise vendredi 30 septembre 2011 \u00e0 FCBA, puis sur site se trouvant \u00e0 15 km de Paris, une journ\u00e9e technique sur la th\u00e9matique du bois trait\u00e9 haute temp\u00e9rature, adress\u00e9e aux artisans et aux prescripteurs du mat\u00e9riau bois. Cette journ\u00e9e technique permettra de conna\u00eetre les diff\u00e9rents proc\u00e9d\u00e9s existants pour valoriser vos bois, d\u2019appr\u00e9hender les applications potentielles, d\u2019\u00e9valuer les d\u00e9bouch\u00e9s. Elle r\u00e9pondra \u00e9galement aux entreprises et groupement ayant un projet d\u2019investissement. Des sp\u00e9cialistes des proc\u00e9d\u00e9s de thermo chauffage du bois (FCBA et CRITT Bois d\u2019Epinal), vous exposeront les diff\u00e9rents proc\u00e9d\u00e9s actuels : ils vous d\u00e9montreront que les enjeux vont bien au del\u00e0 du seul choix technique et que de r\u00e9elles opportunit\u00e9s existent. L\u2019apr\u00e8s-midi sera consacr\u00e9 \u00e0 la visite de l\u2019entreprise Dumoulin Bois \u00e0 Champigny sur Marne.<\/p>\n","protected":false},"excerpt":{"rendered":"<p>Le Centre des Techniques et Innovations de la Fili\u00e8re Artisanale Bois (CeTIFAB) organise vendredi 30 septembre 2011 \u00e0 FCBA, puis sur site se trouvant \u00e0 15 km de Paris, une journ\u00e9e technique sur la th\u00e9matique du bois trait\u00e9 haute temp\u00e9rature, adress\u00e9e aux artisans et aux prescripteurs du mat\u00e9riau bois. Cette journ\u00e9e technique permettra de conna\u00eetre [&hellip;]<\/p>\n","protected":false},"author":1,"featured_media":74461,"comment_status":"open","ping_status":"closed","sticky":false,"template":"","format":"standard","meta":{"_et_pb_use_builder":"","_et_pb_old_content":"","_et_gb_content_width":"","footnotes":""},"categories":[6340],"tags":[1604,11043,517],"class_list":["post-74460","post","type-post","status-publish","format-standard","has-post-thumbnail","hentry","category-architecture-conception","tag-bois-modifie-thermiquement","tag-fcba","tag-formation"],"yoast_head":"<!-- This site is optimized with the Yoast SEO plugin v27.4 - https:\/\/yoast.com\/product\/yoast-seo-wordpress\/ -->\n<title>Journ\u00e9e technique \u00ab Le bois modifi\u00e9 thermiquement : une piste pour valoriser durablement vos bois \u00bb<\/title>\n<meta name=\"robots\" content=\"index, follow, max-snippet:-1, max-image-preview:large, max-video-preview:-1\" \/>\n<link rel=\"canonical\" href=\"https:\/\/batijournal.com\/index.php\/journee-technique-le-bois-modifie-thermiquement-une-piste-pour-valoriser-durablement-vos-bois\/74460\/\" \/>\n<meta property=\"og:locale\" content=\"fr_FR\" \/>\n<meta property=\"og:type\" content=\"article\" \/>\n<meta property=\"og:title\" content=\"Journ\u00e9e technique \u00ab Le bois modifi\u00e9 thermiquement : une piste pour valoriser durablement vos bois \u00bb\" \/>\n<meta property=\"og:description\" content=\"Le Centre des Techniques et Innovations de la Fili\u00e8re Artisanale Bois (CeTIFAB) organise vendredi 30 septembre 2011 \u00e0 FCBA, puis sur site se trouvant \u00e0 15 km de Paris, une journ\u00e9e technique sur la th\u00e9matique du bois trait\u00e9 haute temp\u00e9rature, adress\u00e9e aux artisans et aux prescripteurs du mat\u00e9riau bois. Cette journ\u00e9e technique permettra de conna\u00eetre [&hellip;]\" \/>\n<meta property=\"og:url\" content=\"https:\/\/batijournal.com\/index.php\/journee-technique-le-bois-modifie-thermiquement-une-piste-pour-valoriser-durablement-vos-bois\/74460\/\" \/>\n<meta property=\"og:site_name\" content=\"Batijournal\" \/>\n<meta property=\"article:published_time\" content=\"2011-09-13T14:56:06+00:00\" \/>\n<meta property=\"article:modified_time\" content=\"2019-07-15T09:35:41+00:00\" \/>\n<meta property=\"og:image\" content=\"https:\/\/batijournal.com\/wp-content\/uploads\/2015\/03\/30080513.jpg\" \/>\n\t<meta property=\"og:image:width\" content=\"600\" \/>\n\t<meta property=\"og:image:height\" content=\"398\" \/>\n\t<meta property=\"og:image:type\" content=\"image\/jpeg\" \/>\n<meta name=\"author\" content=\"Bati-journal\" \/>\n<meta name=\"twitter:card\" content=\"summary_large_image\" \/>\n<meta name=\"twitter:creator\" content=\"@bati_journal\" \/>\n<meta name=\"twitter:site\" content=\"@bati_journal\" \/>\n<meta name=\"twitter:label1\" content=\"\u00c9crit par\" \/>\n\t<meta name=\"twitter:data1\" content=\"Bati-journal\" \/>\n\t<meta name=\"twitter:label2\" content=\"Dur\u00e9e de lecture estim\u00e9e\" \/>\n\t<meta name=\"twitter:data2\" content=\"1 minute\" \/>\n<script type=\"application\/ld+json\" class=\"yoast-schema-graph\">{\"@context\":\"https:\\\/\\\/schema.org\",\"@graph\":[{\"@type\":\"Article\",\"@id\":\"https:\\\/\\\/batijournal.com\\\/index.php\\\/journee-technique-le-bois-modifie-thermiquement-une-piste-pour-valoriser-durablement-vos-bois\\\/74460\\\/#article\",\"isPartOf\":{\"@id\":\"https:\\\/\\\/batijournal.com\\\/index.php\\\/journee-technique-le-bois-modifie-thermiquement-une-piste-pour-valoriser-durablement-vos-bois\\\/74460\\\/\"},\"author\":{\"name\":\"Bati-journal\",\"@id\":\"https:\\\/\\\/batijournal.com\\\/#\\\/schema\\\/person\\\/6a657e8967569e1b299972574848aa76\"},\"headline\":\"Journ\u00e9e technique \u00ab Le bois modifi\u00e9 thermiquement : une piste pour valoriser durablement vos bois \u00bb\",\"datePublished\":\"2011-09-13T14:56:06+00:00\",\"dateModified\":\"2019-07-15T09:35:41+00:00\",\"mainEntityOfPage\":{\"@id\":\"https:\\\/\\\/batijournal.com\\\/index.php\\\/journee-technique-le-bois-modifie-thermiquement-une-piste-pour-valoriser-durablement-vos-bois\\\/74460\\\/\"},\"wordCount\":173,\"commentCount\":0,\"image\":{\"@id\":\"https:\\\/\\\/batijournal.com\\\/index.php\\\/journee-technique-le-bois-modifie-thermiquement-une-piste-pour-valoriser-durablement-vos-bois\\\/74460\\\/#primaryimage\"},\"thumbnailUrl\":\"https:\\\/\\\/batijournal.com\\\/wp-content\\\/uploads\\\/2015\\\/03\\\/30080513.jpg\",\"keywords\":[\"bois modifi\u00e9 thermiquement\",\"FCBA\",\"formation\"],\"articleSection\":[\"Architecture &amp; Conception\"],\"inLanguage\":\"fr-FR\",\"potentialAction\":[{\"@type\":\"CommentAction\",\"name\":\"Comment\",\"target\":[\"https:\\\/\\\/batijournal.com\\\/index.php\\\/journee-technique-le-bois-modifie-thermiquement-une-piste-pour-valoriser-durablement-vos-bois\\\/74460\\\/#respond\"]}]},{\"@type\":\"WebPage\",\"@id\":\"https:\\\/\\\/batijournal.com\\\/index.php\\\/journee-technique-le-bois-modifie-thermiquement-une-piste-pour-valoriser-durablement-vos-bois\\\/74460\\\/\",\"url\":\"https:\\\/\\\/batijournal.com\\\/index.php\\\/journee-technique-le-bois-modifie-thermiquement-une-piste-pour-valoriser-durablement-vos-bois\\\/74460\\\/\",\"name\":\"Journ\u00e9e technique \u00ab Le bois modifi\u00e9 thermiquement : une piste pour valoriser durablement vos bois \u00bb\",\"isPartOf\":{\"@id\":\"https:\\\/\\\/batijournal.com\\\/#website\"},\"primaryImageOfPage\":{\"@id\":\"https:\\\/\\\/batijournal.com\\\/index.php\\\/journee-technique-le-bois-modifie-thermiquement-une-piste-pour-valoriser-durablement-vos-bois\\\/74460\\\/#primaryimage\"},\"image\":{\"@id\":\"https:\\\/\\\/batijournal.com\\\/index.php\\\/journee-technique-le-bois-modifie-thermiquement-une-piste-pour-valoriser-durablement-vos-bois\\\/74460\\\/#primaryimage\"},\"thumbnailUrl\":\"https:\\\/\\\/batijournal.com\\\/wp-content\\\/uploads\\\/2015\\\/03\\\/30080513.jpg\",\"datePublished\":\"2011-09-13T14:56:06+00:00\",\"dateModified\":\"2019-07-15T09:35:41+00:00\",\"author\":{\"@id\":\"https:\\\/\\\/batijournal.com\\\/#\\\/schema\\\/person\\\/6a657e8967569e1b299972574848aa76\"},\"breadcrumb\":{\"@id\":\"https:\\\/\\\/batijournal.com\\\/index.php\\\/journee-technique-le-bois-modifie-thermiquement-une-piste-pour-valoriser-durablement-vos-bois\\\/74460\\\/#breadcrumb\"},\"inLanguage\":\"fr-FR\",\"potentialAction\":[{\"@type\":\"ReadAction\",\"target\":[\"https:\\\/\\\/batijournal.com\\\/index.php\\\/journee-technique-le-bois-modifie-thermiquement-une-piste-pour-valoriser-durablement-vos-bois\\\/74460\\\/\"]}]},{\"@type\":\"ImageObject\",\"inLanguage\":\"fr-FR\",\"@id\":\"https:\\\/\\\/batijournal.com\\\/index.php\\\/journee-technique-le-bois-modifie-thermiquement-une-piste-pour-valoriser-durablement-vos-bois\\\/74460\\\/#primaryimage\",\"url\":\"https:\\\/\\\/batijournal.com\\\/wp-content\\\/uploads\\\/2015\\\/03\\\/30080513.jpg\",\"contentUrl\":\"https:\\\/\\\/batijournal.com\\\/wp-content\\\/uploads\\\/2015\\\/03\\\/30080513.jpg\",\"width\":600,\"height\":398},{\"@type\":\"BreadcrumbList\",\"@id\":\"https:\\\/\\\/batijournal.com\\\/index.php\\\/journee-technique-le-bois-modifie-thermiquement-une-piste-pour-valoriser-durablement-vos-bois\\\/74460\\\/#breadcrumb\",\"itemListElement\":[{\"@type\":\"ListItem\",\"position\":1,\"name\":\"Accueil\",\"item\":\"https:\\\/\\\/batijournal.com\\\/\"},{\"@type\":\"ListItem\",\"position\":2,\"name\":\"Actualit\u00e9s\",\"item\":\"https:\\\/\\\/batijournal.com\\\/index.php\\\/category\\\/actualites\\\/\"},{\"@type\":\"ListItem\",\"position\":3,\"name\":\"Architecture &amp; Conception\",\"item\":\"https:\\\/\\\/batijournal.com\\\/index.php\\\/category\\\/actualites\\\/architecture-conception\\\/\"},{\"@type\":\"ListItem\",\"position\":4,\"name\":\"Journ\u00e9e technique \u00ab Le bois modifi\u00e9 thermiquement : une piste pour valoriser durablement vos bois \u00bb\"}]},{\"@type\":\"WebSite\",\"@id\":\"https:\\\/\\\/batijournal.com\\\/#website\",\"url\":\"https:\\\/\\\/batijournal.com\\\/\",\"name\":\"Batijournal\",\"description\":\"L&#039;actualit\u00e9 du b\u00e2timent\",\"potentialAction\":[{\"@type\":\"SearchAction\",\"target\":{\"@type\":\"EntryPoint\",\"urlTemplate\":\"https:\\\/\\\/batijournal.com\\\/?s={search_term_string}\"},\"query-input\":{\"@type\":\"PropertyValueSpecification\",\"valueRequired\":true,\"valueName\":\"search_term_string\"}}],\"inLanguage\":\"fr-FR\"},{\"@type\":\"Person\",\"@id\":\"https:\\\/\\\/batijournal.com\\\/#\\\/schema\\\/person\\\/6a657e8967569e1b299972574848aa76\",\"name\":\"Bati-journal\",\"image\":{\"@type\":\"ImageObject\",\"inLanguage\":\"fr-FR\",\"@id\":\"https:\\\/\\\/secure.gravatar.com\\\/avatar\\\/a64364ea26392f9b4dd47e017ddaec74ff03aefc073b49e492e847201258f777?s=96&d=mm&r=g\",\"url\":\"https:\\\/\\\/secure.gravatar.com\\\/avatar\\\/a64364ea26392f9b4dd47e017ddaec74ff03aefc073b49e492e847201258f777?s=96&d=mm&r=g\",\"contentUrl\":\"https:\\\/\\\/secure.gravatar.com\\\/avatar\\\/a64364ea26392f9b4dd47e017ddaec74ff03aefc073b49e492e847201258f777?s=96&d=mm&r=g\",\"caption\":\"Bati-journal\"},\"url\":\"https:\\\/\\\/batijournal.com\\\/index.php\\\/author\\\/elodie\\\/\"}]}<\/script>\n<!-- \/ Yoast SEO plugin. -->","yoast_head_json":{"title":"Journ\u00e9e technique \u00ab Le bois modifi\u00e9 thermiquement : une piste pour valoriser durablement vos bois \u00bb","robots":{"index":"index","follow":"follow","max-snippet":"max-snippet:-1","max-image-preview":"max-image-preview:large","max-video-preview":"max-video-preview:-1"},"canonical":"https:\/\/batijournal.com\/index.php\/journee-technique-le-bois-modifie-thermiquement-une-piste-pour-valoriser-durablement-vos-bois\/74460\/","og_locale":"fr_FR","og_type":"article","og_title":"Journ\u00e9e technique \u00ab Le bois modifi\u00e9 thermiquement : une piste pour valoriser durablement vos bois \u00bb","og_description":"Le Centre des Techniques et Innovations de la Fili\u00e8re Artisanale Bois (CeTIFAB) organise vendredi 30 septembre 2011 \u00e0 FCBA, puis sur site se trouvant \u00e0 15 km de Paris, une journ\u00e9e technique sur la th\u00e9matique du bois trait\u00e9 haute temp\u00e9rature, adress\u00e9e aux artisans et aux prescripteurs du mat\u00e9riau bois. Cette journ\u00e9e technique permettra de conna\u00eetre [&hellip;]","og_url":"https:\/\/batijournal.com\/index.php\/journee-technique-le-bois-modifie-thermiquement-une-piste-pour-valoriser-durablement-vos-bois\/74460\/","og_site_name":"Batijournal","article_published_time":"2011-09-13T14:56:06+00:00","article_modified_time":"2019-07-15T09:35:41+00:00","og_image":[{"width":600,"height":398,"url":"https:\/\/batijournal.com\/wp-content\/uploads\/2015\/03\/30080513.jpg","type":"image\/jpeg"}],"author":"Bati-journal","twitter_card":"summary_large_image","twitter_creator":"@bati_journal","twitter_site":"@bati_journal","twitter_misc":{"\u00c9crit par":"Bati-journal","Dur\u00e9e de lecture estim\u00e9e":"1 minute"},"schema":{"@context":"https:\/\/schema.org","@graph":[{"@type":"Article","@id":"https:\/\/batijournal.com\/index.php\/journee-technique-le-bois-modifie-thermiquement-une-piste-pour-valoriser-durablement-vos-bois\/74460\/#article","isPartOf":{"@id":"https:\/\/batijournal.com\/index.php\/journee-technique-le-bois-modifie-thermiquement-une-piste-pour-valoriser-durablement-vos-bois\/74460\/"},"author":{"name":"Bati-journal","@id":"https:\/\/batijournal.com\/#\/schema\/person\/6a657e8967569e1b299972574848aa76"},"headline":"Journ\u00e9e technique \u00ab Le bois modifi\u00e9 thermiquement : une piste pour valoriser durablement vos bois \u00bb","datePublished":"2011-09-13T14:56:06+00:00","dateModified":"2019-07-15T09:35:41+00:00","mainEntityOfPage":{"@id":"https:\/\/batijournal.com\/index.php\/journee-technique-le-bois-modifie-thermiquement-une-piste-pour-valoriser-durablement-vos-bois\/74460\/"},"wordCount":173,"commentCount":0,"image":{"@id":"https:\/\/batijournal.com\/index.php\/journee-technique-le-bois-modifie-thermiquement-une-piste-pour-valoriser-durablement-vos-bois\/74460\/#primaryimage"},"thumbnailUrl":"https:\/\/batijournal.com\/wp-content\/uploads\/2015\/03\/30080513.jpg","keywords":["bois modifi\u00e9 thermiquement","FCBA","formation"],"articleSection":["Architecture &amp; Conception"],"inLanguage":"fr-FR","potentialAction":[{"@type":"CommentAction","name":"Comment","target":["https:\/\/batijournal.com\/index.php\/journee-technique-le-bois-modifie-thermiquement-une-piste-pour-valoriser-durablement-vos-bois\/74460\/#respond"]}]},{"@type":"WebPage","@id":"https:\/\/batijournal.com\/index.php\/journee-technique-le-bois-modifie-thermiquement-une-piste-pour-valoriser-durablement-vos-bois\/74460\/","url":"https:\/\/batijournal.com\/index.php\/journee-technique-le-bois-modifie-thermiquement-une-piste-pour-valoriser-durablement-vos-bois\/74460\/","name":"Journ\u00e9e technique \u00ab Le bois modifi\u00e9 thermiquement : une piste pour valoriser durablement vos bois \u00bb","isPartOf":{"@id":"https:\/\/batijournal.com\/#website"},"primaryImageOfPage":{"@id":"https:\/\/batijournal.com\/index.php\/journee-technique-le-bois-modifie-thermiquement-une-piste-pour-valoriser-durablement-vos-bois\/74460\/#primaryimage"},"image":{"@id":"https:\/\/batijournal.com\/index.php\/journee-technique-le-bois-modifie-thermiquement-une-piste-pour-valoriser-durablement-vos-bois\/74460\/#primaryimage"},"thumbnailUrl":"https:\/\/batijournal.com\/wp-content\/uploads\/2015\/03\/30080513.jpg","datePublished":"2011-09-13T14:56:06+00:00","dateModified":"2019-07-15T09:35:41+00:00","author":{"@id":"https:\/\/batijournal.com\/#\/schema\/person\/6a657e8967569e1b299972574848aa76"},"breadcrumb":{"@id":"https:\/\/batijournal.com\/index.php\/journee-technique-le-bois-modifie-thermiquement-une-piste-pour-valoriser-durablement-vos-bois\/74460\/#breadcrumb"},"inLanguage":"fr-FR","potentialAction":[{"@type":"ReadAction","target":["https:\/\/batijournal.com\/index.php\/journee-technique-le-bois-modifie-thermiquement-une-piste-pour-valoriser-durablement-vos-bois\/74460\/"]}]},{"@type":"ImageObject","inLanguage":"fr-FR","@id":"https:\/\/batijournal.com\/index.php\/journee-technique-le-bois-modifie-thermiquement-une-piste-pour-valoriser-durablement-vos-bois\/74460\/#primaryimage","url":"https:\/\/batijournal.com\/wp-content\/uploads\/2015\/03\/30080513.jpg","contentUrl":"https:\/\/batijournal.com\/wp-content\/uploads\/2015\/03\/30080513.jpg","width":600,"height":398},{"@type":"BreadcrumbList","@id":"https:\/\/batijournal.com\/index.php\/journee-technique-le-bois-modifie-thermiquement-une-piste-pour-valoriser-durablement-vos-bois\/74460\/#breadcrumb","itemListElement":[{"@type":"ListItem","position":1,"name":"Accueil","item":"https:\/\/batijournal.com\/"},{"@type":"ListItem","position":2,"name":"Actualit\u00e9s","item":"https:\/\/batijournal.com\/index.php\/category\/actualites\/"},{"@type":"ListItem","position":3,"name":"Architecture &amp; Conception","item":"https:\/\/batijournal.com\/index.php\/category\/actualites\/architecture-conception\/"},{"@type":"ListItem","position":4,"name":"Journ\u00e9e technique \u00ab Le bois modifi\u00e9 thermiquement : une piste pour valoriser durablement vos bois \u00bb"}]},{"@type":"WebSite","@id":"https:\/\/batijournal.com\/#website","url":"https:\/\/batijournal.com\/","name":"Batijournal","description":"L&#039;actualit\u00e9 du b\u00e2timent","potentialAction":[{"@type":"SearchAction","target":{"@type":"EntryPoint","urlTemplate":"https:\/\/batijournal.com\/?s={search_term_string}"},"query-input":{"@type":"PropertyValueSpecification","valueRequired":true,"valueName":"search_term_string"}}],"inLanguage":"fr-FR"},{"@type":"Person","@id":"https:\/\/batijournal.com\/#\/schema\/person\/6a657e8967569e1b299972574848aa76","name":"Bati-journal","image":{"@type":"ImageObject","inLanguage":"fr-FR","@id":"https:\/\/secure.gravatar.com\/avatar\/a64364ea26392f9b4dd47e017ddaec74ff03aefc073b49e492e847201258f777?s=96&d=mm&r=g","url":"https:\/\/secure.gravatar.com\/avatar\/a64364ea26392f9b4dd47e017ddaec74ff03aefc073b49e492e847201258f777?s=96&d=mm&r=g","contentUrl":"https:\/\/secure.gravatar.com\/avatar\/a64364ea26392f9b4dd47e017ddaec74ff03aefc073b49e492e847201258f777?s=96&d=mm&r=g","caption":"Bati-journal"},"url":"https:\/\/batijournal.com\/index.php\/author\/elodie\/"}]}},"_links":{"self":[{"href":"https:\/\/batijournal.com\/index.php\/wp-json\/wp\/v2\/posts\/74460","targetHints":{"allow":["GET"]}}],"collection":[{"href":"https:\/\/batijournal.com\/index.php\/wp-json\/wp\/v2\/posts"}],"about":[{"href":"https:\/\/batijournal.com\/index.php\/wp-json\/wp\/v2\/types\/post"}],"author":[{"embeddable":true,"href":"https:\/\/batijournal.com\/index.php\/wp-json\/wp\/v2\/users\/1"}],"replies":[{"embeddable":true,"href":"https:\/\/batijournal.com\/index.php\/wp-json\/wp\/v2\/comments?post=74460"}],"version-history":[{"count":0,"href":"https:\/\/batijournal.com\/index.php\/wp-json\/wp\/v2\/posts\/74460\/revisions"}],"wp:featuredmedia":[{"embeddable":true,"href":"https:\/\/batijournal.com\/index.php\/wp-json\/wp\/v2\/media\/74461"}],"wp:attachment":[{"href":"https:\/\/batijournal.com\/index.php\/wp-json\/wp\/v2\/media?parent=74460"}],"wp:term":[{"taxonomy":"category","embeddable":true,"href":"https:\/\/batijournal.com\/index.php\/wp-json\/wp\/v2\/categories?post=74460"},{"taxonomy":"post_tag","embeddable":true,"href":"https:\/\/batijournal.com\/index.php\/wp-json\/wp\/v2\/tags?post=74460"}],"curies":[{"name":"wp","href":"https:\/\/api.w.org\/{rel}","templated":true}]}}