{"id":74472,"date":"2011-11-02T00:00:00","date_gmt":"2011-11-01T23:00:00","guid":{"rendered":"http:\/\/b.bati-journal.com\/nominations-au-cabinet-de-frederic-mitterrand\/74472"},"modified":"2019-07-15T11:35:39","modified_gmt":"2019-07-15T09:35:39","slug":"nominations-au-cabinet-de-frederic-mitterrand","status":"publish","type":"post","link":"https:\/\/batijournal.com\/index.php\/nominations-au-cabinet-de-frederic-mitterrand\/74472\/","title":{"rendered":"Nominations au cabinet de Fr\u00e9d\u00e9ric Mitterrand"},"content":{"rendered":"<p>Elodie Perthuisot et Pierre Lungheretti sont respectivement nomm\u00e9s directrice du cabinet et directeur adjoint du cabinet de Fr\u00e9d\u00e9ric Mitterrand, ministre de la culture et de la communication. Pierre Hanotaux, jusque l\u00e0 directeur du cabinet, a \u00e9t\u00e9 nomm\u00e9 mardi 18 octobre 2011, directeur g\u00e9n\u00e9ral d\u00e9l\u00e9gu\u00e9 du groupe Audiovisuel ext\u00e9rieur de la France. Elodie Perthuisot est dipl\u00f4m\u00e9e de l&rsquo;\u00fbcole Polytechnique, de l&rsquo;\u00fbcole Nationale Sup\u00e9rieure des T\u00e9l\u00e9communications, de l&rsquo;Institut d&rsquo;\u00e9tudes politiques de Paris, et titulaire d&rsquo;un MBA de l&rsquo;\u00fbcole Sup\u00e9rieure de Commerce de Paris. Depuis juin 2010 elle \u00e9tait directeur adjoint du cabinet de Fr\u00e9d\u00e9ric Mitterrand. Pierre Lungheretti est dipl\u00f4m\u00e9 de l&rsquo;Institut National des Etudes Territoriales (INET, Strasbourg), titulaire d&rsquo;un DEA de lettres et civilisation britannique (Paris III Sorbonne-Nouvelle) et d&rsquo;un DESS d&rsquo;\u00e9dition. Il \u00e9tait depuis juin 2009 conseiller au cabinet de Fr\u00e9d\u00e9ric Mitterrand, en charge du livre et de la lecture, des archives, de la valorisation du patrimoine immat\u00e9riel, de l&rsquo;action territoriale et de l&rsquo;outre-mer et depuis le 1er d\u00e9cembre du spectacle vivant, de l&rsquo;action territoriale et de l&rsquo;outre- mer.<\/p>\n","protected":false},"excerpt":{"rendered":"<p>Elodie Perthuisot et Pierre Lungheretti sont respectivement nomm\u00e9s directrice du cabinet et directeur adjoint du cabinet de Fr\u00e9d\u00e9ric Mitterrand, ministre de la culture et de la communication. Pierre Hanotaux, jusque l\u00e0 directeur du cabinet, a \u00e9t\u00e9 nomm\u00e9 mardi 18 octobre 2011, directeur g\u00e9n\u00e9ral d\u00e9l\u00e9gu\u00e9 du groupe Audiovisuel ext\u00e9rieur de la France. Elodie Perthuisot est dipl\u00f4m\u00e9e [&hellip;]<\/p>\n","protected":false},"author":1,"featured_media":0,"comment_status":"open","ping_status":"closed","sticky":false,"template":"","format":"standard","meta":{"_et_pb_use_builder":"","_et_pb_old_content":"","_et_gb_content_width":"","footnotes":""},"categories":[6340],"tags":[6369],"class_list":["post-74472","post","type-post","status-publish","format-standard","hentry","category-architecture-conception","tag-ministere-de-la-culture-et-de-la-communication"],"yoast_head":"<!-- This site is optimized with the Yoast SEO plugin v27.4 - https:\/\/yoast.com\/product\/yoast-seo-wordpress\/ -->\n<title>Nominations au cabinet de Fr\u00e9d\u00e9ric Mitterrand<\/title>\n<meta name=\"robots\" content=\"index, follow, max-snippet:-1, max-image-preview:large, max-video-preview:-1\" \/>\n<link rel=\"canonical\" href=\"https:\/\/batijournal.com\/index.php\/nominations-au-cabinet-de-frederic-mitterrand\/74472\/\" \/>\n<meta property=\"og:locale\" content=\"fr_FR\" \/>\n<meta property=\"og:type\" content=\"article\" \/>\n<meta property=\"og:title\" content=\"Nominations au cabinet de Fr\u00e9d\u00e9ric Mitterrand\" \/>\n<meta property=\"og:description\" content=\"Elodie Perthuisot et Pierre Lungheretti sont respectivement nomm\u00e9s directrice du cabinet et directeur adjoint du cabinet de Fr\u00e9d\u00e9ric Mitterrand, ministre de la culture et de la communication. Pierre Hanotaux, jusque l\u00e0 directeur du cabinet, a \u00e9t\u00e9 nomm\u00e9 mardi 18 octobre 2011, directeur g\u00e9n\u00e9ral d\u00e9l\u00e9gu\u00e9 du groupe Audiovisuel ext\u00e9rieur de la France. Elodie Perthuisot est dipl\u00f4m\u00e9e [&hellip;]\" \/>\n<meta property=\"og:url\" content=\"https:\/\/batijournal.com\/index.php\/nominations-au-cabinet-de-frederic-mitterrand\/74472\/\" \/>\n<meta property=\"og:site_name\" content=\"Batijournal\" \/>\n<meta property=\"article:published_time\" content=\"2011-11-01T23:00:00+00:00\" \/>\n<meta property=\"article:modified_time\" content=\"2019-07-15T09:35:39+00:00\" \/>\n<meta name=\"author\" content=\"Bati-journal\" \/>\n<meta name=\"twitter:card\" content=\"summary_large_image\" \/>\n<meta name=\"twitter:creator\" content=\"@bati_journal\" \/>\n<meta name=\"twitter:site\" content=\"@bati_journal\" \/>\n<meta name=\"twitter:label1\" content=\"\u00c9crit par\" \/>\n\t<meta name=\"twitter:data1\" content=\"Bati-journal\" \/>\n\t<meta name=\"twitter:label2\" content=\"Dur\u00e9e de lecture estim\u00e9e\" \/>\n\t<meta name=\"twitter:data2\" content=\"1 minute\" \/>\n<script type=\"application\/ld+json\" class=\"yoast-schema-graph\">{\"@context\":\"https:\\\/\\\/schema.org\",\"@graph\":[{\"@type\":\"Article\",\"@id\":\"https:\\\/\\\/batijournal.com\\\/index.php\\\/nominations-au-cabinet-de-frederic-mitterrand\\\/74472\\\/#article\",\"isPartOf\":{\"@id\":\"https:\\\/\\\/batijournal.com\\\/index.php\\\/nominations-au-cabinet-de-frederic-mitterrand\\\/74472\\\/\"},\"author\":{\"name\":\"Bati-journal\",\"@id\":\"https:\\\/\\\/batijournal.com\\\/#\\\/schema\\\/person\\\/6a657e8967569e1b299972574848aa76\"},\"headline\":\"Nominations au cabinet de Fr\u00e9d\u00e9ric Mitterrand\",\"datePublished\":\"2011-11-01T23:00:00+00:00\",\"dateModified\":\"2019-07-15T09:35:39+00:00\",\"mainEntityOfPage\":{\"@id\":\"https:\\\/\\\/batijournal.com\\\/index.php\\\/nominations-au-cabinet-de-frederic-mitterrand\\\/74472\\\/\"},\"wordCount\":207,\"commentCount\":0,\"keywords\":[\"ministere de la culture et de la communication\"],\"articleSection\":[\"Architecture &amp; Conception\"],\"inLanguage\":\"fr-FR\",\"potentialAction\":[{\"@type\":\"CommentAction\",\"name\":\"Comment\",\"target\":[\"https:\\\/\\\/batijournal.com\\\/index.php\\\/nominations-au-cabinet-de-frederic-mitterrand\\\/74472\\\/#respond\"]}]},{\"@type\":\"WebPage\",\"@id\":\"https:\\\/\\\/batijournal.com\\\/index.php\\\/nominations-au-cabinet-de-frederic-mitterrand\\\/74472\\\/\",\"url\":\"https:\\\/\\\/batijournal.com\\\/index.php\\\/nominations-au-cabinet-de-frederic-mitterrand\\\/74472\\\/\",\"name\":\"Nominations au cabinet de Fr\u00e9d\u00e9ric Mitterrand\",\"isPartOf\":{\"@id\":\"https:\\\/\\\/batijournal.com\\\/#website\"},\"datePublished\":\"2011-11-01T23:00:00+00:00\",\"dateModified\":\"2019-07-15T09:35:39+00:00\",\"author\":{\"@id\":\"https:\\\/\\\/batijournal.com\\\/#\\\/schema\\\/person\\\/6a657e8967569e1b299972574848aa76\"},\"breadcrumb\":{\"@id\":\"https:\\\/\\\/batijournal.com\\\/index.php\\\/nominations-au-cabinet-de-frederic-mitterrand\\\/74472\\\/#breadcrumb\"},\"inLanguage\":\"fr-FR\",\"potentialAction\":[{\"@type\":\"ReadAction\",\"target\":[\"https:\\\/\\\/batijournal.com\\\/index.php\\\/nominations-au-cabinet-de-frederic-mitterrand\\\/74472\\\/\"]}]},{\"@type\":\"BreadcrumbList\",\"@id\":\"https:\\\/\\\/batijournal.com\\\/index.php\\\/nominations-au-cabinet-de-frederic-mitterrand\\\/74472\\\/#breadcrumb\",\"itemListElement\":[{\"@type\":\"ListItem\",\"position\":1,\"name\":\"Accueil\",\"item\":\"https:\\\/\\\/batijournal.com\\\/\"},{\"@type\":\"ListItem\",\"position\":2,\"name\":\"Actualit\u00e9s\",\"item\":\"https:\\\/\\\/batijournal.com\\\/index.php\\\/category\\\/actualites\\\/\"},{\"@type\":\"ListItem\",\"position\":3,\"name\":\"Architecture &amp; Conception\",\"item\":\"https:\\\/\\\/batijournal.com\\\/index.php\\\/category\\\/actualites\\\/architecture-conception\\\/\"},{\"@type\":\"ListItem\",\"position\":4,\"name\":\"Nominations au cabinet de Fr\u00e9d\u00e9ric Mitterrand\"}]},{\"@type\":\"WebSite\",\"@id\":\"https:\\\/\\\/batijournal.com\\\/#website\",\"url\":\"https:\\\/\\\/batijournal.com\\\/\",\"name\":\"Batijournal\",\"description\":\"L&#039;actualit\u00e9 du b\u00e2timent\",\"potentialAction\":[{\"@type\":\"SearchAction\",\"target\":{\"@type\":\"EntryPoint\",\"urlTemplate\":\"https:\\\/\\\/batijournal.com\\\/?s={search_term_string}\"},\"query-input\":{\"@type\":\"PropertyValueSpecification\",\"valueRequired\":true,\"valueName\":\"search_term_string\"}}],\"inLanguage\":\"fr-FR\"},{\"@type\":\"Person\",\"@id\":\"https:\\\/\\\/batijournal.com\\\/#\\\/schema\\\/person\\\/6a657e8967569e1b299972574848aa76\",\"name\":\"Bati-journal\",\"image\":{\"@type\":\"ImageObject\",\"inLanguage\":\"fr-FR\",\"@id\":\"https:\\\/\\\/secure.gravatar.com\\\/avatar\\\/a64364ea26392f9b4dd47e017ddaec74ff03aefc073b49e492e847201258f777?s=96&d=mm&r=g\",\"url\":\"https:\\\/\\\/secure.gravatar.com\\\/avatar\\\/a64364ea26392f9b4dd47e017ddaec74ff03aefc073b49e492e847201258f777?s=96&d=mm&r=g\",\"contentUrl\":\"https:\\\/\\\/secure.gravatar.com\\\/avatar\\\/a64364ea26392f9b4dd47e017ddaec74ff03aefc073b49e492e847201258f777?s=96&d=mm&r=g\",\"caption\":\"Bati-journal\"},\"url\":\"https:\\\/\\\/batijournal.com\\\/index.php\\\/author\\\/elodie\\\/\"}]}<\/script>\n<!-- \/ Yoast SEO plugin. -->","yoast_head_json":{"title":"Nominations au cabinet de Fr\u00e9d\u00e9ric Mitterrand","robots":{"index":"index","follow":"follow","max-snippet":"max-snippet:-1","max-image-preview":"max-image-preview:large","max-video-preview":"max-video-preview:-1"},"canonical":"https:\/\/batijournal.com\/index.php\/nominations-au-cabinet-de-frederic-mitterrand\/74472\/","og_locale":"fr_FR","og_type":"article","og_title":"Nominations au cabinet de Fr\u00e9d\u00e9ric Mitterrand","og_description":"Elodie Perthuisot et Pierre Lungheretti sont respectivement nomm\u00e9s directrice du cabinet et directeur adjoint du cabinet de Fr\u00e9d\u00e9ric Mitterrand, ministre de la culture et de la communication. Pierre Hanotaux, jusque l\u00e0 directeur du cabinet, a \u00e9t\u00e9 nomm\u00e9 mardi 18 octobre 2011, directeur g\u00e9n\u00e9ral d\u00e9l\u00e9gu\u00e9 du groupe Audiovisuel ext\u00e9rieur de la France. Elodie Perthuisot est dipl\u00f4m\u00e9e [&hellip;]","og_url":"https:\/\/batijournal.com\/index.php\/nominations-au-cabinet-de-frederic-mitterrand\/74472\/","og_site_name":"Batijournal","article_published_time":"2011-11-01T23:00:00+00:00","article_modified_time":"2019-07-15T09:35:39+00:00","author":"Bati-journal","twitter_card":"summary_large_image","twitter_creator":"@bati_journal","twitter_site":"@bati_journal","twitter_misc":{"\u00c9crit par":"Bati-journal","Dur\u00e9e de lecture estim\u00e9e":"1 minute"},"schema":{"@context":"https:\/\/schema.org","@graph":[{"@type":"Article","@id":"https:\/\/batijournal.com\/index.php\/nominations-au-cabinet-de-frederic-mitterrand\/74472\/#article","isPartOf":{"@id":"https:\/\/batijournal.com\/index.php\/nominations-au-cabinet-de-frederic-mitterrand\/74472\/"},"author":{"name":"Bati-journal","@id":"https:\/\/batijournal.com\/#\/schema\/person\/6a657e8967569e1b299972574848aa76"},"headline":"Nominations au cabinet de Fr\u00e9d\u00e9ric Mitterrand","datePublished":"2011-11-01T23:00:00+00:00","dateModified":"2019-07-15T09:35:39+00:00","mainEntityOfPage":{"@id":"https:\/\/batijournal.com\/index.php\/nominations-au-cabinet-de-frederic-mitterrand\/74472\/"},"wordCount":207,"commentCount":0,"keywords":["ministere de la culture et de la communication"],"articleSection":["Architecture &amp; Conception"],"inLanguage":"fr-FR","potentialAction":[{"@type":"CommentAction","name":"Comment","target":["https:\/\/batijournal.com\/index.php\/nominations-au-cabinet-de-frederic-mitterrand\/74472\/#respond"]}]},{"@type":"WebPage","@id":"https:\/\/batijournal.com\/index.php\/nominations-au-cabinet-de-frederic-mitterrand\/74472\/","url":"https:\/\/batijournal.com\/index.php\/nominations-au-cabinet-de-frederic-mitterrand\/74472\/","name":"Nominations au cabinet de Fr\u00e9d\u00e9ric Mitterrand","isPartOf":{"@id":"https:\/\/batijournal.com\/#website"},"datePublished":"2011-11-01T23:00:00+00:00","dateModified":"2019-07-15T09:35:39+00:00","author":{"@id":"https:\/\/batijournal.com\/#\/schema\/person\/6a657e8967569e1b299972574848aa76"},"breadcrumb":{"@id":"https:\/\/batijournal.com\/index.php\/nominations-au-cabinet-de-frederic-mitterrand\/74472\/#breadcrumb"},"inLanguage":"fr-FR","potentialAction":[{"@type":"ReadAction","target":["https:\/\/batijournal.com\/index.php\/nominations-au-cabinet-de-frederic-mitterrand\/74472\/"]}]},{"@type":"BreadcrumbList","@id":"https:\/\/batijournal.com\/index.php\/nominations-au-cabinet-de-frederic-mitterrand\/74472\/#breadcrumb","itemListElement":[{"@type":"ListItem","position":1,"name":"Accueil","item":"https:\/\/batijournal.com\/"},{"@type":"ListItem","position":2,"name":"Actualit\u00e9s","item":"https:\/\/batijournal.com\/index.php\/category\/actualites\/"},{"@type":"ListItem","position":3,"name":"Architecture &amp; Conception","item":"https:\/\/batijournal.com\/index.php\/category\/actualites\/architecture-conception\/"},{"@type":"ListItem","position":4,"name":"Nominations au cabinet de Fr\u00e9d\u00e9ric Mitterrand"}]},{"@type":"WebSite","@id":"https:\/\/batijournal.com\/#website","url":"https:\/\/batijournal.com\/","name":"Batijournal","description":"L&#039;actualit\u00e9 du b\u00e2timent","potentialAction":[{"@type":"SearchAction","target":{"@type":"EntryPoint","urlTemplate":"https:\/\/batijournal.com\/?s={search_term_string}"},"query-input":{"@type":"PropertyValueSpecification","valueRequired":true,"valueName":"search_term_string"}}],"inLanguage":"fr-FR"},{"@type":"Person","@id":"https:\/\/batijournal.com\/#\/schema\/person\/6a657e8967569e1b299972574848aa76","name":"Bati-journal","image":{"@type":"ImageObject","inLanguage":"fr-FR","@id":"https:\/\/secure.gravatar.com\/avatar\/a64364ea26392f9b4dd47e017ddaec74ff03aefc073b49e492e847201258f777?s=96&d=mm&r=g","url":"https:\/\/secure.gravatar.com\/avatar\/a64364ea26392f9b4dd47e017ddaec74ff03aefc073b49e492e847201258f777?s=96&d=mm&r=g","contentUrl":"https:\/\/secure.gravatar.com\/avatar\/a64364ea26392f9b4dd47e017ddaec74ff03aefc073b49e492e847201258f777?s=96&d=mm&r=g","caption":"Bati-journal"},"url":"https:\/\/batijournal.com\/index.php\/author\/elodie\/"}]}},"_links":{"self":[{"href":"https:\/\/batijournal.com\/index.php\/wp-json\/wp\/v2\/posts\/74472","targetHints":{"allow":["GET"]}}],"collection":[{"href":"https:\/\/batijournal.com\/index.php\/wp-json\/wp\/v2\/posts"}],"about":[{"href":"https:\/\/batijournal.com\/index.php\/wp-json\/wp\/v2\/types\/post"}],"author":[{"embeddable":true,"href":"https:\/\/batijournal.com\/index.php\/wp-json\/wp\/v2\/users\/1"}],"replies":[{"embeddable":true,"href":"https:\/\/batijournal.com\/index.php\/wp-json\/wp\/v2\/comments?post=74472"}],"version-history":[{"count":0,"href":"https:\/\/batijournal.com\/index.php\/wp-json\/wp\/v2\/posts\/74472\/revisions"}],"wp:attachment":[{"href":"https:\/\/batijournal.com\/index.php\/wp-json\/wp\/v2\/media?parent=74472"}],"wp:term":[{"taxonomy":"category","embeddable":true,"href":"https:\/\/batijournal.com\/index.php\/wp-json\/wp\/v2\/categories?post=74472"},{"taxonomy":"post_tag","embeddable":true,"href":"https:\/\/batijournal.com\/index.php\/wp-json\/wp\/v2\/tags?post=74472"}],"curies":[{"name":"wp","href":"https:\/\/api.w.org\/{rel}","templated":true}]}}